{"id":18416,"date":"2025-01-11T21:50:36","date_gmt":"2025-01-11T21:50:36","guid":{"rendered":"https:\/\/www.letsportsrock.com\/?p=18416"},"modified":"2025-01-11T21:57:04","modified_gmt":"2025-01-11T21:57:04","slug":"se-poate-4-jucatori-noi-la-fc-dinamo-bucuresti-zeljko-kopic-a-anuntat-oficial-ca","status":"publish","type":"post","link":"https:\/\/www.letsportsrock.com\/?p=18416","title":{"rendered":"&#8220;SE POATE?! 4 juc\u0103tori noi la FC Dinamo Bucure\u0219ti. Zeljko Kopic a anun\u021bat oficial c\u0103&#8230;&#8221;"},"content":{"rendered":"<div class=\"d79db4796efc26332eabfc3f5dafbc76\" data-index=\"1\" style=\"float: none; margin:10px 0 10px 0; text-align:center;\">\n<div class=\"hb-ad-inarticle\">\r\n    <div class=\"hb-ad-inner\"> \r\n    <div class=\"hbagency_cls\"  id=\"hbagency_space_111930\"><\/div><\/div> <\/div>\n<\/div>\n<p>&#8220;SE POATE?! 4 juc\u0103tori noi la FC Dinamo Bucure\u0219ti. Zeljko Kopic a anun\u021bat oficial c\u0103&#8230;&#8221;<\/p>\n<p>&nbsp;<\/p>\n<p>\u00centr-o perioad\u0103 destul de agitat\u0103 pentru FC Dinamo Bucure\u0219ti, cu mul\u021bi suporteri care \u00ee\u0219i pun speran\u021bele \u00eentr-o revenire rapid\u0103 a echipei \u00een topul fotbalului rom\u00e2nesc, antrenorul Zeljko Kopic a f\u0103cut o serie de anun\u021buri importante. \u00cen cadrul unei conferin\u021be de pres\u0103, tehnicianul croat a confirmat oficial transferul a patru noi juc\u0103tori la club, o mi\u0219care ce poate aduce un plus semnificativ echipei.<\/p>\n<p>&nbsp;<\/p>\n<p>Dup\u0103 o perioad\u0103 de transferuri destul de calme \u0219i unele critici din partea fanilor pentru lipsa de achizi\u021bii notabile, Dinamo pare c\u0103 \u00eencepe s\u0103 \u00ee\u0219i reg\u0103seasc\u0103 echilibrul \u0219i s\u0103 investeasc\u0103 \u00een viitor. Kopic a precizat c\u0103 noii juc\u0103tori sunt adu\u0219i pentru a \u00eent\u0103ri lotul \u0219i pentru a adresa anumite zone vulnerabile ale echipei, \u00een special \u00een linia defensiv\u0103 \u0219i la mijlocul terenului, acolo unde clubul a avut nevoie de \u00eent\u0103riri.<\/p>\n<p>&nbsp;<\/p>\n<p>Printre cei patru noi juc\u0103tori se afl\u0103 \u0219i c\u00e2\u021biva fotbali\u0219ti cu experien\u021b\u0103, dar \u0219i tineri talenta\u021bi care pot contribui pe termen lung la performan\u021bele clubului. De asemenea, Kopic a subliniat c\u0103 fiecare dintre ace\u0219tia a fost ales cu mare aten\u021bie, av\u00e2nd \u00een vedere stilul de joc dorit \u0219i cerin\u021bele tactice ale echipei. Tehnicianul croat a men\u021bionat c\u0103 sunt juc\u0103tori care pot aduce at\u00e2t stabilitate, c\u00e2t \u0219i creativitate pe teren.<\/p>\n<p>&nbsp;<\/p>\n<p>R\u0103m\u00e2ne de v\u0103zut cum vor reu\u0219i noile achizi\u021bii s\u0103 se integreze \u00een jocul echipei \u0219i cum vor contribui la obiectivele pe termen scurt \u0219i lung ale clubului. Suporterii a\u0219teapt\u0103 cu ner\u0103bdare s\u0103 vad\u0103 schimb\u0103rile \u0219i evolu\u021biile din teren, iar speran\u021bele sunt mari c\u0103 Dinamo va reveni \u00een prim-planul fotbalului rom\u00e2nesc.<\/p>\n\n<div style=\"font-size: 0px; height: 0px; line-height: 0px; margin: 0; padding: 0; clear: both;\"><\/div>","protected":false},"excerpt":{"rendered":"<p>&#8220;SE POATE?! 4 juc\u0103tori noi la FC Dinamo Bucure\u0219ti. Zeljko Kopic a anun\u021bat oficial c\u0103&#8230;&#8221; &nbsp; \u00centr-o perioad\u0103 destul de agitat\u0103 pentru FC Dinamo Bucure\u0219ti, cu mul\u021bi suporteri care \u00ee\u0219i pun speran\u021bele \u00eentr-o revenire rapid\u0103 a echipei \u00een topul fotbalului rom\u00e2nesc, antrenorul Zeljko Kopic a f\u0103cut o serie de anun\u021buri importante. \u00cen cadrul unei conferin\u021be [&hellip;]<\/p>\n","protected":false},"author":1,"featured_media":18419,"comment_status":"open","ping_status":"open","sticky":false,"template":"","format":"standard","meta":{"_jetpack_memberships_contains_paid_content":false,"footnotes":""},"categories":[1],"tags":[],"class_list":["post-18416","post","type-post","status-publish","format-standard","has-post-thumbnail","hentry","category-uncategorized"],"yoast_head":"<!-- This site is optimized with the Yoast SEO plugin v27.4 - https:\/\/yoast.com\/product\/yoast-seo-wordpress\/ -->\n<title>&quot;SE POATE?! 4 juc\u0103tori noi la FC Dinamo Bucure\u0219ti.<\/title>\n<meta name=\"description\" content=\"&quot;SE POATE?! 4 juc\u0103tori noi la FC Dinamo Bucure\u0219ti. Zeljko Kopic a anun\u021bat oficial c\u0103...&quot;.....................\" \/>\n<meta name=\"robots\" content=\"index, follow, max-snippet:-1, max-image-preview:large, max-video-preview:-1\" \/>\n<link rel=\"canonical\" href=\"https:\/\/www.letsportsrock.com\/?p=18416\" \/>\n<meta property=\"og:locale\" content=\"en_US\" \/>\n<meta property=\"og:type\" content=\"article\" \/>\n<meta property=\"og:title\" content=\"&quot;SE POATE?! 4 juc\u0103tori noi la FC Dinamo Bucure\u0219ti.\" \/>\n<meta property=\"og:description\" content=\"&quot;SE POATE?! 4 juc\u0103tori noi la FC Dinamo Bucure\u0219ti. Zeljko Kopic a anun\u021bat oficial c\u0103...&quot;.....................\" \/>\n<meta property=\"og:url\" content=\"https:\/\/www.letsportsrock.com\/?p=18416\" \/>\n<meta property=\"og:site_name\" content=\"letsportsrock\" \/>\n<meta property=\"article:published_time\" content=\"2025-01-11T21:50:36+00:00\" \/>\n<meta property=\"article:modified_time\" content=\"2025-01-11T21:57:04+00:00\" \/>\n<meta property=\"og:image\" content=\"https:\/\/www.letsportsrock.com\/wp-content\/uploads\/2025\/01\/images-2025-01-11T225638.722.jpeg\" \/>\n\t<meta property=\"og:image:width\" content=\"690\" \/>\n\t<meta property=\"og:image:height\" content=\"444\" \/>\n\t<meta property=\"og:image:type\" content=\"image\/jpeg\" \/>\n<meta name=\"author\" content=\"letsportsrock\" \/>\n<meta name=\"twitter:card\" content=\"summary_large_image\" \/>\n<meta name=\"twitter:label1\" content=\"Written by\" \/>\n\t<meta name=\"twitter:data1\" content=\"letsportsrock\" \/>\n\t<meta name=\"twitter:label2\" content=\"Est. reading time\" \/>\n\t<meta name=\"twitter:data2\" content=\"2 minutes\" \/>\n<script type=\"application\/ld+json\" class=\"yoast-schema-graph\">{\"@context\":\"https:\\\/\\\/schema.org\",\"@graph\":[{\"@type\":\"Article\",\"@id\":\"https:\\\/\\\/www.letsportsrock.com\\\/?p=18416#article\",\"isPartOf\":{\"@id\":\"https:\\\/\\\/www.letsportsrock.com\\\/?p=18416\"},\"author\":{\"name\":\"letsportsrock\",\"@id\":\"https:\\\/\\\/www.letsportsrock.com\\\/#\\\/schema\\\/person\\\/a454ac24e58b214ddd97e4b5afb0bf01\"},\"headline\":\"&#8220;SE POATE?! 4 juc\u0103tori noi la FC Dinamo Bucure\u0219ti. Zeljko Kopic a anun\u021bat oficial c\u0103&#8230;&#8221;\",\"datePublished\":\"2025-01-11T21:50:36+00:00\",\"dateModified\":\"2025-01-11T21:57:04+00:00\",\"mainEntityOfPage\":{\"@id\":\"https:\\\/\\\/www.letsportsrock.com\\\/?p=18416\"},\"wordCount\":328,\"commentCount\":0,\"image\":{\"@id\":\"https:\\\/\\\/www.letsportsrock.com\\\/?p=18416#primaryimage\"},\"thumbnailUrl\":\"https:\\\/\\\/www.letsportsrock.com\\\/wp-content\\\/uploads\\\/2025\\\/01\\\/images-2025-01-11T225638.722.jpeg\",\"inLanguage\":\"en-US\",\"potentialAction\":[{\"@type\":\"CommentAction\",\"name\":\"Comment\",\"target\":[\"https:\\\/\\\/www.letsportsrock.com\\\/?p=18416#respond\"]}]},{\"@type\":\"WebPage\",\"@id\":\"https:\\\/\\\/www.letsportsrock.com\\\/?p=18416\",\"url\":\"https:\\\/\\\/www.letsportsrock.com\\\/?p=18416\",\"name\":\"\\\"SE POATE?! 4 juc\u0103tori noi la FC Dinamo Bucure\u0219ti.\",\"isPartOf\":{\"@id\":\"https:\\\/\\\/www.letsportsrock.com\\\/#website\"},\"primaryImageOfPage\":{\"@id\":\"https:\\\/\\\/www.letsportsrock.com\\\/?p=18416#primaryimage\"},\"image\":{\"@id\":\"https:\\\/\\\/www.letsportsrock.com\\\/?p=18416#primaryimage\"},\"thumbnailUrl\":\"https:\\\/\\\/www.letsportsrock.com\\\/wp-content\\\/uploads\\\/2025\\\/01\\\/images-2025-01-11T225638.722.jpeg\",\"datePublished\":\"2025-01-11T21:50:36+00:00\",\"dateModified\":\"2025-01-11T21:57:04+00:00\",\"author\":{\"@id\":\"https:\\\/\\\/www.letsportsrock.com\\\/#\\\/schema\\\/person\\\/a454ac24e58b214ddd97e4b5afb0bf01\"},\"description\":\"\\\"SE POATE?! 4 juc\u0103tori noi la FC Dinamo Bucure\u0219ti. Zeljko Kopic a anun\u021bat oficial c\u0103...\\\".....................\",\"breadcrumb\":{\"@id\":\"https:\\\/\\\/www.letsportsrock.com\\\/?p=18416#breadcrumb\"},\"inLanguage\":\"en-US\",\"potentialAction\":[{\"@type\":\"ReadAction\",\"target\":[\"https:\\\/\\\/www.letsportsrock.com\\\/?p=18416\"]}]},{\"@type\":\"ImageObject\",\"inLanguage\":\"en-US\",\"@id\":\"https:\\\/\\\/www.letsportsrock.com\\\/?p=18416#primaryimage\",\"url\":\"https:\\\/\\\/www.letsportsrock.com\\\/wp-content\\\/uploads\\\/2025\\\/01\\\/images-2025-01-11T225638.722.jpeg\",\"contentUrl\":\"https:\\\/\\\/www.letsportsrock.com\\\/wp-content\\\/uploads\\\/2025\\\/01\\\/images-2025-01-11T225638.722.jpeg\",\"width\":690,\"height\":444},{\"@type\":\"BreadcrumbList\",\"@id\":\"https:\\\/\\\/www.letsportsrock.com\\\/?p=18416#breadcrumb\",\"itemListElement\":[{\"@type\":\"ListItem\",\"position\":1,\"name\":\"Home\",\"item\":\"https:\\\/\\\/www.letsportsrock.com\\\/\"},{\"@type\":\"ListItem\",\"position\":2,\"name\":\"&#8220;SE POATE?! 4 juc\u0103tori noi la FC Dinamo Bucure\u0219ti. Zeljko Kopic a anun\u021bat oficial c\u0103&#8230;&#8221;\"}]},{\"@type\":\"WebSite\",\"@id\":\"https:\\\/\\\/www.letsportsrock.com\\\/#website\",\"url\":\"https:\\\/\\\/www.letsportsrock.com\\\/\",\"name\":\"letsportsrock\",\"description\":\"Sport News and Updates\",\"potentialAction\":[{\"@type\":\"SearchAction\",\"target\":{\"@type\":\"EntryPoint\",\"urlTemplate\":\"https:\\\/\\\/www.letsportsrock.com\\\/?s={search_term_string}\"},\"query-input\":{\"@type\":\"PropertyValueSpecification\",\"valueRequired\":true,\"valueName\":\"search_term_string\"}}],\"inLanguage\":\"en-US\"},{\"@type\":\"Person\",\"@id\":\"https:\\\/\\\/www.letsportsrock.com\\\/#\\\/schema\\\/person\\\/a454ac24e58b214ddd97e4b5afb0bf01\",\"name\":\"letsportsrock\",\"image\":{\"@type\":\"ImageObject\",\"inLanguage\":\"en-US\",\"@id\":\"https:\\\/\\\/secure.gravatar.com\\\/avatar\\\/f8ef950cbb7574c0bc874094b8d307659bfe2d7aa4a9d26fa6917eff010748f9?s=96&d=mm&r=g\",\"url\":\"https:\\\/\\\/secure.gravatar.com\\\/avatar\\\/f8ef950cbb7574c0bc874094b8d307659bfe2d7aa4a9d26fa6917eff010748f9?s=96&d=mm&r=g\",\"contentUrl\":\"https:\\\/\\\/secure.gravatar.com\\\/avatar\\\/f8ef950cbb7574c0bc874094b8d307659bfe2d7aa4a9d26fa6917eff010748f9?s=96&d=mm&r=g\",\"caption\":\"letsportsrock\"},\"sameAs\":[\"https:\\\/\\\/www.letsportsrock.com\"],\"url\":\"https:\\\/\\\/www.letsportsrock.com\\\/?author=1\"}]}<\/script>\n<!-- \/ Yoast SEO plugin. -->","yoast_head_json":{"title":"\"SE POATE?! 4 juc\u0103tori noi la FC Dinamo Bucure\u0219ti.","description":"\"SE POATE?! 4 juc\u0103tori noi la FC Dinamo Bucure\u0219ti. Zeljko Kopic a anun\u021bat oficial c\u0103...\".....................","robots":{"index":"index","follow":"follow","max-snippet":"max-snippet:-1","max-image-preview":"max-image-preview:large","max-video-preview":"max-video-preview:-1"},"canonical":"https:\/\/www.letsportsrock.com\/?p=18416","og_locale":"en_US","og_type":"article","og_title":"\"SE POATE?! 4 juc\u0103tori noi la FC Dinamo Bucure\u0219ti.","og_description":"\"SE POATE?! 4 juc\u0103tori noi la FC Dinamo Bucure\u0219ti. Zeljko Kopic a anun\u021bat oficial c\u0103...\".....................","og_url":"https:\/\/www.letsportsrock.com\/?p=18416","og_site_name":"letsportsrock","article_published_time":"2025-01-11T21:50:36+00:00","article_modified_time":"2025-01-11T21:57:04+00:00","og_image":[{"width":690,"height":444,"url":"https:\/\/www.letsportsrock.com\/wp-content\/uploads\/2025\/01\/images-2025-01-11T225638.722.jpeg","type":"image\/jpeg"}],"author":"letsportsrock","twitter_card":"summary_large_image","twitter_misc":{"Written by":"letsportsrock","Est. reading time":"2 minutes"},"schema":{"@context":"https:\/\/schema.org","@graph":[{"@type":"Article","@id":"https:\/\/www.letsportsrock.com\/?p=18416#article","isPartOf":{"@id":"https:\/\/www.letsportsrock.com\/?p=18416"},"author":{"name":"letsportsrock","@id":"https:\/\/www.letsportsrock.com\/#\/schema\/person\/a454ac24e58b214ddd97e4b5afb0bf01"},"headline":"&#8220;SE POATE?! 4 juc\u0103tori noi la FC Dinamo Bucure\u0219ti. Zeljko Kopic a anun\u021bat oficial c\u0103&#8230;&#8221;","datePublished":"2025-01-11T21:50:36+00:00","dateModified":"2025-01-11T21:57:04+00:00","mainEntityOfPage":{"@id":"https:\/\/www.letsportsrock.com\/?p=18416"},"wordCount":328,"commentCount":0,"image":{"@id":"https:\/\/www.letsportsrock.com\/?p=18416#primaryimage"},"thumbnailUrl":"https:\/\/www.letsportsrock.com\/wp-content\/uploads\/2025\/01\/images-2025-01-11T225638.722.jpeg","inLanguage":"en-US","potentialAction":[{"@type":"CommentAction","name":"Comment","target":["https:\/\/www.letsportsrock.com\/?p=18416#respond"]}]},{"@type":"WebPage","@id":"https:\/\/www.letsportsrock.com\/?p=18416","url":"https:\/\/www.letsportsrock.com\/?p=18416","name":"\"SE POATE?! 4 juc\u0103tori noi la FC Dinamo Bucure\u0219ti.","isPartOf":{"@id":"https:\/\/www.letsportsrock.com\/#website"},"primaryImageOfPage":{"@id":"https:\/\/www.letsportsrock.com\/?p=18416#primaryimage"},"image":{"@id":"https:\/\/www.letsportsrock.com\/?p=18416#primaryimage"},"thumbnailUrl":"https:\/\/www.letsportsrock.com\/wp-content\/uploads\/2025\/01\/images-2025-01-11T225638.722.jpeg","datePublished":"2025-01-11T21:50:36+00:00","dateModified":"2025-01-11T21:57:04+00:00","author":{"@id":"https:\/\/www.letsportsrock.com\/#\/schema\/person\/a454ac24e58b214ddd97e4b5afb0bf01"},"description":"\"SE POATE?! 4 juc\u0103tori noi la FC Dinamo Bucure\u0219ti. Zeljko Kopic a anun\u021bat oficial c\u0103...\".....................","breadcrumb":{"@id":"https:\/\/www.letsportsrock.com\/?p=18416#breadcrumb"},"inLanguage":"en-US","potentialAction":[{"@type":"ReadAction","target":["https:\/\/www.letsportsrock.com\/?p=18416"]}]},{"@type":"ImageObject","inLanguage":"en-US","@id":"https:\/\/www.letsportsrock.com\/?p=18416#primaryimage","url":"https:\/\/www.letsportsrock.com\/wp-content\/uploads\/2025\/01\/images-2025-01-11T225638.722.jpeg","contentUrl":"https:\/\/www.letsportsrock.com\/wp-content\/uploads\/2025\/01\/images-2025-01-11T225638.722.jpeg","width":690,"height":444},{"@type":"BreadcrumbList","@id":"https:\/\/www.letsportsrock.com\/?p=18416#breadcrumb","itemListElement":[{"@type":"ListItem","position":1,"name":"Home","item":"https:\/\/www.letsportsrock.com\/"},{"@type":"ListItem","position":2,"name":"&#8220;SE POATE?! 4 juc\u0103tori noi la FC Dinamo Bucure\u0219ti. Zeljko Kopic a anun\u021bat oficial c\u0103&#8230;&#8221;"}]},{"@type":"WebSite","@id":"https:\/\/www.letsportsrock.com\/#website","url":"https:\/\/www.letsportsrock.com\/","name":"letsportsrock","description":"Sport News and Updates","potentialAction":[{"@type":"SearchAction","target":{"@type":"EntryPoint","urlTemplate":"https:\/\/www.letsportsrock.com\/?s={search_term_string}"},"query-input":{"@type":"PropertyValueSpecification","valueRequired":true,"valueName":"search_term_string"}}],"inLanguage":"en-US"},{"@type":"Person","@id":"https:\/\/www.letsportsrock.com\/#\/schema\/person\/a454ac24e58b214ddd97e4b5afb0bf01","name":"letsportsrock","image":{"@type":"ImageObject","inLanguage":"en-US","@id":"https:\/\/secure.gravatar.com\/avatar\/f8ef950cbb7574c0bc874094b8d307659bfe2d7aa4a9d26fa6917eff010748f9?s=96&d=mm&r=g","url":"https:\/\/secure.gravatar.com\/avatar\/f8ef950cbb7574c0bc874094b8d307659bfe2d7aa4a9d26fa6917eff010748f9?s=96&d=mm&r=g","contentUrl":"https:\/\/secure.gravatar.com\/avatar\/f8ef950cbb7574c0bc874094b8d307659bfe2d7aa4a9d26fa6917eff010748f9?s=96&d=mm&r=g","caption":"letsportsrock"},"sameAs":["https:\/\/www.letsportsrock.com"],"url":"https:\/\/www.letsportsrock.com\/?author=1"}]}},"jetpack_featured_media_url":"https:\/\/www.letsportsrock.com\/wp-content\/uploads\/2025\/01\/images-2025-01-11T225638.722.jpeg","jetpack_sharing_enabled":true,"_links":{"self":[{"href":"https:\/\/www.letsportsrock.com\/index.php?rest_route=\/wp\/v2\/posts\/18416","targetHints":{"allow":["GET"]}}],"collection":[{"href":"https:\/\/www.letsportsrock.com\/index.php?rest_route=\/wp\/v2\/posts"}],"about":[{"href":"https:\/\/www.letsportsrock.com\/index.php?rest_route=\/wp\/v2\/types\/post"}],"author":[{"embeddable":true,"href":"https:\/\/www.letsportsrock.com\/index.php?rest_route=\/wp\/v2\/users\/1"}],"replies":[{"embeddable":true,"href":"https:\/\/www.letsportsrock.com\/index.php?rest_route=%2Fwp%2Fv2%2Fcomments&post=18416"}],"version-history":[{"count":1,"href":"https:\/\/www.letsportsrock.com\/index.php?rest_route=\/wp\/v2\/posts\/18416\/revisions"}],"predecessor-version":[{"id":18417,"href":"https:\/\/www.letsportsrock.com\/index.php?rest_route=\/wp\/v2\/posts\/18416\/revisions\/18417"}],"wp:featuredmedia":[{"embeddable":true,"href":"https:\/\/www.letsportsrock.com\/index.php?rest_route=\/wp\/v2\/media\/18419"}],"wp:attachment":[{"href":"https:\/\/www.letsportsrock.com\/index.php?rest_route=%2Fwp%2Fv2%2Fmedia&parent=18416"}],"wp:term":[{"taxonomy":"category","embeddable":true,"href":"https:\/\/www.letsportsrock.com\/index.php?rest_route=%2Fwp%2Fv2%2Fcategories&post=18416"},{"taxonomy":"post_tag","embeddable":true,"href":"https:\/\/www.letsportsrock.com\/index.php?rest_route=%2Fwp%2Fv2%2Ftags&post=18416"}],"curies":[{"name":"wp","href":"https:\/\/api.w.org\/{rel}","templated":true}]}}