{"id":18431,"date":"2025-01-11T22:12:10","date_gmt":"2025-01-11T22:12:10","guid":{"rendered":"https:\/\/www.letsportsrock.com\/?p=18431"},"modified":"2025-01-11T22:14:39","modified_gmt":"2025-01-11T22:14:39","slug":"stire-de-ultima-ora-antrenorul-principal-al-fc-dinamo-bucuresti-a-anuntat-o-veste-neasteptata","status":"publish","type":"post","link":"https:\/\/www.letsportsrock.com\/?p=18431","title":{"rendered":"&#8220;\u0218tire de ultim\u0103 or\u0103: Antrenorul principal al FC Dinamo Bucure\u0219ti a anun\u021bat o veste nea\u0219teptat\u0103\u2026&#8221;"},"content":{"rendered":"<div class=\"d79db4796efc26332eabfc3f5dafbc76\" data-index=\"1\" style=\"float: none; margin:10px 0 10px 0; text-align:center;\">\n<div class=\"hb-ad-inarticle\">\r\n    <div class=\"hb-ad-inner\"> \r\n    <div class=\"hbagency_cls\"  id=\"hbagency_space_111930\"><\/div><\/div> <\/div>\n<\/div>\n<p>**\u0218tire de ultim\u0103 or\u0103: Antrenorul principal al FC Dinamo Bucure\u0219ti a anun\u021bat o veste nea\u0219teptat\u0103\u2026**<\/p>\n<p>&nbsp;<\/p>\n<p>\u00centr-o conferin\u021b\u0103 de pres\u0103 care a surprins pe toat\u0103 lumea, antrenorul principal al FC Dinamo Bucure\u0219ti a dezv\u0103luit o veste nea\u0219teptat\u0103 care va avea un impact semnificativ asupra viitorului echipei. Surpriza a venit \u00eentr-un moment \u00een care clubul trecea printr-o perioad\u0103 de incertitudine \u0219i transform\u0103ri importante.<\/p>\n<p>&nbsp;<\/p>\n<p>De\u0219i nu au fost oferite detalii complete, antrenorul a anun\u021bat c\u0103 se preg\u0103te\u0219te o schimbare major\u0103 \u00een structura echipei, care va include transferuri importante \u0219i schimb\u0103ri tactice. &#8220;Este un moment decisiv pentru FC Dinamo Bucure\u0219ti. Vrem s\u0103 \u00eent\u0103rim echipa \u0219i s\u0103 revenim \u00een topul fotbalului rom\u00e2nesc. Aceste schimb\u0103ri sunt necesare pentru a crea o echip\u0103 mai competitiv\u0103 \u0219i mai bine preg\u0103tit\u0103 pentru provoc\u0103rile viitoare&#8221;, a declarat antrenorul.<\/p>\n<p>&nbsp;<\/p>\n<p>Surse din interiorul clubului spun c\u0103 exist\u0103 discu\u021bii avansate cu mai mul\u021bi juc\u0103tori din campionatele externe, iar conducerea clubului este deschis\u0103 la achizi\u021bionarea unor talente valoroase care ar putea aduce un plus de valoare. De asemenea, se zvone\u0219te c\u0103 ar putea avea loc \u0219i unele schimb\u0103ri pe banca tehnic\u0103, \u00een scopul de a adresa anumite aspecte tactice ce au fost criticate \u00een ultima perioad\u0103.<\/p>\n<p>&nbsp;<\/p>\n<p>Aceast\u0103 veste vine \u00eentr-un moment \u00een care suporterii echipei \u00ee\u0219i pun \u00eentreb\u0103ri despre viitorul clubului, dar antrenorul a asigurat c\u0103 totul este sub control \u0219i c\u0103, \u00een ciuda dificult\u0103\u021bilor, FC Dinamo va r\u0103m\u00e2ne un club important \u00een fotbalul rom\u00e2nesc.<\/p>\n<p>&nbsp;<\/p>\n<p>R\u0103m\u00e2ne de v\u0103zut cum vor evolua lucrurile \u00een perioada urm\u0103toare \u0219i ce efecte vor avea aceste schimb\u0103ri asupra echipei \u0219i rezultatelor sale.<\/p>\n\n<div style=\"font-size: 0px; height: 0px; line-height: 0px; margin: 0; padding: 0; clear: both;\"><\/div>","protected":false},"excerpt":{"rendered":"<p>**\u0218tire de ultim\u0103 or\u0103: Antrenorul principal al FC Dinamo Bucure\u0219ti a anun\u021bat o veste nea\u0219teptat\u0103\u2026** &nbsp; \u00centr-o conferin\u021b\u0103 de pres\u0103 care a surprins pe toat\u0103 lumea, antrenorul principal al FC Dinamo Bucure\u0219ti a dezv\u0103luit o veste nea\u0219teptat\u0103 care va avea un impact semnificativ asupra viitorului echipei. Surpriza a venit \u00eentr-un moment \u00een care clubul trecea [&hellip;]<\/p>\n","protected":false},"author":1,"featured_media":18433,"comment_status":"open","ping_status":"open","sticky":false,"template":"","format":"standard","meta":{"_jetpack_memberships_contains_paid_content":false,"footnotes":""},"categories":[1],"tags":[],"class_list":["post-18431","post","type-post","status-publish","format-standard","has-post-thumbnail","hentry","category-uncategorized"],"yoast_head":"<!-- This site is optimized with the Yoast SEO plugin v27.4 - https:\/\/yoast.com\/product\/yoast-seo-wordpress\/ -->\n<title>&quot;\u0218tire de ultim\u0103 or\u0103: Antrenorul principal al FC Dinamo<\/title>\n<meta name=\"description\" content=\"&quot;\u0218tire de ultim\u0103 or\u0103: Antrenorul principal al FC Dinamo Bucure\u0219ti a anun\u021bat o veste nea\u0219teptat\u0103\u2026&quot;............\" \/>\n<meta name=\"robots\" content=\"index, follow, max-snippet:-1, max-image-preview:large, max-video-preview:-1\" \/>\n<link rel=\"canonical\" href=\"https:\/\/www.letsportsrock.com\/?p=18431\" \/>\n<meta property=\"og:locale\" content=\"en_US\" \/>\n<meta property=\"og:type\" content=\"article\" \/>\n<meta property=\"og:title\" content=\"&quot;\u0218tire de ultim\u0103 or\u0103: Antrenorul principal al FC Dinamo\" \/>\n<meta property=\"og:description\" content=\"&quot;\u0218tire de ultim\u0103 or\u0103: Antrenorul principal al FC Dinamo Bucure\u0219ti a anun\u021bat o veste nea\u0219teptat\u0103\u2026&quot;............\" \/>\n<meta property=\"og:url\" content=\"https:\/\/www.letsportsrock.com\/?p=18431\" \/>\n<meta property=\"og:site_name\" content=\"letsportsrock\" \/>\n<meta property=\"article:published_time\" content=\"2025-01-11T22:12:10+00:00\" \/>\n<meta property=\"article:modified_time\" content=\"2025-01-11T22:14:39+00:00\" \/>\n<meta property=\"og:image\" content=\"https:\/\/www.letsportsrock.com\/wp-content\/uploads\/2025\/01\/images-2025-01-11T231251.158.jpeg\" \/>\n\t<meta property=\"og:image:width\" content=\"739\" \/>\n\t<meta property=\"og:image:height\" content=\"415\" \/>\n\t<meta property=\"og:image:type\" content=\"image\/jpeg\" \/>\n<meta name=\"author\" content=\"letsportsrock\" \/>\n<meta name=\"twitter:card\" content=\"summary_large_image\" \/>\n<meta name=\"twitter:label1\" content=\"Written by\" \/>\n\t<meta name=\"twitter:data1\" content=\"letsportsrock\" \/>\n\t<meta name=\"twitter:label2\" content=\"Est. reading time\" \/>\n\t<meta name=\"twitter:data2\" content=\"2 minutes\" \/>\n<script type=\"application\/ld+json\" class=\"yoast-schema-graph\">{\"@context\":\"https:\\\/\\\/schema.org\",\"@graph\":[{\"@type\":\"Article\",\"@id\":\"https:\\\/\\\/www.letsportsrock.com\\\/?p=18431#article\",\"isPartOf\":{\"@id\":\"https:\\\/\\\/www.letsportsrock.com\\\/?p=18431\"},\"author\":{\"name\":\"letsportsrock\",\"@id\":\"https:\\\/\\\/www.letsportsrock.com\\\/#\\\/schema\\\/person\\\/a454ac24e58b214ddd97e4b5afb0bf01\"},\"headline\":\"&#8220;\u0218tire de ultim\u0103 or\u0103: Antrenorul principal al FC Dinamo Bucure\u0219ti a anun\u021bat o veste nea\u0219teptat\u0103\u2026&#8221;\",\"datePublished\":\"2025-01-11T22:12:10+00:00\",\"dateModified\":\"2025-01-11T22:14:39+00:00\",\"mainEntityOfPage\":{\"@id\":\"https:\\\/\\\/www.letsportsrock.com\\\/?p=18431\"},\"wordCount\":310,\"commentCount\":0,\"image\":{\"@id\":\"https:\\\/\\\/www.letsportsrock.com\\\/?p=18431#primaryimage\"},\"thumbnailUrl\":\"https:\\\/\\\/www.letsportsrock.com\\\/wp-content\\\/uploads\\\/2025\\\/01\\\/images-2025-01-11T231251.158.jpeg\",\"inLanguage\":\"en-US\",\"potentialAction\":[{\"@type\":\"CommentAction\",\"name\":\"Comment\",\"target\":[\"https:\\\/\\\/www.letsportsrock.com\\\/?p=18431#respond\"]}]},{\"@type\":\"WebPage\",\"@id\":\"https:\\\/\\\/www.letsportsrock.com\\\/?p=18431\",\"url\":\"https:\\\/\\\/www.letsportsrock.com\\\/?p=18431\",\"name\":\"\\\"\u0218tire de ultim\u0103 or\u0103: Antrenorul principal al FC Dinamo\",\"isPartOf\":{\"@id\":\"https:\\\/\\\/www.letsportsrock.com\\\/#website\"},\"primaryImageOfPage\":{\"@id\":\"https:\\\/\\\/www.letsportsrock.com\\\/?p=18431#primaryimage\"},\"image\":{\"@id\":\"https:\\\/\\\/www.letsportsrock.com\\\/?p=18431#primaryimage\"},\"thumbnailUrl\":\"https:\\\/\\\/www.letsportsrock.com\\\/wp-content\\\/uploads\\\/2025\\\/01\\\/images-2025-01-11T231251.158.jpeg\",\"datePublished\":\"2025-01-11T22:12:10+00:00\",\"dateModified\":\"2025-01-11T22:14:39+00:00\",\"author\":{\"@id\":\"https:\\\/\\\/www.letsportsrock.com\\\/#\\\/schema\\\/person\\\/a454ac24e58b214ddd97e4b5afb0bf01\"},\"description\":\"\\\"\u0218tire de ultim\u0103 or\u0103: Antrenorul principal al FC Dinamo Bucure\u0219ti a anun\u021bat o veste nea\u0219teptat\u0103\u2026\\\"............\",\"breadcrumb\":{\"@id\":\"https:\\\/\\\/www.letsportsrock.com\\\/?p=18431#breadcrumb\"},\"inLanguage\":\"en-US\",\"potentialAction\":[{\"@type\":\"ReadAction\",\"target\":[\"https:\\\/\\\/www.letsportsrock.com\\\/?p=18431\"]}]},{\"@type\":\"ImageObject\",\"inLanguage\":\"en-US\",\"@id\":\"https:\\\/\\\/www.letsportsrock.com\\\/?p=18431#primaryimage\",\"url\":\"https:\\\/\\\/www.letsportsrock.com\\\/wp-content\\\/uploads\\\/2025\\\/01\\\/images-2025-01-11T231251.158.jpeg\",\"contentUrl\":\"https:\\\/\\\/www.letsportsrock.com\\\/wp-content\\\/uploads\\\/2025\\\/01\\\/images-2025-01-11T231251.158.jpeg\",\"width\":739,\"height\":415},{\"@type\":\"BreadcrumbList\",\"@id\":\"https:\\\/\\\/www.letsportsrock.com\\\/?p=18431#breadcrumb\",\"itemListElement\":[{\"@type\":\"ListItem\",\"position\":1,\"name\":\"Home\",\"item\":\"https:\\\/\\\/www.letsportsrock.com\\\/\"},{\"@type\":\"ListItem\",\"position\":2,\"name\":\"&#8220;\u0218tire de ultim\u0103 or\u0103: Antrenorul principal al FC Dinamo Bucure\u0219ti a anun\u021bat o veste nea\u0219teptat\u0103\u2026&#8221;\"}]},{\"@type\":\"WebSite\",\"@id\":\"https:\\\/\\\/www.letsportsrock.com\\\/#website\",\"url\":\"https:\\\/\\\/www.letsportsrock.com\\\/\",\"name\":\"letsportsrock\",\"description\":\"Sport News and Updates\",\"potentialAction\":[{\"@type\":\"SearchAction\",\"target\":{\"@type\":\"EntryPoint\",\"urlTemplate\":\"https:\\\/\\\/www.letsportsrock.com\\\/?s={search_term_string}\"},\"query-input\":{\"@type\":\"PropertyValueSpecification\",\"valueRequired\":true,\"valueName\":\"search_term_string\"}}],\"inLanguage\":\"en-US\"},{\"@type\":\"Person\",\"@id\":\"https:\\\/\\\/www.letsportsrock.com\\\/#\\\/schema\\\/person\\\/a454ac24e58b214ddd97e4b5afb0bf01\",\"name\":\"letsportsrock\",\"image\":{\"@type\":\"ImageObject\",\"inLanguage\":\"en-US\",\"@id\":\"https:\\\/\\\/secure.gravatar.com\\\/avatar\\\/f8ef950cbb7574c0bc874094b8d307659bfe2d7aa4a9d26fa6917eff010748f9?s=96&d=mm&r=g\",\"url\":\"https:\\\/\\\/secure.gravatar.com\\\/avatar\\\/f8ef950cbb7574c0bc874094b8d307659bfe2d7aa4a9d26fa6917eff010748f9?s=96&d=mm&r=g\",\"contentUrl\":\"https:\\\/\\\/secure.gravatar.com\\\/avatar\\\/f8ef950cbb7574c0bc874094b8d307659bfe2d7aa4a9d26fa6917eff010748f9?s=96&d=mm&r=g\",\"caption\":\"letsportsrock\"},\"sameAs\":[\"https:\\\/\\\/www.letsportsrock.com\"],\"url\":\"https:\\\/\\\/www.letsportsrock.com\\\/?author=1\"}]}<\/script>\n<!-- \/ Yoast SEO plugin. -->","yoast_head_json":{"title":"\"\u0218tire de ultim\u0103 or\u0103: Antrenorul principal al FC Dinamo","description":"\"\u0218tire de ultim\u0103 or\u0103: Antrenorul principal al FC Dinamo Bucure\u0219ti a anun\u021bat o veste nea\u0219teptat\u0103\u2026\"............","robots":{"index":"index","follow":"follow","max-snippet":"max-snippet:-1","max-image-preview":"max-image-preview:large","max-video-preview":"max-video-preview:-1"},"canonical":"https:\/\/www.letsportsrock.com\/?p=18431","og_locale":"en_US","og_type":"article","og_title":"\"\u0218tire de ultim\u0103 or\u0103: Antrenorul principal al FC Dinamo","og_description":"\"\u0218tire de ultim\u0103 or\u0103: Antrenorul principal al FC Dinamo Bucure\u0219ti a anun\u021bat o veste nea\u0219teptat\u0103\u2026\"............","og_url":"https:\/\/www.letsportsrock.com\/?p=18431","og_site_name":"letsportsrock","article_published_time":"2025-01-11T22:12:10+00:00","article_modified_time":"2025-01-11T22:14:39+00:00","og_image":[{"width":739,"height":415,"url":"https:\/\/www.letsportsrock.com\/wp-content\/uploads\/2025\/01\/images-2025-01-11T231251.158.jpeg","type":"image\/jpeg"}],"author":"letsportsrock","twitter_card":"summary_large_image","twitter_misc":{"Written by":"letsportsrock","Est. reading time":"2 minutes"},"schema":{"@context":"https:\/\/schema.org","@graph":[{"@type":"Article","@id":"https:\/\/www.letsportsrock.com\/?p=18431#article","isPartOf":{"@id":"https:\/\/www.letsportsrock.com\/?p=18431"},"author":{"name":"letsportsrock","@id":"https:\/\/www.letsportsrock.com\/#\/schema\/person\/a454ac24e58b214ddd97e4b5afb0bf01"},"headline":"&#8220;\u0218tire de ultim\u0103 or\u0103: Antrenorul principal al FC Dinamo Bucure\u0219ti a anun\u021bat o veste nea\u0219teptat\u0103\u2026&#8221;","datePublished":"2025-01-11T22:12:10+00:00","dateModified":"2025-01-11T22:14:39+00:00","mainEntityOfPage":{"@id":"https:\/\/www.letsportsrock.com\/?p=18431"},"wordCount":310,"commentCount":0,"image":{"@id":"https:\/\/www.letsportsrock.com\/?p=18431#primaryimage"},"thumbnailUrl":"https:\/\/www.letsportsrock.com\/wp-content\/uploads\/2025\/01\/images-2025-01-11T231251.158.jpeg","inLanguage":"en-US","potentialAction":[{"@type":"CommentAction","name":"Comment","target":["https:\/\/www.letsportsrock.com\/?p=18431#respond"]}]},{"@type":"WebPage","@id":"https:\/\/www.letsportsrock.com\/?p=18431","url":"https:\/\/www.letsportsrock.com\/?p=18431","name":"\"\u0218tire de ultim\u0103 or\u0103: Antrenorul principal al FC Dinamo","isPartOf":{"@id":"https:\/\/www.letsportsrock.com\/#website"},"primaryImageOfPage":{"@id":"https:\/\/www.letsportsrock.com\/?p=18431#primaryimage"},"image":{"@id":"https:\/\/www.letsportsrock.com\/?p=18431#primaryimage"},"thumbnailUrl":"https:\/\/www.letsportsrock.com\/wp-content\/uploads\/2025\/01\/images-2025-01-11T231251.158.jpeg","datePublished":"2025-01-11T22:12:10+00:00","dateModified":"2025-01-11T22:14:39+00:00","author":{"@id":"https:\/\/www.letsportsrock.com\/#\/schema\/person\/a454ac24e58b214ddd97e4b5afb0bf01"},"description":"\"\u0218tire de ultim\u0103 or\u0103: Antrenorul principal al FC Dinamo Bucure\u0219ti a anun\u021bat o veste nea\u0219teptat\u0103\u2026\"............","breadcrumb":{"@id":"https:\/\/www.letsportsrock.com\/?p=18431#breadcrumb"},"inLanguage":"en-US","potentialAction":[{"@type":"ReadAction","target":["https:\/\/www.letsportsrock.com\/?p=18431"]}]},{"@type":"ImageObject","inLanguage":"en-US","@id":"https:\/\/www.letsportsrock.com\/?p=18431#primaryimage","url":"https:\/\/www.letsportsrock.com\/wp-content\/uploads\/2025\/01\/images-2025-01-11T231251.158.jpeg","contentUrl":"https:\/\/www.letsportsrock.com\/wp-content\/uploads\/2025\/01\/images-2025-01-11T231251.158.jpeg","width":739,"height":415},{"@type":"BreadcrumbList","@id":"https:\/\/www.letsportsrock.com\/?p=18431#breadcrumb","itemListElement":[{"@type":"ListItem","position":1,"name":"Home","item":"https:\/\/www.letsportsrock.com\/"},{"@type":"ListItem","position":2,"name":"&#8220;\u0218tire de ultim\u0103 or\u0103: Antrenorul principal al FC Dinamo Bucure\u0219ti a anun\u021bat o veste nea\u0219teptat\u0103\u2026&#8221;"}]},{"@type":"WebSite","@id":"https:\/\/www.letsportsrock.com\/#website","url":"https:\/\/www.letsportsrock.com\/","name":"letsportsrock","description":"Sport News and Updates","potentialAction":[{"@type":"SearchAction","target":{"@type":"EntryPoint","urlTemplate":"https:\/\/www.letsportsrock.com\/?s={search_term_string}"},"query-input":{"@type":"PropertyValueSpecification","valueRequired":true,"valueName":"search_term_string"}}],"inLanguage":"en-US"},{"@type":"Person","@id":"https:\/\/www.letsportsrock.com\/#\/schema\/person\/a454ac24e58b214ddd97e4b5afb0bf01","name":"letsportsrock","image":{"@type":"ImageObject","inLanguage":"en-US","@id":"https:\/\/secure.gravatar.com\/avatar\/f8ef950cbb7574c0bc874094b8d307659bfe2d7aa4a9d26fa6917eff010748f9?s=96&d=mm&r=g","url":"https:\/\/secure.gravatar.com\/avatar\/f8ef950cbb7574c0bc874094b8d307659bfe2d7aa4a9d26fa6917eff010748f9?s=96&d=mm&r=g","contentUrl":"https:\/\/secure.gravatar.com\/avatar\/f8ef950cbb7574c0bc874094b8d307659bfe2d7aa4a9d26fa6917eff010748f9?s=96&d=mm&r=g","caption":"letsportsrock"},"sameAs":["https:\/\/www.letsportsrock.com"],"url":"https:\/\/www.letsportsrock.com\/?author=1"}]}},"jetpack_featured_media_url":"https:\/\/www.letsportsrock.com\/wp-content\/uploads\/2025\/01\/images-2025-01-11T231251.158.jpeg","jetpack_sharing_enabled":true,"_links":{"self":[{"href":"https:\/\/www.letsportsrock.com\/index.php?rest_route=\/wp\/v2\/posts\/18431","targetHints":{"allow":["GET"]}}],"collection":[{"href":"https:\/\/www.letsportsrock.com\/index.php?rest_route=\/wp\/v2\/posts"}],"about":[{"href":"https:\/\/www.letsportsrock.com\/index.php?rest_route=\/wp\/v2\/types\/post"}],"author":[{"embeddable":true,"href":"https:\/\/www.letsportsrock.com\/index.php?rest_route=\/wp\/v2\/users\/1"}],"replies":[{"embeddable":true,"href":"https:\/\/www.letsportsrock.com\/index.php?rest_route=%2Fwp%2Fv2%2Fcomments&post=18431"}],"version-history":[{"count":1,"href":"https:\/\/www.letsportsrock.com\/index.php?rest_route=\/wp\/v2\/posts\/18431\/revisions"}],"predecessor-version":[{"id":18432,"href":"https:\/\/www.letsportsrock.com\/index.php?rest_route=\/wp\/v2\/posts\/18431\/revisions\/18432"}],"wp:featuredmedia":[{"embeddable":true,"href":"https:\/\/www.letsportsrock.com\/index.php?rest_route=\/wp\/v2\/media\/18433"}],"wp:attachment":[{"href":"https:\/\/www.letsportsrock.com\/index.php?rest_route=%2Fwp%2Fv2%2Fmedia&parent=18431"}],"wp:term":[{"taxonomy":"category","embeddable":true,"href":"https:\/\/www.letsportsrock.com\/index.php?rest_route=%2Fwp%2Fv2%2Fcategories&post=18431"},{"taxonomy":"post_tag","embeddable":true,"href":"https:\/\/www.letsportsrock.com\/index.php?rest_route=%2Fwp%2Fv2%2Ftags&post=18431"}],"curies":[{"name":"wp","href":"https:\/\/api.w.org\/{rel}","templated":true}]}}