{"id":18463,"date":"2025-01-11T22:41:38","date_gmt":"2025-01-11T22:41:38","guid":{"rendered":"https:\/\/www.letsportsrock.com\/?p=18463"},"modified":"2025-01-11T22:42:30","modified_gmt":"2025-01-11T22:42:30","slug":"acum-doi-jucatori-de-la-fc-dinamo-bucuresti-au-cerut-sa-nu-mai-joace-din-cauza","status":"publish","type":"post","link":"https:\/\/www.letsportsrock.com\/?p=18463","title":{"rendered":"&#8220;Acum: Doi juc\u0103tori de la FC Dinamo Bucure\u0219ti au cerut s\u0103 nu mai joace din cauza&#8230;&#8221;"},"content":{"rendered":"<div class=\"d79db4796efc26332eabfc3f5dafbc76\" data-index=\"1\" style=\"float: none; margin:10px 0 10px 0; text-align:center;\">\n<div class=\"hb-ad-inarticle\">\r\n    <div class=\"hb-ad-inner\"> \r\n    <div class=\"hbagency_cls\"  id=\"hbagency_space_111930\"><\/div><\/div> <\/div>\n<\/div>\n<p>&#8220;Acum: Doi juc\u0103tori de la FC Dinamo Bucure\u0219ti au cerut s\u0103 nu mai joace din cauza&#8230;&#8221;<\/p>\n<p>&nbsp;<\/p>\n<p>\u00centr-o \u00eentors\u0103tur\u0103 nea\u0219teptat\u0103, doi juc\u0103tori ai echipei FC Dinamo Bucure\u0219ti au solicitat oficial s\u0103 nu mai fie inclu\u0219i \u00een lotul echipei \u0219i s\u0103 nu mai participe la meciurile viitoare. Motivele invocate de ace\u0219tia au fost legate de condi\u021biile interne ale clubului, dar \u0219i de ne\u00een\u021belegerile cu conducerea tehnic\u0103 \u0219i administrativ\u0103.<\/p>\n<p>&nbsp;<\/p>\n<p>Conform surselor din cadrul echipei, juc\u0103torii respectivi nu au dorit s\u0103 fie identifica\u021bi public, dar au exprimat nemul\u021bumiri legate de anumite aspecte ale preg\u0103tirii fizice \u0219i de organizare a antrenamentelor. De asemenea, au men\u021bionat lipsa de suport din partea staff-ului \u0219i chiar tensiuni interne care au ajuns s\u0103 afecteze atmosfera din vestiar. Totodat\u0103, ace\u0219tia au precizat c\u0103 nu mai doresc s\u0103 fac\u0103 parte dintr-o echip\u0103 care se afl\u0103 \u00eentr-o situa\u021bie instabil\u0103, at\u00e2t din punct de vedere financiar, c\u00e2t \u0219i sportiv.<\/p>\n<p>&nbsp;<\/p>\n<p>Decizia celor doi juc\u0103tori a \u0219ocat at\u00e2t fanii echipei, c\u00e2t \u0219i conducerea clubului, care \u00eenc\u0103 nu a oferit un r\u0103spuns oficial \u00een ceea ce prive\u0219te aceast\u0103 situa\u021bie. Se a\u0219teapt\u0103 ca antrenorul \u0219i directorul sportiv s\u0103 fac\u0103 declara\u021bii \u00een perioada urm\u0103toare, iar posibile sanc\u021biuni sau solu\u021bii de rezolvare a conflictului s\u0103 fie luate \u00eentr-o \u0219edin\u021b\u0103 de urgen\u021b\u0103.<\/p>\n<p>&nbsp;<\/p>\n<p>FC Dinamo Bucure\u0219ti se afl\u0103 \u00eentr-o perioad\u0103 dificil\u0103, av\u00e2nd \u00een vedere performan\u021bele sub a\u0219tept\u0103ri din campionat \u0219i dificult\u0103\u021bile financiare cu care se confrunt\u0103 clubul. Aceast\u0103 situa\u021bie ad\u00e2nce\u0219te \u0219i mai mult criza existent\u0103 \u0219i pune o presiune suplimentar\u0103 pe \u00eentreaga echip\u0103.<\/p>\n\n<div style=\"font-size: 0px; height: 0px; line-height: 0px; margin: 0; padding: 0; clear: both;\"><\/div>","protected":false},"excerpt":{"rendered":"<p>&#8220;Acum: Doi juc\u0103tori de la FC Dinamo Bucure\u0219ti au cerut s\u0103 nu mai joace din cauza&#8230;&#8221; &nbsp; \u00centr-o \u00eentors\u0103tur\u0103 nea\u0219teptat\u0103, doi juc\u0103tori ai echipei FC Dinamo Bucure\u0219ti au solicitat oficial s\u0103 nu mai fie inclu\u0219i \u00een lotul echipei \u0219i s\u0103 nu mai participe la meciurile viitoare. Motivele invocate de ace\u0219tia au fost legate de condi\u021biile [&hellip;]<\/p>\n","protected":false},"author":1,"featured_media":18467,"comment_status":"open","ping_status":"open","sticky":false,"template":"","format":"standard","meta":{"_jetpack_memberships_contains_paid_content":false,"footnotes":""},"categories":[1],"tags":[],"class_list":["post-18463","post","type-post","status-publish","format-standard","has-post-thumbnail","hentry","category-uncategorized"],"yoast_head":"<!-- This site is optimized with the Yoast SEO plugin v27.4 - https:\/\/yoast.com\/product\/yoast-seo-wordpress\/ -->\n<title>&quot;Acum: Doi juc\u0103tori de la FC Dinamo Bucure\u0219ti au ce<\/title>\n<meta name=\"description\" content=\"&quot;Acum: Doi juc\u0103tori de la FC Dinamo Bucure\u0219ti au cerut s\u0103 nu mai joace din cauza...&quot;..........................\" \/>\n<meta name=\"robots\" content=\"index, follow, max-snippet:-1, max-image-preview:large, max-video-preview:-1\" \/>\n<link rel=\"canonical\" href=\"https:\/\/www.letsportsrock.com\/?p=18463\" \/>\n<meta property=\"og:locale\" content=\"en_US\" \/>\n<meta property=\"og:type\" content=\"article\" \/>\n<meta property=\"og:title\" content=\"&quot;Acum: Doi juc\u0103tori de la FC Dinamo Bucure\u0219ti au ce\" \/>\n<meta property=\"og:description\" content=\"&quot;Acum: Doi juc\u0103tori de la FC Dinamo Bucure\u0219ti au cerut s\u0103 nu mai joace din cauza...&quot;..........................\" \/>\n<meta property=\"og:url\" content=\"https:\/\/www.letsportsrock.com\/?p=18463\" \/>\n<meta property=\"og:site_name\" content=\"letsportsrock\" \/>\n<meta property=\"article:published_time\" content=\"2025-01-11T22:41:38+00:00\" \/>\n<meta property=\"article:modified_time\" content=\"2025-01-11T22:42:30+00:00\" \/>\n<meta property=\"og:image\" content=\"https:\/\/www.letsportsrock.com\/wp-content\/uploads\/2025\/01\/images-2025-01-11T234204.107.jpeg\" \/>\n\t<meta property=\"og:image:width\" content=\"739\" \/>\n\t<meta property=\"og:image:height\" content=\"415\" \/>\n\t<meta property=\"og:image:type\" content=\"image\/jpeg\" \/>\n<meta name=\"author\" content=\"letsportsrock\" \/>\n<meta name=\"twitter:card\" content=\"summary_large_image\" \/>\n<meta name=\"twitter:label1\" content=\"Written by\" \/>\n\t<meta name=\"twitter:data1\" content=\"letsportsrock\" \/>\n\t<meta name=\"twitter:label2\" content=\"Est. reading time\" \/>\n\t<meta name=\"twitter:data2\" content=\"2 minutes\" \/>\n<script type=\"application\/ld+json\" class=\"yoast-schema-graph\">{\"@context\":\"https:\\\/\\\/schema.org\",\"@graph\":[{\"@type\":\"Article\",\"@id\":\"https:\\\/\\\/www.letsportsrock.com\\\/?p=18463#article\",\"isPartOf\":{\"@id\":\"https:\\\/\\\/www.letsportsrock.com\\\/?p=18463\"},\"author\":{\"name\":\"letsportsrock\",\"@id\":\"https:\\\/\\\/www.letsportsrock.com\\\/#\\\/schema\\\/person\\\/a454ac24e58b214ddd97e4b5afb0bf01\"},\"headline\":\"&#8220;Acum: Doi juc\u0103tori de la FC Dinamo Bucure\u0219ti au cerut s\u0103 nu mai joace din cauza&#8230;&#8221;\",\"datePublished\":\"2025-01-11T22:41:38+00:00\",\"dateModified\":\"2025-01-11T22:42:30+00:00\",\"mainEntityOfPage\":{\"@id\":\"https:\\\/\\\/www.letsportsrock.com\\\/?p=18463\"},\"wordCount\":304,\"commentCount\":0,\"image\":{\"@id\":\"https:\\\/\\\/www.letsportsrock.com\\\/?p=18463#primaryimage\"},\"thumbnailUrl\":\"https:\\\/\\\/www.letsportsrock.com\\\/wp-content\\\/uploads\\\/2025\\\/01\\\/images-2025-01-11T234204.107.jpeg\",\"inLanguage\":\"en-US\",\"potentialAction\":[{\"@type\":\"CommentAction\",\"name\":\"Comment\",\"target\":[\"https:\\\/\\\/www.letsportsrock.com\\\/?p=18463#respond\"]}]},{\"@type\":\"WebPage\",\"@id\":\"https:\\\/\\\/www.letsportsrock.com\\\/?p=18463\",\"url\":\"https:\\\/\\\/www.letsportsrock.com\\\/?p=18463\",\"name\":\"\\\"Acum: Doi juc\u0103tori de la FC Dinamo Bucure\u0219ti au ce\",\"isPartOf\":{\"@id\":\"https:\\\/\\\/www.letsportsrock.com\\\/#website\"},\"primaryImageOfPage\":{\"@id\":\"https:\\\/\\\/www.letsportsrock.com\\\/?p=18463#primaryimage\"},\"image\":{\"@id\":\"https:\\\/\\\/www.letsportsrock.com\\\/?p=18463#primaryimage\"},\"thumbnailUrl\":\"https:\\\/\\\/www.letsportsrock.com\\\/wp-content\\\/uploads\\\/2025\\\/01\\\/images-2025-01-11T234204.107.jpeg\",\"datePublished\":\"2025-01-11T22:41:38+00:00\",\"dateModified\":\"2025-01-11T22:42:30+00:00\",\"author\":{\"@id\":\"https:\\\/\\\/www.letsportsrock.com\\\/#\\\/schema\\\/person\\\/a454ac24e58b214ddd97e4b5afb0bf01\"},\"description\":\"\\\"Acum: Doi juc\u0103tori de la FC Dinamo Bucure\u0219ti au cerut s\u0103 nu mai joace din cauza...\\\"..........................\",\"breadcrumb\":{\"@id\":\"https:\\\/\\\/www.letsportsrock.com\\\/?p=18463#breadcrumb\"},\"inLanguage\":\"en-US\",\"potentialAction\":[{\"@type\":\"ReadAction\",\"target\":[\"https:\\\/\\\/www.letsportsrock.com\\\/?p=18463\"]}]},{\"@type\":\"ImageObject\",\"inLanguage\":\"en-US\",\"@id\":\"https:\\\/\\\/www.letsportsrock.com\\\/?p=18463#primaryimage\",\"url\":\"https:\\\/\\\/www.letsportsrock.com\\\/wp-content\\\/uploads\\\/2025\\\/01\\\/images-2025-01-11T234204.107.jpeg\",\"contentUrl\":\"https:\\\/\\\/www.letsportsrock.com\\\/wp-content\\\/uploads\\\/2025\\\/01\\\/images-2025-01-11T234204.107.jpeg\",\"width\":739,\"height\":415},{\"@type\":\"BreadcrumbList\",\"@id\":\"https:\\\/\\\/www.letsportsrock.com\\\/?p=18463#breadcrumb\",\"itemListElement\":[{\"@type\":\"ListItem\",\"position\":1,\"name\":\"Home\",\"item\":\"https:\\\/\\\/www.letsportsrock.com\\\/\"},{\"@type\":\"ListItem\",\"position\":2,\"name\":\"&#8220;Acum: Doi juc\u0103tori de la FC Dinamo Bucure\u0219ti au cerut s\u0103 nu mai joace din cauza&#8230;&#8221;\"}]},{\"@type\":\"WebSite\",\"@id\":\"https:\\\/\\\/www.letsportsrock.com\\\/#website\",\"url\":\"https:\\\/\\\/www.letsportsrock.com\\\/\",\"name\":\"letsportsrock\",\"description\":\"Sport News and Updates\",\"potentialAction\":[{\"@type\":\"SearchAction\",\"target\":{\"@type\":\"EntryPoint\",\"urlTemplate\":\"https:\\\/\\\/www.letsportsrock.com\\\/?s={search_term_string}\"},\"query-input\":{\"@type\":\"PropertyValueSpecification\",\"valueRequired\":true,\"valueName\":\"search_term_string\"}}],\"inLanguage\":\"en-US\"},{\"@type\":\"Person\",\"@id\":\"https:\\\/\\\/www.letsportsrock.com\\\/#\\\/schema\\\/person\\\/a454ac24e58b214ddd97e4b5afb0bf01\",\"name\":\"letsportsrock\",\"image\":{\"@type\":\"ImageObject\",\"inLanguage\":\"en-US\",\"@id\":\"https:\\\/\\\/secure.gravatar.com\\\/avatar\\\/f8ef950cbb7574c0bc874094b8d307659bfe2d7aa4a9d26fa6917eff010748f9?s=96&d=mm&r=g\",\"url\":\"https:\\\/\\\/secure.gravatar.com\\\/avatar\\\/f8ef950cbb7574c0bc874094b8d307659bfe2d7aa4a9d26fa6917eff010748f9?s=96&d=mm&r=g\",\"contentUrl\":\"https:\\\/\\\/secure.gravatar.com\\\/avatar\\\/f8ef950cbb7574c0bc874094b8d307659bfe2d7aa4a9d26fa6917eff010748f9?s=96&d=mm&r=g\",\"caption\":\"letsportsrock\"},\"sameAs\":[\"https:\\\/\\\/www.letsportsrock.com\"],\"url\":\"https:\\\/\\\/www.letsportsrock.com\\\/?author=1\"}]}<\/script>\n<!-- \/ Yoast SEO plugin. -->","yoast_head_json":{"title":"\"Acum: Doi juc\u0103tori de la FC Dinamo Bucure\u0219ti au ce","description":"\"Acum: Doi juc\u0103tori de la FC Dinamo Bucure\u0219ti au cerut s\u0103 nu mai joace din cauza...\"..........................","robots":{"index":"index","follow":"follow","max-snippet":"max-snippet:-1","max-image-preview":"max-image-preview:large","max-video-preview":"max-video-preview:-1"},"canonical":"https:\/\/www.letsportsrock.com\/?p=18463","og_locale":"en_US","og_type":"article","og_title":"\"Acum: Doi juc\u0103tori de la FC Dinamo Bucure\u0219ti au ce","og_description":"\"Acum: Doi juc\u0103tori de la FC Dinamo Bucure\u0219ti au cerut s\u0103 nu mai joace din cauza...\"..........................","og_url":"https:\/\/www.letsportsrock.com\/?p=18463","og_site_name":"letsportsrock","article_published_time":"2025-01-11T22:41:38+00:00","article_modified_time":"2025-01-11T22:42:30+00:00","og_image":[{"width":739,"height":415,"url":"https:\/\/www.letsportsrock.com\/wp-content\/uploads\/2025\/01\/images-2025-01-11T234204.107.jpeg","type":"image\/jpeg"}],"author":"letsportsrock","twitter_card":"summary_large_image","twitter_misc":{"Written by":"letsportsrock","Est. reading time":"2 minutes"},"schema":{"@context":"https:\/\/schema.org","@graph":[{"@type":"Article","@id":"https:\/\/www.letsportsrock.com\/?p=18463#article","isPartOf":{"@id":"https:\/\/www.letsportsrock.com\/?p=18463"},"author":{"name":"letsportsrock","@id":"https:\/\/www.letsportsrock.com\/#\/schema\/person\/a454ac24e58b214ddd97e4b5afb0bf01"},"headline":"&#8220;Acum: Doi juc\u0103tori de la FC Dinamo Bucure\u0219ti au cerut s\u0103 nu mai joace din cauza&#8230;&#8221;","datePublished":"2025-01-11T22:41:38+00:00","dateModified":"2025-01-11T22:42:30+00:00","mainEntityOfPage":{"@id":"https:\/\/www.letsportsrock.com\/?p=18463"},"wordCount":304,"commentCount":0,"image":{"@id":"https:\/\/www.letsportsrock.com\/?p=18463#primaryimage"},"thumbnailUrl":"https:\/\/www.letsportsrock.com\/wp-content\/uploads\/2025\/01\/images-2025-01-11T234204.107.jpeg","inLanguage":"en-US","potentialAction":[{"@type":"CommentAction","name":"Comment","target":["https:\/\/www.letsportsrock.com\/?p=18463#respond"]}]},{"@type":"WebPage","@id":"https:\/\/www.letsportsrock.com\/?p=18463","url":"https:\/\/www.letsportsrock.com\/?p=18463","name":"\"Acum: Doi juc\u0103tori de la FC Dinamo Bucure\u0219ti au ce","isPartOf":{"@id":"https:\/\/www.letsportsrock.com\/#website"},"primaryImageOfPage":{"@id":"https:\/\/www.letsportsrock.com\/?p=18463#primaryimage"},"image":{"@id":"https:\/\/www.letsportsrock.com\/?p=18463#primaryimage"},"thumbnailUrl":"https:\/\/www.letsportsrock.com\/wp-content\/uploads\/2025\/01\/images-2025-01-11T234204.107.jpeg","datePublished":"2025-01-11T22:41:38+00:00","dateModified":"2025-01-11T22:42:30+00:00","author":{"@id":"https:\/\/www.letsportsrock.com\/#\/schema\/person\/a454ac24e58b214ddd97e4b5afb0bf01"},"description":"\"Acum: Doi juc\u0103tori de la FC Dinamo Bucure\u0219ti au cerut s\u0103 nu mai joace din cauza...\"..........................","breadcrumb":{"@id":"https:\/\/www.letsportsrock.com\/?p=18463#breadcrumb"},"inLanguage":"en-US","potentialAction":[{"@type":"ReadAction","target":["https:\/\/www.letsportsrock.com\/?p=18463"]}]},{"@type":"ImageObject","inLanguage":"en-US","@id":"https:\/\/www.letsportsrock.com\/?p=18463#primaryimage","url":"https:\/\/www.letsportsrock.com\/wp-content\/uploads\/2025\/01\/images-2025-01-11T234204.107.jpeg","contentUrl":"https:\/\/www.letsportsrock.com\/wp-content\/uploads\/2025\/01\/images-2025-01-11T234204.107.jpeg","width":739,"height":415},{"@type":"BreadcrumbList","@id":"https:\/\/www.letsportsrock.com\/?p=18463#breadcrumb","itemListElement":[{"@type":"ListItem","position":1,"name":"Home","item":"https:\/\/www.letsportsrock.com\/"},{"@type":"ListItem","position":2,"name":"&#8220;Acum: Doi juc\u0103tori de la FC Dinamo Bucure\u0219ti au cerut s\u0103 nu mai joace din cauza&#8230;&#8221;"}]},{"@type":"WebSite","@id":"https:\/\/www.letsportsrock.com\/#website","url":"https:\/\/www.letsportsrock.com\/","name":"letsportsrock","description":"Sport News and Updates","potentialAction":[{"@type":"SearchAction","target":{"@type":"EntryPoint","urlTemplate":"https:\/\/www.letsportsrock.com\/?s={search_term_string}"},"query-input":{"@type":"PropertyValueSpecification","valueRequired":true,"valueName":"search_term_string"}}],"inLanguage":"en-US"},{"@type":"Person","@id":"https:\/\/www.letsportsrock.com\/#\/schema\/person\/a454ac24e58b214ddd97e4b5afb0bf01","name":"letsportsrock","image":{"@type":"ImageObject","inLanguage":"en-US","@id":"https:\/\/secure.gravatar.com\/avatar\/f8ef950cbb7574c0bc874094b8d307659bfe2d7aa4a9d26fa6917eff010748f9?s=96&d=mm&r=g","url":"https:\/\/secure.gravatar.com\/avatar\/f8ef950cbb7574c0bc874094b8d307659bfe2d7aa4a9d26fa6917eff010748f9?s=96&d=mm&r=g","contentUrl":"https:\/\/secure.gravatar.com\/avatar\/f8ef950cbb7574c0bc874094b8d307659bfe2d7aa4a9d26fa6917eff010748f9?s=96&d=mm&r=g","caption":"letsportsrock"},"sameAs":["https:\/\/www.letsportsrock.com"],"url":"https:\/\/www.letsportsrock.com\/?author=1"}]}},"jetpack_featured_media_url":"https:\/\/www.letsportsrock.com\/wp-content\/uploads\/2025\/01\/images-2025-01-11T234204.107.jpeg","jetpack_sharing_enabled":true,"_links":{"self":[{"href":"https:\/\/www.letsportsrock.com\/index.php?rest_route=\/wp\/v2\/posts\/18463","targetHints":{"allow":["GET"]}}],"collection":[{"href":"https:\/\/www.letsportsrock.com\/index.php?rest_route=\/wp\/v2\/posts"}],"about":[{"href":"https:\/\/www.letsportsrock.com\/index.php?rest_route=\/wp\/v2\/types\/post"}],"author":[{"embeddable":true,"href":"https:\/\/www.letsportsrock.com\/index.php?rest_route=\/wp\/v2\/users\/1"}],"replies":[{"embeddable":true,"href":"https:\/\/www.letsportsrock.com\/index.php?rest_route=%2Fwp%2Fv2%2Fcomments&post=18463"}],"version-history":[{"count":1,"href":"https:\/\/www.letsportsrock.com\/index.php?rest_route=\/wp\/v2\/posts\/18463\/revisions"}],"predecessor-version":[{"id":18466,"href":"https:\/\/www.letsportsrock.com\/index.php?rest_route=\/wp\/v2\/posts\/18463\/revisions\/18466"}],"wp:featuredmedia":[{"embeddable":true,"href":"https:\/\/www.letsportsrock.com\/index.php?rest_route=\/wp\/v2\/media\/18467"}],"wp:attachment":[{"href":"https:\/\/www.letsportsrock.com\/index.php?rest_route=%2Fwp%2Fv2%2Fmedia&parent=18463"}],"wp:term":[{"taxonomy":"category","embeddable":true,"href":"https:\/\/www.letsportsrock.com\/index.php?rest_route=%2Fwp%2Fv2%2Fcategories&post=18463"},{"taxonomy":"post_tag","embeddable":true,"href":"https:\/\/www.letsportsrock.com\/index.php?rest_route=%2Fwp%2Fv2%2Ftags&post=18463"}],"curies":[{"name":"wp","href":"https:\/\/api.w.org\/{rel}","templated":true}]}}