{"id":18533,"date":"2025-01-12T11:14:33","date_gmt":"2025-01-12T11:14:33","guid":{"rendered":"https:\/\/www.letsportsrock.com\/?p=18533"},"modified":"2025-01-12T11:14:33","modified_gmt":"2025-01-12T11:14:33","slug":"vesti-triste-presedintele-cfr-cluj-cristian-balas-anunta-demisia-din-motive-personale","status":"publish","type":"post","link":"https:\/\/www.letsportsrock.com\/?p=18533","title":{"rendered":"Ve\u0219ti Triste: Pre\u0219edintele CFR Cluj, Cristian B\u0103l\u0103\u0219, Anun\u021b\u0103 Demisia din Motive Personale"},"content":{"rendered":"<div class=\"d79db4796efc26332eabfc3f5dafbc76\" data-index=\"1\" style=\"float: none; margin:10px 0 10px 0; text-align:center;\">\n<div class=\"hb-ad-inarticle\">\r\n    <div class=\"hb-ad-inner\"> \r\n    <div class=\"hbagency_cls\"  id=\"hbagency_space_111930\"><\/div><\/div> <\/div>\n<\/div>\n<p>Ve\u0219ti Triste: Pre\u0219edintele CFR Cluj, Cristian B\u0103l\u0103\u0219, Anun\u021b\u0103 Demisia din Motive Personale<\/p>\n<p>&nbsp;<\/p>\n<p>Cristian B\u0103l\u0103\u0219, pre\u0219edintele clubului CFR Cluj, a anun\u021bat ast\u0103zi c\u0103 va renun\u021ba la func\u021bia sa din motive personale, \u00eentr-o decizie care a luat prin surprindere \u00eentreaga suflare a fotbalului rom\u00e2nesc. Anun\u021bul a fost f\u0103cut \u00eentr-o conferin\u021b\u0103 de pres\u0103 organizat\u0103 la sediul clubului, \u00een care B\u0103l\u0103\u0219 a explicat c\u0103 aceasta este o decizie dificil\u0103, dar necesar\u0103, pentru a-\u0219i prioritiza via\u021ba personal\u0103 \u0219i pentru a se dedica altor aspecte ale carierei sale.<\/p>\n<p>&nbsp;<\/p>\n<p>Cristian B\u0103l\u0103\u0219, care a preluat conducerea clubului CFR Cluj acum c\u00e2\u021biva ani, a avut un rol esen\u021bial \u00een consolidarea echipei \u0219i \u00een men\u021binerea acesteia pe cale de succes. Sub conducerea sa, CFR Cluj a c\u00e2\u0219tigat numeroase titluri \u0219i a reu\u0219it s\u0103 se impun\u0103 ca o for\u021b\u0103 major\u0103 \u00een fotbalul rom\u00e2nesc, continu\u00e2nd s\u0103 fie un simbol al performan\u021bei \u0219i al stabilit\u0103\u021bii financiare.<\/p>\n<p>&nbsp;<\/p>\n<p>\u201eA fost o decizie extrem de grea, dar am sim\u021bit c\u0103 este momentul s\u0103 \u00eemi fac o pauz\u0103 \u0219i s\u0103 m\u0103 concentrez pe alte aspecte ale vie\u021bii mele. CFR Cluj va r\u0103m\u00e2ne \u00eentotdeauna \u00een sufletul meu \u0219i sunt m\u00e2ndru de ceea ce am realizat al\u0103turi de acest club extraordinar\u201d, a declarat Cristian B\u0103l\u0103\u0219.<\/p>\n<p>&nbsp;<\/p>\n<p>Sub conducerea sa, clubul a implementat strategii de succes, iar echipa a continuat s\u0103 evolueze \u00een competi\u021biile europene, f\u0103c\u00e2ndu-\u0219i un nume \u0219i pe plan interna\u021bional. Totodat\u0103, B\u0103l\u0103\u0219 a fost un lider respectat, at\u00e2t \u00een r\u00e2ndul juc\u0103torilor, c\u00e2t \u0219i al antrenorilor, av\u00e2nd o viziune clar\u0103 \u0219i ambi\u021bioas\u0103 pentru viitorul clubului.<\/p>\n<p>&nbsp;<\/p>\n<p>Este \u00eenc\u0103 neclar cine va prelua conducerea clubului dup\u0103 plecarea lui B\u0103l\u0103\u0219, \u00eens\u0103 se a\u0219teapt\u0103 ca deciziile s\u0103 fie luate \u00een perioada urm\u0103toare.<\/p>\n\n<div style=\"font-size: 0px; height: 0px; line-height: 0px; margin: 0; padding: 0; clear: both;\"><\/div>","protected":false},"excerpt":{"rendered":"<p>Ve\u0219ti Triste: Pre\u0219edintele CFR Cluj, Cristian B\u0103l\u0103\u0219, Anun\u021b\u0103 Demisia din Motive Personale &nbsp; Cristian B\u0103l\u0103\u0219, pre\u0219edintele clubului CFR Cluj, a anun\u021bat ast\u0103zi c\u0103 va renun\u021ba la func\u021bia sa din motive personale, \u00eentr-o decizie care a luat prin surprindere \u00eentreaga suflare a fotbalului rom\u00e2nesc. Anun\u021bul a fost f\u0103cut \u00eentr-o conferin\u021b\u0103 de pres\u0103 organizat\u0103 la sediul clubului, [&hellip;]<\/p>\n","protected":false},"author":1,"featured_media":18534,"comment_status":"open","ping_status":"open","sticky":false,"template":"","format":"standard","meta":{"_jetpack_memberships_contains_paid_content":false,"footnotes":""},"categories":[1],"tags":[],"class_list":["post-18533","post","type-post","status-publish","format-standard","has-post-thumbnail","hentry","category-uncategorized"],"yoast_head":"<!-- This site is optimized with the Yoast SEO plugin v27.4 - https:\/\/yoast.com\/product\/yoast-seo-wordpress\/ -->\n<title>Ve\u0219ti Triste: Pre\u0219edintele CFR Cluj, Cristian B\u0103l\u0103\u0219, Anun\u021b\u0103<\/title>\n<meta name=\"description\" content=\"Ve\u0219ti Triste: Pre\u0219edintele CFR Cluj, Cristian B\u0103l\u0103\u0219, Anun\u021b\u0103 Demisia din Motive Personale.....................\" \/>\n<meta name=\"robots\" content=\"index, follow, max-snippet:-1, max-image-preview:large, max-video-preview:-1\" \/>\n<link rel=\"canonical\" href=\"https:\/\/www.letsportsrock.com\/?p=18533\" \/>\n<meta property=\"og:locale\" content=\"en_US\" \/>\n<meta property=\"og:type\" content=\"article\" \/>\n<meta property=\"og:title\" content=\"Ve\u0219ti Triste: Pre\u0219edintele CFR Cluj, Cristian B\u0103l\u0103\u0219, Anun\u021b\u0103\" \/>\n<meta property=\"og:description\" content=\"Ve\u0219ti Triste: Pre\u0219edintele CFR Cluj, Cristian B\u0103l\u0103\u0219, Anun\u021b\u0103 Demisia din Motive Personale.....................\" \/>\n<meta property=\"og:url\" content=\"https:\/\/www.letsportsrock.com\/?p=18533\" \/>\n<meta property=\"og:site_name\" content=\"letsportsrock\" \/>\n<meta property=\"article:published_time\" content=\"2025-01-12T11:14:33+00:00\" \/>\n<meta property=\"og:image\" content=\"https:\/\/www.letsportsrock.com\/wp-content\/uploads\/2025\/01\/images-2025-01-12T121135.219.jpeg\" \/>\n\t<meta property=\"og:image:width\" content=\"640\" \/>\n\t<meta property=\"og:image:height\" content=\"480\" \/>\n\t<meta property=\"og:image:type\" content=\"image\/jpeg\" \/>\n<meta name=\"author\" content=\"letsportsrock\" \/>\n<meta name=\"twitter:card\" content=\"summary_large_image\" \/>\n<meta name=\"twitter:label1\" content=\"Written by\" \/>\n\t<meta name=\"twitter:data1\" content=\"letsportsrock\" \/>\n\t<meta name=\"twitter:label2\" content=\"Est. reading time\" \/>\n\t<meta name=\"twitter:data2\" content=\"2 minutes\" \/>\n<script type=\"application\/ld+json\" class=\"yoast-schema-graph\">{\"@context\":\"https:\\\/\\\/schema.org\",\"@graph\":[{\"@type\":\"Article\",\"@id\":\"https:\\\/\\\/www.letsportsrock.com\\\/?p=18533#article\",\"isPartOf\":{\"@id\":\"https:\\\/\\\/www.letsportsrock.com\\\/?p=18533\"},\"author\":{\"name\":\"letsportsrock\",\"@id\":\"https:\\\/\\\/www.letsportsrock.com\\\/#\\\/schema\\\/person\\\/a454ac24e58b214ddd97e4b5afb0bf01\"},\"headline\":\"Ve\u0219ti Triste: Pre\u0219edintele CFR Cluj, Cristian B\u0103l\u0103\u0219, Anun\u021b\u0103 Demisia din Motive Personale\",\"datePublished\":\"2025-01-12T11:14:33+00:00\",\"mainEntityOfPage\":{\"@id\":\"https:\\\/\\\/www.letsportsrock.com\\\/?p=18533\"},\"wordCount\":335,\"commentCount\":0,\"image\":{\"@id\":\"https:\\\/\\\/www.letsportsrock.com\\\/?p=18533#primaryimage\"},\"thumbnailUrl\":\"https:\\\/\\\/www.letsportsrock.com\\\/wp-content\\\/uploads\\\/2025\\\/01\\\/images-2025-01-12T121135.219.jpeg\",\"inLanguage\":\"en-US\",\"potentialAction\":[{\"@type\":\"CommentAction\",\"name\":\"Comment\",\"target\":[\"https:\\\/\\\/www.letsportsrock.com\\\/?p=18533#respond\"]}]},{\"@type\":\"WebPage\",\"@id\":\"https:\\\/\\\/www.letsportsrock.com\\\/?p=18533\",\"url\":\"https:\\\/\\\/www.letsportsrock.com\\\/?p=18533\",\"name\":\"Ve\u0219ti Triste: Pre\u0219edintele CFR Cluj, Cristian B\u0103l\u0103\u0219, Anun\u021b\u0103\",\"isPartOf\":{\"@id\":\"https:\\\/\\\/www.letsportsrock.com\\\/#website\"},\"primaryImageOfPage\":{\"@id\":\"https:\\\/\\\/www.letsportsrock.com\\\/?p=18533#primaryimage\"},\"image\":{\"@id\":\"https:\\\/\\\/www.letsportsrock.com\\\/?p=18533#primaryimage\"},\"thumbnailUrl\":\"https:\\\/\\\/www.letsportsrock.com\\\/wp-content\\\/uploads\\\/2025\\\/01\\\/images-2025-01-12T121135.219.jpeg\",\"datePublished\":\"2025-01-12T11:14:33+00:00\",\"author\":{\"@id\":\"https:\\\/\\\/www.letsportsrock.com\\\/#\\\/schema\\\/person\\\/a454ac24e58b214ddd97e4b5afb0bf01\"},\"description\":\"Ve\u0219ti Triste: Pre\u0219edintele CFR Cluj, Cristian B\u0103l\u0103\u0219, Anun\u021b\u0103 Demisia din Motive Personale.....................\",\"breadcrumb\":{\"@id\":\"https:\\\/\\\/www.letsportsrock.com\\\/?p=18533#breadcrumb\"},\"inLanguage\":\"en-US\",\"potentialAction\":[{\"@type\":\"ReadAction\",\"target\":[\"https:\\\/\\\/www.letsportsrock.com\\\/?p=18533\"]}]},{\"@type\":\"ImageObject\",\"inLanguage\":\"en-US\",\"@id\":\"https:\\\/\\\/www.letsportsrock.com\\\/?p=18533#primaryimage\",\"url\":\"https:\\\/\\\/www.letsportsrock.com\\\/wp-content\\\/uploads\\\/2025\\\/01\\\/images-2025-01-12T121135.219.jpeg\",\"contentUrl\":\"https:\\\/\\\/www.letsportsrock.com\\\/wp-content\\\/uploads\\\/2025\\\/01\\\/images-2025-01-12T121135.219.jpeg\",\"width\":640,\"height\":480},{\"@type\":\"BreadcrumbList\",\"@id\":\"https:\\\/\\\/www.letsportsrock.com\\\/?p=18533#breadcrumb\",\"itemListElement\":[{\"@type\":\"ListItem\",\"position\":1,\"name\":\"Home\",\"item\":\"https:\\\/\\\/www.letsportsrock.com\\\/\"},{\"@type\":\"ListItem\",\"position\":2,\"name\":\"Ve\u0219ti Triste: Pre\u0219edintele CFR Cluj, Cristian B\u0103l\u0103\u0219, Anun\u021b\u0103 Demisia din Motive Personale\"}]},{\"@type\":\"WebSite\",\"@id\":\"https:\\\/\\\/www.letsportsrock.com\\\/#website\",\"url\":\"https:\\\/\\\/www.letsportsrock.com\\\/\",\"name\":\"letsportsrock\",\"description\":\"Sport News and Updates\",\"potentialAction\":[{\"@type\":\"SearchAction\",\"target\":{\"@type\":\"EntryPoint\",\"urlTemplate\":\"https:\\\/\\\/www.letsportsrock.com\\\/?s={search_term_string}\"},\"query-input\":{\"@type\":\"PropertyValueSpecification\",\"valueRequired\":true,\"valueName\":\"search_term_string\"}}],\"inLanguage\":\"en-US\"},{\"@type\":\"Person\",\"@id\":\"https:\\\/\\\/www.letsportsrock.com\\\/#\\\/schema\\\/person\\\/a454ac24e58b214ddd97e4b5afb0bf01\",\"name\":\"letsportsrock\",\"image\":{\"@type\":\"ImageObject\",\"inLanguage\":\"en-US\",\"@id\":\"https:\\\/\\\/secure.gravatar.com\\\/avatar\\\/f8ef950cbb7574c0bc874094b8d307659bfe2d7aa4a9d26fa6917eff010748f9?s=96&d=mm&r=g\",\"url\":\"https:\\\/\\\/secure.gravatar.com\\\/avatar\\\/f8ef950cbb7574c0bc874094b8d307659bfe2d7aa4a9d26fa6917eff010748f9?s=96&d=mm&r=g\",\"contentUrl\":\"https:\\\/\\\/secure.gravatar.com\\\/avatar\\\/f8ef950cbb7574c0bc874094b8d307659bfe2d7aa4a9d26fa6917eff010748f9?s=96&d=mm&r=g\",\"caption\":\"letsportsrock\"},\"sameAs\":[\"https:\\\/\\\/www.letsportsrock.com\"],\"url\":\"https:\\\/\\\/www.letsportsrock.com\\\/?author=1\"}]}<\/script>\n<!-- \/ Yoast SEO plugin. -->","yoast_head_json":{"title":"Ve\u0219ti Triste: Pre\u0219edintele CFR Cluj, Cristian B\u0103l\u0103\u0219, Anun\u021b\u0103","description":"Ve\u0219ti Triste: Pre\u0219edintele CFR Cluj, Cristian B\u0103l\u0103\u0219, Anun\u021b\u0103 Demisia din Motive Personale.....................","robots":{"index":"index","follow":"follow","max-snippet":"max-snippet:-1","max-image-preview":"max-image-preview:large","max-video-preview":"max-video-preview:-1"},"canonical":"https:\/\/www.letsportsrock.com\/?p=18533","og_locale":"en_US","og_type":"article","og_title":"Ve\u0219ti Triste: Pre\u0219edintele CFR Cluj, Cristian B\u0103l\u0103\u0219, Anun\u021b\u0103","og_description":"Ve\u0219ti Triste: Pre\u0219edintele CFR Cluj, Cristian B\u0103l\u0103\u0219, Anun\u021b\u0103 Demisia din Motive Personale.....................","og_url":"https:\/\/www.letsportsrock.com\/?p=18533","og_site_name":"letsportsrock","article_published_time":"2025-01-12T11:14:33+00:00","og_image":[{"width":640,"height":480,"url":"https:\/\/www.letsportsrock.com\/wp-content\/uploads\/2025\/01\/images-2025-01-12T121135.219.jpeg","type":"image\/jpeg"}],"author":"letsportsrock","twitter_card":"summary_large_image","twitter_misc":{"Written by":"letsportsrock","Est. reading time":"2 minutes"},"schema":{"@context":"https:\/\/schema.org","@graph":[{"@type":"Article","@id":"https:\/\/www.letsportsrock.com\/?p=18533#article","isPartOf":{"@id":"https:\/\/www.letsportsrock.com\/?p=18533"},"author":{"name":"letsportsrock","@id":"https:\/\/www.letsportsrock.com\/#\/schema\/person\/a454ac24e58b214ddd97e4b5afb0bf01"},"headline":"Ve\u0219ti Triste: Pre\u0219edintele CFR Cluj, Cristian B\u0103l\u0103\u0219, Anun\u021b\u0103 Demisia din Motive Personale","datePublished":"2025-01-12T11:14:33+00:00","mainEntityOfPage":{"@id":"https:\/\/www.letsportsrock.com\/?p=18533"},"wordCount":335,"commentCount":0,"image":{"@id":"https:\/\/www.letsportsrock.com\/?p=18533#primaryimage"},"thumbnailUrl":"https:\/\/www.letsportsrock.com\/wp-content\/uploads\/2025\/01\/images-2025-01-12T121135.219.jpeg","inLanguage":"en-US","potentialAction":[{"@type":"CommentAction","name":"Comment","target":["https:\/\/www.letsportsrock.com\/?p=18533#respond"]}]},{"@type":"WebPage","@id":"https:\/\/www.letsportsrock.com\/?p=18533","url":"https:\/\/www.letsportsrock.com\/?p=18533","name":"Ve\u0219ti Triste: Pre\u0219edintele CFR Cluj, Cristian B\u0103l\u0103\u0219, Anun\u021b\u0103","isPartOf":{"@id":"https:\/\/www.letsportsrock.com\/#website"},"primaryImageOfPage":{"@id":"https:\/\/www.letsportsrock.com\/?p=18533#primaryimage"},"image":{"@id":"https:\/\/www.letsportsrock.com\/?p=18533#primaryimage"},"thumbnailUrl":"https:\/\/www.letsportsrock.com\/wp-content\/uploads\/2025\/01\/images-2025-01-12T121135.219.jpeg","datePublished":"2025-01-12T11:14:33+00:00","author":{"@id":"https:\/\/www.letsportsrock.com\/#\/schema\/person\/a454ac24e58b214ddd97e4b5afb0bf01"},"description":"Ve\u0219ti Triste: Pre\u0219edintele CFR Cluj, Cristian B\u0103l\u0103\u0219, Anun\u021b\u0103 Demisia din Motive Personale.....................","breadcrumb":{"@id":"https:\/\/www.letsportsrock.com\/?p=18533#breadcrumb"},"inLanguage":"en-US","potentialAction":[{"@type":"ReadAction","target":["https:\/\/www.letsportsrock.com\/?p=18533"]}]},{"@type":"ImageObject","inLanguage":"en-US","@id":"https:\/\/www.letsportsrock.com\/?p=18533#primaryimage","url":"https:\/\/www.letsportsrock.com\/wp-content\/uploads\/2025\/01\/images-2025-01-12T121135.219.jpeg","contentUrl":"https:\/\/www.letsportsrock.com\/wp-content\/uploads\/2025\/01\/images-2025-01-12T121135.219.jpeg","width":640,"height":480},{"@type":"BreadcrumbList","@id":"https:\/\/www.letsportsrock.com\/?p=18533#breadcrumb","itemListElement":[{"@type":"ListItem","position":1,"name":"Home","item":"https:\/\/www.letsportsrock.com\/"},{"@type":"ListItem","position":2,"name":"Ve\u0219ti Triste: Pre\u0219edintele CFR Cluj, Cristian B\u0103l\u0103\u0219, Anun\u021b\u0103 Demisia din Motive Personale"}]},{"@type":"WebSite","@id":"https:\/\/www.letsportsrock.com\/#website","url":"https:\/\/www.letsportsrock.com\/","name":"letsportsrock","description":"Sport News and Updates","potentialAction":[{"@type":"SearchAction","target":{"@type":"EntryPoint","urlTemplate":"https:\/\/www.letsportsrock.com\/?s={search_term_string}"},"query-input":{"@type":"PropertyValueSpecification","valueRequired":true,"valueName":"search_term_string"}}],"inLanguage":"en-US"},{"@type":"Person","@id":"https:\/\/www.letsportsrock.com\/#\/schema\/person\/a454ac24e58b214ddd97e4b5afb0bf01","name":"letsportsrock","image":{"@type":"ImageObject","inLanguage":"en-US","@id":"https:\/\/secure.gravatar.com\/avatar\/f8ef950cbb7574c0bc874094b8d307659bfe2d7aa4a9d26fa6917eff010748f9?s=96&d=mm&r=g","url":"https:\/\/secure.gravatar.com\/avatar\/f8ef950cbb7574c0bc874094b8d307659bfe2d7aa4a9d26fa6917eff010748f9?s=96&d=mm&r=g","contentUrl":"https:\/\/secure.gravatar.com\/avatar\/f8ef950cbb7574c0bc874094b8d307659bfe2d7aa4a9d26fa6917eff010748f9?s=96&d=mm&r=g","caption":"letsportsrock"},"sameAs":["https:\/\/www.letsportsrock.com"],"url":"https:\/\/www.letsportsrock.com\/?author=1"}]}},"jetpack_featured_media_url":"https:\/\/www.letsportsrock.com\/wp-content\/uploads\/2025\/01\/images-2025-01-12T121135.219.jpeg","jetpack_sharing_enabled":true,"_links":{"self":[{"href":"https:\/\/www.letsportsrock.com\/index.php?rest_route=\/wp\/v2\/posts\/18533","targetHints":{"allow":["GET"]}}],"collection":[{"href":"https:\/\/www.letsportsrock.com\/index.php?rest_route=\/wp\/v2\/posts"}],"about":[{"href":"https:\/\/www.letsportsrock.com\/index.php?rest_route=\/wp\/v2\/types\/post"}],"author":[{"embeddable":true,"href":"https:\/\/www.letsportsrock.com\/index.php?rest_route=\/wp\/v2\/users\/1"}],"replies":[{"embeddable":true,"href":"https:\/\/www.letsportsrock.com\/index.php?rest_route=%2Fwp%2Fv2%2Fcomments&post=18533"}],"version-history":[{"count":1,"href":"https:\/\/www.letsportsrock.com\/index.php?rest_route=\/wp\/v2\/posts\/18533\/revisions"}],"predecessor-version":[{"id":18535,"href":"https:\/\/www.letsportsrock.com\/index.php?rest_route=\/wp\/v2\/posts\/18533\/revisions\/18535"}],"wp:featuredmedia":[{"embeddable":true,"href":"https:\/\/www.letsportsrock.com\/index.php?rest_route=\/wp\/v2\/media\/18534"}],"wp:attachment":[{"href":"https:\/\/www.letsportsrock.com\/index.php?rest_route=%2Fwp%2Fv2%2Fmedia&parent=18533"}],"wp:term":[{"taxonomy":"category","embeddable":true,"href":"https:\/\/www.letsportsrock.com\/index.php?rest_route=%2Fwp%2Fv2%2Fcategories&post=18533"},{"taxonomy":"post_tag","embeddable":true,"href":"https:\/\/www.letsportsrock.com\/index.php?rest_route=%2Fwp%2Fv2%2Ftags&post=18533"}],"curies":[{"name":"wp","href":"https:\/\/api.w.org\/{rel}","templated":true}]}}