{"id":18595,"date":"2025-01-12T22:12:42","date_gmt":"2025-01-12T22:12:42","guid":{"rendered":"https:\/\/www.letsportsrock.com\/?p=18595"},"modified":"2025-01-12T22:12:42","modified_gmt":"2025-01-12T22:12:42","slug":"dupa-ce-s-a-certat-cu-antrenorul-principal-jucatorul-vedeta-al-fcsb-fc-steaua-bucuresti-a-plecat-din-cauza","status":"publish","type":"post","link":"https:\/\/www.letsportsrock.com\/?p=18595","title":{"rendered":"Dup\u0103 ce s-a certat cu antrenorul principal, juc\u0103torul vedet\u0103 al FCSB FC Steaua Bucure\u0219ti a plecat din cauza\u2026"},"content":{"rendered":"<div class=\"d79db4796efc26332eabfc3f5dafbc76\" data-index=\"1\" style=\"float: none; margin:10px 0 10px 0; text-align:center;\">\n<div class=\"hb-ad-inarticle\">\r\n    <div class=\"hb-ad-inner\"> \r\n    <div class=\"hbagency_cls\"  id=\"hbagency_space_111930\"><\/div><\/div> <\/div>\n<\/div>\n<p>Dup\u0103 ce s-a certat cu antrenorul principal, juc\u0103torul vedet\u0103 al FCSB, FC Steaua Bucure\u0219ti, a plecat din cauza unui conflict intern care a escaladat rapid \u0219i a avut implica\u021bii majore asupra rela\u021biei sale cu staff-ul tehnic. La \u00eenceput, ne\u00een\u021belegerile au fost mici, dar tensiunile dintre juc\u0103tor \u0219i antrenorul principal au \u00eenceput s\u0103 devin\u0103 tot mai evidente, iar decizia de a pleca s-a dovedit a fi inevitabil\u0103. Un astfel de conflict este frecvent \u00een fotbal, dar acest caz a avut un impact deosebit, av\u00e2nd \u00een vedere statutul juc\u0103torului \u0219i importan\u021ba sa \u00een echip\u0103.<\/p>\n<p>&nbsp;<\/p>\n<p>Conform surselor din cadrul clubului, disputa a fost legat\u0103 de o serie de decizii tactice \u0219i de selec\u021bie, \u00een care juc\u0103torul considerat vedet\u0103 nu s-a sim\u021bit apreciat sau respectat de c\u0103tre antrenor. Se pare c\u0103 acesta a fost nemul\u021bumit de faptul c\u0103 nu a fost utilizat \u00een anumite meciuri cheie, iar antrenorul a pus accent pe alte tactici care nu se aliniau cu stilul s\u0103u de joc. De asemenea, exist\u0103 informa\u021bii conform c\u0103rora juc\u0103torul a considerat c\u0103 managementul echipei nu i-a oferit suficient\u0103 libertate de exprimare pe teren, ceea ce a contribuit la deteriorarea rela\u021biei.<\/p>\n<p>&nbsp;<\/p>\n<p>\u00cen aceste condi\u021bii, juc\u0103torul a ales s\u0103 plece, iar aceast\u0103 decizie a fost confirmat\u0103 de club printr-un comunicat oficial. Clubul FCSB a exprimat regretul pentru plecarea sa, dar a subliniat c\u0103 interesele echipei \u0219i ale performan\u021bei sunt primordiale. De asemenea, s-a men\u021bionat c\u0103 orice decizie de natur\u0103 personal\u0103 trebuie s\u0103 fie respectat\u0103, chiar dac\u0103 aceasta duce la o ruptur\u0103 din punct de vedere sportiv.<\/p>\n<p>&nbsp;<\/p>\n<p>Acest incident a avut un impact semnificativ asupra imaginii echipei \u0219i a adus \u00een prim-plan tensiunile interne din cadrul clubului, care vor trebui gestionate cu aten\u021bie pe viitor.<\/p>\n\n<div style=\"font-size: 0px; height: 0px; line-height: 0px; margin: 0; padding: 0; clear: both;\"><\/div>","protected":false},"excerpt":{"rendered":"<p>Dup\u0103 ce s-a certat cu antrenorul principal, juc\u0103torul vedet\u0103 al FCSB, FC Steaua Bucure\u0219ti, a plecat din cauza unui conflict intern care a escaladat rapid \u0219i a avut implica\u021bii majore asupra rela\u021biei sale cu staff-ul tehnic. La \u00eenceput, ne\u00een\u021belegerile au fost mici, dar tensiunile dintre juc\u0103tor \u0219i antrenorul principal au \u00eenceput s\u0103 devin\u0103 tot mai [&hellip;]<\/p>\n","protected":false},"author":1,"featured_media":18596,"comment_status":"open","ping_status":"open","sticky":false,"template":"","format":"standard","meta":{"_jetpack_memberships_contains_paid_content":false,"footnotes":""},"categories":[1],"tags":[],"class_list":["post-18595","post","type-post","status-publish","format-standard","has-post-thumbnail","hentry","category-uncategorized"],"yoast_head":"<!-- This site is optimized with the Yoast SEO plugin v27.4 - https:\/\/yoast.com\/product\/yoast-seo-wordpress\/ -->\n<title>Dup\u0103 ce s-a certat cu antrenorul principal, juc\u0103torul vedet\u0103 al FCSB FC Steaua Bucure\u0219ti a plecat din cauza\u2026<\/title>\n<meta name=\"description\" content=\"Dup\u0103 ce s-a certat cu antrenorul principal, juc\u0103torul vedet\u0103 al FCSB FC Steaua Bucure\u0219ti a plecat din cauza\u2026\" \/>\n<meta name=\"robots\" content=\"index, follow, max-snippet:-1, max-image-preview:large, max-video-preview:-1\" \/>\n<link rel=\"canonical\" href=\"https:\/\/www.letsportsrock.com\/?p=18595\" \/>\n<meta property=\"og:locale\" content=\"en_US\" \/>\n<meta property=\"og:type\" content=\"article\" \/>\n<meta property=\"og:title\" content=\"Dup\u0103 ce s-a certat cu antrenorul principal, juc\u0103torul vedet\u0103 al FCSB FC Steaua Bucure\u0219ti a plecat din cauza\u2026\" \/>\n<meta property=\"og:description\" content=\"Dup\u0103 ce s-a certat cu antrenorul principal, juc\u0103torul vedet\u0103 al FCSB FC Steaua Bucure\u0219ti a plecat din cauza\u2026\" \/>\n<meta property=\"og:url\" content=\"https:\/\/www.letsportsrock.com\/?p=18595\" \/>\n<meta property=\"og:site_name\" content=\"letsportsrock\" \/>\n<meta property=\"article:published_time\" content=\"2025-01-12T22:12:42+00:00\" \/>\n<meta property=\"og:image\" content=\"https:\/\/www.letsportsrock.com\/wp-content\/uploads\/2025\/01\/1727694182059c2182-1.jpg\" \/>\n\t<meta property=\"og:image:width\" content=\"540\" \/>\n\t<meta property=\"og:image:height\" content=\"304\" \/>\n\t<meta property=\"og:image:type\" content=\"image\/jpeg\" \/>\n<meta name=\"author\" content=\"letsportsrock\" \/>\n<meta name=\"twitter:card\" content=\"summary_large_image\" \/>\n<meta name=\"twitter:label1\" content=\"Written by\" \/>\n\t<meta name=\"twitter:data1\" content=\"letsportsrock\" \/>\n\t<meta name=\"twitter:label2\" content=\"Est. reading time\" \/>\n\t<meta name=\"twitter:data2\" content=\"2 minutes\" \/>\n<script type=\"application\/ld+json\" class=\"yoast-schema-graph\">{\"@context\":\"https:\\\/\\\/schema.org\",\"@graph\":[{\"@type\":\"Article\",\"@id\":\"https:\\\/\\\/www.letsportsrock.com\\\/?p=18595#article\",\"isPartOf\":{\"@id\":\"https:\\\/\\\/www.letsportsrock.com\\\/?p=18595\"},\"author\":{\"name\":\"letsportsrock\",\"@id\":\"https:\\\/\\\/www.letsportsrock.com\\\/#\\\/schema\\\/person\\\/a454ac24e58b214ddd97e4b5afb0bf01\"},\"headline\":\"Dup\u0103 ce s-a certat cu antrenorul principal, juc\u0103torul vedet\u0103 al FCSB FC Steaua Bucure\u0219ti a plecat din cauza\u2026\",\"datePublished\":\"2025-01-12T22:12:42+00:00\",\"mainEntityOfPage\":{\"@id\":\"https:\\\/\\\/www.letsportsrock.com\\\/?p=18595\"},\"wordCount\":327,\"commentCount\":0,\"image\":{\"@id\":\"https:\\\/\\\/www.letsportsrock.com\\\/?p=18595#primaryimage\"},\"thumbnailUrl\":\"https:\\\/\\\/www.letsportsrock.com\\\/wp-content\\\/uploads\\\/2025\\\/01\\\/1727694182059c2182-1.jpg\",\"inLanguage\":\"en-US\",\"potentialAction\":[{\"@type\":\"CommentAction\",\"name\":\"Comment\",\"target\":[\"https:\\\/\\\/www.letsportsrock.com\\\/?p=18595#respond\"]}]},{\"@type\":\"WebPage\",\"@id\":\"https:\\\/\\\/www.letsportsrock.com\\\/?p=18595\",\"url\":\"https:\\\/\\\/www.letsportsrock.com\\\/?p=18595\",\"name\":\"Dup\u0103 ce s-a certat cu antrenorul principal, juc\u0103torul vedet\u0103 al FCSB FC Steaua Bucure\u0219ti a plecat din cauza\u2026\",\"isPartOf\":{\"@id\":\"https:\\\/\\\/www.letsportsrock.com\\\/#website\"},\"primaryImageOfPage\":{\"@id\":\"https:\\\/\\\/www.letsportsrock.com\\\/?p=18595#primaryimage\"},\"image\":{\"@id\":\"https:\\\/\\\/www.letsportsrock.com\\\/?p=18595#primaryimage\"},\"thumbnailUrl\":\"https:\\\/\\\/www.letsportsrock.com\\\/wp-content\\\/uploads\\\/2025\\\/01\\\/1727694182059c2182-1.jpg\",\"datePublished\":\"2025-01-12T22:12:42+00:00\",\"author\":{\"@id\":\"https:\\\/\\\/www.letsportsrock.com\\\/#\\\/schema\\\/person\\\/a454ac24e58b214ddd97e4b5afb0bf01\"},\"description\":\"Dup\u0103 ce s-a certat cu antrenorul principal, juc\u0103torul vedet\u0103 al FCSB FC Steaua Bucure\u0219ti a plecat din cauza\u2026\",\"breadcrumb\":{\"@id\":\"https:\\\/\\\/www.letsportsrock.com\\\/?p=18595#breadcrumb\"},\"inLanguage\":\"en-US\",\"potentialAction\":[{\"@type\":\"ReadAction\",\"target\":[\"https:\\\/\\\/www.letsportsrock.com\\\/?p=18595\"]}]},{\"@type\":\"ImageObject\",\"inLanguage\":\"en-US\",\"@id\":\"https:\\\/\\\/www.letsportsrock.com\\\/?p=18595#primaryimage\",\"url\":\"https:\\\/\\\/www.letsportsrock.com\\\/wp-content\\\/uploads\\\/2025\\\/01\\\/1727694182059c2182-1.jpg\",\"contentUrl\":\"https:\\\/\\\/www.letsportsrock.com\\\/wp-content\\\/uploads\\\/2025\\\/01\\\/1727694182059c2182-1.jpg\",\"width\":540,\"height\":304},{\"@type\":\"BreadcrumbList\",\"@id\":\"https:\\\/\\\/www.letsportsrock.com\\\/?p=18595#breadcrumb\",\"itemListElement\":[{\"@type\":\"ListItem\",\"position\":1,\"name\":\"Home\",\"item\":\"https:\\\/\\\/www.letsportsrock.com\\\/\"},{\"@type\":\"ListItem\",\"position\":2,\"name\":\"Dup\u0103 ce s-a certat cu antrenorul principal, juc\u0103torul vedet\u0103 al FCSB FC Steaua Bucure\u0219ti a plecat din cauza\u2026\"}]},{\"@type\":\"WebSite\",\"@id\":\"https:\\\/\\\/www.letsportsrock.com\\\/#website\",\"url\":\"https:\\\/\\\/www.letsportsrock.com\\\/\",\"name\":\"letsportsrock\",\"description\":\"Sport News and Updates\",\"potentialAction\":[{\"@type\":\"SearchAction\",\"target\":{\"@type\":\"EntryPoint\",\"urlTemplate\":\"https:\\\/\\\/www.letsportsrock.com\\\/?s={search_term_string}\"},\"query-input\":{\"@type\":\"PropertyValueSpecification\",\"valueRequired\":true,\"valueName\":\"search_term_string\"}}],\"inLanguage\":\"en-US\"},{\"@type\":\"Person\",\"@id\":\"https:\\\/\\\/www.letsportsrock.com\\\/#\\\/schema\\\/person\\\/a454ac24e58b214ddd97e4b5afb0bf01\",\"name\":\"letsportsrock\",\"image\":{\"@type\":\"ImageObject\",\"inLanguage\":\"en-US\",\"@id\":\"https:\\\/\\\/secure.gravatar.com\\\/avatar\\\/f8ef950cbb7574c0bc874094b8d307659bfe2d7aa4a9d26fa6917eff010748f9?s=96&d=mm&r=g\",\"url\":\"https:\\\/\\\/secure.gravatar.com\\\/avatar\\\/f8ef950cbb7574c0bc874094b8d307659bfe2d7aa4a9d26fa6917eff010748f9?s=96&d=mm&r=g\",\"contentUrl\":\"https:\\\/\\\/secure.gravatar.com\\\/avatar\\\/f8ef950cbb7574c0bc874094b8d307659bfe2d7aa4a9d26fa6917eff010748f9?s=96&d=mm&r=g\",\"caption\":\"letsportsrock\"},\"sameAs\":[\"https:\\\/\\\/www.letsportsrock.com\"],\"url\":\"https:\\\/\\\/www.letsportsrock.com\\\/?author=1\"}]}<\/script>\n<!-- \/ Yoast SEO plugin. -->","yoast_head_json":{"title":"Dup\u0103 ce s-a certat cu antrenorul principal, juc\u0103torul vedet\u0103 al FCSB FC Steaua Bucure\u0219ti a plecat din cauza\u2026","description":"Dup\u0103 ce s-a certat cu antrenorul principal, juc\u0103torul vedet\u0103 al FCSB FC Steaua Bucure\u0219ti a plecat din cauza\u2026","robots":{"index":"index","follow":"follow","max-snippet":"max-snippet:-1","max-image-preview":"max-image-preview:large","max-video-preview":"max-video-preview:-1"},"canonical":"https:\/\/www.letsportsrock.com\/?p=18595","og_locale":"en_US","og_type":"article","og_title":"Dup\u0103 ce s-a certat cu antrenorul principal, juc\u0103torul vedet\u0103 al FCSB FC Steaua Bucure\u0219ti a plecat din cauza\u2026","og_description":"Dup\u0103 ce s-a certat cu antrenorul principal, juc\u0103torul vedet\u0103 al FCSB FC Steaua Bucure\u0219ti a plecat din cauza\u2026","og_url":"https:\/\/www.letsportsrock.com\/?p=18595","og_site_name":"letsportsrock","article_published_time":"2025-01-12T22:12:42+00:00","og_image":[{"width":540,"height":304,"url":"https:\/\/www.letsportsrock.com\/wp-content\/uploads\/2025\/01\/1727694182059c2182-1.jpg","type":"image\/jpeg"}],"author":"letsportsrock","twitter_card":"summary_large_image","twitter_misc":{"Written by":"letsportsrock","Est. reading time":"2 minutes"},"schema":{"@context":"https:\/\/schema.org","@graph":[{"@type":"Article","@id":"https:\/\/www.letsportsrock.com\/?p=18595#article","isPartOf":{"@id":"https:\/\/www.letsportsrock.com\/?p=18595"},"author":{"name":"letsportsrock","@id":"https:\/\/www.letsportsrock.com\/#\/schema\/person\/a454ac24e58b214ddd97e4b5afb0bf01"},"headline":"Dup\u0103 ce s-a certat cu antrenorul principal, juc\u0103torul vedet\u0103 al FCSB FC Steaua Bucure\u0219ti a plecat din cauza\u2026","datePublished":"2025-01-12T22:12:42+00:00","mainEntityOfPage":{"@id":"https:\/\/www.letsportsrock.com\/?p=18595"},"wordCount":327,"commentCount":0,"image":{"@id":"https:\/\/www.letsportsrock.com\/?p=18595#primaryimage"},"thumbnailUrl":"https:\/\/www.letsportsrock.com\/wp-content\/uploads\/2025\/01\/1727694182059c2182-1.jpg","inLanguage":"en-US","potentialAction":[{"@type":"CommentAction","name":"Comment","target":["https:\/\/www.letsportsrock.com\/?p=18595#respond"]}]},{"@type":"WebPage","@id":"https:\/\/www.letsportsrock.com\/?p=18595","url":"https:\/\/www.letsportsrock.com\/?p=18595","name":"Dup\u0103 ce s-a certat cu antrenorul principal, juc\u0103torul vedet\u0103 al FCSB FC Steaua Bucure\u0219ti a plecat din cauza\u2026","isPartOf":{"@id":"https:\/\/www.letsportsrock.com\/#website"},"primaryImageOfPage":{"@id":"https:\/\/www.letsportsrock.com\/?p=18595#primaryimage"},"image":{"@id":"https:\/\/www.letsportsrock.com\/?p=18595#primaryimage"},"thumbnailUrl":"https:\/\/www.letsportsrock.com\/wp-content\/uploads\/2025\/01\/1727694182059c2182-1.jpg","datePublished":"2025-01-12T22:12:42+00:00","author":{"@id":"https:\/\/www.letsportsrock.com\/#\/schema\/person\/a454ac24e58b214ddd97e4b5afb0bf01"},"description":"Dup\u0103 ce s-a certat cu antrenorul principal, juc\u0103torul vedet\u0103 al FCSB FC Steaua Bucure\u0219ti a plecat din cauza\u2026","breadcrumb":{"@id":"https:\/\/www.letsportsrock.com\/?p=18595#breadcrumb"},"inLanguage":"en-US","potentialAction":[{"@type":"ReadAction","target":["https:\/\/www.letsportsrock.com\/?p=18595"]}]},{"@type":"ImageObject","inLanguage":"en-US","@id":"https:\/\/www.letsportsrock.com\/?p=18595#primaryimage","url":"https:\/\/www.letsportsrock.com\/wp-content\/uploads\/2025\/01\/1727694182059c2182-1.jpg","contentUrl":"https:\/\/www.letsportsrock.com\/wp-content\/uploads\/2025\/01\/1727694182059c2182-1.jpg","width":540,"height":304},{"@type":"BreadcrumbList","@id":"https:\/\/www.letsportsrock.com\/?p=18595#breadcrumb","itemListElement":[{"@type":"ListItem","position":1,"name":"Home","item":"https:\/\/www.letsportsrock.com\/"},{"@type":"ListItem","position":2,"name":"Dup\u0103 ce s-a certat cu antrenorul principal, juc\u0103torul vedet\u0103 al FCSB FC Steaua Bucure\u0219ti a plecat din cauza\u2026"}]},{"@type":"WebSite","@id":"https:\/\/www.letsportsrock.com\/#website","url":"https:\/\/www.letsportsrock.com\/","name":"letsportsrock","description":"Sport News and Updates","potentialAction":[{"@type":"SearchAction","target":{"@type":"EntryPoint","urlTemplate":"https:\/\/www.letsportsrock.com\/?s={search_term_string}"},"query-input":{"@type":"PropertyValueSpecification","valueRequired":true,"valueName":"search_term_string"}}],"inLanguage":"en-US"},{"@type":"Person","@id":"https:\/\/www.letsportsrock.com\/#\/schema\/person\/a454ac24e58b214ddd97e4b5afb0bf01","name":"letsportsrock","image":{"@type":"ImageObject","inLanguage":"en-US","@id":"https:\/\/secure.gravatar.com\/avatar\/f8ef950cbb7574c0bc874094b8d307659bfe2d7aa4a9d26fa6917eff010748f9?s=96&d=mm&r=g","url":"https:\/\/secure.gravatar.com\/avatar\/f8ef950cbb7574c0bc874094b8d307659bfe2d7aa4a9d26fa6917eff010748f9?s=96&d=mm&r=g","contentUrl":"https:\/\/secure.gravatar.com\/avatar\/f8ef950cbb7574c0bc874094b8d307659bfe2d7aa4a9d26fa6917eff010748f9?s=96&d=mm&r=g","caption":"letsportsrock"},"sameAs":["https:\/\/www.letsportsrock.com"],"url":"https:\/\/www.letsportsrock.com\/?author=1"}]}},"jetpack_featured_media_url":"https:\/\/www.letsportsrock.com\/wp-content\/uploads\/2025\/01\/1727694182059c2182-1.jpg","jetpack_sharing_enabled":true,"_links":{"self":[{"href":"https:\/\/www.letsportsrock.com\/index.php?rest_route=\/wp\/v2\/posts\/18595","targetHints":{"allow":["GET"]}}],"collection":[{"href":"https:\/\/www.letsportsrock.com\/index.php?rest_route=\/wp\/v2\/posts"}],"about":[{"href":"https:\/\/www.letsportsrock.com\/index.php?rest_route=\/wp\/v2\/types\/post"}],"author":[{"embeddable":true,"href":"https:\/\/www.letsportsrock.com\/index.php?rest_route=\/wp\/v2\/users\/1"}],"replies":[{"embeddable":true,"href":"https:\/\/www.letsportsrock.com\/index.php?rest_route=%2Fwp%2Fv2%2Fcomments&post=18595"}],"version-history":[{"count":1,"href":"https:\/\/www.letsportsrock.com\/index.php?rest_route=\/wp\/v2\/posts\/18595\/revisions"}],"predecessor-version":[{"id":18597,"href":"https:\/\/www.letsportsrock.com\/index.php?rest_route=\/wp\/v2\/posts\/18595\/revisions\/18597"}],"wp:featuredmedia":[{"embeddable":true,"href":"https:\/\/www.letsportsrock.com\/index.php?rest_route=\/wp\/v2\/media\/18596"}],"wp:attachment":[{"href":"https:\/\/www.letsportsrock.com\/index.php?rest_route=%2Fwp%2Fv2%2Fmedia&parent=18595"}],"wp:term":[{"taxonomy":"category","embeddable":true,"href":"https:\/\/www.letsportsrock.com\/index.php?rest_route=%2Fwp%2Fv2%2Fcategories&post=18595"},{"taxonomy":"post_tag","embeddable":true,"href":"https:\/\/www.letsportsrock.com\/index.php?rest_route=%2Fwp%2Fv2%2Ftags&post=18595"}],"curies":[{"name":"wp","href":"https:\/\/api.w.org\/{rel}","templated":true}]}}