{"id":18609,"date":"2025-01-13T00:01:18","date_gmt":"2025-01-13T00:01:18","guid":{"rendered":"https:\/\/www.letsportsrock.com\/?p=18609"},"modified":"2025-01-13T00:01:18","modified_gmt":"2025-01-13T00:01:18","slug":"fc-rapid-bucuresti-face-un-angajament-masiv-pentru-un-mijlocas-vedeta-de-la-celtic-fc-intr-un-schimb-impresionant-3","status":"publish","type":"post","link":"https:\/\/www.letsportsrock.com\/?p=18609","title":{"rendered":"FC Rapid Bucure\u0219ti face un angajament masiv pentru un mijloca\u0219 vedet\u0103 de la Celtic FC \u00eentr-un schimb impresionant\u2026"},"content":{"rendered":"<div class=\"d79db4796efc26332eabfc3f5dafbc76\" data-index=\"1\" style=\"float: none; margin:10px 0 10px 0; text-align:center;\">\n<div class=\"hb-ad-inarticle\">\r\n    <div class=\"hb-ad-inner\"> \r\n    <div class=\"hbagency_cls\"  id=\"hbagency_space_111930\"><\/div><\/div> <\/div>\n<\/div>\n<p>FC Rapid Bucure\u0219ti face un angajament masiv pentru un mijloca\u0219 vedet\u0103 de la Celtic FC \u00eentr-un schimb impresionant\u2026<\/p>\n<p>&nbsp;<\/p>\n<p>FC Rapid Bucure\u0219ti surprinde lumea fotbalului printr-un transfer spectaculos, asigur\u00e2ndu-\u0219i semn\u0103tura unui mijloca\u0219 de top de la Celtic FC. Clubul din Giule\u0219ti demonstreaz\u0103 din nou ambi\u021bii mari \u00een lupta pentru titlu, preg\u0103tind un angajament financiar semnificativ pentru aceast\u0103 mutare.<\/p>\n<p><img loading=\"lazy\" decoding=\"async\" class=\"alignnone size-medium wp-image-18611\" src=\"https:\/\/www.letsportsrock.com\/wp-content\/uploads\/2025\/01\/images-2025-01-13T005910.659-300x200.jpeg\" alt=\"\" width=\"300\" height=\"200\" srcset=\"https:\/\/www.letsportsrock.com\/wp-content\/uploads\/2025\/01\/images-2025-01-13T005910.659-300x200.jpeg 300w, https:\/\/www.letsportsrock.com\/wp-content\/uploads\/2025\/01\/images-2025-01-13T005910.659.jpeg 679w\" sizes=\"auto, (max-width: 300px) 100vw, 300px\" \/><\/p>\n<p>Conform surselor apropiate negocierilor, mijloca\u0219ul vedet\u0103, apreciat pentru tehnica sa impecabil\u0103 \u0219i viziunea \u00een joc, va aduce un plus de valoare \u00een linia median\u0103 a Rapidului. Oficialii giule\u0219teni au reu\u0219it s\u0103 finalizeze acest transfer \u00een urma unui schimb impresionant, implic\u00e2nd at\u00e2t o sum\u0103 important\u0103 de bani, c\u00e2t \u0219i posibila cedare a unui juc\u0103tor promi\u021b\u0103tor din propria academie.<\/p>\n<p>&nbsp;<\/p>\n<p>Aceast\u0103 mutare subliniaz\u0103 strategia clubului de a construi o echip\u0103 competitiv\u0103, capabil\u0103 s\u0103 se impun\u0103 at\u00e2t pe plan intern, c\u00e2t \u0219i \u00een competi\u021biile europene. Cu noul mijloca\u0219 \u00een lot, Rapid Bucure\u0219ti \u00ee\u0219i \u00eent\u0103re\u0219te pozi\u021bia de favorit \u00een lupta pentru trofee, oferindu-le suporterilor speran\u021be mari pentru restul sezonului.<\/p>\n<p>&nbsp;<\/p>\n<p style=\"text-align: left\">Fanii a\u0219teapt\u0103 cu ner\u0103bdare prezentarea oficial\u0103 a juc\u0103torului \u0219i debutul s\u0103u sub culorile alb-vi\u0219inii. Transferul reprezint\u0103 o declara\u021bie clar\u0103 de inten\u021bie: Rapidul vrea s\u0103 redevin\u0103 o for\u021b\u0103 de neoprit \u00een fotbalul rom\u00e2nesc.<\/p>\n\n<div style=\"font-size: 0px; height: 0px; line-height: 0px; margin: 0; padding: 0; clear: both;\"><\/div>","protected":false},"excerpt":{"rendered":"<p>FC Rapid Bucure\u0219ti face un angajament masiv pentru un mijloca\u0219 vedet\u0103 de la Celtic FC \u00eentr-un schimb impresionant\u2026 &nbsp; FC Rapid Bucure\u0219ti surprinde lumea fotbalului printr-un transfer spectaculos, asigur\u00e2ndu-\u0219i semn\u0103tura unui mijloca\u0219 de top de la Celtic FC. Clubul din Giule\u0219ti demonstreaz\u0103 din nou ambi\u021bii mari \u00een lupta pentru titlu, preg\u0103tind un angajament financiar semnificativ [&hellip;]<\/p>\n","protected":false},"author":9,"featured_media":18610,"comment_status":"open","ping_status":"open","sticky":false,"template":"","format":"standard","meta":{"_jetpack_memberships_contains_paid_content":false,"footnotes":""},"categories":[1],"tags":[410],"class_list":["post-18609","post","type-post","status-publish","format-standard","has-post-thumbnail","hentry","category-uncategorized","tag-fc-rapid-bucuresti"],"yoast_head":"<!-- This site is optimized with the Yoast SEO plugin v27.4 - https:\/\/yoast.com\/product\/yoast-seo-wordpress\/ -->\n<title>FC Rapid Bucure\u0219ti face un angajament masiv pentru un...<\/title>\n<meta name=\"description\" content=\"FC Rapid Bucure\u0219ti face un angajament masiv pentru un mijloca\u0219 vedet\u0103 de la Celtic FC \u00eentr-un schimb impresionant\u2026\" \/>\n<meta name=\"robots\" content=\"index, follow, max-snippet:-1, max-image-preview:large, max-video-preview:-1\" \/>\n<link rel=\"canonical\" href=\"https:\/\/www.letsportsrock.com\/?p=18609\" \/>\n<meta property=\"og:locale\" content=\"en_US\" \/>\n<meta property=\"og:type\" content=\"article\" \/>\n<meta property=\"og:title\" content=\"FC Rapid Bucure\u0219ti face un angajament masiv pentru un...\" \/>\n<meta property=\"og:description\" content=\"FC Rapid Bucure\u0219ti face un angajament masiv pentru un mijloca\u0219 vedet\u0103 de la Celtic FC \u00eentr-un schimb impresionant\u2026\" \/>\n<meta property=\"og:url\" content=\"https:\/\/www.letsportsrock.com\/?p=18609\" \/>\n<meta property=\"og:site_name\" content=\"letsportsrock\" \/>\n<meta property=\"article:published_time\" content=\"2025-01-13T00:01:18+00:00\" \/>\n<meta property=\"og:image\" content=\"https:\/\/www.letsportsrock.com\/wp-content\/uploads\/2025\/01\/images-2025-01-13T005901.710.jpeg\" \/>\n\t<meta property=\"og:image:width\" content=\"679\" \/>\n\t<meta property=\"og:image:height\" content=\"452\" \/>\n\t<meta property=\"og:image:type\" content=\"image\/jpeg\" \/>\n<meta name=\"author\" content=\"Paul Hembaor\" \/>\n<meta name=\"twitter:card\" content=\"summary_large_image\" \/>\n<meta name=\"twitter:label1\" content=\"Written by\" \/>\n\t<meta name=\"twitter:data1\" content=\"Paul Hembaor\" \/>\n\t<meta name=\"twitter:label2\" content=\"Est. reading time\" \/>\n\t<meta name=\"twitter:data2\" content=\"2 minutes\" \/>\n<script type=\"application\/ld+json\" class=\"yoast-schema-graph\">{\"@context\":\"https:\\\/\\\/schema.org\",\"@graph\":[{\"@type\":\"Article\",\"@id\":\"https:\\\/\\\/www.letsportsrock.com\\\/?p=18609#article\",\"isPartOf\":{\"@id\":\"https:\\\/\\\/www.letsportsrock.com\\\/?p=18609\"},\"author\":{\"name\":\"Paul Hembaor\",\"@id\":\"https:\\\/\\\/www.letsportsrock.com\\\/#\\\/schema\\\/person\\\/97aa0f336f5a3ca15a8ec7d78846f045\"},\"headline\":\"FC Rapid Bucure\u0219ti face un angajament masiv pentru un mijloca\u0219 vedet\u0103 de la Celtic FC \u00eentr-un schimb impresionant\u2026\",\"datePublished\":\"2025-01-13T00:01:18+00:00\",\"mainEntityOfPage\":{\"@id\":\"https:\\\/\\\/www.letsportsrock.com\\\/?p=18609\"},\"wordCount\":247,\"commentCount\":0,\"image\":{\"@id\":\"https:\\\/\\\/www.letsportsrock.com\\\/?p=18609#primaryimage\"},\"thumbnailUrl\":\"https:\\\/\\\/www.letsportsrock.com\\\/wp-content\\\/uploads\\\/2025\\\/01\\\/images-2025-01-13T005901.710.jpeg\",\"keywords\":[\"FC Rapid Bucure\u0219ti\"],\"inLanguage\":\"en-US\",\"potentialAction\":[{\"@type\":\"CommentAction\",\"name\":\"Comment\",\"target\":[\"https:\\\/\\\/www.letsportsrock.com\\\/?p=18609#respond\"]}]},{\"@type\":\"WebPage\",\"@id\":\"https:\\\/\\\/www.letsportsrock.com\\\/?p=18609\",\"url\":\"https:\\\/\\\/www.letsportsrock.com\\\/?p=18609\",\"name\":\"FC Rapid Bucure\u0219ti face un angajament masiv pentru un...\",\"isPartOf\":{\"@id\":\"https:\\\/\\\/www.letsportsrock.com\\\/#website\"},\"primaryImageOfPage\":{\"@id\":\"https:\\\/\\\/www.letsportsrock.com\\\/?p=18609#primaryimage\"},\"image\":{\"@id\":\"https:\\\/\\\/www.letsportsrock.com\\\/?p=18609#primaryimage\"},\"thumbnailUrl\":\"https:\\\/\\\/www.letsportsrock.com\\\/wp-content\\\/uploads\\\/2025\\\/01\\\/images-2025-01-13T005901.710.jpeg\",\"datePublished\":\"2025-01-13T00:01:18+00:00\",\"author\":{\"@id\":\"https:\\\/\\\/www.letsportsrock.com\\\/#\\\/schema\\\/person\\\/97aa0f336f5a3ca15a8ec7d78846f045\"},\"description\":\"FC Rapid Bucure\u0219ti face un angajament masiv pentru un mijloca\u0219 vedet\u0103 de la Celtic FC \u00eentr-un schimb impresionant\u2026\",\"breadcrumb\":{\"@id\":\"https:\\\/\\\/www.letsportsrock.com\\\/?p=18609#breadcrumb\"},\"inLanguage\":\"en-US\",\"potentialAction\":[{\"@type\":\"ReadAction\",\"target\":[\"https:\\\/\\\/www.letsportsrock.com\\\/?p=18609\"]}]},{\"@type\":\"ImageObject\",\"inLanguage\":\"en-US\",\"@id\":\"https:\\\/\\\/www.letsportsrock.com\\\/?p=18609#primaryimage\",\"url\":\"https:\\\/\\\/www.letsportsrock.com\\\/wp-content\\\/uploads\\\/2025\\\/01\\\/images-2025-01-13T005901.710.jpeg\",\"contentUrl\":\"https:\\\/\\\/www.letsportsrock.com\\\/wp-content\\\/uploads\\\/2025\\\/01\\\/images-2025-01-13T005901.710.jpeg\",\"width\":679,\"height\":452},{\"@type\":\"BreadcrumbList\",\"@id\":\"https:\\\/\\\/www.letsportsrock.com\\\/?p=18609#breadcrumb\",\"itemListElement\":[{\"@type\":\"ListItem\",\"position\":1,\"name\":\"Home\",\"item\":\"https:\\\/\\\/www.letsportsrock.com\\\/\"},{\"@type\":\"ListItem\",\"position\":2,\"name\":\"FC Rapid Bucure\u0219ti face un angajament masiv pentru un mijloca\u0219 vedet\u0103 de la Celtic FC \u00eentr-un schimb impresionant\u2026\"}]},{\"@type\":\"WebSite\",\"@id\":\"https:\\\/\\\/www.letsportsrock.com\\\/#website\",\"url\":\"https:\\\/\\\/www.letsportsrock.com\\\/\",\"name\":\"letsportsrock\",\"description\":\"Sport News and Updates\",\"potentialAction\":[{\"@type\":\"SearchAction\",\"target\":{\"@type\":\"EntryPoint\",\"urlTemplate\":\"https:\\\/\\\/www.letsportsrock.com\\\/?s={search_term_string}\"},\"query-input\":{\"@type\":\"PropertyValueSpecification\",\"valueRequired\":true,\"valueName\":\"search_term_string\"}}],\"inLanguage\":\"en-US\"},{\"@type\":\"Person\",\"@id\":\"https:\\\/\\\/www.letsportsrock.com\\\/#\\\/schema\\\/person\\\/97aa0f336f5a3ca15a8ec7d78846f045\",\"name\":\"Paul Hembaor\",\"image\":{\"@type\":\"ImageObject\",\"inLanguage\":\"en-US\",\"@id\":\"https:\\\/\\\/secure.gravatar.com\\\/avatar\\\/0574929a03c152e8ea7939c31311f9ea2fe2e06139cd71e2d6e698c217219d60?s=96&d=mm&r=g\",\"url\":\"https:\\\/\\\/secure.gravatar.com\\\/avatar\\\/0574929a03c152e8ea7939c31311f9ea2fe2e06139cd71e2d6e698c217219d60?s=96&d=mm&r=g\",\"contentUrl\":\"https:\\\/\\\/secure.gravatar.com\\\/avatar\\\/0574929a03c152e8ea7939c31311f9ea2fe2e06139cd71e2d6e698c217219d60?s=96&d=mm&r=g\",\"caption\":\"Paul Hembaor\"},\"sameAs\":[\"https:\\\/\\\/www.letsportsrock.com\\\/wp-admin\\\/\"],\"url\":\"https:\\\/\\\/www.letsportsrock.com\\\/?author=9\"}]}<\/script>\n<!-- \/ Yoast SEO plugin. -->","yoast_head_json":{"title":"FC Rapid Bucure\u0219ti face un angajament masiv pentru un...","description":"FC Rapid Bucure\u0219ti face un angajament masiv pentru un mijloca\u0219 vedet\u0103 de la Celtic FC \u00eentr-un schimb impresionant\u2026","robots":{"index":"index","follow":"follow","max-snippet":"max-snippet:-1","max-image-preview":"max-image-preview:large","max-video-preview":"max-video-preview:-1"},"canonical":"https:\/\/www.letsportsrock.com\/?p=18609","og_locale":"en_US","og_type":"article","og_title":"FC Rapid Bucure\u0219ti face un angajament masiv pentru un...","og_description":"FC Rapid Bucure\u0219ti face un angajament masiv pentru un mijloca\u0219 vedet\u0103 de la Celtic FC \u00eentr-un schimb impresionant\u2026","og_url":"https:\/\/www.letsportsrock.com\/?p=18609","og_site_name":"letsportsrock","article_published_time":"2025-01-13T00:01:18+00:00","og_image":[{"width":679,"height":452,"url":"https:\/\/www.letsportsrock.com\/wp-content\/uploads\/2025\/01\/images-2025-01-13T005901.710.jpeg","type":"image\/jpeg"}],"author":"Paul Hembaor","twitter_card":"summary_large_image","twitter_misc":{"Written by":"Paul Hembaor","Est. reading time":"2 minutes"},"schema":{"@context":"https:\/\/schema.org","@graph":[{"@type":"Article","@id":"https:\/\/www.letsportsrock.com\/?p=18609#article","isPartOf":{"@id":"https:\/\/www.letsportsrock.com\/?p=18609"},"author":{"name":"Paul Hembaor","@id":"https:\/\/www.letsportsrock.com\/#\/schema\/person\/97aa0f336f5a3ca15a8ec7d78846f045"},"headline":"FC Rapid Bucure\u0219ti face un angajament masiv pentru un mijloca\u0219 vedet\u0103 de la Celtic FC \u00eentr-un schimb impresionant\u2026","datePublished":"2025-01-13T00:01:18+00:00","mainEntityOfPage":{"@id":"https:\/\/www.letsportsrock.com\/?p=18609"},"wordCount":247,"commentCount":0,"image":{"@id":"https:\/\/www.letsportsrock.com\/?p=18609#primaryimage"},"thumbnailUrl":"https:\/\/www.letsportsrock.com\/wp-content\/uploads\/2025\/01\/images-2025-01-13T005901.710.jpeg","keywords":["FC Rapid Bucure\u0219ti"],"inLanguage":"en-US","potentialAction":[{"@type":"CommentAction","name":"Comment","target":["https:\/\/www.letsportsrock.com\/?p=18609#respond"]}]},{"@type":"WebPage","@id":"https:\/\/www.letsportsrock.com\/?p=18609","url":"https:\/\/www.letsportsrock.com\/?p=18609","name":"FC Rapid Bucure\u0219ti face un angajament masiv pentru un...","isPartOf":{"@id":"https:\/\/www.letsportsrock.com\/#website"},"primaryImageOfPage":{"@id":"https:\/\/www.letsportsrock.com\/?p=18609#primaryimage"},"image":{"@id":"https:\/\/www.letsportsrock.com\/?p=18609#primaryimage"},"thumbnailUrl":"https:\/\/www.letsportsrock.com\/wp-content\/uploads\/2025\/01\/images-2025-01-13T005901.710.jpeg","datePublished":"2025-01-13T00:01:18+00:00","author":{"@id":"https:\/\/www.letsportsrock.com\/#\/schema\/person\/97aa0f336f5a3ca15a8ec7d78846f045"},"description":"FC Rapid Bucure\u0219ti face un angajament masiv pentru un mijloca\u0219 vedet\u0103 de la Celtic FC \u00eentr-un schimb impresionant\u2026","breadcrumb":{"@id":"https:\/\/www.letsportsrock.com\/?p=18609#breadcrumb"},"inLanguage":"en-US","potentialAction":[{"@type":"ReadAction","target":["https:\/\/www.letsportsrock.com\/?p=18609"]}]},{"@type":"ImageObject","inLanguage":"en-US","@id":"https:\/\/www.letsportsrock.com\/?p=18609#primaryimage","url":"https:\/\/www.letsportsrock.com\/wp-content\/uploads\/2025\/01\/images-2025-01-13T005901.710.jpeg","contentUrl":"https:\/\/www.letsportsrock.com\/wp-content\/uploads\/2025\/01\/images-2025-01-13T005901.710.jpeg","width":679,"height":452},{"@type":"BreadcrumbList","@id":"https:\/\/www.letsportsrock.com\/?p=18609#breadcrumb","itemListElement":[{"@type":"ListItem","position":1,"name":"Home","item":"https:\/\/www.letsportsrock.com\/"},{"@type":"ListItem","position":2,"name":"FC Rapid Bucure\u0219ti face un angajament masiv pentru un mijloca\u0219 vedet\u0103 de la Celtic FC \u00eentr-un schimb impresionant\u2026"}]},{"@type":"WebSite","@id":"https:\/\/www.letsportsrock.com\/#website","url":"https:\/\/www.letsportsrock.com\/","name":"letsportsrock","description":"Sport News and Updates","potentialAction":[{"@type":"SearchAction","target":{"@type":"EntryPoint","urlTemplate":"https:\/\/www.letsportsrock.com\/?s={search_term_string}"},"query-input":{"@type":"PropertyValueSpecification","valueRequired":true,"valueName":"search_term_string"}}],"inLanguage":"en-US"},{"@type":"Person","@id":"https:\/\/www.letsportsrock.com\/#\/schema\/person\/97aa0f336f5a3ca15a8ec7d78846f045","name":"Paul Hembaor","image":{"@type":"ImageObject","inLanguage":"en-US","@id":"https:\/\/secure.gravatar.com\/avatar\/0574929a03c152e8ea7939c31311f9ea2fe2e06139cd71e2d6e698c217219d60?s=96&d=mm&r=g","url":"https:\/\/secure.gravatar.com\/avatar\/0574929a03c152e8ea7939c31311f9ea2fe2e06139cd71e2d6e698c217219d60?s=96&d=mm&r=g","contentUrl":"https:\/\/secure.gravatar.com\/avatar\/0574929a03c152e8ea7939c31311f9ea2fe2e06139cd71e2d6e698c217219d60?s=96&d=mm&r=g","caption":"Paul Hembaor"},"sameAs":["https:\/\/www.letsportsrock.com\/wp-admin\/"],"url":"https:\/\/www.letsportsrock.com\/?author=9"}]}},"jetpack_featured_media_url":"https:\/\/www.letsportsrock.com\/wp-content\/uploads\/2025\/01\/images-2025-01-13T005901.710.jpeg","jetpack_sharing_enabled":true,"_links":{"self":[{"href":"https:\/\/www.letsportsrock.com\/index.php?rest_route=\/wp\/v2\/posts\/18609","targetHints":{"allow":["GET"]}}],"collection":[{"href":"https:\/\/www.letsportsrock.com\/index.php?rest_route=\/wp\/v2\/posts"}],"about":[{"href":"https:\/\/www.letsportsrock.com\/index.php?rest_route=\/wp\/v2\/types\/post"}],"author":[{"embeddable":true,"href":"https:\/\/www.letsportsrock.com\/index.php?rest_route=\/wp\/v2\/users\/9"}],"replies":[{"embeddable":true,"href":"https:\/\/www.letsportsrock.com\/index.php?rest_route=%2Fwp%2Fv2%2Fcomments&post=18609"}],"version-history":[{"count":1,"href":"https:\/\/www.letsportsrock.com\/index.php?rest_route=\/wp\/v2\/posts\/18609\/revisions"}],"predecessor-version":[{"id":18612,"href":"https:\/\/www.letsportsrock.com\/index.php?rest_route=\/wp\/v2\/posts\/18609\/revisions\/18612"}],"wp:featuredmedia":[{"embeddable":true,"href":"https:\/\/www.letsportsrock.com\/index.php?rest_route=\/wp\/v2\/media\/18610"}],"wp:attachment":[{"href":"https:\/\/www.letsportsrock.com\/index.php?rest_route=%2Fwp%2Fv2%2Fmedia&parent=18609"}],"wp:term":[{"taxonomy":"category","embeddable":true,"href":"https:\/\/www.letsportsrock.com\/index.php?rest_route=%2Fwp%2Fv2%2Fcategories&post=18609"},{"taxonomy":"post_tag","embeddable":true,"href":"https:\/\/www.letsportsrock.com\/index.php?rest_route=%2Fwp%2Fv2%2Ftags&post=18609"}],"curies":[{"name":"wp","href":"https:\/\/api.w.org\/{rel}","templated":true}]}}