{"id":18701,"date":"2025-01-13T08:44:41","date_gmt":"2025-01-13T08:44:41","guid":{"rendered":"https:\/\/www.letsportsrock.com\/?p=18701"},"modified":"2025-01-13T08:46:27","modified_gmt":"2025-01-13T08:46:27","slug":"stire-de-ultima-ora-antrenorul-principal-al-fc-rapid-bucuresti-spitalizat-dupa-meci","status":"publish","type":"post","link":"https:\/\/www.letsportsrock.com\/?p=18701","title":{"rendered":"\u0218tire de ultim\u0103 or\u0103: Antrenorul principal al FC Rapid Bucure\u0219ti spitalizat dup\u0103 meci"},"content":{"rendered":"<div class=\"d79db4796efc26332eabfc3f5dafbc76\" data-index=\"1\" style=\"float: none; margin:10px 0 10px 0; text-align:center;\">\n<div class=\"hb-ad-inarticle\">\r\n    <div class=\"hb-ad-inner\"> \r\n    <div class=\"hbagency_cls\"  id=\"hbagency_space_111930\"><\/div><\/div> <\/div>\n<\/div>\n<p>**\u0218tire de ultim\u0103 or\u0103: Antrenorul principal al FC Rapid Bucure\u0219ti spitalizat dup\u0103 meci**<\/p>\n<p>&nbsp;<\/p>\n<p>Antrenorul principal al echipei FC Rapid Bucure\u0219ti, un nume cunoscut \u00een fotbalul rom\u00e2nesc, a fost transportat de urgen\u021b\u0103 la spital dup\u0103 meciul disputat ast\u0103zi \u00eempotriva echipei rivale. Incidentul a avut loc la scurt timp dup\u0103 finalul partidei, c\u00e2nd tehnicianul a acuzat st\u0103ri de r\u0103u \u00een vestiar \u0219i a avut nevoie de \u00eengrijiri medicale imediat.<\/p>\n<p>&nbsp;<\/p>\n<p>Potrivit informa\u021biilor preliminare, antrenorul a resim\u021bit simptome severe de oboseal\u0103 \u0219i dificult\u0103\u021bi de respira\u021bie, iar personalul medical al echipei a intervenit rapid. \u00cen ciuda eforturilor de a-l stabiliza, a fost decis ca acesta s\u0103 fie transportat la spital pentru investiga\u021bii suplimentare.<\/p>\n<p>&nbsp;<\/p>\n<p>Conducerea clubului FC Rapid Bucure\u0219ti a emis un comunicat oficial prin care a confirmat incidentul \u0219i a declarat c\u0103, de\u0219i starea antrenorului este stabil\u0103, va fi monitorizat \u00eendeaproape de medici. De asemenea, clubul a precizat c\u0103 \u00een urm\u0103toarele ore vor fi furnizate mai multe informa\u021bii despre s\u0103n\u0103tatea tehnicianului.<\/p>\n<p>&nbsp;<\/p>\n<p>\u201eSuntem al\u0103turi de antrenorul nostru \u0219i sper\u0103m ca acesta s\u0103 \u00ee\u0219i revin\u0103 rapid. \u00cei dorim mult\u0103 s\u0103n\u0103tate \u0219i o recuperare complet\u0103. V\u0103 mul\u021bumim pentru \u00een\u021belegere \u0219i sprijinul acordat \u00een aceste momente dificile\u201d, a declarat un purt\u0103tor de cuv\u00e2nt al clubului.<\/p>\n<p>&nbsp;<\/p>\n<p>Meciul \u00een care antrenorul s-a sim\u021bit r\u0103u a fost o confruntare intens\u0103, iar juc\u0103torii echipei au declarat c\u0103 au fost afecta\u021bi de evenimentul neprev\u0103zut. \u00cen prezent, nu se \u0219tie c\u00e2nd va reveni la conducerea echipei, iar antrenamentele ar putea fi conduse de asisten\u021bii s\u0103i p\u00e2n\u0103 la o recuperare complet\u0103.<\/p>\n<p>&nbsp;<\/p>\n<p>Suporterii echipei au \u00eenceput deja s\u0103 \u00ee\u0219i exprime sus\u021binerea fa\u021b\u0103 de antrenor pe re\u021belele sociale, dorind o recuperare rapid\u0103.<\/p>\n\n<div style=\"font-size: 0px; height: 0px; line-height: 0px; margin: 0; padding: 0; clear: both;\"><\/div>","protected":false},"excerpt":{"rendered":"<p>**\u0218tire de ultim\u0103 or\u0103: Antrenorul principal al FC Rapid Bucure\u0219ti spitalizat dup\u0103 meci** &nbsp; Antrenorul principal al echipei FC Rapid Bucure\u0219ti, un nume cunoscut \u00een fotbalul rom\u00e2nesc, a fost transportat de urgen\u021b\u0103 la spital dup\u0103 meciul disputat ast\u0103zi \u00eempotriva echipei rivale. Incidentul a avut loc la scurt timp dup\u0103 finalul partidei, c\u00e2nd tehnicianul a acuzat [&hellip;]<\/p>\n","protected":false},"author":1,"featured_media":18703,"comment_status":"open","ping_status":"open","sticky":false,"template":"","format":"standard","meta":{"_jetpack_memberships_contains_paid_content":false,"footnotes":""},"categories":[1],"tags":[],"class_list":["post-18701","post","type-post","status-publish","format-standard","has-post-thumbnail","hentry","category-uncategorized"],"yoast_head":"<!-- This site is optimized with the Yoast SEO plugin v27.4 - https:\/\/yoast.com\/product\/yoast-seo-wordpress\/ -->\n<title>\u0218tire de ultim\u0103 or\u0103: Antrenorul principal al FC Rapid Bucure\u0219ti<\/title>\n<meta name=\"description\" content=\"\u0218tire de ultim\u0103 or\u0103: Antrenorul principal al FC Rapid Bucure\u0219ti spitalizat dup\u0103 meci.........................\" \/>\n<meta name=\"robots\" content=\"index, follow, max-snippet:-1, max-image-preview:large, max-video-preview:-1\" \/>\n<link rel=\"canonical\" href=\"https:\/\/www.letsportsrock.com\/?p=18701\" \/>\n<meta property=\"og:locale\" content=\"en_US\" \/>\n<meta property=\"og:type\" content=\"article\" \/>\n<meta property=\"og:title\" content=\"\u0218tire de ultim\u0103 or\u0103: Antrenorul principal al FC Rapid Bucure\u0219ti\" \/>\n<meta property=\"og:description\" content=\"\u0218tire de ultim\u0103 or\u0103: Antrenorul principal al FC Rapid Bucure\u0219ti spitalizat dup\u0103 meci.........................\" \/>\n<meta property=\"og:url\" content=\"https:\/\/www.letsportsrock.com\/?p=18701\" \/>\n<meta property=\"og:site_name\" content=\"letsportsrock\" \/>\n<meta property=\"article:published_time\" content=\"2025-01-13T08:44:41+00:00\" \/>\n<meta property=\"article:modified_time\" content=\"2025-01-13T08:46:27+00:00\" \/>\n<meta property=\"og:image\" content=\"https:\/\/www.letsportsrock.com\/wp-content\/uploads\/2025\/01\/images-2025-01-13T094556.286.jpeg\" \/>\n\t<meta property=\"og:image:width\" content=\"500\" \/>\n\t<meta property=\"og:image:height\" content=\"336\" \/>\n\t<meta property=\"og:image:type\" content=\"image\/jpeg\" \/>\n<meta name=\"author\" content=\"letsportsrock\" \/>\n<meta name=\"twitter:card\" content=\"summary_large_image\" \/>\n<meta name=\"twitter:label1\" content=\"Written by\" \/>\n\t<meta name=\"twitter:data1\" content=\"letsportsrock\" \/>\n\t<meta name=\"twitter:label2\" content=\"Est. reading time\" \/>\n\t<meta name=\"twitter:data2\" content=\"2 minutes\" \/>\n<script type=\"application\/ld+json\" class=\"yoast-schema-graph\">{\"@context\":\"https:\\\/\\\/schema.org\",\"@graph\":[{\"@type\":\"Article\",\"@id\":\"https:\\\/\\\/www.letsportsrock.com\\\/?p=18701#article\",\"isPartOf\":{\"@id\":\"https:\\\/\\\/www.letsportsrock.com\\\/?p=18701\"},\"author\":{\"name\":\"letsportsrock\",\"@id\":\"https:\\\/\\\/www.letsportsrock.com\\\/#\\\/schema\\\/person\\\/a454ac24e58b214ddd97e4b5afb0bf01\"},\"headline\":\"\u0218tire de ultim\u0103 or\u0103: Antrenorul principal al FC Rapid Bucure\u0219ti spitalizat dup\u0103 meci\",\"datePublished\":\"2025-01-13T08:44:41+00:00\",\"dateModified\":\"2025-01-13T08:46:27+00:00\",\"mainEntityOfPage\":{\"@id\":\"https:\\\/\\\/www.letsportsrock.com\\\/?p=18701\"},\"wordCount\":321,\"commentCount\":0,\"image\":{\"@id\":\"https:\\\/\\\/www.letsportsrock.com\\\/?p=18701#primaryimage\"},\"thumbnailUrl\":\"https:\\\/\\\/www.letsportsrock.com\\\/wp-content\\\/uploads\\\/2025\\\/01\\\/images-2025-01-13T094556.286.jpeg\",\"inLanguage\":\"en-US\",\"potentialAction\":[{\"@type\":\"CommentAction\",\"name\":\"Comment\",\"target\":[\"https:\\\/\\\/www.letsportsrock.com\\\/?p=18701#respond\"]}]},{\"@type\":\"WebPage\",\"@id\":\"https:\\\/\\\/www.letsportsrock.com\\\/?p=18701\",\"url\":\"https:\\\/\\\/www.letsportsrock.com\\\/?p=18701\",\"name\":\"\u0218tire de ultim\u0103 or\u0103: Antrenorul principal al FC Rapid Bucure\u0219ti\",\"isPartOf\":{\"@id\":\"https:\\\/\\\/www.letsportsrock.com\\\/#website\"},\"primaryImageOfPage\":{\"@id\":\"https:\\\/\\\/www.letsportsrock.com\\\/?p=18701#primaryimage\"},\"image\":{\"@id\":\"https:\\\/\\\/www.letsportsrock.com\\\/?p=18701#primaryimage\"},\"thumbnailUrl\":\"https:\\\/\\\/www.letsportsrock.com\\\/wp-content\\\/uploads\\\/2025\\\/01\\\/images-2025-01-13T094556.286.jpeg\",\"datePublished\":\"2025-01-13T08:44:41+00:00\",\"dateModified\":\"2025-01-13T08:46:27+00:00\",\"author\":{\"@id\":\"https:\\\/\\\/www.letsportsrock.com\\\/#\\\/schema\\\/person\\\/a454ac24e58b214ddd97e4b5afb0bf01\"},\"description\":\"\u0218tire de ultim\u0103 or\u0103: Antrenorul principal al FC Rapid Bucure\u0219ti spitalizat dup\u0103 meci.........................\",\"breadcrumb\":{\"@id\":\"https:\\\/\\\/www.letsportsrock.com\\\/?p=18701#breadcrumb\"},\"inLanguage\":\"en-US\",\"potentialAction\":[{\"@type\":\"ReadAction\",\"target\":[\"https:\\\/\\\/www.letsportsrock.com\\\/?p=18701\"]}]},{\"@type\":\"ImageObject\",\"inLanguage\":\"en-US\",\"@id\":\"https:\\\/\\\/www.letsportsrock.com\\\/?p=18701#primaryimage\",\"url\":\"https:\\\/\\\/www.letsportsrock.com\\\/wp-content\\\/uploads\\\/2025\\\/01\\\/images-2025-01-13T094556.286.jpeg\",\"contentUrl\":\"https:\\\/\\\/www.letsportsrock.com\\\/wp-content\\\/uploads\\\/2025\\\/01\\\/images-2025-01-13T094556.286.jpeg\",\"width\":500,\"height\":336},{\"@type\":\"BreadcrumbList\",\"@id\":\"https:\\\/\\\/www.letsportsrock.com\\\/?p=18701#breadcrumb\",\"itemListElement\":[{\"@type\":\"ListItem\",\"position\":1,\"name\":\"Home\",\"item\":\"https:\\\/\\\/www.letsportsrock.com\\\/\"},{\"@type\":\"ListItem\",\"position\":2,\"name\":\"\u0218tire de ultim\u0103 or\u0103: Antrenorul principal al FC Rapid Bucure\u0219ti spitalizat dup\u0103 meci\"}]},{\"@type\":\"WebSite\",\"@id\":\"https:\\\/\\\/www.letsportsrock.com\\\/#website\",\"url\":\"https:\\\/\\\/www.letsportsrock.com\\\/\",\"name\":\"letsportsrock\",\"description\":\"Sport News and Updates\",\"potentialAction\":[{\"@type\":\"SearchAction\",\"target\":{\"@type\":\"EntryPoint\",\"urlTemplate\":\"https:\\\/\\\/www.letsportsrock.com\\\/?s={search_term_string}\"},\"query-input\":{\"@type\":\"PropertyValueSpecification\",\"valueRequired\":true,\"valueName\":\"search_term_string\"}}],\"inLanguage\":\"en-US\"},{\"@type\":\"Person\",\"@id\":\"https:\\\/\\\/www.letsportsrock.com\\\/#\\\/schema\\\/person\\\/a454ac24e58b214ddd97e4b5afb0bf01\",\"name\":\"letsportsrock\",\"image\":{\"@type\":\"ImageObject\",\"inLanguage\":\"en-US\",\"@id\":\"https:\\\/\\\/secure.gravatar.com\\\/avatar\\\/f8ef950cbb7574c0bc874094b8d307659bfe2d7aa4a9d26fa6917eff010748f9?s=96&d=mm&r=g\",\"url\":\"https:\\\/\\\/secure.gravatar.com\\\/avatar\\\/f8ef950cbb7574c0bc874094b8d307659bfe2d7aa4a9d26fa6917eff010748f9?s=96&d=mm&r=g\",\"contentUrl\":\"https:\\\/\\\/secure.gravatar.com\\\/avatar\\\/f8ef950cbb7574c0bc874094b8d307659bfe2d7aa4a9d26fa6917eff010748f9?s=96&d=mm&r=g\",\"caption\":\"letsportsrock\"},\"sameAs\":[\"https:\\\/\\\/www.letsportsrock.com\"],\"url\":\"https:\\\/\\\/www.letsportsrock.com\\\/?author=1\"}]}<\/script>\n<!-- \/ Yoast SEO plugin. -->","yoast_head_json":{"title":"\u0218tire de ultim\u0103 or\u0103: Antrenorul principal al FC Rapid Bucure\u0219ti","description":"\u0218tire de ultim\u0103 or\u0103: Antrenorul principal al FC Rapid Bucure\u0219ti spitalizat dup\u0103 meci.........................","robots":{"index":"index","follow":"follow","max-snippet":"max-snippet:-1","max-image-preview":"max-image-preview:large","max-video-preview":"max-video-preview:-1"},"canonical":"https:\/\/www.letsportsrock.com\/?p=18701","og_locale":"en_US","og_type":"article","og_title":"\u0218tire de ultim\u0103 or\u0103: Antrenorul principal al FC Rapid Bucure\u0219ti","og_description":"\u0218tire de ultim\u0103 or\u0103: Antrenorul principal al FC Rapid Bucure\u0219ti spitalizat dup\u0103 meci.........................","og_url":"https:\/\/www.letsportsrock.com\/?p=18701","og_site_name":"letsportsrock","article_published_time":"2025-01-13T08:44:41+00:00","article_modified_time":"2025-01-13T08:46:27+00:00","og_image":[{"width":500,"height":336,"url":"https:\/\/www.letsportsrock.com\/wp-content\/uploads\/2025\/01\/images-2025-01-13T094556.286.jpeg","type":"image\/jpeg"}],"author":"letsportsrock","twitter_card":"summary_large_image","twitter_misc":{"Written by":"letsportsrock","Est. reading time":"2 minutes"},"schema":{"@context":"https:\/\/schema.org","@graph":[{"@type":"Article","@id":"https:\/\/www.letsportsrock.com\/?p=18701#article","isPartOf":{"@id":"https:\/\/www.letsportsrock.com\/?p=18701"},"author":{"name":"letsportsrock","@id":"https:\/\/www.letsportsrock.com\/#\/schema\/person\/a454ac24e58b214ddd97e4b5afb0bf01"},"headline":"\u0218tire de ultim\u0103 or\u0103: Antrenorul principal al FC Rapid Bucure\u0219ti spitalizat dup\u0103 meci","datePublished":"2025-01-13T08:44:41+00:00","dateModified":"2025-01-13T08:46:27+00:00","mainEntityOfPage":{"@id":"https:\/\/www.letsportsrock.com\/?p=18701"},"wordCount":321,"commentCount":0,"image":{"@id":"https:\/\/www.letsportsrock.com\/?p=18701#primaryimage"},"thumbnailUrl":"https:\/\/www.letsportsrock.com\/wp-content\/uploads\/2025\/01\/images-2025-01-13T094556.286.jpeg","inLanguage":"en-US","potentialAction":[{"@type":"CommentAction","name":"Comment","target":["https:\/\/www.letsportsrock.com\/?p=18701#respond"]}]},{"@type":"WebPage","@id":"https:\/\/www.letsportsrock.com\/?p=18701","url":"https:\/\/www.letsportsrock.com\/?p=18701","name":"\u0218tire de ultim\u0103 or\u0103: Antrenorul principal al FC Rapid Bucure\u0219ti","isPartOf":{"@id":"https:\/\/www.letsportsrock.com\/#website"},"primaryImageOfPage":{"@id":"https:\/\/www.letsportsrock.com\/?p=18701#primaryimage"},"image":{"@id":"https:\/\/www.letsportsrock.com\/?p=18701#primaryimage"},"thumbnailUrl":"https:\/\/www.letsportsrock.com\/wp-content\/uploads\/2025\/01\/images-2025-01-13T094556.286.jpeg","datePublished":"2025-01-13T08:44:41+00:00","dateModified":"2025-01-13T08:46:27+00:00","author":{"@id":"https:\/\/www.letsportsrock.com\/#\/schema\/person\/a454ac24e58b214ddd97e4b5afb0bf01"},"description":"\u0218tire de ultim\u0103 or\u0103: Antrenorul principal al FC Rapid Bucure\u0219ti spitalizat dup\u0103 meci.........................","breadcrumb":{"@id":"https:\/\/www.letsportsrock.com\/?p=18701#breadcrumb"},"inLanguage":"en-US","potentialAction":[{"@type":"ReadAction","target":["https:\/\/www.letsportsrock.com\/?p=18701"]}]},{"@type":"ImageObject","inLanguage":"en-US","@id":"https:\/\/www.letsportsrock.com\/?p=18701#primaryimage","url":"https:\/\/www.letsportsrock.com\/wp-content\/uploads\/2025\/01\/images-2025-01-13T094556.286.jpeg","contentUrl":"https:\/\/www.letsportsrock.com\/wp-content\/uploads\/2025\/01\/images-2025-01-13T094556.286.jpeg","width":500,"height":336},{"@type":"BreadcrumbList","@id":"https:\/\/www.letsportsrock.com\/?p=18701#breadcrumb","itemListElement":[{"@type":"ListItem","position":1,"name":"Home","item":"https:\/\/www.letsportsrock.com\/"},{"@type":"ListItem","position":2,"name":"\u0218tire de ultim\u0103 or\u0103: Antrenorul principal al FC Rapid Bucure\u0219ti spitalizat dup\u0103 meci"}]},{"@type":"WebSite","@id":"https:\/\/www.letsportsrock.com\/#website","url":"https:\/\/www.letsportsrock.com\/","name":"letsportsrock","description":"Sport News and Updates","potentialAction":[{"@type":"SearchAction","target":{"@type":"EntryPoint","urlTemplate":"https:\/\/www.letsportsrock.com\/?s={search_term_string}"},"query-input":{"@type":"PropertyValueSpecification","valueRequired":true,"valueName":"search_term_string"}}],"inLanguage":"en-US"},{"@type":"Person","@id":"https:\/\/www.letsportsrock.com\/#\/schema\/person\/a454ac24e58b214ddd97e4b5afb0bf01","name":"letsportsrock","image":{"@type":"ImageObject","inLanguage":"en-US","@id":"https:\/\/secure.gravatar.com\/avatar\/f8ef950cbb7574c0bc874094b8d307659bfe2d7aa4a9d26fa6917eff010748f9?s=96&d=mm&r=g","url":"https:\/\/secure.gravatar.com\/avatar\/f8ef950cbb7574c0bc874094b8d307659bfe2d7aa4a9d26fa6917eff010748f9?s=96&d=mm&r=g","contentUrl":"https:\/\/secure.gravatar.com\/avatar\/f8ef950cbb7574c0bc874094b8d307659bfe2d7aa4a9d26fa6917eff010748f9?s=96&d=mm&r=g","caption":"letsportsrock"},"sameAs":["https:\/\/www.letsportsrock.com"],"url":"https:\/\/www.letsportsrock.com\/?author=1"}]}},"jetpack_featured_media_url":"https:\/\/www.letsportsrock.com\/wp-content\/uploads\/2025\/01\/images-2025-01-13T094556.286.jpeg","jetpack_sharing_enabled":true,"_links":{"self":[{"href":"https:\/\/www.letsportsrock.com\/index.php?rest_route=\/wp\/v2\/posts\/18701","targetHints":{"allow":["GET"]}}],"collection":[{"href":"https:\/\/www.letsportsrock.com\/index.php?rest_route=\/wp\/v2\/posts"}],"about":[{"href":"https:\/\/www.letsportsrock.com\/index.php?rest_route=\/wp\/v2\/types\/post"}],"author":[{"embeddable":true,"href":"https:\/\/www.letsportsrock.com\/index.php?rest_route=\/wp\/v2\/users\/1"}],"replies":[{"embeddable":true,"href":"https:\/\/www.letsportsrock.com\/index.php?rest_route=%2Fwp%2Fv2%2Fcomments&post=18701"}],"version-history":[{"count":1,"href":"https:\/\/www.letsportsrock.com\/index.php?rest_route=\/wp\/v2\/posts\/18701\/revisions"}],"predecessor-version":[{"id":18702,"href":"https:\/\/www.letsportsrock.com\/index.php?rest_route=\/wp\/v2\/posts\/18701\/revisions\/18702"}],"wp:featuredmedia":[{"embeddable":true,"href":"https:\/\/www.letsportsrock.com\/index.php?rest_route=\/wp\/v2\/media\/18703"}],"wp:attachment":[{"href":"https:\/\/www.letsportsrock.com\/index.php?rest_route=%2Fwp%2Fv2%2Fmedia&parent=18701"}],"wp:term":[{"taxonomy":"category","embeddable":true,"href":"https:\/\/www.letsportsrock.com\/index.php?rest_route=%2Fwp%2Fv2%2Fcategories&post=18701"},{"taxonomy":"post_tag","embeddable":true,"href":"https:\/\/www.letsportsrock.com\/index.php?rest_route=%2Fwp%2Fv2%2Ftags&post=18701"}],"curies":[{"name":"wp","href":"https:\/\/api.w.org\/{rel}","templated":true}]}}