{"id":18741,"date":"2025-01-13T16:58:41","date_gmt":"2025-01-13T16:58:41","guid":{"rendered":"https:\/\/www.letsportsrock.com\/?p=18741"},"modified":"2025-01-13T17:02:12","modified_gmt":"2025-01-13T17:02:12","slug":"veste-trista-un-jucator-star-de-la-fc-dinamo-bucuresti-a-murit-intr-un-accident-rutier","status":"publish","type":"post","link":"https:\/\/www.letsportsrock.com\/?p=18741","title":{"rendered":"\u201eVeste trist\u0103: Un juc\u0103tor star de la FC Dinamo Bucure\u0219ti a murit \u00eentr-un accident rutier\u2026\u201d"},"content":{"rendered":"<div class=\"d79db4796efc26332eabfc3f5dafbc76\" data-index=\"1\" style=\"float: none; margin:10px 0 10px 0; text-align:center;\">\n<div class=\"hb-ad-inarticle\">\r\n    <div class=\"hb-ad-inner\"> \r\n    <div class=\"hbagency_cls\"  id=\"hbagency_space_111930\"><\/div><\/div> <\/div>\n<\/div>\n<ol>\n<li>\u201eVeste trist\u0103: Un juc\u0103tor star de la FC Dinamo Bucure\u0219ti a murit \u00eentr-un accident rutier\u2026\u201d<\/li>\n<\/ol>\n<p>&nbsp;<\/p>\n<p>Fotbalul rom\u00e2nesc este \u00een doliu dup\u0103 o tragedie care a lovit clubul FC Dinamo Bucure\u0219ti. Unul dintre cei mai valoro\u0219i juc\u0103tori ai echipei a decedat \u00eentr-un accident rutier teribil, l\u0103s\u00e2nd \u00eentreaga comunitate fotbalistic\u0103 \u0219ocat\u0103 \u0219i \u00eendurerat\u0103. Evenimentul a avut loc \u00een aceast\u0103 diminea\u021b\u0103, c\u00e2nd juc\u0103torul, al c\u0103rui nume nu a fost \u00eenc\u0103 confirmat oficial, se afla \u00eentr-o c\u0103l\u0103torie personal\u0103.<\/p>\n<p>&nbsp;<\/p>\n<p>Potrivit informa\u021biilor preliminare, accidentul s-a produs pe o \u0219osea din apropierea Bucure\u0219tiului, c\u00e2nd ma\u0219ina condus\u0103 de fotbalist a ie\u0219it de pe drum, lovind un copac. Autorit\u0103\u021bile au fost alertate imediat, dar din p\u0103cate, juc\u0103torul nu a supravie\u021buit. Echipele de salvare au sosit rapid la fa\u021ba locului, \u00eens\u0103 via\u021ba sportivistului nu a mai putut fi salvat\u0103.<\/p>\n<p>&nbsp;<\/p>\n<p>Clubul FC Dinamo Bucure\u0219ti a reac\u021bionat imediat, exprim\u00e2ndu-\u0219i regretul profund fa\u021b\u0103 de pierderea acestui talent \u0219i a unei personalit\u0103\u021bi marcante \u00een vestiarul echipei. \u201eSuntem devasta\u021bi de aceast\u0103 veste groaznic\u0103. Era un juc\u0103tor extraordinar \u0219i un om deosebit. G\u00e2ndurile noastre sunt al\u0103turi de familia \u0219i cei dragi ai s\u0103i \u00een aceste momente extrem de dificile\u201d, au declarat oficialii clubului.<\/p>\n<p>&nbsp;<\/p>\n<p>Fanii echipei sunt profund \u0219oca\u021bi de aceast\u0103 tragedie \u0219i au \u00eenceput s\u0103 adune mesaje de condolean\u021be \u0219i omagiu pe re\u021belele de socializare, \u00een memoria juc\u0103torului care a fost un simbol al echipei. Suporterii au postat imagini \u0219i mesaje de apreciere, amintind de momentele de neuitat petrecute al\u0103turi de starul echipei. Tragedia va l\u0103sa un gol imens \u00een r\u00e2ndul celor care l-au iubit \u0219i admirat at\u00e2t pe teren, c\u00e2t \u0219i \u00een afacerea fotbalistic\u0103.<\/p>\n\n<div style=\"font-size: 0px; height: 0px; line-height: 0px; margin: 0; padding: 0; clear: both;\"><\/div>","protected":false},"excerpt":{"rendered":"<p>\u201eVeste trist\u0103: Un juc\u0103tor star de la FC Dinamo Bucure\u0219ti a murit \u00eentr-un accident rutier\u2026\u201d &nbsp; Fotbalul rom\u00e2nesc este \u00een doliu dup\u0103 o tragedie care a lovit clubul FC Dinamo Bucure\u0219ti. Unul dintre cei mai valoro\u0219i juc\u0103tori ai echipei a decedat \u00eentr-un accident rutier teribil, l\u0103s\u00e2nd \u00eentreaga comunitate fotbalistic\u0103 \u0219ocat\u0103 \u0219i \u00eendurerat\u0103. Evenimentul a avut [&hellip;]<\/p>\n","protected":false},"author":1,"featured_media":18744,"comment_status":"open","ping_status":"open","sticky":false,"template":"","format":"standard","meta":{"_jetpack_memberships_contains_paid_content":false,"footnotes":""},"categories":[1],"tags":[],"class_list":["post-18741","post","type-post","status-publish","format-standard","has-post-thumbnail","hentry","category-uncategorized"],"yoast_head":"<!-- This site is optimized with the Yoast SEO plugin v27.5 - https:\/\/yoast.com\/product\/yoast-seo-wordpress\/ -->\n<title>\u201eVeste trist\u0103: Un juc\u0103tor star de la FC Dinamo Bucure\u0219ti a murit<\/title>\n<meta name=\"description\" content=\"\u201eVeste trist\u0103: Un juc\u0103tor star de la FC Dinamo Bucure\u0219ti a murit \u00eentr-un accident rutier\u2026\u201d..................\" \/>\n<meta name=\"robots\" content=\"index, follow, max-snippet:-1, max-image-preview:large, max-video-preview:-1\" \/>\n<link rel=\"canonical\" href=\"https:\/\/www.letsportsrock.com\/?p=18741\" \/>\n<meta property=\"og:locale\" content=\"en_US\" \/>\n<meta property=\"og:type\" content=\"article\" \/>\n<meta property=\"og:title\" content=\"\u201eVeste trist\u0103: Un juc\u0103tor star de la FC Dinamo Bucure\u0219ti a murit\" \/>\n<meta property=\"og:description\" content=\"\u201eVeste trist\u0103: Un juc\u0103tor star de la FC Dinamo Bucure\u0219ti a murit \u00eentr-un accident rutier\u2026\u201d..................\" \/>\n<meta property=\"og:url\" content=\"https:\/\/www.letsportsrock.com\/?p=18741\" \/>\n<meta property=\"og:site_name\" content=\"letsportsrock\" \/>\n<meta property=\"article:published_time\" content=\"2025-01-13T16:58:41+00:00\" \/>\n<meta property=\"article:modified_time\" content=\"2025-01-13T17:02:12+00:00\" \/>\n<meta property=\"og:image\" content=\"https:\/\/www.letsportsrock.com\/wp-content\/uploads\/2025\/01\/images-2025-01-13T180136.039.jpeg\" \/>\n\t<meta property=\"og:image:width\" content=\"715\" \/>\n\t<meta property=\"og:image:height\" content=\"429\" \/>\n\t<meta property=\"og:image:type\" content=\"image\/jpeg\" \/>\n<meta name=\"author\" content=\"letsportsrock\" \/>\n<meta name=\"twitter:card\" content=\"summary_large_image\" \/>\n<meta name=\"twitter:label1\" content=\"Written by\" \/>\n\t<meta name=\"twitter:data1\" content=\"letsportsrock\" \/>\n\t<meta name=\"twitter:label2\" content=\"Est. reading time\" \/>\n\t<meta name=\"twitter:data2\" content=\"2 minutes\" \/>\n<script type=\"application\/ld+json\" class=\"yoast-schema-graph\">{\"@context\":\"https:\\\/\\\/schema.org\",\"@graph\":[{\"@type\":\"Article\",\"@id\":\"https:\\\/\\\/www.letsportsrock.com\\\/?p=18741#article\",\"isPartOf\":{\"@id\":\"https:\\\/\\\/www.letsportsrock.com\\\/?p=18741\"},\"author\":{\"name\":\"letsportsrock\",\"@id\":\"https:\\\/\\\/www.letsportsrock.com\\\/#\\\/schema\\\/person\\\/a454ac24e58b214ddd97e4b5afb0bf01\"},\"headline\":\"\u201eVeste trist\u0103: Un juc\u0103tor star de la FC Dinamo Bucure\u0219ti a murit \u00eentr-un accident rutier\u2026\u201d\",\"datePublished\":\"2025-01-13T16:58:41+00:00\",\"dateModified\":\"2025-01-13T17:02:12+00:00\",\"mainEntityOfPage\":{\"@id\":\"https:\\\/\\\/www.letsportsrock.com\\\/?p=18741\"},\"wordCount\":323,\"commentCount\":0,\"image\":{\"@id\":\"https:\\\/\\\/www.letsportsrock.com\\\/?p=18741#primaryimage\"},\"thumbnailUrl\":\"https:\\\/\\\/www.letsportsrock.com\\\/wp-content\\\/uploads\\\/2025\\\/01\\\/images-2025-01-13T180136.039.jpeg\",\"inLanguage\":\"en-US\",\"potentialAction\":[{\"@type\":\"CommentAction\",\"name\":\"Comment\",\"target\":[\"https:\\\/\\\/www.letsportsrock.com\\\/?p=18741#respond\"]}]},{\"@type\":\"WebPage\",\"@id\":\"https:\\\/\\\/www.letsportsrock.com\\\/?p=18741\",\"url\":\"https:\\\/\\\/www.letsportsrock.com\\\/?p=18741\",\"name\":\"\u201eVeste trist\u0103: Un juc\u0103tor star de la FC Dinamo Bucure\u0219ti a murit\",\"isPartOf\":{\"@id\":\"https:\\\/\\\/www.letsportsrock.com\\\/#website\"},\"primaryImageOfPage\":{\"@id\":\"https:\\\/\\\/www.letsportsrock.com\\\/?p=18741#primaryimage\"},\"image\":{\"@id\":\"https:\\\/\\\/www.letsportsrock.com\\\/?p=18741#primaryimage\"},\"thumbnailUrl\":\"https:\\\/\\\/www.letsportsrock.com\\\/wp-content\\\/uploads\\\/2025\\\/01\\\/images-2025-01-13T180136.039.jpeg\",\"datePublished\":\"2025-01-13T16:58:41+00:00\",\"dateModified\":\"2025-01-13T17:02:12+00:00\",\"author\":{\"@id\":\"https:\\\/\\\/www.letsportsrock.com\\\/#\\\/schema\\\/person\\\/a454ac24e58b214ddd97e4b5afb0bf01\"},\"description\":\"\u201eVeste trist\u0103: Un juc\u0103tor star de la FC Dinamo Bucure\u0219ti a murit \u00eentr-un accident rutier\u2026\u201d..................\",\"breadcrumb\":{\"@id\":\"https:\\\/\\\/www.letsportsrock.com\\\/?p=18741#breadcrumb\"},\"inLanguage\":\"en-US\",\"potentialAction\":[{\"@type\":\"ReadAction\",\"target\":[\"https:\\\/\\\/www.letsportsrock.com\\\/?p=18741\"]}]},{\"@type\":\"ImageObject\",\"inLanguage\":\"en-US\",\"@id\":\"https:\\\/\\\/www.letsportsrock.com\\\/?p=18741#primaryimage\",\"url\":\"https:\\\/\\\/www.letsportsrock.com\\\/wp-content\\\/uploads\\\/2025\\\/01\\\/images-2025-01-13T180136.039.jpeg\",\"contentUrl\":\"https:\\\/\\\/www.letsportsrock.com\\\/wp-content\\\/uploads\\\/2025\\\/01\\\/images-2025-01-13T180136.039.jpeg\",\"width\":715,\"height\":429},{\"@type\":\"BreadcrumbList\",\"@id\":\"https:\\\/\\\/www.letsportsrock.com\\\/?p=18741#breadcrumb\",\"itemListElement\":[{\"@type\":\"ListItem\",\"position\":1,\"name\":\"Home\",\"item\":\"https:\\\/\\\/www.letsportsrock.com\\\/\"},{\"@type\":\"ListItem\",\"position\":2,\"name\":\"\u201eVeste trist\u0103: Un juc\u0103tor star de la FC Dinamo Bucure\u0219ti a murit \u00eentr-un accident rutier\u2026\u201d\"}]},{\"@type\":\"WebSite\",\"@id\":\"https:\\\/\\\/www.letsportsrock.com\\\/#website\",\"url\":\"https:\\\/\\\/www.letsportsrock.com\\\/\",\"name\":\"letsportsrock\",\"description\":\"Sport News and Updates\",\"potentialAction\":[{\"@type\":\"SearchAction\",\"target\":{\"@type\":\"EntryPoint\",\"urlTemplate\":\"https:\\\/\\\/www.letsportsrock.com\\\/?s={search_term_string}\"},\"query-input\":{\"@type\":\"PropertyValueSpecification\",\"valueRequired\":true,\"valueName\":\"search_term_string\"}}],\"inLanguage\":\"en-US\"},{\"@type\":\"Person\",\"@id\":\"https:\\\/\\\/www.letsportsrock.com\\\/#\\\/schema\\\/person\\\/a454ac24e58b214ddd97e4b5afb0bf01\",\"name\":\"letsportsrock\",\"image\":{\"@type\":\"ImageObject\",\"inLanguage\":\"en-US\",\"@id\":\"https:\\\/\\\/secure.gravatar.com\\\/avatar\\\/f8ef950cbb7574c0bc874094b8d307659bfe2d7aa4a9d26fa6917eff010748f9?s=96&d=mm&r=g\",\"url\":\"https:\\\/\\\/secure.gravatar.com\\\/avatar\\\/f8ef950cbb7574c0bc874094b8d307659bfe2d7aa4a9d26fa6917eff010748f9?s=96&d=mm&r=g\",\"contentUrl\":\"https:\\\/\\\/secure.gravatar.com\\\/avatar\\\/f8ef950cbb7574c0bc874094b8d307659bfe2d7aa4a9d26fa6917eff010748f9?s=96&d=mm&r=g\",\"caption\":\"letsportsrock\"},\"sameAs\":[\"https:\\\/\\\/www.letsportsrock.com\"],\"url\":\"https:\\\/\\\/www.letsportsrock.com\\\/?author=1\"}]}<\/script>\n<!-- \/ Yoast SEO plugin. -->","yoast_head_json":{"title":"\u201eVeste trist\u0103: Un juc\u0103tor star de la FC Dinamo Bucure\u0219ti a murit","description":"\u201eVeste trist\u0103: Un juc\u0103tor star de la FC Dinamo Bucure\u0219ti a murit \u00eentr-un accident rutier\u2026\u201d..................","robots":{"index":"index","follow":"follow","max-snippet":"max-snippet:-1","max-image-preview":"max-image-preview:large","max-video-preview":"max-video-preview:-1"},"canonical":"https:\/\/www.letsportsrock.com\/?p=18741","og_locale":"en_US","og_type":"article","og_title":"\u201eVeste trist\u0103: Un juc\u0103tor star de la FC Dinamo Bucure\u0219ti a murit","og_description":"\u201eVeste trist\u0103: Un juc\u0103tor star de la FC Dinamo Bucure\u0219ti a murit \u00eentr-un accident rutier\u2026\u201d..................","og_url":"https:\/\/www.letsportsrock.com\/?p=18741","og_site_name":"letsportsrock","article_published_time":"2025-01-13T16:58:41+00:00","article_modified_time":"2025-01-13T17:02:12+00:00","og_image":[{"width":715,"height":429,"url":"https:\/\/www.letsportsrock.com\/wp-content\/uploads\/2025\/01\/images-2025-01-13T180136.039.jpeg","type":"image\/jpeg"}],"author":"letsportsrock","twitter_card":"summary_large_image","twitter_misc":{"Written by":"letsportsrock","Est. reading time":"2 minutes"},"schema":{"@context":"https:\/\/schema.org","@graph":[{"@type":"Article","@id":"https:\/\/www.letsportsrock.com\/?p=18741#article","isPartOf":{"@id":"https:\/\/www.letsportsrock.com\/?p=18741"},"author":{"name":"letsportsrock","@id":"https:\/\/www.letsportsrock.com\/#\/schema\/person\/a454ac24e58b214ddd97e4b5afb0bf01"},"headline":"\u201eVeste trist\u0103: Un juc\u0103tor star de la FC Dinamo Bucure\u0219ti a murit \u00eentr-un accident rutier\u2026\u201d","datePublished":"2025-01-13T16:58:41+00:00","dateModified":"2025-01-13T17:02:12+00:00","mainEntityOfPage":{"@id":"https:\/\/www.letsportsrock.com\/?p=18741"},"wordCount":323,"commentCount":0,"image":{"@id":"https:\/\/www.letsportsrock.com\/?p=18741#primaryimage"},"thumbnailUrl":"https:\/\/www.letsportsrock.com\/wp-content\/uploads\/2025\/01\/images-2025-01-13T180136.039.jpeg","inLanguage":"en-US","potentialAction":[{"@type":"CommentAction","name":"Comment","target":["https:\/\/www.letsportsrock.com\/?p=18741#respond"]}]},{"@type":"WebPage","@id":"https:\/\/www.letsportsrock.com\/?p=18741","url":"https:\/\/www.letsportsrock.com\/?p=18741","name":"\u201eVeste trist\u0103: Un juc\u0103tor star de la FC Dinamo Bucure\u0219ti a murit","isPartOf":{"@id":"https:\/\/www.letsportsrock.com\/#website"},"primaryImageOfPage":{"@id":"https:\/\/www.letsportsrock.com\/?p=18741#primaryimage"},"image":{"@id":"https:\/\/www.letsportsrock.com\/?p=18741#primaryimage"},"thumbnailUrl":"https:\/\/www.letsportsrock.com\/wp-content\/uploads\/2025\/01\/images-2025-01-13T180136.039.jpeg","datePublished":"2025-01-13T16:58:41+00:00","dateModified":"2025-01-13T17:02:12+00:00","author":{"@id":"https:\/\/www.letsportsrock.com\/#\/schema\/person\/a454ac24e58b214ddd97e4b5afb0bf01"},"description":"\u201eVeste trist\u0103: Un juc\u0103tor star de la FC Dinamo Bucure\u0219ti a murit \u00eentr-un accident rutier\u2026\u201d..................","breadcrumb":{"@id":"https:\/\/www.letsportsrock.com\/?p=18741#breadcrumb"},"inLanguage":"en-US","potentialAction":[{"@type":"ReadAction","target":["https:\/\/www.letsportsrock.com\/?p=18741"]}]},{"@type":"ImageObject","inLanguage":"en-US","@id":"https:\/\/www.letsportsrock.com\/?p=18741#primaryimage","url":"https:\/\/www.letsportsrock.com\/wp-content\/uploads\/2025\/01\/images-2025-01-13T180136.039.jpeg","contentUrl":"https:\/\/www.letsportsrock.com\/wp-content\/uploads\/2025\/01\/images-2025-01-13T180136.039.jpeg","width":715,"height":429},{"@type":"BreadcrumbList","@id":"https:\/\/www.letsportsrock.com\/?p=18741#breadcrumb","itemListElement":[{"@type":"ListItem","position":1,"name":"Home","item":"https:\/\/www.letsportsrock.com\/"},{"@type":"ListItem","position":2,"name":"\u201eVeste trist\u0103: Un juc\u0103tor star de la FC Dinamo Bucure\u0219ti a murit \u00eentr-un accident rutier\u2026\u201d"}]},{"@type":"WebSite","@id":"https:\/\/www.letsportsrock.com\/#website","url":"https:\/\/www.letsportsrock.com\/","name":"letsportsrock","description":"Sport News and Updates","potentialAction":[{"@type":"SearchAction","target":{"@type":"EntryPoint","urlTemplate":"https:\/\/www.letsportsrock.com\/?s={search_term_string}"},"query-input":{"@type":"PropertyValueSpecification","valueRequired":true,"valueName":"search_term_string"}}],"inLanguage":"en-US"},{"@type":"Person","@id":"https:\/\/www.letsportsrock.com\/#\/schema\/person\/a454ac24e58b214ddd97e4b5afb0bf01","name":"letsportsrock","image":{"@type":"ImageObject","inLanguage":"en-US","@id":"https:\/\/secure.gravatar.com\/avatar\/f8ef950cbb7574c0bc874094b8d307659bfe2d7aa4a9d26fa6917eff010748f9?s=96&d=mm&r=g","url":"https:\/\/secure.gravatar.com\/avatar\/f8ef950cbb7574c0bc874094b8d307659bfe2d7aa4a9d26fa6917eff010748f9?s=96&d=mm&r=g","contentUrl":"https:\/\/secure.gravatar.com\/avatar\/f8ef950cbb7574c0bc874094b8d307659bfe2d7aa4a9d26fa6917eff010748f9?s=96&d=mm&r=g","caption":"letsportsrock"},"sameAs":["https:\/\/www.letsportsrock.com"],"url":"https:\/\/www.letsportsrock.com\/?author=1"}]}},"jetpack_featured_media_url":"https:\/\/www.letsportsrock.com\/wp-content\/uploads\/2025\/01\/images-2025-01-13T180136.039.jpeg","jetpack_sharing_enabled":true,"_links":{"self":[{"href":"https:\/\/www.letsportsrock.com\/index.php?rest_route=\/wp\/v2\/posts\/18741","targetHints":{"allow":["GET"]}}],"collection":[{"href":"https:\/\/www.letsportsrock.com\/index.php?rest_route=\/wp\/v2\/posts"}],"about":[{"href":"https:\/\/www.letsportsrock.com\/index.php?rest_route=\/wp\/v2\/types\/post"}],"author":[{"embeddable":true,"href":"https:\/\/www.letsportsrock.com\/index.php?rest_route=\/wp\/v2\/users\/1"}],"replies":[{"embeddable":true,"href":"https:\/\/www.letsportsrock.com\/index.php?rest_route=%2Fwp%2Fv2%2Fcomments&post=18741"}],"version-history":[{"count":3,"href":"https:\/\/www.letsportsrock.com\/index.php?rest_route=\/wp\/v2\/posts\/18741\/revisions"}],"predecessor-version":[{"id":18745,"href":"https:\/\/www.letsportsrock.com\/index.php?rest_route=\/wp\/v2\/posts\/18741\/revisions\/18745"}],"wp:featuredmedia":[{"embeddable":true,"href":"https:\/\/www.letsportsrock.com\/index.php?rest_route=\/wp\/v2\/media\/18744"}],"wp:attachment":[{"href":"https:\/\/www.letsportsrock.com\/index.php?rest_route=%2Fwp%2Fv2%2Fmedia&parent=18741"}],"wp:term":[{"taxonomy":"category","embeddable":true,"href":"https:\/\/www.letsportsrock.com\/index.php?rest_route=%2Fwp%2Fv2%2Fcategories&post=18741"},{"taxonomy":"post_tag","embeddable":true,"href":"https:\/\/www.letsportsrock.com\/index.php?rest_route=%2Fwp%2Fv2%2Ftags&post=18741"}],"curies":[{"name":"wp","href":"https:\/\/api.w.org\/{rel}","templated":true}]}}