{"id":18757,"date":"2025-01-13T17:41:01","date_gmt":"2025-01-13T17:41:01","guid":{"rendered":"https:\/\/www.letsportsrock.com\/?p=18757"},"modified":"2025-01-13T17:43:37","modified_gmt":"2025-01-13T17:43:37","slug":"plec-pentru-ca-el-sa-poata-juca-superstarul-fc-rapid-bucuresti-spune-ca-va-renunta-daca-el-se-intoarce","status":"publish","type":"post","link":"https:\/\/www.letsportsrock.com\/?p=18757","title":{"rendered":"&#8220;Plec pentru ca el s\u0103 poat\u0103 juca, superstarul FC Rapid Bucure\u0219ti spune c\u0103 va renun\u021ba dac\u0103 el se \u00eentoarce&#8230;&#8221;"},"content":{"rendered":"<div class=\"d79db4796efc26332eabfc3f5dafbc76\" data-index=\"1\" style=\"float: none; margin:10px 0 10px 0; text-align:center;\">\n<div class=\"hb-ad-inarticle\">\r\n    <div class=\"hb-ad-inner\"> \r\n    <div class=\"hbagency_cls\"  id=\"hbagency_space_111930\"><\/div><\/div> <\/div>\n<\/div>\n<p>&#8220;Plec pentru ca el s\u0103 poat\u0103 juca, superstarul FC Rapid Bucure\u0219ti spune c\u0103 va renun\u021ba dac\u0103 el se \u00eentoarce&#8230;&#8221;<\/p>\n<p>&nbsp;<\/p>\n<p>Decizia surprinz\u0103toare a unui superstar al echipei FC Rapid Bucure\u0219ti a adus un val de nelini\u0219te \u0219i specula\u021bii \u00een lumea fotbalului rom\u00e2nesc. Dup\u0103 ce un juc\u0103tor cheie al echipei rivale FC Dinamo Bucure\u0219ti a fost suspendat pentru 15 meciuri, superstarul echipei Rapid a f\u0103cut o declara\u021bie nea\u0219teptat\u0103: c\u0103 va p\u0103r\u0103si echipa dac\u0103 juc\u0103torul suspendat va reveni pe teren mai devreme dec\u00e2t se a\u0219teapt\u0103.<\/p>\n<p>&nbsp;<\/p>\n<p>De\u0219i nu a oferit detalii suplimentare despre motivele profunde ale acestei amenin\u021b\u0103ri, declara\u021bia sa a provocat o reac\u021bie puternic\u0103 \u00een r\u00e2ndul suporterilor \u0219i anali\u0219tilor sportivi. Evident nemul\u021bumit de decizia comisiei de disciplin\u0103 a federa\u021biei de fotbal din Rom\u00e2nia, superstarul a subliniat importan\u021ba respect\u0103rii corectitudinii \u0219i integrit\u0103\u021bii \u00een competi\u021biile sportive.<\/p>\n<p>&nbsp;<\/p>\n<p>Aceast\u0103 situa\u021bie pune o presiune considerabil\u0103 at\u00e2t asupra echipei Rapid Bucure\u0219ti, c\u00e2t \u0219i asupra federa\u021biei de fotbal, \u00eentruc\u00e2t ambele p\u0103r\u021bi trebuie s\u0103 gestioneze cu aten\u021bie implicarea superstarului \u00een viitorul echipei sale. Fanii echipei Rapid sunt \u00eemp\u0103r\u021bi\u021bi \u00een privin\u021ba consecin\u021belor posibile ale acestei declara\u021bii, unii sus\u021bin\u00e2nd pozi\u021bia juc\u0103torului \u00een timp ce al\u021bii exprim\u0103 \u00eengrijorare cu privire la impactul pe termen lung asupra stabilit\u0103\u021bii echipei.<\/p>\n<p>&nbsp;<\/p>\n<p>Cu toate acestea, aten\u021bia r\u0103m\u00e2ne concentrat\u0103 pe evolu\u021bia situa\u021biei \u0219i pe modul \u00een care va afecta echipele implicate \u00een lunile urm\u0103toare. \u00centr-o competi\u021bie at\u00e2t de intens\u0103 \u0219i imprevizibil\u0103, deciziile \u0219i declara\u021biile juc\u0103torilor \u0219i oficialilor pot influen\u021ba profund parcursul \u0219i rezultatele echipei lor \u00een sezoanele viitoare.<\/p>\n\n<div style=\"font-size: 0px; height: 0px; line-height: 0px; margin: 0; padding: 0; clear: both;\"><\/div>","protected":false},"excerpt":{"rendered":"<p>&#8220;Plec pentru ca el s\u0103 poat\u0103 juca, superstarul FC Rapid Bucure\u0219ti spune c\u0103 va renun\u021ba dac\u0103 el se \u00eentoarce&#8230;&#8221; &nbsp; Decizia surprinz\u0103toare a unui superstar al echipei FC Rapid Bucure\u0219ti a adus un val de nelini\u0219te \u0219i specula\u021bii \u00een lumea fotbalului rom\u00e2nesc. Dup\u0103 ce un juc\u0103tor cheie al echipei rivale FC Dinamo Bucure\u0219ti a fost [&hellip;]<\/p>\n","protected":false},"author":1,"featured_media":18759,"comment_status":"open","ping_status":"open","sticky":false,"template":"","format":"standard","meta":{"_jetpack_memberships_contains_paid_content":false,"footnotes":""},"categories":[1],"tags":[],"class_list":["post-18757","post","type-post","status-publish","format-standard","has-post-thumbnail","hentry","category-uncategorized"],"yoast_head":"<!-- This site is optimized with the Yoast SEO plugin v27.4 - https:\/\/yoast.com\/product\/yoast-seo-wordpress\/ -->\n<title>&quot;Plec pentru ca el s\u0103 poat\u0103 juca, superstarul FC<\/title>\n<meta name=\"description\" content=\"&quot;Plec pentru ca el s\u0103 poat\u0103 juca, superstarul FC Rapid Bucure\u0219ti spune c\u0103 va renun\u021ba dac\u0103 el se \u00eentoarce...&quot;\" \/>\n<meta name=\"robots\" content=\"index, follow, max-snippet:-1, max-image-preview:large, max-video-preview:-1\" \/>\n<link rel=\"canonical\" href=\"https:\/\/www.letsportsrock.com\/?p=18757\" \/>\n<meta property=\"og:locale\" content=\"en_US\" \/>\n<meta property=\"og:type\" content=\"article\" \/>\n<meta property=\"og:title\" content=\"&quot;Plec pentru ca el s\u0103 poat\u0103 juca, superstarul FC\" \/>\n<meta property=\"og:description\" content=\"&quot;Plec pentru ca el s\u0103 poat\u0103 juca, superstarul FC Rapid Bucure\u0219ti spune c\u0103 va renun\u021ba dac\u0103 el se \u00eentoarce...&quot;\" \/>\n<meta property=\"og:url\" content=\"https:\/\/www.letsportsrock.com\/?p=18757\" \/>\n<meta property=\"og:site_name\" content=\"letsportsrock\" \/>\n<meta property=\"article:published_time\" content=\"2025-01-13T17:41:01+00:00\" \/>\n<meta property=\"article:modified_time\" content=\"2025-01-13T17:43:37+00:00\" \/>\n<meta property=\"og:image\" content=\"https:\/\/www.letsportsrock.com\/wp-content\/uploads\/2025\/01\/images-2025-01-13T184300.394.jpeg\" \/>\n\t<meta property=\"og:image:width\" content=\"739\" \/>\n\t<meta property=\"og:image:height\" content=\"415\" \/>\n\t<meta property=\"og:image:type\" content=\"image\/jpeg\" \/>\n<meta name=\"author\" content=\"letsportsrock\" \/>\n<meta name=\"twitter:card\" content=\"summary_large_image\" \/>\n<meta name=\"twitter:label1\" content=\"Written by\" \/>\n\t<meta name=\"twitter:data1\" content=\"letsportsrock\" \/>\n\t<meta name=\"twitter:label2\" content=\"Est. reading time\" \/>\n\t<meta name=\"twitter:data2\" content=\"2 minutes\" \/>\n<script type=\"application\/ld+json\" class=\"yoast-schema-graph\">{\"@context\":\"https:\\\/\\\/schema.org\",\"@graph\":[{\"@type\":\"Article\",\"@id\":\"https:\\\/\\\/www.letsportsrock.com\\\/?p=18757#article\",\"isPartOf\":{\"@id\":\"https:\\\/\\\/www.letsportsrock.com\\\/?p=18757\"},\"author\":{\"name\":\"letsportsrock\",\"@id\":\"https:\\\/\\\/www.letsportsrock.com\\\/#\\\/schema\\\/person\\\/a454ac24e58b214ddd97e4b5afb0bf01\"},\"headline\":\"&#8220;Plec pentru ca el s\u0103 poat\u0103 juca, superstarul FC Rapid Bucure\u0219ti spune c\u0103 va renun\u021ba dac\u0103 el se \u00eentoarce&#8230;&#8221;\",\"datePublished\":\"2025-01-13T17:41:01+00:00\",\"dateModified\":\"2025-01-13T17:43:37+00:00\",\"mainEntityOfPage\":{\"@id\":\"https:\\\/\\\/www.letsportsrock.com\\\/?p=18757\"},\"wordCount\":325,\"commentCount\":0,\"image\":{\"@id\":\"https:\\\/\\\/www.letsportsrock.com\\\/?p=18757#primaryimage\"},\"thumbnailUrl\":\"https:\\\/\\\/www.letsportsrock.com\\\/wp-content\\\/uploads\\\/2025\\\/01\\\/images-2025-01-13T184300.394.jpeg\",\"inLanguage\":\"en-US\",\"potentialAction\":[{\"@type\":\"CommentAction\",\"name\":\"Comment\",\"target\":[\"https:\\\/\\\/www.letsportsrock.com\\\/?p=18757#respond\"]}]},{\"@type\":\"WebPage\",\"@id\":\"https:\\\/\\\/www.letsportsrock.com\\\/?p=18757\",\"url\":\"https:\\\/\\\/www.letsportsrock.com\\\/?p=18757\",\"name\":\"\\\"Plec pentru ca el s\u0103 poat\u0103 juca, superstarul FC\",\"isPartOf\":{\"@id\":\"https:\\\/\\\/www.letsportsrock.com\\\/#website\"},\"primaryImageOfPage\":{\"@id\":\"https:\\\/\\\/www.letsportsrock.com\\\/?p=18757#primaryimage\"},\"image\":{\"@id\":\"https:\\\/\\\/www.letsportsrock.com\\\/?p=18757#primaryimage\"},\"thumbnailUrl\":\"https:\\\/\\\/www.letsportsrock.com\\\/wp-content\\\/uploads\\\/2025\\\/01\\\/images-2025-01-13T184300.394.jpeg\",\"datePublished\":\"2025-01-13T17:41:01+00:00\",\"dateModified\":\"2025-01-13T17:43:37+00:00\",\"author\":{\"@id\":\"https:\\\/\\\/www.letsportsrock.com\\\/#\\\/schema\\\/person\\\/a454ac24e58b214ddd97e4b5afb0bf01\"},\"description\":\"\\\"Plec pentru ca el s\u0103 poat\u0103 juca, superstarul FC Rapid Bucure\u0219ti spune c\u0103 va renun\u021ba dac\u0103 el se \u00eentoarce...\\\"\",\"breadcrumb\":{\"@id\":\"https:\\\/\\\/www.letsportsrock.com\\\/?p=18757#breadcrumb\"},\"inLanguage\":\"en-US\",\"potentialAction\":[{\"@type\":\"ReadAction\",\"target\":[\"https:\\\/\\\/www.letsportsrock.com\\\/?p=18757\"]}]},{\"@type\":\"ImageObject\",\"inLanguage\":\"en-US\",\"@id\":\"https:\\\/\\\/www.letsportsrock.com\\\/?p=18757#primaryimage\",\"url\":\"https:\\\/\\\/www.letsportsrock.com\\\/wp-content\\\/uploads\\\/2025\\\/01\\\/images-2025-01-13T184300.394.jpeg\",\"contentUrl\":\"https:\\\/\\\/www.letsportsrock.com\\\/wp-content\\\/uploads\\\/2025\\\/01\\\/images-2025-01-13T184300.394.jpeg\",\"width\":739,\"height\":415},{\"@type\":\"BreadcrumbList\",\"@id\":\"https:\\\/\\\/www.letsportsrock.com\\\/?p=18757#breadcrumb\",\"itemListElement\":[{\"@type\":\"ListItem\",\"position\":1,\"name\":\"Home\",\"item\":\"https:\\\/\\\/www.letsportsrock.com\\\/\"},{\"@type\":\"ListItem\",\"position\":2,\"name\":\"&#8220;Plec pentru ca el s\u0103 poat\u0103 juca, superstarul FC Rapid Bucure\u0219ti spune c\u0103 va renun\u021ba dac\u0103 el se \u00eentoarce&#8230;&#8221;\"}]},{\"@type\":\"WebSite\",\"@id\":\"https:\\\/\\\/www.letsportsrock.com\\\/#website\",\"url\":\"https:\\\/\\\/www.letsportsrock.com\\\/\",\"name\":\"letsportsrock\",\"description\":\"Sport News and Updates\",\"potentialAction\":[{\"@type\":\"SearchAction\",\"target\":{\"@type\":\"EntryPoint\",\"urlTemplate\":\"https:\\\/\\\/www.letsportsrock.com\\\/?s={search_term_string}\"},\"query-input\":{\"@type\":\"PropertyValueSpecification\",\"valueRequired\":true,\"valueName\":\"search_term_string\"}}],\"inLanguage\":\"en-US\"},{\"@type\":\"Person\",\"@id\":\"https:\\\/\\\/www.letsportsrock.com\\\/#\\\/schema\\\/person\\\/a454ac24e58b214ddd97e4b5afb0bf01\",\"name\":\"letsportsrock\",\"image\":{\"@type\":\"ImageObject\",\"inLanguage\":\"en-US\",\"@id\":\"https:\\\/\\\/secure.gravatar.com\\\/avatar\\\/f8ef950cbb7574c0bc874094b8d307659bfe2d7aa4a9d26fa6917eff010748f9?s=96&d=mm&r=g\",\"url\":\"https:\\\/\\\/secure.gravatar.com\\\/avatar\\\/f8ef950cbb7574c0bc874094b8d307659bfe2d7aa4a9d26fa6917eff010748f9?s=96&d=mm&r=g\",\"contentUrl\":\"https:\\\/\\\/secure.gravatar.com\\\/avatar\\\/f8ef950cbb7574c0bc874094b8d307659bfe2d7aa4a9d26fa6917eff010748f9?s=96&d=mm&r=g\",\"caption\":\"letsportsrock\"},\"sameAs\":[\"https:\\\/\\\/www.letsportsrock.com\"],\"url\":\"https:\\\/\\\/www.letsportsrock.com\\\/?author=1\"}]}<\/script>\n<!-- \/ Yoast SEO plugin. -->","yoast_head_json":{"title":"\"Plec pentru ca el s\u0103 poat\u0103 juca, superstarul FC","description":"\"Plec pentru ca el s\u0103 poat\u0103 juca, superstarul FC Rapid Bucure\u0219ti spune c\u0103 va renun\u021ba dac\u0103 el se \u00eentoarce...\"","robots":{"index":"index","follow":"follow","max-snippet":"max-snippet:-1","max-image-preview":"max-image-preview:large","max-video-preview":"max-video-preview:-1"},"canonical":"https:\/\/www.letsportsrock.com\/?p=18757","og_locale":"en_US","og_type":"article","og_title":"\"Plec pentru ca el s\u0103 poat\u0103 juca, superstarul FC","og_description":"\"Plec pentru ca el s\u0103 poat\u0103 juca, superstarul FC Rapid Bucure\u0219ti spune c\u0103 va renun\u021ba dac\u0103 el se \u00eentoarce...\"","og_url":"https:\/\/www.letsportsrock.com\/?p=18757","og_site_name":"letsportsrock","article_published_time":"2025-01-13T17:41:01+00:00","article_modified_time":"2025-01-13T17:43:37+00:00","og_image":[{"width":739,"height":415,"url":"https:\/\/www.letsportsrock.com\/wp-content\/uploads\/2025\/01\/images-2025-01-13T184300.394.jpeg","type":"image\/jpeg"}],"author":"letsportsrock","twitter_card":"summary_large_image","twitter_misc":{"Written by":"letsportsrock","Est. reading time":"2 minutes"},"schema":{"@context":"https:\/\/schema.org","@graph":[{"@type":"Article","@id":"https:\/\/www.letsportsrock.com\/?p=18757#article","isPartOf":{"@id":"https:\/\/www.letsportsrock.com\/?p=18757"},"author":{"name":"letsportsrock","@id":"https:\/\/www.letsportsrock.com\/#\/schema\/person\/a454ac24e58b214ddd97e4b5afb0bf01"},"headline":"&#8220;Plec pentru ca el s\u0103 poat\u0103 juca, superstarul FC Rapid Bucure\u0219ti spune c\u0103 va renun\u021ba dac\u0103 el se \u00eentoarce&#8230;&#8221;","datePublished":"2025-01-13T17:41:01+00:00","dateModified":"2025-01-13T17:43:37+00:00","mainEntityOfPage":{"@id":"https:\/\/www.letsportsrock.com\/?p=18757"},"wordCount":325,"commentCount":0,"image":{"@id":"https:\/\/www.letsportsrock.com\/?p=18757#primaryimage"},"thumbnailUrl":"https:\/\/www.letsportsrock.com\/wp-content\/uploads\/2025\/01\/images-2025-01-13T184300.394.jpeg","inLanguage":"en-US","potentialAction":[{"@type":"CommentAction","name":"Comment","target":["https:\/\/www.letsportsrock.com\/?p=18757#respond"]}]},{"@type":"WebPage","@id":"https:\/\/www.letsportsrock.com\/?p=18757","url":"https:\/\/www.letsportsrock.com\/?p=18757","name":"\"Plec pentru ca el s\u0103 poat\u0103 juca, superstarul FC","isPartOf":{"@id":"https:\/\/www.letsportsrock.com\/#website"},"primaryImageOfPage":{"@id":"https:\/\/www.letsportsrock.com\/?p=18757#primaryimage"},"image":{"@id":"https:\/\/www.letsportsrock.com\/?p=18757#primaryimage"},"thumbnailUrl":"https:\/\/www.letsportsrock.com\/wp-content\/uploads\/2025\/01\/images-2025-01-13T184300.394.jpeg","datePublished":"2025-01-13T17:41:01+00:00","dateModified":"2025-01-13T17:43:37+00:00","author":{"@id":"https:\/\/www.letsportsrock.com\/#\/schema\/person\/a454ac24e58b214ddd97e4b5afb0bf01"},"description":"\"Plec pentru ca el s\u0103 poat\u0103 juca, superstarul FC Rapid Bucure\u0219ti spune c\u0103 va renun\u021ba dac\u0103 el se \u00eentoarce...\"","breadcrumb":{"@id":"https:\/\/www.letsportsrock.com\/?p=18757#breadcrumb"},"inLanguage":"en-US","potentialAction":[{"@type":"ReadAction","target":["https:\/\/www.letsportsrock.com\/?p=18757"]}]},{"@type":"ImageObject","inLanguage":"en-US","@id":"https:\/\/www.letsportsrock.com\/?p=18757#primaryimage","url":"https:\/\/www.letsportsrock.com\/wp-content\/uploads\/2025\/01\/images-2025-01-13T184300.394.jpeg","contentUrl":"https:\/\/www.letsportsrock.com\/wp-content\/uploads\/2025\/01\/images-2025-01-13T184300.394.jpeg","width":739,"height":415},{"@type":"BreadcrumbList","@id":"https:\/\/www.letsportsrock.com\/?p=18757#breadcrumb","itemListElement":[{"@type":"ListItem","position":1,"name":"Home","item":"https:\/\/www.letsportsrock.com\/"},{"@type":"ListItem","position":2,"name":"&#8220;Plec pentru ca el s\u0103 poat\u0103 juca, superstarul FC Rapid Bucure\u0219ti spune c\u0103 va renun\u021ba dac\u0103 el se \u00eentoarce&#8230;&#8221;"}]},{"@type":"WebSite","@id":"https:\/\/www.letsportsrock.com\/#website","url":"https:\/\/www.letsportsrock.com\/","name":"letsportsrock","description":"Sport News and Updates","potentialAction":[{"@type":"SearchAction","target":{"@type":"EntryPoint","urlTemplate":"https:\/\/www.letsportsrock.com\/?s={search_term_string}"},"query-input":{"@type":"PropertyValueSpecification","valueRequired":true,"valueName":"search_term_string"}}],"inLanguage":"en-US"},{"@type":"Person","@id":"https:\/\/www.letsportsrock.com\/#\/schema\/person\/a454ac24e58b214ddd97e4b5afb0bf01","name":"letsportsrock","image":{"@type":"ImageObject","inLanguage":"en-US","@id":"https:\/\/secure.gravatar.com\/avatar\/f8ef950cbb7574c0bc874094b8d307659bfe2d7aa4a9d26fa6917eff010748f9?s=96&d=mm&r=g","url":"https:\/\/secure.gravatar.com\/avatar\/f8ef950cbb7574c0bc874094b8d307659bfe2d7aa4a9d26fa6917eff010748f9?s=96&d=mm&r=g","contentUrl":"https:\/\/secure.gravatar.com\/avatar\/f8ef950cbb7574c0bc874094b8d307659bfe2d7aa4a9d26fa6917eff010748f9?s=96&d=mm&r=g","caption":"letsportsrock"},"sameAs":["https:\/\/www.letsportsrock.com"],"url":"https:\/\/www.letsportsrock.com\/?author=1"}]}},"jetpack_featured_media_url":"https:\/\/www.letsportsrock.com\/wp-content\/uploads\/2025\/01\/images-2025-01-13T184300.394.jpeg","jetpack_sharing_enabled":true,"_links":{"self":[{"href":"https:\/\/www.letsportsrock.com\/index.php?rest_route=\/wp\/v2\/posts\/18757","targetHints":{"allow":["GET"]}}],"collection":[{"href":"https:\/\/www.letsportsrock.com\/index.php?rest_route=\/wp\/v2\/posts"}],"about":[{"href":"https:\/\/www.letsportsrock.com\/index.php?rest_route=\/wp\/v2\/types\/post"}],"author":[{"embeddable":true,"href":"https:\/\/www.letsportsrock.com\/index.php?rest_route=\/wp\/v2\/users\/1"}],"replies":[{"embeddable":true,"href":"https:\/\/www.letsportsrock.com\/index.php?rest_route=%2Fwp%2Fv2%2Fcomments&post=18757"}],"version-history":[{"count":1,"href":"https:\/\/www.letsportsrock.com\/index.php?rest_route=\/wp\/v2\/posts\/18757\/revisions"}],"predecessor-version":[{"id":18758,"href":"https:\/\/www.letsportsrock.com\/index.php?rest_route=\/wp\/v2\/posts\/18757\/revisions\/18758"}],"wp:featuredmedia":[{"embeddable":true,"href":"https:\/\/www.letsportsrock.com\/index.php?rest_route=\/wp\/v2\/media\/18759"}],"wp:attachment":[{"href":"https:\/\/www.letsportsrock.com\/index.php?rest_route=%2Fwp%2Fv2%2Fmedia&parent=18757"}],"wp:term":[{"taxonomy":"category","embeddable":true,"href":"https:\/\/www.letsportsrock.com\/index.php?rest_route=%2Fwp%2Fv2%2Fcategories&post=18757"},{"taxonomy":"post_tag","embeddable":true,"href":"https:\/\/www.letsportsrock.com\/index.php?rest_route=%2Fwp%2Fv2%2Ftags&post=18757"}],"curies":[{"name":"wp","href":"https:\/\/api.w.org\/{rel}","templated":true}]}}