{"id":18863,"date":"2025-01-14T21:26:43","date_gmt":"2025-01-14T21:26:43","guid":{"rendered":"https:\/\/www.letsportsrock.com\/?p=18863"},"modified":"2025-01-14T21:26:43","modified_gmt":"2025-01-14T21:26:43","slug":"vesti-triste-mijlocasul-fc-dinamo-bucuresti-dennis-politic-anunta-plecarea-din-cauza","status":"publish","type":"post","link":"https:\/\/www.letsportsrock.com\/?p=18863","title":{"rendered":"Ve\u0219ti Triste: Mijloca\u0219ul FC Dinamo Bucure\u0219ti, Dennis Politic, Anun\u021b\u0103 Plecarea Din Cauza&#8230;"},"content":{"rendered":"<div class=\"d79db4796efc26332eabfc3f5dafbc76\" data-index=\"1\" style=\"float: none; margin:10px 0 10px 0; text-align:center;\">\n<div class=\"hb-ad-inarticle\">\r\n    <div class=\"hb-ad-inner\"> \r\n    <div class=\"hbagency_cls\"  id=\"hbagency_space_111930\"><\/div><\/div> <\/div>\n<\/div>\n<p>Ve\u0219ti Triste: Mijloca\u0219ul FC Dinamo Bucure\u0219ti, Dennis Politic, Anun\u021b\u0103 Plecarea Din Cauza&#8230;<\/p>\n<p>&nbsp;<\/p>\n<p>FC Dinamo Bucure\u0219ti a fost lovit de o veste trist\u0103, \u00eentruc\u00e2t mijloca\u0219ul Dennis Politic a anun\u021bat c\u0103 va p\u0103r\u0103si clubul. Decizia sa vine \u00een urma unor motive personale, iar juc\u0103torul nu a oferit prea multe detalii despre circumstan\u021bele care au determinat alegerea sa.<\/p>\n<p>&nbsp;<\/p>\n<p>Dennis Politic, \u00een v\u00e2rst\u0103 de 24 de ani, s-a al\u0103turat echipei din \u201e\u0218tefan Cel Mare\u201d \u00een vara anului 2023 \u0219i a fost rapid apreciat pentru talentul s\u0103u, tehnica fin\u0103 \u0219i abilitatea de a contribui at\u00e2t \u00een atac, c\u00e2t \u0219i la fazele defensive ale jocului. Mijloca\u0219ul a adus o energie proasp\u0103t\u0103 echipei \u0219i a avut o serie de evolu\u021bii remarcabile pe teren, devenind un nume important \u00een schema antrenorului.<\/p>\n<p>&nbsp;<\/p>\n<p>\u00centr-o postare emo\u021bionant\u0103 pe re\u021belele sociale, Politic a mul\u021bumit suporterilor \u0219i colegilor de echip\u0103 pentru sprijinul acordat pe parcursul perioadei sale la Dinamo. \u201eA fost o perioad\u0103 special\u0103 pentru mine, am tr\u0103it momente de neuitat al\u0103turi de aceast\u0103 echip\u0103 \u0219i de fanii incredibili ai clubului. Decizia de a pleca nu a fost u\u0219or de luat, dar simt c\u0103 este momentul s\u0103 merg mai departe. V\u0103 mul\u021bumesc din suflet pentru tot!\u201d, a spus el \u00een mesajul s\u0103u.<\/p>\n<p>&nbsp;<\/p>\n<p>De\u0219i nu a fost specificat\u0103 destina\u021bia sa viitoare, exist\u0103 specula\u021bii c\u0103 Dennis Politic ar putea continua cariera \u00een afacerea interna\u021bional\u0103 sau ar putea face pasul c\u0103tre o alt\u0103 echip\u0103 din Rom\u00e2nia.<\/p>\n<p>&nbsp;<\/p>\n<p>Plecarea sa reprezint\u0103 o pierdere important\u0103 pentru FC Dinamo, dar \u0219i un nou capitol \u00een cariera juc\u0103torului, care va continua s\u0103 fie urm\u0103rit cu interes de fanii fotbalului.<\/p>\n\n<div style=\"font-size: 0px; height: 0px; line-height: 0px; margin: 0; padding: 0; clear: both;\"><\/div>","protected":false},"excerpt":{"rendered":"<p>Ve\u0219ti Triste: Mijloca\u0219ul FC Dinamo Bucure\u0219ti, Dennis Politic, Anun\u021b\u0103 Plecarea Din Cauza&#8230; &nbsp; FC Dinamo Bucure\u0219ti a fost lovit de o veste trist\u0103, \u00eentruc\u00e2t mijloca\u0219ul Dennis Politic a anun\u021bat c\u0103 va p\u0103r\u0103si clubul. Decizia sa vine \u00een urma unor motive personale, iar juc\u0103torul nu a oferit prea multe detalii despre circumstan\u021bele care au determinat alegerea [&hellip;]<\/p>\n","protected":false},"author":1,"featured_media":18864,"comment_status":"open","ping_status":"open","sticky":false,"template":"","format":"standard","meta":{"_jetpack_memberships_contains_paid_content":false,"footnotes":""},"categories":[1],"tags":[],"class_list":["post-18863","post","type-post","status-publish","format-standard","has-post-thumbnail","hentry","category-uncategorized"],"yoast_head":"<!-- This site is optimized with the Yoast SEO plugin v27.4 - https:\/\/yoast.com\/product\/yoast-seo-wordpress\/ -->\n<title>Ve\u0219ti Triste: Mijloca\u0219ul FC Dinamo Bucure\u0219ti, Dennis Politic, Anun\u021b\u0103 Plecarea Din Cauza...<\/title>\n<meta name=\"description\" content=\"Ve\u0219ti Triste: Mijloca\u0219ul FC Dinamo Bucure\u0219ti, Dennis Politic, Anun\u021b\u0103 Plecarea Din Cauza......................\" \/>\n<meta name=\"robots\" content=\"index, follow, max-snippet:-1, max-image-preview:large, max-video-preview:-1\" \/>\n<link rel=\"canonical\" href=\"https:\/\/www.letsportsrock.com\/?p=18863\" \/>\n<meta property=\"og:locale\" content=\"en_US\" \/>\n<meta property=\"og:type\" content=\"article\" \/>\n<meta property=\"og:title\" content=\"Ve\u0219ti Triste: Mijloca\u0219ul FC Dinamo Bucure\u0219ti, Dennis Politic, Anun\u021b\u0103 Plecarea Din Cauza...\" \/>\n<meta property=\"og:description\" content=\"Ve\u0219ti Triste: Mijloca\u0219ul FC Dinamo Bucure\u0219ti, Dennis Politic, Anun\u021b\u0103 Plecarea Din Cauza......................\" \/>\n<meta property=\"og:url\" content=\"https:\/\/www.letsportsrock.com\/?p=18863\" \/>\n<meta property=\"og:site_name\" content=\"letsportsrock\" \/>\n<meta property=\"article:published_time\" content=\"2025-01-14T21:26:43+00:00\" \/>\n<meta property=\"og:image\" content=\"https:\/\/www.letsportsrock.com\/wp-content\/uploads\/2025\/01\/dennis-politic-fc-dinamo-bucuresti-1714485202-135493.jpg\" \/>\n\t<meta property=\"og:image:width\" content=\"1002\" \/>\n\t<meta property=\"og:image:height\" content=\"560\" \/>\n\t<meta property=\"og:image:type\" content=\"image\/jpeg\" \/>\n<meta name=\"author\" content=\"letsportsrock\" \/>\n<meta name=\"twitter:card\" content=\"summary_large_image\" \/>\n<meta name=\"twitter:label1\" content=\"Written by\" \/>\n\t<meta name=\"twitter:data1\" content=\"letsportsrock\" \/>\n\t<meta name=\"twitter:label2\" content=\"Est. reading time\" \/>\n\t<meta name=\"twitter:data2\" content=\"2 minutes\" \/>\n<script type=\"application\/ld+json\" class=\"yoast-schema-graph\">{\"@context\":\"https:\\\/\\\/schema.org\",\"@graph\":[{\"@type\":\"Article\",\"@id\":\"https:\\\/\\\/www.letsportsrock.com\\\/?p=18863#article\",\"isPartOf\":{\"@id\":\"https:\\\/\\\/www.letsportsrock.com\\\/?p=18863\"},\"author\":{\"name\":\"letsportsrock\",\"@id\":\"https:\\\/\\\/www.letsportsrock.com\\\/#\\\/schema\\\/person\\\/a454ac24e58b214ddd97e4b5afb0bf01\"},\"headline\":\"Ve\u0219ti Triste: Mijloca\u0219ul FC Dinamo Bucure\u0219ti, Dennis Politic, Anun\u021b\u0103 Plecarea Din Cauza&#8230;\",\"datePublished\":\"2025-01-14T21:26:43+00:00\",\"mainEntityOfPage\":{\"@id\":\"https:\\\/\\\/www.letsportsrock.com\\\/?p=18863\"},\"wordCount\":311,\"commentCount\":0,\"image\":{\"@id\":\"https:\\\/\\\/www.letsportsrock.com\\\/?p=18863#primaryimage\"},\"thumbnailUrl\":\"https:\\\/\\\/www.letsportsrock.com\\\/wp-content\\\/uploads\\\/2025\\\/01\\\/dennis-politic-fc-dinamo-bucuresti-1714485202-135493.jpg\",\"inLanguage\":\"en-US\",\"potentialAction\":[{\"@type\":\"CommentAction\",\"name\":\"Comment\",\"target\":[\"https:\\\/\\\/www.letsportsrock.com\\\/?p=18863#respond\"]}]},{\"@type\":\"WebPage\",\"@id\":\"https:\\\/\\\/www.letsportsrock.com\\\/?p=18863\",\"url\":\"https:\\\/\\\/www.letsportsrock.com\\\/?p=18863\",\"name\":\"Ve\u0219ti Triste: Mijloca\u0219ul FC Dinamo Bucure\u0219ti, Dennis Politic, Anun\u021b\u0103 Plecarea Din Cauza...\",\"isPartOf\":{\"@id\":\"https:\\\/\\\/www.letsportsrock.com\\\/#website\"},\"primaryImageOfPage\":{\"@id\":\"https:\\\/\\\/www.letsportsrock.com\\\/?p=18863#primaryimage\"},\"image\":{\"@id\":\"https:\\\/\\\/www.letsportsrock.com\\\/?p=18863#primaryimage\"},\"thumbnailUrl\":\"https:\\\/\\\/www.letsportsrock.com\\\/wp-content\\\/uploads\\\/2025\\\/01\\\/dennis-politic-fc-dinamo-bucuresti-1714485202-135493.jpg\",\"datePublished\":\"2025-01-14T21:26:43+00:00\",\"author\":{\"@id\":\"https:\\\/\\\/www.letsportsrock.com\\\/#\\\/schema\\\/person\\\/a454ac24e58b214ddd97e4b5afb0bf01\"},\"description\":\"Ve\u0219ti Triste: Mijloca\u0219ul FC Dinamo Bucure\u0219ti, Dennis Politic, Anun\u021b\u0103 Plecarea Din Cauza......................\",\"breadcrumb\":{\"@id\":\"https:\\\/\\\/www.letsportsrock.com\\\/?p=18863#breadcrumb\"},\"inLanguage\":\"en-US\",\"potentialAction\":[{\"@type\":\"ReadAction\",\"target\":[\"https:\\\/\\\/www.letsportsrock.com\\\/?p=18863\"]}]},{\"@type\":\"ImageObject\",\"inLanguage\":\"en-US\",\"@id\":\"https:\\\/\\\/www.letsportsrock.com\\\/?p=18863#primaryimage\",\"url\":\"https:\\\/\\\/www.letsportsrock.com\\\/wp-content\\\/uploads\\\/2025\\\/01\\\/dennis-politic-fc-dinamo-bucuresti-1714485202-135493.jpg\",\"contentUrl\":\"https:\\\/\\\/www.letsportsrock.com\\\/wp-content\\\/uploads\\\/2025\\\/01\\\/dennis-politic-fc-dinamo-bucuresti-1714485202-135493.jpg\",\"width\":1002,\"height\":560},{\"@type\":\"BreadcrumbList\",\"@id\":\"https:\\\/\\\/www.letsportsrock.com\\\/?p=18863#breadcrumb\",\"itemListElement\":[{\"@type\":\"ListItem\",\"position\":1,\"name\":\"Home\",\"item\":\"https:\\\/\\\/www.letsportsrock.com\\\/\"},{\"@type\":\"ListItem\",\"position\":2,\"name\":\"Ve\u0219ti Triste: Mijloca\u0219ul FC Dinamo Bucure\u0219ti, Dennis Politic, Anun\u021b\u0103 Plecarea Din Cauza&#8230;\"}]},{\"@type\":\"WebSite\",\"@id\":\"https:\\\/\\\/www.letsportsrock.com\\\/#website\",\"url\":\"https:\\\/\\\/www.letsportsrock.com\\\/\",\"name\":\"letsportsrock\",\"description\":\"Sport News and Updates\",\"potentialAction\":[{\"@type\":\"SearchAction\",\"target\":{\"@type\":\"EntryPoint\",\"urlTemplate\":\"https:\\\/\\\/www.letsportsrock.com\\\/?s={search_term_string}\"},\"query-input\":{\"@type\":\"PropertyValueSpecification\",\"valueRequired\":true,\"valueName\":\"search_term_string\"}}],\"inLanguage\":\"en-US\"},{\"@type\":\"Person\",\"@id\":\"https:\\\/\\\/www.letsportsrock.com\\\/#\\\/schema\\\/person\\\/a454ac24e58b214ddd97e4b5afb0bf01\",\"name\":\"letsportsrock\",\"image\":{\"@type\":\"ImageObject\",\"inLanguage\":\"en-US\",\"@id\":\"https:\\\/\\\/secure.gravatar.com\\\/avatar\\\/f8ef950cbb7574c0bc874094b8d307659bfe2d7aa4a9d26fa6917eff010748f9?s=96&d=mm&r=g\",\"url\":\"https:\\\/\\\/secure.gravatar.com\\\/avatar\\\/f8ef950cbb7574c0bc874094b8d307659bfe2d7aa4a9d26fa6917eff010748f9?s=96&d=mm&r=g\",\"contentUrl\":\"https:\\\/\\\/secure.gravatar.com\\\/avatar\\\/f8ef950cbb7574c0bc874094b8d307659bfe2d7aa4a9d26fa6917eff010748f9?s=96&d=mm&r=g\",\"caption\":\"letsportsrock\"},\"sameAs\":[\"https:\\\/\\\/www.letsportsrock.com\"],\"url\":\"https:\\\/\\\/www.letsportsrock.com\\\/?author=1\"}]}<\/script>\n<!-- \/ Yoast SEO plugin. -->","yoast_head_json":{"title":"Ve\u0219ti Triste: Mijloca\u0219ul FC Dinamo Bucure\u0219ti, Dennis Politic, Anun\u021b\u0103 Plecarea Din Cauza...","description":"Ve\u0219ti Triste: Mijloca\u0219ul FC Dinamo Bucure\u0219ti, Dennis Politic, Anun\u021b\u0103 Plecarea Din Cauza......................","robots":{"index":"index","follow":"follow","max-snippet":"max-snippet:-1","max-image-preview":"max-image-preview:large","max-video-preview":"max-video-preview:-1"},"canonical":"https:\/\/www.letsportsrock.com\/?p=18863","og_locale":"en_US","og_type":"article","og_title":"Ve\u0219ti Triste: Mijloca\u0219ul FC Dinamo Bucure\u0219ti, Dennis Politic, Anun\u021b\u0103 Plecarea Din Cauza...","og_description":"Ve\u0219ti Triste: Mijloca\u0219ul FC Dinamo Bucure\u0219ti, Dennis Politic, Anun\u021b\u0103 Plecarea Din Cauza......................","og_url":"https:\/\/www.letsportsrock.com\/?p=18863","og_site_name":"letsportsrock","article_published_time":"2025-01-14T21:26:43+00:00","og_image":[{"width":1002,"height":560,"url":"https:\/\/www.letsportsrock.com\/wp-content\/uploads\/2025\/01\/dennis-politic-fc-dinamo-bucuresti-1714485202-135493.jpg","type":"image\/jpeg"}],"author":"letsportsrock","twitter_card":"summary_large_image","twitter_misc":{"Written by":"letsportsrock","Est. reading time":"2 minutes"},"schema":{"@context":"https:\/\/schema.org","@graph":[{"@type":"Article","@id":"https:\/\/www.letsportsrock.com\/?p=18863#article","isPartOf":{"@id":"https:\/\/www.letsportsrock.com\/?p=18863"},"author":{"name":"letsportsrock","@id":"https:\/\/www.letsportsrock.com\/#\/schema\/person\/a454ac24e58b214ddd97e4b5afb0bf01"},"headline":"Ve\u0219ti Triste: Mijloca\u0219ul FC Dinamo Bucure\u0219ti, Dennis Politic, Anun\u021b\u0103 Plecarea Din Cauza&#8230;","datePublished":"2025-01-14T21:26:43+00:00","mainEntityOfPage":{"@id":"https:\/\/www.letsportsrock.com\/?p=18863"},"wordCount":311,"commentCount":0,"image":{"@id":"https:\/\/www.letsportsrock.com\/?p=18863#primaryimage"},"thumbnailUrl":"https:\/\/www.letsportsrock.com\/wp-content\/uploads\/2025\/01\/dennis-politic-fc-dinamo-bucuresti-1714485202-135493.jpg","inLanguage":"en-US","potentialAction":[{"@type":"CommentAction","name":"Comment","target":["https:\/\/www.letsportsrock.com\/?p=18863#respond"]}]},{"@type":"WebPage","@id":"https:\/\/www.letsportsrock.com\/?p=18863","url":"https:\/\/www.letsportsrock.com\/?p=18863","name":"Ve\u0219ti Triste: Mijloca\u0219ul FC Dinamo Bucure\u0219ti, Dennis Politic, Anun\u021b\u0103 Plecarea Din Cauza...","isPartOf":{"@id":"https:\/\/www.letsportsrock.com\/#website"},"primaryImageOfPage":{"@id":"https:\/\/www.letsportsrock.com\/?p=18863#primaryimage"},"image":{"@id":"https:\/\/www.letsportsrock.com\/?p=18863#primaryimage"},"thumbnailUrl":"https:\/\/www.letsportsrock.com\/wp-content\/uploads\/2025\/01\/dennis-politic-fc-dinamo-bucuresti-1714485202-135493.jpg","datePublished":"2025-01-14T21:26:43+00:00","author":{"@id":"https:\/\/www.letsportsrock.com\/#\/schema\/person\/a454ac24e58b214ddd97e4b5afb0bf01"},"description":"Ve\u0219ti Triste: Mijloca\u0219ul FC Dinamo Bucure\u0219ti, Dennis Politic, Anun\u021b\u0103 Plecarea Din Cauza......................","breadcrumb":{"@id":"https:\/\/www.letsportsrock.com\/?p=18863#breadcrumb"},"inLanguage":"en-US","potentialAction":[{"@type":"ReadAction","target":["https:\/\/www.letsportsrock.com\/?p=18863"]}]},{"@type":"ImageObject","inLanguage":"en-US","@id":"https:\/\/www.letsportsrock.com\/?p=18863#primaryimage","url":"https:\/\/www.letsportsrock.com\/wp-content\/uploads\/2025\/01\/dennis-politic-fc-dinamo-bucuresti-1714485202-135493.jpg","contentUrl":"https:\/\/www.letsportsrock.com\/wp-content\/uploads\/2025\/01\/dennis-politic-fc-dinamo-bucuresti-1714485202-135493.jpg","width":1002,"height":560},{"@type":"BreadcrumbList","@id":"https:\/\/www.letsportsrock.com\/?p=18863#breadcrumb","itemListElement":[{"@type":"ListItem","position":1,"name":"Home","item":"https:\/\/www.letsportsrock.com\/"},{"@type":"ListItem","position":2,"name":"Ve\u0219ti Triste: Mijloca\u0219ul FC Dinamo Bucure\u0219ti, Dennis Politic, Anun\u021b\u0103 Plecarea Din Cauza&#8230;"}]},{"@type":"WebSite","@id":"https:\/\/www.letsportsrock.com\/#website","url":"https:\/\/www.letsportsrock.com\/","name":"letsportsrock","description":"Sport News and Updates","potentialAction":[{"@type":"SearchAction","target":{"@type":"EntryPoint","urlTemplate":"https:\/\/www.letsportsrock.com\/?s={search_term_string}"},"query-input":{"@type":"PropertyValueSpecification","valueRequired":true,"valueName":"search_term_string"}}],"inLanguage":"en-US"},{"@type":"Person","@id":"https:\/\/www.letsportsrock.com\/#\/schema\/person\/a454ac24e58b214ddd97e4b5afb0bf01","name":"letsportsrock","image":{"@type":"ImageObject","inLanguage":"en-US","@id":"https:\/\/secure.gravatar.com\/avatar\/f8ef950cbb7574c0bc874094b8d307659bfe2d7aa4a9d26fa6917eff010748f9?s=96&d=mm&r=g","url":"https:\/\/secure.gravatar.com\/avatar\/f8ef950cbb7574c0bc874094b8d307659bfe2d7aa4a9d26fa6917eff010748f9?s=96&d=mm&r=g","contentUrl":"https:\/\/secure.gravatar.com\/avatar\/f8ef950cbb7574c0bc874094b8d307659bfe2d7aa4a9d26fa6917eff010748f9?s=96&d=mm&r=g","caption":"letsportsrock"},"sameAs":["https:\/\/www.letsportsrock.com"],"url":"https:\/\/www.letsportsrock.com\/?author=1"}]}},"jetpack_featured_media_url":"https:\/\/www.letsportsrock.com\/wp-content\/uploads\/2025\/01\/dennis-politic-fc-dinamo-bucuresti-1714485202-135493.jpg","jetpack_sharing_enabled":true,"_links":{"self":[{"href":"https:\/\/www.letsportsrock.com\/index.php?rest_route=\/wp\/v2\/posts\/18863","targetHints":{"allow":["GET"]}}],"collection":[{"href":"https:\/\/www.letsportsrock.com\/index.php?rest_route=\/wp\/v2\/posts"}],"about":[{"href":"https:\/\/www.letsportsrock.com\/index.php?rest_route=\/wp\/v2\/types\/post"}],"author":[{"embeddable":true,"href":"https:\/\/www.letsportsrock.com\/index.php?rest_route=\/wp\/v2\/users\/1"}],"replies":[{"embeddable":true,"href":"https:\/\/www.letsportsrock.com\/index.php?rest_route=%2Fwp%2Fv2%2Fcomments&post=18863"}],"version-history":[{"count":1,"href":"https:\/\/www.letsportsrock.com\/index.php?rest_route=\/wp\/v2\/posts\/18863\/revisions"}],"predecessor-version":[{"id":18866,"href":"https:\/\/www.letsportsrock.com\/index.php?rest_route=\/wp\/v2\/posts\/18863\/revisions\/18866"}],"wp:featuredmedia":[{"embeddable":true,"href":"https:\/\/www.letsportsrock.com\/index.php?rest_route=\/wp\/v2\/media\/18864"}],"wp:attachment":[{"href":"https:\/\/www.letsportsrock.com\/index.php?rest_route=%2Fwp%2Fv2%2Fmedia&parent=18863"}],"wp:term":[{"taxonomy":"category","embeddable":true,"href":"https:\/\/www.letsportsrock.com\/index.php?rest_route=%2Fwp%2Fv2%2Fcategories&post=18863"},{"taxonomy":"post_tag","embeddable":true,"href":"https:\/\/www.letsportsrock.com\/index.php?rest_route=%2Fwp%2Fv2%2Ftags&post=18863"}],"curies":[{"name":"wp","href":"https:\/\/api.w.org\/{rel}","templated":true}]}}