{"id":19221,"date":"2025-01-17T21:25:34","date_gmt":"2025-01-17T21:25:34","guid":{"rendered":"https:\/\/www.letsportsrock.com\/?p=19221"},"modified":"2025-01-17T21:27:03","modified_gmt":"2025-01-17T21:27:03","slug":"despartire-dureroasa-jucator-cheie-al-fc-dinamo-bucuresti-a-plecat","status":"publish","type":"post","link":"https:\/\/www.letsportsrock.com\/?p=19221","title":{"rendered":"Desp\u0103r\u021bire Dureroas\u0103: Juc\u0103tor Cheie al FC Dinamo Bucure\u0219ti a Plecat\u2026"},"content":{"rendered":"<div class=\"d79db4796efc26332eabfc3f5dafbc76\" data-index=\"1\" style=\"float: none; margin:10px 0 10px 0; text-align:center;\">\n<div class=\"hb-ad-inarticle\">\r\n    <div class=\"hb-ad-inner\"> \r\n    <div class=\"hbagency_cls\"  id=\"hbagency_space_111930\"><\/div><\/div> <\/div>\n<\/div>\n<p>**Desp\u0103r\u021bire Dureroas\u0103: Juc\u0103tor Cheie al FC Dinamo Bucure\u0219ti a Plecat\u2026**<\/p>\n<p>&nbsp;<\/p>\n<p>FC Dinamo Bucure\u0219ti se confrunt\u0103 cu o pierdere semnificativ\u0103 \u00een echip\u0103, dup\u0103 ce unul dintre cei mai importan\u021bi juc\u0103tori ai lor a decis s\u0103 p\u0103r\u0103seasc\u0103 clubul. Fanii \u201ec\u00e2inilor\u201d sunt profund \u00eentrista\u021bi de plecarea acestuia, iar impactul se va resim\u021bi cu siguran\u021b\u0103 pe teren. Juc\u0103torul \u00een cauz\u0103 a fost o pies\u0103 de rezisten\u021b\u0103 \u00een strategiile antrenorilor \u0219i a demonstrat o constant\u0103 valoare \u00een cadrul echipei, fiind unul dintre cei mai buni \u0219i influen\u021bi juc\u0103tori.<\/p>\n<p>&nbsp;<\/p>\n<p>\u00cen ultimii ani, acest juc\u0103tor a fost o prezen\u021b\u0103 constant\u0103 \u0219i un lider pe teren, at\u00e2t prin abilit\u0103\u021bile sale tehnice remarcabile, c\u00e2t \u0219i prin devotamentul fa\u021b\u0103 de culorile clubului. Acesta a avut un rol esen\u021bial \u00een multe dintre victoriile importante ale echipei \u0219i a contribuit semnificativ la consolidarea imaginii FC Dinamo ca o echip\u0103 de top \u00een fotbalul rom\u00e2nesc.<\/p>\n<p>&nbsp;<\/p>\n<p>Plecarea sa vine \u00eentr-un moment delicat pentru club, care se afl\u0103 \u00eentr-o perioad\u0103 de reconstruire \u0219i re\u00eennoire a echipei. Fanii sunt \u00eengrijora\u021bi de cum va afecta aceast\u0103 absen\u021b\u0103 dinamica echipei, av\u00e2nd \u00een vedere c\u0103 juc\u0103torul respectiv era considerat un pilon de baz\u0103. De asemenea, pierderea unui astfel de juc\u0103tor poate duce la o ajustare a strategiilor tactice ale antrenorului, iar acesta va trebui s\u0103 g\u0103seasc\u0103 rapid o solu\u021bie pentru a umple golul l\u0103sat.<\/p>\n<p>&nbsp;<\/p>\n<p>Dinamo va trebui s\u0103 \u00ee\u0219i reg\u0103seasc\u0103 echilibrul \u0219i s\u0103 \u00ee\u0219i uneasc\u0103 for\u021bele pentru a dep\u0103\u0219i acest moment greu. Cu toate acestea, plecarea unui juc\u0103tor de valoare va l\u0103sa o amprent\u0103 greu de \u0219ters \u00een sufletele suporterilor care au sus\u021binut echipa \u00een toate momentele, bune sau rele.<\/p>\n\n<div style=\"font-size: 0px; height: 0px; line-height: 0px; margin: 0; padding: 0; clear: both;\"><\/div>","protected":false},"excerpt":{"rendered":"<p>**Desp\u0103r\u021bire Dureroas\u0103: Juc\u0103tor Cheie al FC Dinamo Bucure\u0219ti a Plecat\u2026** &nbsp; FC Dinamo Bucure\u0219ti se confrunt\u0103 cu o pierdere semnificativ\u0103 \u00een echip\u0103, dup\u0103 ce unul dintre cei mai importan\u021bi juc\u0103tori ai lor a decis s\u0103 p\u0103r\u0103seasc\u0103 clubul. Fanii \u201ec\u00e2inilor\u201d sunt profund \u00eentrista\u021bi de plecarea acestuia, iar impactul se va resim\u021bi cu siguran\u021b\u0103 pe teren. Juc\u0103torul [&hellip;]<\/p>\n","protected":false},"author":1,"featured_media":19223,"comment_status":"open","ping_status":"open","sticky":false,"template":"","format":"standard","meta":{"_jetpack_memberships_contains_paid_content":false,"footnotes":""},"categories":[1],"tags":[],"class_list":["post-19221","post","type-post","status-publish","format-standard","has-post-thumbnail","hentry","category-uncategorized"],"yoast_head":"<!-- This site is optimized with the Yoast SEO plugin v27.4 - https:\/\/yoast.com\/product\/yoast-seo-wordpress\/ -->\n<title>Desp\u0103r\u021bire Dureroas\u0103: Juc\u0103tor Cheie al FC Dinamo Bucure\u0219ti a Plecat\u2026<\/title>\n<meta name=\"description\" content=\"Desp\u0103r\u021bire Dureroas\u0103: Juc\u0103tor Cheie al FC Dinamo Bucure\u0219ti a Plecat\u2026.......................,..................\" \/>\n<meta name=\"robots\" content=\"index, follow, max-snippet:-1, max-image-preview:large, max-video-preview:-1\" \/>\n<link rel=\"canonical\" href=\"https:\/\/www.letsportsrock.com\/?p=19221\" \/>\n<meta property=\"og:locale\" content=\"en_US\" \/>\n<meta property=\"og:type\" content=\"article\" \/>\n<meta property=\"og:title\" content=\"Desp\u0103r\u021bire Dureroas\u0103: Juc\u0103tor Cheie al FC Dinamo Bucure\u0219ti a Plecat\u2026\" \/>\n<meta property=\"og:description\" content=\"Desp\u0103r\u021bire Dureroas\u0103: Juc\u0103tor Cheie al FC Dinamo Bucure\u0219ti a Plecat\u2026.......................,..................\" \/>\n<meta property=\"og:url\" content=\"https:\/\/www.letsportsrock.com\/?p=19221\" \/>\n<meta property=\"og:site_name\" content=\"letsportsrock\" \/>\n<meta property=\"article:published_time\" content=\"2025-01-17T21:25:34+00:00\" \/>\n<meta property=\"article:modified_time\" content=\"2025-01-17T21:27:03+00:00\" \/>\n<meta property=\"og:image\" content=\"https:\/\/www.letsportsrock.com\/wp-content\/uploads\/2025\/01\/images-2025-01-17T222559.083.jpeg\" \/>\n\t<meta property=\"og:image:width\" content=\"440\" \/>\n\t<meta property=\"og:image:height\" content=\"294\" \/>\n\t<meta property=\"og:image:type\" content=\"image\/jpeg\" \/>\n<meta name=\"author\" content=\"letsportsrock\" \/>\n<meta name=\"twitter:card\" content=\"summary_large_image\" \/>\n<meta name=\"twitter:label1\" content=\"Written by\" \/>\n\t<meta name=\"twitter:data1\" content=\"letsportsrock\" \/>\n\t<meta name=\"twitter:label2\" content=\"Est. reading time\" \/>\n\t<meta name=\"twitter:data2\" content=\"2 minutes\" \/>\n<script type=\"application\/ld+json\" class=\"yoast-schema-graph\">{\"@context\":\"https:\\\/\\\/schema.org\",\"@graph\":[{\"@type\":\"Article\",\"@id\":\"https:\\\/\\\/www.letsportsrock.com\\\/?p=19221#article\",\"isPartOf\":{\"@id\":\"https:\\\/\\\/www.letsportsrock.com\\\/?p=19221\"},\"author\":{\"name\":\"letsportsrock\",\"@id\":\"https:\\\/\\\/www.letsportsrock.com\\\/#\\\/schema\\\/person\\\/a454ac24e58b214ddd97e4b5afb0bf01\"},\"headline\":\"Desp\u0103r\u021bire Dureroas\u0103: Juc\u0103tor Cheie al FC Dinamo Bucure\u0219ti a Plecat\u2026\",\"datePublished\":\"2025-01-17T21:25:34+00:00\",\"dateModified\":\"2025-01-17T21:27:03+00:00\",\"mainEntityOfPage\":{\"@id\":\"https:\\\/\\\/www.letsportsrock.com\\\/?p=19221\"},\"wordCount\":314,\"commentCount\":0,\"image\":{\"@id\":\"https:\\\/\\\/www.letsportsrock.com\\\/?p=19221#primaryimage\"},\"thumbnailUrl\":\"https:\\\/\\\/www.letsportsrock.com\\\/wp-content\\\/uploads\\\/2025\\\/01\\\/images-2025-01-17T222559.083.jpeg\",\"inLanguage\":\"en-US\",\"potentialAction\":[{\"@type\":\"CommentAction\",\"name\":\"Comment\",\"target\":[\"https:\\\/\\\/www.letsportsrock.com\\\/?p=19221#respond\"]}]},{\"@type\":\"WebPage\",\"@id\":\"https:\\\/\\\/www.letsportsrock.com\\\/?p=19221\",\"url\":\"https:\\\/\\\/www.letsportsrock.com\\\/?p=19221\",\"name\":\"Desp\u0103r\u021bire Dureroas\u0103: Juc\u0103tor Cheie al FC Dinamo Bucure\u0219ti a Plecat\u2026\",\"isPartOf\":{\"@id\":\"https:\\\/\\\/www.letsportsrock.com\\\/#website\"},\"primaryImageOfPage\":{\"@id\":\"https:\\\/\\\/www.letsportsrock.com\\\/?p=19221#primaryimage\"},\"image\":{\"@id\":\"https:\\\/\\\/www.letsportsrock.com\\\/?p=19221#primaryimage\"},\"thumbnailUrl\":\"https:\\\/\\\/www.letsportsrock.com\\\/wp-content\\\/uploads\\\/2025\\\/01\\\/images-2025-01-17T222559.083.jpeg\",\"datePublished\":\"2025-01-17T21:25:34+00:00\",\"dateModified\":\"2025-01-17T21:27:03+00:00\",\"author\":{\"@id\":\"https:\\\/\\\/www.letsportsrock.com\\\/#\\\/schema\\\/person\\\/a454ac24e58b214ddd97e4b5afb0bf01\"},\"description\":\"Desp\u0103r\u021bire Dureroas\u0103: Juc\u0103tor Cheie al FC Dinamo Bucure\u0219ti a Plecat\u2026.......................,..................\",\"breadcrumb\":{\"@id\":\"https:\\\/\\\/www.letsportsrock.com\\\/?p=19221#breadcrumb\"},\"inLanguage\":\"en-US\",\"potentialAction\":[{\"@type\":\"ReadAction\",\"target\":[\"https:\\\/\\\/www.letsportsrock.com\\\/?p=19221\"]}]},{\"@type\":\"ImageObject\",\"inLanguage\":\"en-US\",\"@id\":\"https:\\\/\\\/www.letsportsrock.com\\\/?p=19221#primaryimage\",\"url\":\"https:\\\/\\\/www.letsportsrock.com\\\/wp-content\\\/uploads\\\/2025\\\/01\\\/images-2025-01-17T222559.083.jpeg\",\"contentUrl\":\"https:\\\/\\\/www.letsportsrock.com\\\/wp-content\\\/uploads\\\/2025\\\/01\\\/images-2025-01-17T222559.083.jpeg\",\"width\":440,\"height\":294},{\"@type\":\"BreadcrumbList\",\"@id\":\"https:\\\/\\\/www.letsportsrock.com\\\/?p=19221#breadcrumb\",\"itemListElement\":[{\"@type\":\"ListItem\",\"position\":1,\"name\":\"Home\",\"item\":\"https:\\\/\\\/www.letsportsrock.com\\\/\"},{\"@type\":\"ListItem\",\"position\":2,\"name\":\"Desp\u0103r\u021bire Dureroas\u0103: Juc\u0103tor Cheie al FC Dinamo Bucure\u0219ti a Plecat\u2026\"}]},{\"@type\":\"WebSite\",\"@id\":\"https:\\\/\\\/www.letsportsrock.com\\\/#website\",\"url\":\"https:\\\/\\\/www.letsportsrock.com\\\/\",\"name\":\"letsportsrock\",\"description\":\"Sport News and Updates\",\"potentialAction\":[{\"@type\":\"SearchAction\",\"target\":{\"@type\":\"EntryPoint\",\"urlTemplate\":\"https:\\\/\\\/www.letsportsrock.com\\\/?s={search_term_string}\"},\"query-input\":{\"@type\":\"PropertyValueSpecification\",\"valueRequired\":true,\"valueName\":\"search_term_string\"}}],\"inLanguage\":\"en-US\"},{\"@type\":\"Person\",\"@id\":\"https:\\\/\\\/www.letsportsrock.com\\\/#\\\/schema\\\/person\\\/a454ac24e58b214ddd97e4b5afb0bf01\",\"name\":\"letsportsrock\",\"image\":{\"@type\":\"ImageObject\",\"inLanguage\":\"en-US\",\"@id\":\"https:\\\/\\\/secure.gravatar.com\\\/avatar\\\/f8ef950cbb7574c0bc874094b8d307659bfe2d7aa4a9d26fa6917eff010748f9?s=96&d=mm&r=g\",\"url\":\"https:\\\/\\\/secure.gravatar.com\\\/avatar\\\/f8ef950cbb7574c0bc874094b8d307659bfe2d7aa4a9d26fa6917eff010748f9?s=96&d=mm&r=g\",\"contentUrl\":\"https:\\\/\\\/secure.gravatar.com\\\/avatar\\\/f8ef950cbb7574c0bc874094b8d307659bfe2d7aa4a9d26fa6917eff010748f9?s=96&d=mm&r=g\",\"caption\":\"letsportsrock\"},\"sameAs\":[\"https:\\\/\\\/www.letsportsrock.com\"],\"url\":\"https:\\\/\\\/www.letsportsrock.com\\\/?author=1\"}]}<\/script>\n<!-- \/ Yoast SEO plugin. -->","yoast_head_json":{"title":"Desp\u0103r\u021bire Dureroas\u0103: Juc\u0103tor Cheie al FC Dinamo Bucure\u0219ti a Plecat\u2026","description":"Desp\u0103r\u021bire Dureroas\u0103: Juc\u0103tor Cheie al FC Dinamo Bucure\u0219ti a Plecat\u2026.......................,..................","robots":{"index":"index","follow":"follow","max-snippet":"max-snippet:-1","max-image-preview":"max-image-preview:large","max-video-preview":"max-video-preview:-1"},"canonical":"https:\/\/www.letsportsrock.com\/?p=19221","og_locale":"en_US","og_type":"article","og_title":"Desp\u0103r\u021bire Dureroas\u0103: Juc\u0103tor Cheie al FC Dinamo Bucure\u0219ti a Plecat\u2026","og_description":"Desp\u0103r\u021bire Dureroas\u0103: Juc\u0103tor Cheie al FC Dinamo Bucure\u0219ti a Plecat\u2026.......................,..................","og_url":"https:\/\/www.letsportsrock.com\/?p=19221","og_site_name":"letsportsrock","article_published_time":"2025-01-17T21:25:34+00:00","article_modified_time":"2025-01-17T21:27:03+00:00","og_image":[{"width":440,"height":294,"url":"https:\/\/www.letsportsrock.com\/wp-content\/uploads\/2025\/01\/images-2025-01-17T222559.083.jpeg","type":"image\/jpeg"}],"author":"letsportsrock","twitter_card":"summary_large_image","twitter_misc":{"Written by":"letsportsrock","Est. reading time":"2 minutes"},"schema":{"@context":"https:\/\/schema.org","@graph":[{"@type":"Article","@id":"https:\/\/www.letsportsrock.com\/?p=19221#article","isPartOf":{"@id":"https:\/\/www.letsportsrock.com\/?p=19221"},"author":{"name":"letsportsrock","@id":"https:\/\/www.letsportsrock.com\/#\/schema\/person\/a454ac24e58b214ddd97e4b5afb0bf01"},"headline":"Desp\u0103r\u021bire Dureroas\u0103: Juc\u0103tor Cheie al FC Dinamo Bucure\u0219ti a Plecat\u2026","datePublished":"2025-01-17T21:25:34+00:00","dateModified":"2025-01-17T21:27:03+00:00","mainEntityOfPage":{"@id":"https:\/\/www.letsportsrock.com\/?p=19221"},"wordCount":314,"commentCount":0,"image":{"@id":"https:\/\/www.letsportsrock.com\/?p=19221#primaryimage"},"thumbnailUrl":"https:\/\/www.letsportsrock.com\/wp-content\/uploads\/2025\/01\/images-2025-01-17T222559.083.jpeg","inLanguage":"en-US","potentialAction":[{"@type":"CommentAction","name":"Comment","target":["https:\/\/www.letsportsrock.com\/?p=19221#respond"]}]},{"@type":"WebPage","@id":"https:\/\/www.letsportsrock.com\/?p=19221","url":"https:\/\/www.letsportsrock.com\/?p=19221","name":"Desp\u0103r\u021bire Dureroas\u0103: Juc\u0103tor Cheie al FC Dinamo Bucure\u0219ti a Plecat\u2026","isPartOf":{"@id":"https:\/\/www.letsportsrock.com\/#website"},"primaryImageOfPage":{"@id":"https:\/\/www.letsportsrock.com\/?p=19221#primaryimage"},"image":{"@id":"https:\/\/www.letsportsrock.com\/?p=19221#primaryimage"},"thumbnailUrl":"https:\/\/www.letsportsrock.com\/wp-content\/uploads\/2025\/01\/images-2025-01-17T222559.083.jpeg","datePublished":"2025-01-17T21:25:34+00:00","dateModified":"2025-01-17T21:27:03+00:00","author":{"@id":"https:\/\/www.letsportsrock.com\/#\/schema\/person\/a454ac24e58b214ddd97e4b5afb0bf01"},"description":"Desp\u0103r\u021bire Dureroas\u0103: Juc\u0103tor Cheie al FC Dinamo Bucure\u0219ti a Plecat\u2026.......................,..................","breadcrumb":{"@id":"https:\/\/www.letsportsrock.com\/?p=19221#breadcrumb"},"inLanguage":"en-US","potentialAction":[{"@type":"ReadAction","target":["https:\/\/www.letsportsrock.com\/?p=19221"]}]},{"@type":"ImageObject","inLanguage":"en-US","@id":"https:\/\/www.letsportsrock.com\/?p=19221#primaryimage","url":"https:\/\/www.letsportsrock.com\/wp-content\/uploads\/2025\/01\/images-2025-01-17T222559.083.jpeg","contentUrl":"https:\/\/www.letsportsrock.com\/wp-content\/uploads\/2025\/01\/images-2025-01-17T222559.083.jpeg","width":440,"height":294},{"@type":"BreadcrumbList","@id":"https:\/\/www.letsportsrock.com\/?p=19221#breadcrumb","itemListElement":[{"@type":"ListItem","position":1,"name":"Home","item":"https:\/\/www.letsportsrock.com\/"},{"@type":"ListItem","position":2,"name":"Desp\u0103r\u021bire Dureroas\u0103: Juc\u0103tor Cheie al FC Dinamo Bucure\u0219ti a Plecat\u2026"}]},{"@type":"WebSite","@id":"https:\/\/www.letsportsrock.com\/#website","url":"https:\/\/www.letsportsrock.com\/","name":"letsportsrock","description":"Sport News and Updates","potentialAction":[{"@type":"SearchAction","target":{"@type":"EntryPoint","urlTemplate":"https:\/\/www.letsportsrock.com\/?s={search_term_string}"},"query-input":{"@type":"PropertyValueSpecification","valueRequired":true,"valueName":"search_term_string"}}],"inLanguage":"en-US"},{"@type":"Person","@id":"https:\/\/www.letsportsrock.com\/#\/schema\/person\/a454ac24e58b214ddd97e4b5afb0bf01","name":"letsportsrock","image":{"@type":"ImageObject","inLanguage":"en-US","@id":"https:\/\/secure.gravatar.com\/avatar\/f8ef950cbb7574c0bc874094b8d307659bfe2d7aa4a9d26fa6917eff010748f9?s=96&d=mm&r=g","url":"https:\/\/secure.gravatar.com\/avatar\/f8ef950cbb7574c0bc874094b8d307659bfe2d7aa4a9d26fa6917eff010748f9?s=96&d=mm&r=g","contentUrl":"https:\/\/secure.gravatar.com\/avatar\/f8ef950cbb7574c0bc874094b8d307659bfe2d7aa4a9d26fa6917eff010748f9?s=96&d=mm&r=g","caption":"letsportsrock"},"sameAs":["https:\/\/www.letsportsrock.com"],"url":"https:\/\/www.letsportsrock.com\/?author=1"}]}},"jetpack_featured_media_url":"https:\/\/www.letsportsrock.com\/wp-content\/uploads\/2025\/01\/images-2025-01-17T222559.083.jpeg","jetpack_sharing_enabled":true,"_links":{"self":[{"href":"https:\/\/www.letsportsrock.com\/index.php?rest_route=\/wp\/v2\/posts\/19221","targetHints":{"allow":["GET"]}}],"collection":[{"href":"https:\/\/www.letsportsrock.com\/index.php?rest_route=\/wp\/v2\/posts"}],"about":[{"href":"https:\/\/www.letsportsrock.com\/index.php?rest_route=\/wp\/v2\/types\/post"}],"author":[{"embeddable":true,"href":"https:\/\/www.letsportsrock.com\/index.php?rest_route=\/wp\/v2\/users\/1"}],"replies":[{"embeddable":true,"href":"https:\/\/www.letsportsrock.com\/index.php?rest_route=%2Fwp%2Fv2%2Fcomments&post=19221"}],"version-history":[{"count":1,"href":"https:\/\/www.letsportsrock.com\/index.php?rest_route=\/wp\/v2\/posts\/19221\/revisions"}],"predecessor-version":[{"id":19222,"href":"https:\/\/www.letsportsrock.com\/index.php?rest_route=\/wp\/v2\/posts\/19221\/revisions\/19222"}],"wp:featuredmedia":[{"embeddable":true,"href":"https:\/\/www.letsportsrock.com\/index.php?rest_route=\/wp\/v2\/media\/19223"}],"wp:attachment":[{"href":"https:\/\/www.letsportsrock.com\/index.php?rest_route=%2Fwp%2Fv2%2Fmedia&parent=19221"}],"wp:term":[{"taxonomy":"category","embeddable":true,"href":"https:\/\/www.letsportsrock.com\/index.php?rest_route=%2Fwp%2Fv2%2Fcategories&post=19221"},{"taxonomy":"post_tag","embeddable":true,"href":"https:\/\/www.letsportsrock.com\/index.php?rest_route=%2Fwp%2Fv2%2Ftags&post=19221"}],"curies":[{"name":"wp","href":"https:\/\/api.w.org\/{rel}","templated":true}]}}