{"id":19271,"date":"2025-01-18T19:01:34","date_gmt":"2025-01-18T19:01:34","guid":{"rendered":"https:\/\/www.letsportsrock.com\/?p=19271"},"modified":"2025-01-18T19:13:34","modified_gmt":"2025-01-18T19:13:34","slug":"antrenorul-celor-de-la-fc-rapid-bucuresti-a-facut-o-declaratie-devastatoare-despre","status":"publish","type":"post","link":"https:\/\/www.letsportsrock.com\/?p=19271","title":{"rendered":"&#8220;Antrenorul celor de la FC Rapid Bucure\u0219ti a f\u0103cut o declara\u021bie devastatoare despre&#8230;&#8221;"},"content":{"rendered":"<div class=\"d79db4796efc26332eabfc3f5dafbc76\" data-index=\"1\" style=\"float: none; margin:10px 0 10px 0; text-align:center;\">\n<div class=\"hb-ad-inarticle\">\r\n    <div class=\"hb-ad-inner\"> \r\n    <div class=\"hbagency_cls\"  id=\"hbagency_space_111930\"><\/div><\/div> <\/div>\n<\/div>\n<p>Antrenorul celor de la FC Rapid Bucure\u0219ti, \u00eentr-o declara\u021bie recent\u0103, a abordat o situa\u021bie delicat\u0103 legat\u0103 de performan\u021bele echipei \u0219i viitorul acesteia. Tehnicianul a m\u0103rturisit c\u0103 se simte dezam\u0103git de evolu\u021biile juc\u0103torilor \u0219i de rezultatele ob\u021binute \u00een ultimele meciuri, subliniind c\u0103 sunt aspecte care trebuie urgent \u00eembun\u0103t\u0103\u021bite dac\u0103 echipa dore\u0219te s\u0103 r\u0103m\u00e2n\u0103 \u00een topul competi\u021biei.<\/p>\n<p>&nbsp;<\/p>\n<p>\u201eNu pot s\u0103 ascund faptul c\u0103 sunt extrem de nemul\u021bumit de ceea ce se \u00eent\u00e2mpl\u0103 \u00een ultima perioad\u0103. A\u0219tept\u0103rile noastre erau mult mai mari \u0219i sunt con\u0219tient c\u0103 avem mult de muncit. Sunt juc\u0103tori cu poten\u021bial, dar trebuie s\u0103 demonstreze pe teren c\u0103 pot s\u0103 dea totul pentru aceast\u0103 echip\u0103\u201d, a declarat antrenorul, vizibil afectat de situa\u021bie.<\/p>\n<p>&nbsp;<\/p>\n<p>Antrenorul a vorbit \u0219i despre presiunea care exist\u0103 la nivelul clubului \u0219i despre importan\u021ba de a dep\u0103\u0219i aceste momente dificile. El a ad\u0103ugat c\u0103 o schimbare de mentalitate \u0219i o concentrare mai mare pe detaliile tactice sunt esen\u021biale pentru a \u00eenfrunta urm\u0103toarele provoc\u0103ri. De asemenea, a punctat faptul c\u0103 exist\u0103 o atmosfer\u0103 destul de tensionat\u0103 \u00een cadrul vestiarului, iar acest lucru nu ajut\u0103 echipa s\u0103 evolueze la nivelul dorit.<\/p>\n<p>&nbsp;<\/p>\n<p>\u00cen \u00eencheiere, antrenorul a declarat c\u0103 este hot\u0103r\u00e2t s\u0103 lucreze intens al\u0103turi de juc\u0103tori pentru a redresa situa\u021bia \u0219i a adus \u00een discu\u021bie necesitatea unor ajust\u0103ri strategice pe care le va implementa \u00een perioada urm\u0103toare. Fanii echipei a\u0219teapt\u0103 cu ner\u0103bdare reac\u021bia echipei \u0219i sper\u0103 ca Rapid s\u0103 \u00ee\u0219i reg\u0103seasc\u0103 rapid ritmul \u0219i s\u0103 revin\u0103 la formele care le-au adus succes \u00een trecut.<\/p>\n\n<div style=\"font-size: 0px; height: 0px; line-height: 0px; margin: 0; padding: 0; clear: both;\"><\/div>","protected":false},"excerpt":{"rendered":"<p>Antrenorul celor de la FC Rapid Bucure\u0219ti, \u00eentr-o declara\u021bie recent\u0103, a abordat o situa\u021bie delicat\u0103 legat\u0103 de performan\u021bele echipei \u0219i viitorul acesteia. Tehnicianul a m\u0103rturisit c\u0103 se simte dezam\u0103git de evolu\u021biile juc\u0103torilor \u0219i de rezultatele ob\u021binute \u00een ultimele meciuri, subliniind c\u0103 sunt aspecte care trebuie urgent \u00eembun\u0103t\u0103\u021bite dac\u0103 echipa dore\u0219te s\u0103 r\u0103m\u00e2n\u0103 \u00een topul competi\u021biei. [&hellip;]<\/p>\n","protected":false},"author":1,"featured_media":19277,"comment_status":"open","ping_status":"open","sticky":false,"template":"","format":"standard","meta":{"_jetpack_memberships_contains_paid_content":false,"footnotes":""},"categories":[1],"tags":[],"class_list":["post-19271","post","type-post","status-publish","format-standard","has-post-thumbnail","hentry","category-uncategorized"],"yoast_head":"<!-- This site is optimized with the Yoast SEO plugin v27.4 - https:\/\/yoast.com\/product\/yoast-seo-wordpress\/ -->\n<title>&quot;Antrenorul celor de la FC Rapid Bucure\u0219ti a f\u0103cut o declara\u021bie devastatoare despre...&quot;<\/title>\n<meta name=\"description\" content=\"&quot;Antrenorul celor de la FC Rapid Bucure\u0219ti a f\u0103cut o declara\u021bie devastatoare despre...&quot;......................\" \/>\n<meta name=\"robots\" content=\"index, follow, max-snippet:-1, max-image-preview:large, max-video-preview:-1\" \/>\n<link rel=\"canonical\" href=\"https:\/\/www.letsportsrock.com\/?p=19271\" \/>\n<meta property=\"og:locale\" content=\"en_US\" \/>\n<meta property=\"og:type\" content=\"article\" \/>\n<meta property=\"og:title\" content=\"&quot;Antrenorul celor de la FC Rapid Bucure\u0219ti a f\u0103cut o declara\u021bie devastatoare despre...&quot;\" \/>\n<meta property=\"og:description\" content=\"&quot;Antrenorul celor de la FC Rapid Bucure\u0219ti a f\u0103cut o declara\u021bie devastatoare despre...&quot;......................\" \/>\n<meta property=\"og:url\" content=\"https:\/\/www.letsportsrock.com\/?p=19271\" \/>\n<meta property=\"og:site_name\" content=\"letsportsrock\" \/>\n<meta property=\"article:published_time\" content=\"2025-01-18T19:01:34+00:00\" \/>\n<meta property=\"article:modified_time\" content=\"2025-01-18T19:13:34+00:00\" \/>\n<meta property=\"og:image\" content=\"https:\/\/www.letsportsrock.com\/wp-content\/uploads\/2025\/01\/images-2025-01-18T201148.629.jpeg\" \/>\n\t<meta property=\"og:image:width\" content=\"739\" \/>\n\t<meta property=\"og:image:height\" content=\"415\" \/>\n\t<meta property=\"og:image:type\" content=\"image\/jpeg\" \/>\n<meta name=\"author\" content=\"letsportsrock\" \/>\n<meta name=\"twitter:card\" content=\"summary_large_image\" \/>\n<meta name=\"twitter:label1\" content=\"Written by\" \/>\n\t<meta name=\"twitter:data1\" content=\"letsportsrock\" \/>\n\t<meta name=\"twitter:label2\" content=\"Est. reading time\" \/>\n\t<meta name=\"twitter:data2\" content=\"2 minutes\" \/>\n<script type=\"application\/ld+json\" class=\"yoast-schema-graph\">{\"@context\":\"https:\\\/\\\/schema.org\",\"@graph\":[{\"@type\":\"Article\",\"@id\":\"https:\\\/\\\/www.letsportsrock.com\\\/?p=19271#article\",\"isPartOf\":{\"@id\":\"https:\\\/\\\/www.letsportsrock.com\\\/?p=19271\"},\"author\":{\"name\":\"letsportsrock\",\"@id\":\"https:\\\/\\\/www.letsportsrock.com\\\/#\\\/schema\\\/person\\\/a454ac24e58b214ddd97e4b5afb0bf01\"},\"headline\":\"&#8220;Antrenorul celor de la FC Rapid Bucure\u0219ti a f\u0103cut o declara\u021bie devastatoare despre&#8230;&#8221;\",\"datePublished\":\"2025-01-18T19:01:34+00:00\",\"dateModified\":\"2025-01-18T19:13:34+00:00\",\"mainEntityOfPage\":{\"@id\":\"https:\\\/\\\/www.letsportsrock.com\\\/?p=19271\"},\"wordCount\":303,\"commentCount\":0,\"image\":{\"@id\":\"https:\\\/\\\/www.letsportsrock.com\\\/?p=19271#primaryimage\"},\"thumbnailUrl\":\"https:\\\/\\\/www.letsportsrock.com\\\/wp-content\\\/uploads\\\/2025\\\/01\\\/images-2025-01-18T201148.629.jpeg\",\"inLanguage\":\"en-US\",\"potentialAction\":[{\"@type\":\"CommentAction\",\"name\":\"Comment\",\"target\":[\"https:\\\/\\\/www.letsportsrock.com\\\/?p=19271#respond\"]}]},{\"@type\":\"WebPage\",\"@id\":\"https:\\\/\\\/www.letsportsrock.com\\\/?p=19271\",\"url\":\"https:\\\/\\\/www.letsportsrock.com\\\/?p=19271\",\"name\":\"\\\"Antrenorul celor de la FC Rapid Bucure\u0219ti a f\u0103cut o declara\u021bie devastatoare despre...\\\"\",\"isPartOf\":{\"@id\":\"https:\\\/\\\/www.letsportsrock.com\\\/#website\"},\"primaryImageOfPage\":{\"@id\":\"https:\\\/\\\/www.letsportsrock.com\\\/?p=19271#primaryimage\"},\"image\":{\"@id\":\"https:\\\/\\\/www.letsportsrock.com\\\/?p=19271#primaryimage\"},\"thumbnailUrl\":\"https:\\\/\\\/www.letsportsrock.com\\\/wp-content\\\/uploads\\\/2025\\\/01\\\/images-2025-01-18T201148.629.jpeg\",\"datePublished\":\"2025-01-18T19:01:34+00:00\",\"dateModified\":\"2025-01-18T19:13:34+00:00\",\"author\":{\"@id\":\"https:\\\/\\\/www.letsportsrock.com\\\/#\\\/schema\\\/person\\\/a454ac24e58b214ddd97e4b5afb0bf01\"},\"description\":\"\\\"Antrenorul celor de la FC Rapid Bucure\u0219ti a f\u0103cut o declara\u021bie devastatoare despre...\\\"......................\",\"breadcrumb\":{\"@id\":\"https:\\\/\\\/www.letsportsrock.com\\\/?p=19271#breadcrumb\"},\"inLanguage\":\"en-US\",\"potentialAction\":[{\"@type\":\"ReadAction\",\"target\":[\"https:\\\/\\\/www.letsportsrock.com\\\/?p=19271\"]}]},{\"@type\":\"ImageObject\",\"inLanguage\":\"en-US\",\"@id\":\"https:\\\/\\\/www.letsportsrock.com\\\/?p=19271#primaryimage\",\"url\":\"https:\\\/\\\/www.letsportsrock.com\\\/wp-content\\\/uploads\\\/2025\\\/01\\\/images-2025-01-18T201148.629.jpeg\",\"contentUrl\":\"https:\\\/\\\/www.letsportsrock.com\\\/wp-content\\\/uploads\\\/2025\\\/01\\\/images-2025-01-18T201148.629.jpeg\",\"width\":739,\"height\":415},{\"@type\":\"BreadcrumbList\",\"@id\":\"https:\\\/\\\/www.letsportsrock.com\\\/?p=19271#breadcrumb\",\"itemListElement\":[{\"@type\":\"ListItem\",\"position\":1,\"name\":\"Home\",\"item\":\"https:\\\/\\\/www.letsportsrock.com\\\/\"},{\"@type\":\"ListItem\",\"position\":2,\"name\":\"&#8220;Antrenorul celor de la FC Rapid Bucure\u0219ti a f\u0103cut o declara\u021bie devastatoare despre&#8230;&#8221;\"}]},{\"@type\":\"WebSite\",\"@id\":\"https:\\\/\\\/www.letsportsrock.com\\\/#website\",\"url\":\"https:\\\/\\\/www.letsportsrock.com\\\/\",\"name\":\"letsportsrock\",\"description\":\"Sport News and Updates\",\"potentialAction\":[{\"@type\":\"SearchAction\",\"target\":{\"@type\":\"EntryPoint\",\"urlTemplate\":\"https:\\\/\\\/www.letsportsrock.com\\\/?s={search_term_string}\"},\"query-input\":{\"@type\":\"PropertyValueSpecification\",\"valueRequired\":true,\"valueName\":\"search_term_string\"}}],\"inLanguage\":\"en-US\"},{\"@type\":\"Person\",\"@id\":\"https:\\\/\\\/www.letsportsrock.com\\\/#\\\/schema\\\/person\\\/a454ac24e58b214ddd97e4b5afb0bf01\",\"name\":\"letsportsrock\",\"image\":{\"@type\":\"ImageObject\",\"inLanguage\":\"en-US\",\"@id\":\"https:\\\/\\\/secure.gravatar.com\\\/avatar\\\/f8ef950cbb7574c0bc874094b8d307659bfe2d7aa4a9d26fa6917eff010748f9?s=96&d=mm&r=g\",\"url\":\"https:\\\/\\\/secure.gravatar.com\\\/avatar\\\/f8ef950cbb7574c0bc874094b8d307659bfe2d7aa4a9d26fa6917eff010748f9?s=96&d=mm&r=g\",\"contentUrl\":\"https:\\\/\\\/secure.gravatar.com\\\/avatar\\\/f8ef950cbb7574c0bc874094b8d307659bfe2d7aa4a9d26fa6917eff010748f9?s=96&d=mm&r=g\",\"caption\":\"letsportsrock\"},\"sameAs\":[\"https:\\\/\\\/www.letsportsrock.com\"],\"url\":\"https:\\\/\\\/www.letsportsrock.com\\\/?author=1\"}]}<\/script>\n<!-- \/ Yoast SEO plugin. -->","yoast_head_json":{"title":"\"Antrenorul celor de la FC Rapid Bucure\u0219ti a f\u0103cut o declara\u021bie devastatoare despre...\"","description":"\"Antrenorul celor de la FC Rapid Bucure\u0219ti a f\u0103cut o declara\u021bie devastatoare despre...\"......................","robots":{"index":"index","follow":"follow","max-snippet":"max-snippet:-1","max-image-preview":"max-image-preview:large","max-video-preview":"max-video-preview:-1"},"canonical":"https:\/\/www.letsportsrock.com\/?p=19271","og_locale":"en_US","og_type":"article","og_title":"\"Antrenorul celor de la FC Rapid Bucure\u0219ti a f\u0103cut o declara\u021bie devastatoare despre...\"","og_description":"\"Antrenorul celor de la FC Rapid Bucure\u0219ti a f\u0103cut o declara\u021bie devastatoare despre...\"......................","og_url":"https:\/\/www.letsportsrock.com\/?p=19271","og_site_name":"letsportsrock","article_published_time":"2025-01-18T19:01:34+00:00","article_modified_time":"2025-01-18T19:13:34+00:00","og_image":[{"width":739,"height":415,"url":"https:\/\/www.letsportsrock.com\/wp-content\/uploads\/2025\/01\/images-2025-01-18T201148.629.jpeg","type":"image\/jpeg"}],"author":"letsportsrock","twitter_card":"summary_large_image","twitter_misc":{"Written by":"letsportsrock","Est. reading time":"2 minutes"},"schema":{"@context":"https:\/\/schema.org","@graph":[{"@type":"Article","@id":"https:\/\/www.letsportsrock.com\/?p=19271#article","isPartOf":{"@id":"https:\/\/www.letsportsrock.com\/?p=19271"},"author":{"name":"letsportsrock","@id":"https:\/\/www.letsportsrock.com\/#\/schema\/person\/a454ac24e58b214ddd97e4b5afb0bf01"},"headline":"&#8220;Antrenorul celor de la FC Rapid Bucure\u0219ti a f\u0103cut o declara\u021bie devastatoare despre&#8230;&#8221;","datePublished":"2025-01-18T19:01:34+00:00","dateModified":"2025-01-18T19:13:34+00:00","mainEntityOfPage":{"@id":"https:\/\/www.letsportsrock.com\/?p=19271"},"wordCount":303,"commentCount":0,"image":{"@id":"https:\/\/www.letsportsrock.com\/?p=19271#primaryimage"},"thumbnailUrl":"https:\/\/www.letsportsrock.com\/wp-content\/uploads\/2025\/01\/images-2025-01-18T201148.629.jpeg","inLanguage":"en-US","potentialAction":[{"@type":"CommentAction","name":"Comment","target":["https:\/\/www.letsportsrock.com\/?p=19271#respond"]}]},{"@type":"WebPage","@id":"https:\/\/www.letsportsrock.com\/?p=19271","url":"https:\/\/www.letsportsrock.com\/?p=19271","name":"\"Antrenorul celor de la FC Rapid Bucure\u0219ti a f\u0103cut o declara\u021bie devastatoare despre...\"","isPartOf":{"@id":"https:\/\/www.letsportsrock.com\/#website"},"primaryImageOfPage":{"@id":"https:\/\/www.letsportsrock.com\/?p=19271#primaryimage"},"image":{"@id":"https:\/\/www.letsportsrock.com\/?p=19271#primaryimage"},"thumbnailUrl":"https:\/\/www.letsportsrock.com\/wp-content\/uploads\/2025\/01\/images-2025-01-18T201148.629.jpeg","datePublished":"2025-01-18T19:01:34+00:00","dateModified":"2025-01-18T19:13:34+00:00","author":{"@id":"https:\/\/www.letsportsrock.com\/#\/schema\/person\/a454ac24e58b214ddd97e4b5afb0bf01"},"description":"\"Antrenorul celor de la FC Rapid Bucure\u0219ti a f\u0103cut o declara\u021bie devastatoare despre...\"......................","breadcrumb":{"@id":"https:\/\/www.letsportsrock.com\/?p=19271#breadcrumb"},"inLanguage":"en-US","potentialAction":[{"@type":"ReadAction","target":["https:\/\/www.letsportsrock.com\/?p=19271"]}]},{"@type":"ImageObject","inLanguage":"en-US","@id":"https:\/\/www.letsportsrock.com\/?p=19271#primaryimage","url":"https:\/\/www.letsportsrock.com\/wp-content\/uploads\/2025\/01\/images-2025-01-18T201148.629.jpeg","contentUrl":"https:\/\/www.letsportsrock.com\/wp-content\/uploads\/2025\/01\/images-2025-01-18T201148.629.jpeg","width":739,"height":415},{"@type":"BreadcrumbList","@id":"https:\/\/www.letsportsrock.com\/?p=19271#breadcrumb","itemListElement":[{"@type":"ListItem","position":1,"name":"Home","item":"https:\/\/www.letsportsrock.com\/"},{"@type":"ListItem","position":2,"name":"&#8220;Antrenorul celor de la FC Rapid Bucure\u0219ti a f\u0103cut o declara\u021bie devastatoare despre&#8230;&#8221;"}]},{"@type":"WebSite","@id":"https:\/\/www.letsportsrock.com\/#website","url":"https:\/\/www.letsportsrock.com\/","name":"letsportsrock","description":"Sport News and Updates","potentialAction":[{"@type":"SearchAction","target":{"@type":"EntryPoint","urlTemplate":"https:\/\/www.letsportsrock.com\/?s={search_term_string}"},"query-input":{"@type":"PropertyValueSpecification","valueRequired":true,"valueName":"search_term_string"}}],"inLanguage":"en-US"},{"@type":"Person","@id":"https:\/\/www.letsportsrock.com\/#\/schema\/person\/a454ac24e58b214ddd97e4b5afb0bf01","name":"letsportsrock","image":{"@type":"ImageObject","inLanguage":"en-US","@id":"https:\/\/secure.gravatar.com\/avatar\/f8ef950cbb7574c0bc874094b8d307659bfe2d7aa4a9d26fa6917eff010748f9?s=96&d=mm&r=g","url":"https:\/\/secure.gravatar.com\/avatar\/f8ef950cbb7574c0bc874094b8d307659bfe2d7aa4a9d26fa6917eff010748f9?s=96&d=mm&r=g","contentUrl":"https:\/\/secure.gravatar.com\/avatar\/f8ef950cbb7574c0bc874094b8d307659bfe2d7aa4a9d26fa6917eff010748f9?s=96&d=mm&r=g","caption":"letsportsrock"},"sameAs":["https:\/\/www.letsportsrock.com"],"url":"https:\/\/www.letsportsrock.com\/?author=1"}]}},"jetpack_featured_media_url":"https:\/\/www.letsportsrock.com\/wp-content\/uploads\/2025\/01\/images-2025-01-18T201148.629.jpeg","jetpack_sharing_enabled":true,"_links":{"self":[{"href":"https:\/\/www.letsportsrock.com\/index.php?rest_route=\/wp\/v2\/posts\/19271","targetHints":{"allow":["GET"]}}],"collection":[{"href":"https:\/\/www.letsportsrock.com\/index.php?rest_route=\/wp\/v2\/posts"}],"about":[{"href":"https:\/\/www.letsportsrock.com\/index.php?rest_route=\/wp\/v2\/types\/post"}],"author":[{"embeddable":true,"href":"https:\/\/www.letsportsrock.com\/index.php?rest_route=\/wp\/v2\/users\/1"}],"replies":[{"embeddable":true,"href":"https:\/\/www.letsportsrock.com\/index.php?rest_route=%2Fwp%2Fv2%2Fcomments&post=19271"}],"version-history":[{"count":1,"href":"https:\/\/www.letsportsrock.com\/index.php?rest_route=\/wp\/v2\/posts\/19271\/revisions"}],"predecessor-version":[{"id":19272,"href":"https:\/\/www.letsportsrock.com\/index.php?rest_route=\/wp\/v2\/posts\/19271\/revisions\/19272"}],"wp:featuredmedia":[{"embeddable":true,"href":"https:\/\/www.letsportsrock.com\/index.php?rest_route=\/wp\/v2\/media\/19277"}],"wp:attachment":[{"href":"https:\/\/www.letsportsrock.com\/index.php?rest_route=%2Fwp%2Fv2%2Fmedia&parent=19271"}],"wp:term":[{"taxonomy":"category","embeddable":true,"href":"https:\/\/www.letsportsrock.com\/index.php?rest_route=%2Fwp%2Fv2%2Fcategories&post=19271"},{"taxonomy":"post_tag","embeddable":true,"href":"https:\/\/www.letsportsrock.com\/index.php?rest_route=%2Fwp%2Fv2%2Ftags&post=19271"}],"curies":[{"name":"wp","href":"https:\/\/api.w.org\/{rel}","templated":true}]}}