{"id":19280,"date":"2025-01-18T19:16:48","date_gmt":"2025-01-18T19:16:48","guid":{"rendered":"https:\/\/www.letsportsrock.com\/?p=19280"},"modified":"2025-01-18T19:24:52","modified_gmt":"2025-01-18T19:24:52","slug":"fc-rapid-bucuresti-a-confirmat-plecarea-a-doi-jucatori-din-cauza","status":"publish","type":"post","link":"https:\/\/www.letsportsrock.com\/?p=19280","title":{"rendered":"&#8220;FC Rapid Bucure\u0219ti a confirmat plecarea a doi juc\u0103tori din cauza&#8230;&#8221;"},"content":{"rendered":"<div class=\"d79db4796efc26332eabfc3f5dafbc76\" data-index=\"1\" style=\"float: none; margin:10px 0 10px 0; text-align:center;\">\n<div class=\"hb-ad-inarticle\">\r\n    <div class=\"hb-ad-inner\"> \r\n    <div class=\"hbagency_cls\"  id=\"hbagency_space_111930\"><\/div><\/div> <\/div>\n<\/div>\n<p>**FC Rapid Bucure\u0219ti a confirmat plecarea a doi juc\u0103tori din cauza unor motive personale**<\/p>\n<p>&nbsp;<\/p>\n<p>FC Rapid Bucure\u0219ti a anun\u021bat oficial plecarea a doi dintre juc\u0103torii s\u0103i din cauza unor motive personale, decizie care a surprins o mare parte dintre fanii echipei. Conform unui comunicat emis de club, cei doi fotbali\u0219ti au ales s\u0103-\u0219i \u00eencheie colaborarea cu gruparea din Giule\u0219ti din ra\u021biuni ce \u021bin de via\u021ba lor privat\u0103 \u0219i de nevoia de a se concentra pe aspecte importante din afacerea lor personal\u0103. De\u0219i detalii suplimentare nu au fost oferite publicului, plecarea acestora a ridicat \u00eentreb\u0103ri \u00een r\u00e2ndul suporterilor, care sperau ca echipa s\u0103 r\u0103m\u00e2n\u0103 unit\u0103 \u0219i s\u0103-\u0219i p\u0103streze lotul complet pe parcursul sezonului competi\u021bional.<\/p>\n<p>&nbsp;<\/p>\n<p>\u00cen ciuda acestor plec\u0103ri, clubul a \u021binut s\u0103 mul\u021bumeasc\u0103 juc\u0103torilor pentru contribu\u021bia lor la succesul echipei \u0219i le-a urat mult succes \u00een viitor. Rapidistii, \u00een ciuda pierderii celor doi juc\u0103tori, r\u0103m\u00e2n hot\u0103r\u00e2\u021bi s\u0103 continue s\u0103 lupte pentru obiectivele lor pe termen lung, iar antrenorii \u0219i conducerea echipei vor analiza op\u021biunile de \u00eenlocuire sau de \u00eent\u0103rire a lotului.<\/p>\n<p>&nbsp;<\/p>\n<p>De-a lungul sezonului, Rapid Bucure\u0219ti a demonstrat un joc solid \u0219i o echip\u0103 unit\u0103, dar aceste plec\u0103ri vor impune o reevaluare a strategiei de joc, av\u00e2nd \u00een vedere c\u0103 juc\u0103torii care au p\u0103r\u0103sit clubul aveau un rol important \u00een structura echipei. De asemenea, plecarea lor ar putea crea locuri libere pentru noi achizi\u021bii sau pentru promovarea unor tineri talenta\u021bi din academie, care ar putea s\u0103 \u00ee\u0219i fac\u0103 loc \u00een lotul principal al echipei.<\/p>\n<p>&nbsp;<\/p>\n<p>Pe m\u0103sur\u0103 ce sezonul continu\u0103, fanii FC Rapid Bucure\u0219ti sper\u0103 ca echipa s\u0103 dep\u0103\u0219easc\u0103 aceste schimb\u0103ri \u0219i s\u0103 r\u0103m\u00e2n\u0103 concentrat\u0103 pe obiectivele sale.<\/p>\n\n<div style=\"font-size: 0px; height: 0px; line-height: 0px; margin: 0; padding: 0; clear: both;\"><\/div>","protected":false},"excerpt":{"rendered":"<p>**FC Rapid Bucure\u0219ti a confirmat plecarea a doi juc\u0103tori din cauza unor motive personale** &nbsp; FC Rapid Bucure\u0219ti a anun\u021bat oficial plecarea a doi dintre juc\u0103torii s\u0103i din cauza unor motive personale, decizie care a surprins o mare parte dintre fanii echipei. Conform unui comunicat emis de club, cei doi fotbali\u0219ti au ales s\u0103-\u0219i \u00eencheie [&hellip;]<\/p>\n","protected":false},"author":1,"featured_media":19249,"comment_status":"open","ping_status":"open","sticky":false,"template":"","format":"standard","meta":{"_jetpack_memberships_contains_paid_content":false,"footnotes":""},"categories":[1],"tags":[],"class_list":["post-19280","post","type-post","status-publish","format-standard","has-post-thumbnail","hentry","category-uncategorized"],"yoast_head":"<!-- This site is optimized with the Yoast SEO plugin v27.4 - https:\/\/yoast.com\/product\/yoast-seo-wordpress\/ -->\n<title>&quot;FC Rapid Bucure\u0219ti a confirmat plecarea a doi juc\u0103tori din cauza...&quot;<\/title>\n<meta name=\"description\" content=\"&quot;FC Rapid Bucure\u0219ti a confirmat plecarea a doi juc\u0103tori din cauza...&quot;......,.................................\" \/>\n<meta name=\"robots\" content=\"index, follow, max-snippet:-1, max-image-preview:large, max-video-preview:-1\" \/>\n<link rel=\"canonical\" href=\"https:\/\/www.letsportsrock.com\/?p=19280\" \/>\n<meta property=\"og:locale\" content=\"en_US\" \/>\n<meta property=\"og:type\" content=\"article\" \/>\n<meta property=\"og:title\" content=\"&quot;FC Rapid Bucure\u0219ti a confirmat plecarea a doi juc\u0103tori din cauza...&quot;\" \/>\n<meta property=\"og:description\" content=\"&quot;FC Rapid Bucure\u0219ti a confirmat plecarea a doi juc\u0103tori din cauza...&quot;......,.................................\" \/>\n<meta property=\"og:url\" content=\"https:\/\/www.letsportsrock.com\/?p=19280\" \/>\n<meta property=\"og:site_name\" content=\"letsportsrock\" \/>\n<meta property=\"article:published_time\" content=\"2025-01-18T19:16:48+00:00\" \/>\n<meta property=\"article:modified_time\" content=\"2025-01-18T19:24:52+00:00\" \/>\n<meta property=\"og:image\" content=\"https:\/\/www.letsportsrock.com\/wp-content\/uploads\/2025\/01\/images-2025-01-17T231400.309.jpeg\" \/>\n\t<meta property=\"og:image:width\" content=\"615\" \/>\n\t<meta property=\"og:image:height\" content=\"345\" \/>\n\t<meta property=\"og:image:type\" content=\"image\/jpeg\" \/>\n<meta name=\"author\" content=\"letsportsrock\" \/>\n<meta name=\"twitter:card\" content=\"summary_large_image\" \/>\n<meta name=\"twitter:label1\" content=\"Written by\" \/>\n\t<meta name=\"twitter:data1\" content=\"letsportsrock\" \/>\n\t<meta name=\"twitter:label2\" content=\"Est. reading time\" \/>\n\t<meta name=\"twitter:data2\" content=\"2 minutes\" \/>\n<script type=\"application\/ld+json\" class=\"yoast-schema-graph\">{\"@context\":\"https:\\\/\\\/schema.org\",\"@graph\":[{\"@type\":\"Article\",\"@id\":\"https:\\\/\\\/www.letsportsrock.com\\\/?p=19280#article\",\"isPartOf\":{\"@id\":\"https:\\\/\\\/www.letsportsrock.com\\\/?p=19280\"},\"author\":{\"name\":\"letsportsrock\",\"@id\":\"https:\\\/\\\/www.letsportsrock.com\\\/#\\\/schema\\\/person\\\/a454ac24e58b214ddd97e4b5afb0bf01\"},\"headline\":\"&#8220;FC Rapid Bucure\u0219ti a confirmat plecarea a doi juc\u0103tori din cauza&#8230;&#8221;\",\"datePublished\":\"2025-01-18T19:16:48+00:00\",\"dateModified\":\"2025-01-18T19:24:52+00:00\",\"mainEntityOfPage\":{\"@id\":\"https:\\\/\\\/www.letsportsrock.com\\\/?p=19280\"},\"wordCount\":329,\"commentCount\":0,\"image\":{\"@id\":\"https:\\\/\\\/www.letsportsrock.com\\\/?p=19280#primaryimage\"},\"thumbnailUrl\":\"https:\\\/\\\/www.letsportsrock.com\\\/wp-content\\\/uploads\\\/2025\\\/01\\\/images-2025-01-17T231400.309.jpeg\",\"inLanguage\":\"en-US\",\"potentialAction\":[{\"@type\":\"CommentAction\",\"name\":\"Comment\",\"target\":[\"https:\\\/\\\/www.letsportsrock.com\\\/?p=19280#respond\"]}]},{\"@type\":\"WebPage\",\"@id\":\"https:\\\/\\\/www.letsportsrock.com\\\/?p=19280\",\"url\":\"https:\\\/\\\/www.letsportsrock.com\\\/?p=19280\",\"name\":\"\\\"FC Rapid Bucure\u0219ti a confirmat plecarea a doi juc\u0103tori din cauza...\\\"\",\"isPartOf\":{\"@id\":\"https:\\\/\\\/www.letsportsrock.com\\\/#website\"},\"primaryImageOfPage\":{\"@id\":\"https:\\\/\\\/www.letsportsrock.com\\\/?p=19280#primaryimage\"},\"image\":{\"@id\":\"https:\\\/\\\/www.letsportsrock.com\\\/?p=19280#primaryimage\"},\"thumbnailUrl\":\"https:\\\/\\\/www.letsportsrock.com\\\/wp-content\\\/uploads\\\/2025\\\/01\\\/images-2025-01-17T231400.309.jpeg\",\"datePublished\":\"2025-01-18T19:16:48+00:00\",\"dateModified\":\"2025-01-18T19:24:52+00:00\",\"author\":{\"@id\":\"https:\\\/\\\/www.letsportsrock.com\\\/#\\\/schema\\\/person\\\/a454ac24e58b214ddd97e4b5afb0bf01\"},\"description\":\"\\\"FC Rapid Bucure\u0219ti a confirmat plecarea a doi juc\u0103tori din cauza...\\\"......,.................................\",\"breadcrumb\":{\"@id\":\"https:\\\/\\\/www.letsportsrock.com\\\/?p=19280#breadcrumb\"},\"inLanguage\":\"en-US\",\"potentialAction\":[{\"@type\":\"ReadAction\",\"target\":[\"https:\\\/\\\/www.letsportsrock.com\\\/?p=19280\"]}]},{\"@type\":\"ImageObject\",\"inLanguage\":\"en-US\",\"@id\":\"https:\\\/\\\/www.letsportsrock.com\\\/?p=19280#primaryimage\",\"url\":\"https:\\\/\\\/www.letsportsrock.com\\\/wp-content\\\/uploads\\\/2025\\\/01\\\/images-2025-01-17T231400.309.jpeg\",\"contentUrl\":\"https:\\\/\\\/www.letsportsrock.com\\\/wp-content\\\/uploads\\\/2025\\\/01\\\/images-2025-01-17T231400.309.jpeg\",\"width\":615,\"height\":345},{\"@type\":\"BreadcrumbList\",\"@id\":\"https:\\\/\\\/www.letsportsrock.com\\\/?p=19280#breadcrumb\",\"itemListElement\":[{\"@type\":\"ListItem\",\"position\":1,\"name\":\"Home\",\"item\":\"https:\\\/\\\/www.letsportsrock.com\\\/\"},{\"@type\":\"ListItem\",\"position\":2,\"name\":\"&#8220;FC Rapid Bucure\u0219ti a confirmat plecarea a doi juc\u0103tori din cauza&#8230;&#8221;\"}]},{\"@type\":\"WebSite\",\"@id\":\"https:\\\/\\\/www.letsportsrock.com\\\/#website\",\"url\":\"https:\\\/\\\/www.letsportsrock.com\\\/\",\"name\":\"letsportsrock\",\"description\":\"Sport News and Updates\",\"potentialAction\":[{\"@type\":\"SearchAction\",\"target\":{\"@type\":\"EntryPoint\",\"urlTemplate\":\"https:\\\/\\\/www.letsportsrock.com\\\/?s={search_term_string}\"},\"query-input\":{\"@type\":\"PropertyValueSpecification\",\"valueRequired\":true,\"valueName\":\"search_term_string\"}}],\"inLanguage\":\"en-US\"},{\"@type\":\"Person\",\"@id\":\"https:\\\/\\\/www.letsportsrock.com\\\/#\\\/schema\\\/person\\\/a454ac24e58b214ddd97e4b5afb0bf01\",\"name\":\"letsportsrock\",\"image\":{\"@type\":\"ImageObject\",\"inLanguage\":\"en-US\",\"@id\":\"https:\\\/\\\/secure.gravatar.com\\\/avatar\\\/f8ef950cbb7574c0bc874094b8d307659bfe2d7aa4a9d26fa6917eff010748f9?s=96&d=mm&r=g\",\"url\":\"https:\\\/\\\/secure.gravatar.com\\\/avatar\\\/f8ef950cbb7574c0bc874094b8d307659bfe2d7aa4a9d26fa6917eff010748f9?s=96&d=mm&r=g\",\"contentUrl\":\"https:\\\/\\\/secure.gravatar.com\\\/avatar\\\/f8ef950cbb7574c0bc874094b8d307659bfe2d7aa4a9d26fa6917eff010748f9?s=96&d=mm&r=g\",\"caption\":\"letsportsrock\"},\"sameAs\":[\"https:\\\/\\\/www.letsportsrock.com\"],\"url\":\"https:\\\/\\\/www.letsportsrock.com\\\/?author=1\"}]}<\/script>\n<!-- \/ Yoast SEO plugin. -->","yoast_head_json":{"title":"\"FC Rapid Bucure\u0219ti a confirmat plecarea a doi juc\u0103tori din cauza...\"","description":"\"FC Rapid Bucure\u0219ti a confirmat plecarea a doi juc\u0103tori din cauza...\"......,.................................","robots":{"index":"index","follow":"follow","max-snippet":"max-snippet:-1","max-image-preview":"max-image-preview:large","max-video-preview":"max-video-preview:-1"},"canonical":"https:\/\/www.letsportsrock.com\/?p=19280","og_locale":"en_US","og_type":"article","og_title":"\"FC Rapid Bucure\u0219ti a confirmat plecarea a doi juc\u0103tori din cauza...\"","og_description":"\"FC Rapid Bucure\u0219ti a confirmat plecarea a doi juc\u0103tori din cauza...\"......,.................................","og_url":"https:\/\/www.letsportsrock.com\/?p=19280","og_site_name":"letsportsrock","article_published_time":"2025-01-18T19:16:48+00:00","article_modified_time":"2025-01-18T19:24:52+00:00","og_image":[{"width":615,"height":345,"url":"https:\/\/www.letsportsrock.com\/wp-content\/uploads\/2025\/01\/images-2025-01-17T231400.309.jpeg","type":"image\/jpeg"}],"author":"letsportsrock","twitter_card":"summary_large_image","twitter_misc":{"Written by":"letsportsrock","Est. reading time":"2 minutes"},"schema":{"@context":"https:\/\/schema.org","@graph":[{"@type":"Article","@id":"https:\/\/www.letsportsrock.com\/?p=19280#article","isPartOf":{"@id":"https:\/\/www.letsportsrock.com\/?p=19280"},"author":{"name":"letsportsrock","@id":"https:\/\/www.letsportsrock.com\/#\/schema\/person\/a454ac24e58b214ddd97e4b5afb0bf01"},"headline":"&#8220;FC Rapid Bucure\u0219ti a confirmat plecarea a doi juc\u0103tori din cauza&#8230;&#8221;","datePublished":"2025-01-18T19:16:48+00:00","dateModified":"2025-01-18T19:24:52+00:00","mainEntityOfPage":{"@id":"https:\/\/www.letsportsrock.com\/?p=19280"},"wordCount":329,"commentCount":0,"image":{"@id":"https:\/\/www.letsportsrock.com\/?p=19280#primaryimage"},"thumbnailUrl":"https:\/\/www.letsportsrock.com\/wp-content\/uploads\/2025\/01\/images-2025-01-17T231400.309.jpeg","inLanguage":"en-US","potentialAction":[{"@type":"CommentAction","name":"Comment","target":["https:\/\/www.letsportsrock.com\/?p=19280#respond"]}]},{"@type":"WebPage","@id":"https:\/\/www.letsportsrock.com\/?p=19280","url":"https:\/\/www.letsportsrock.com\/?p=19280","name":"\"FC Rapid Bucure\u0219ti a confirmat plecarea a doi juc\u0103tori din cauza...\"","isPartOf":{"@id":"https:\/\/www.letsportsrock.com\/#website"},"primaryImageOfPage":{"@id":"https:\/\/www.letsportsrock.com\/?p=19280#primaryimage"},"image":{"@id":"https:\/\/www.letsportsrock.com\/?p=19280#primaryimage"},"thumbnailUrl":"https:\/\/www.letsportsrock.com\/wp-content\/uploads\/2025\/01\/images-2025-01-17T231400.309.jpeg","datePublished":"2025-01-18T19:16:48+00:00","dateModified":"2025-01-18T19:24:52+00:00","author":{"@id":"https:\/\/www.letsportsrock.com\/#\/schema\/person\/a454ac24e58b214ddd97e4b5afb0bf01"},"description":"\"FC Rapid Bucure\u0219ti a confirmat plecarea a doi juc\u0103tori din cauza...\"......,.................................","breadcrumb":{"@id":"https:\/\/www.letsportsrock.com\/?p=19280#breadcrumb"},"inLanguage":"en-US","potentialAction":[{"@type":"ReadAction","target":["https:\/\/www.letsportsrock.com\/?p=19280"]}]},{"@type":"ImageObject","inLanguage":"en-US","@id":"https:\/\/www.letsportsrock.com\/?p=19280#primaryimage","url":"https:\/\/www.letsportsrock.com\/wp-content\/uploads\/2025\/01\/images-2025-01-17T231400.309.jpeg","contentUrl":"https:\/\/www.letsportsrock.com\/wp-content\/uploads\/2025\/01\/images-2025-01-17T231400.309.jpeg","width":615,"height":345},{"@type":"BreadcrumbList","@id":"https:\/\/www.letsportsrock.com\/?p=19280#breadcrumb","itemListElement":[{"@type":"ListItem","position":1,"name":"Home","item":"https:\/\/www.letsportsrock.com\/"},{"@type":"ListItem","position":2,"name":"&#8220;FC Rapid Bucure\u0219ti a confirmat plecarea a doi juc\u0103tori din cauza&#8230;&#8221;"}]},{"@type":"WebSite","@id":"https:\/\/www.letsportsrock.com\/#website","url":"https:\/\/www.letsportsrock.com\/","name":"letsportsrock","description":"Sport News and Updates","potentialAction":[{"@type":"SearchAction","target":{"@type":"EntryPoint","urlTemplate":"https:\/\/www.letsportsrock.com\/?s={search_term_string}"},"query-input":{"@type":"PropertyValueSpecification","valueRequired":true,"valueName":"search_term_string"}}],"inLanguage":"en-US"},{"@type":"Person","@id":"https:\/\/www.letsportsrock.com\/#\/schema\/person\/a454ac24e58b214ddd97e4b5afb0bf01","name":"letsportsrock","image":{"@type":"ImageObject","inLanguage":"en-US","@id":"https:\/\/secure.gravatar.com\/avatar\/f8ef950cbb7574c0bc874094b8d307659bfe2d7aa4a9d26fa6917eff010748f9?s=96&d=mm&r=g","url":"https:\/\/secure.gravatar.com\/avatar\/f8ef950cbb7574c0bc874094b8d307659bfe2d7aa4a9d26fa6917eff010748f9?s=96&d=mm&r=g","contentUrl":"https:\/\/secure.gravatar.com\/avatar\/f8ef950cbb7574c0bc874094b8d307659bfe2d7aa4a9d26fa6917eff010748f9?s=96&d=mm&r=g","caption":"letsportsrock"},"sameAs":["https:\/\/www.letsportsrock.com"],"url":"https:\/\/www.letsportsrock.com\/?author=1"}]}},"jetpack_featured_media_url":"https:\/\/www.letsportsrock.com\/wp-content\/uploads\/2025\/01\/images-2025-01-17T231400.309.jpeg","jetpack_sharing_enabled":true,"_links":{"self":[{"href":"https:\/\/www.letsportsrock.com\/index.php?rest_route=\/wp\/v2\/posts\/19280","targetHints":{"allow":["GET"]}}],"collection":[{"href":"https:\/\/www.letsportsrock.com\/index.php?rest_route=\/wp\/v2\/posts"}],"about":[{"href":"https:\/\/www.letsportsrock.com\/index.php?rest_route=\/wp\/v2\/types\/post"}],"author":[{"embeddable":true,"href":"https:\/\/www.letsportsrock.com\/index.php?rest_route=\/wp\/v2\/users\/1"}],"replies":[{"embeddable":true,"href":"https:\/\/www.letsportsrock.com\/index.php?rest_route=%2Fwp%2Fv2%2Fcomments&post=19280"}],"version-history":[{"count":1,"href":"https:\/\/www.letsportsrock.com\/index.php?rest_route=\/wp\/v2\/posts\/19280\/revisions"}],"predecessor-version":[{"id":19281,"href":"https:\/\/www.letsportsrock.com\/index.php?rest_route=\/wp\/v2\/posts\/19280\/revisions\/19281"}],"wp:featuredmedia":[{"embeddable":true,"href":"https:\/\/www.letsportsrock.com\/index.php?rest_route=\/wp\/v2\/media\/19249"}],"wp:attachment":[{"href":"https:\/\/www.letsportsrock.com\/index.php?rest_route=%2Fwp%2Fv2%2Fmedia&parent=19280"}],"wp:term":[{"taxonomy":"category","embeddable":true,"href":"https:\/\/www.letsportsrock.com\/index.php?rest_route=%2Fwp%2Fv2%2Fcategories&post=19280"},{"taxonomy":"post_tag","embeddable":true,"href":"https:\/\/www.letsportsrock.com\/index.php?rest_route=%2Fwp%2Fv2%2Ftags&post=19280"}],"curies":[{"name":"wp","href":"https:\/\/api.w.org\/{rel}","templated":true}]}}