{"id":19332,"date":"2025-01-18T21:20:50","date_gmt":"2025-01-18T21:20:50","guid":{"rendered":"https:\/\/www.letsportsrock.com\/?p=19332"},"modified":"2025-01-18T21:24:58","modified_gmt":"2025-01-18T21:24:58","slug":"sfarsitul-unei-ere-starul-celor-de-la-fc-dinamo-bucuresti-si-a-luat-ramas-bun-oficial-de-la-fani-dupa-ce-a-confirmat","status":"publish","type":"post","link":"https:\/\/www.letsportsrock.com\/?p=19332","title":{"rendered":"Sf\u00e2r\u0219itul unei Ere: Starul celor de la FC Dinamo Bucure\u0219ti \u0219i-a luat r\u0103mas-bun oficial de la fani dup\u0103 ce a confirmat\u2026"},"content":{"rendered":"<div class=\"d79db4796efc26332eabfc3f5dafbc76\" data-index=\"1\" style=\"float: none; margin:10px 0 10px 0; text-align:center;\">\n<div class=\"hb-ad-inarticle\">\r\n    <div class=\"hb-ad-inner\"> \r\n    <div class=\"hbagency_cls\"  id=\"hbagency_space_111930\"><\/div><\/div> <\/div>\n<\/div>\n<p>**Sf\u00e2r\u0219itul unei Ere: Starul celor de la FC Dinamo Bucure\u0219ti \u0219i-a luat r\u0103mas-bun oficial de la fani dup\u0103 ce a confirmat retragerea**<\/p>\n<p>&nbsp;<\/p>\n<p>FC Dinamo Bucure\u0219ti se afl\u0103 \u00eentr-un moment de r\u0103scruce, iar unul dintre cei mai mari juc\u0103tori ai echipei a spus adio fotbalului profesionist. \u00centr-o declara\u021bie emo\u021bionant\u0103 f\u0103cut\u0103 pe re\u021belele de socializare, starul echipei a confirmat retragerea din activitatea sportiv\u0103, pun\u00e2nd astfel cap\u0103t unei ere de succes \u0219i sacrificiu. Fanii echipei au fost profund emo\u021biona\u021bi de acest anun\u021b, \u0219tiind c\u0103 plecarea acestui juc\u0103tor reprezint\u0103 un moment de cotitur\u0103 pentru clubul din \u0218tefan cel Mare.<\/p>\n<p>&nbsp;<\/p>\n<p>De-a lungul carierei sale la Dinamo, juc\u0103torul a fost considerat unul dintre cei mai importan\u021bi membri ai echipei. Cu o serie de performan\u021be remarcabile \u0219i o dedicare deosebit\u0103, el a reu\u0219it s\u0103 c\u00e2\u0219tige inima suporterilor, devenind un simbol al clubului. De la debutul s\u0103u \u00een echipa mare, el a impresionat at\u00e2t prin abilit\u0103\u021bile tehnice, c\u00e2t \u0219i prin leadership-ul s\u0103u pe teren.<\/p>\n<p>&nbsp;<\/p>\n<p>\u00cen timpul petrecut la Dinamo, juc\u0103torul a contribuit semnificativ la succesul echipei, av\u00e2nd un impact major \u00een competi\u021biile interne, dar \u0219i \u00een cupele europene. A fost parte integrant\u0103 a multor momente memorabile pentru fanii dinamovi\u0219ti, iar plecarea sa marcheaz\u0103 o perioad\u0103 de incertitudine pentru club, care se afl\u0103 \u00eentr-o perioad\u0103 de reconstruc\u021bie.<\/p>\n<p>&nbsp;<\/p>\n<p>Fanii au reac\u021bionat cu mesaje de mul\u021bumire \u0219i recuno\u0219tin\u021b\u0103 pentru tot ce a oferit echipei, iar atmosfera a fost una de regret, dar \u0219i de apreciere pentru contribu\u021biile sale. \u00cen ciuda retragerii, starul a l\u0103sat o mo\u0219tenire important\u0103 \u00een istoria clubului, iar amintirea sa va r\u0103m\u00e2ne vie \u00een inimile suporterilor dinamovi\u0219ti.<\/p>\n\n<div style=\"font-size: 0px; height: 0px; line-height: 0px; margin: 0; padding: 0; clear: both;\"><\/div>","protected":false},"excerpt":{"rendered":"<p>**Sf\u00e2r\u0219itul unei Ere: Starul celor de la FC Dinamo Bucure\u0219ti \u0219i-a luat r\u0103mas-bun oficial de la fani dup\u0103 ce a confirmat retragerea** &nbsp; FC Dinamo Bucure\u0219ti se afl\u0103 \u00eentr-un moment de r\u0103scruce, iar unul dintre cei mai mari juc\u0103tori ai echipei a spus adio fotbalului profesionist. \u00centr-o declara\u021bie emo\u021bionant\u0103 f\u0103cut\u0103 pe re\u021belele de socializare, starul [&hellip;]<\/p>\n","protected":false},"author":1,"featured_media":19334,"comment_status":"open","ping_status":"open","sticky":false,"template":"","format":"standard","meta":{"_jetpack_memberships_contains_paid_content":false,"footnotes":""},"categories":[1],"tags":[],"class_list":["post-19332","post","type-post","status-publish","format-standard","has-post-thumbnail","hentry","category-uncategorized"],"yoast_head":"<!-- This site is optimized with the Yoast SEO plugin v27.4 - https:\/\/yoast.com\/product\/yoast-seo-wordpress\/ -->\n<title>Sf\u00e2r\u0219itul unei Ere: Starul celor de la FC Dinamo Bucure\u0219ti \u0219i-a luat r\u0103mas-bun oficial de la fani d<\/title>\n<meta name=\"description\" content=\"Sf\u00e2r\u0219itul unei Ere: Starul celor de la FC Dinamo Bucure\u0219ti \u0219i-a luat r\u0103mas-bun oficial de la fani dup\u0103 ce a confirmat\u2026\" \/>\n<meta name=\"robots\" content=\"index, follow, max-snippet:-1, max-image-preview:large, max-video-preview:-1\" \/>\n<link rel=\"canonical\" href=\"https:\/\/www.letsportsrock.com\/?p=19332\" \/>\n<meta property=\"og:locale\" content=\"en_US\" \/>\n<meta property=\"og:type\" content=\"article\" \/>\n<meta property=\"og:title\" content=\"Sf\u00e2r\u0219itul unei Ere: Starul celor de la FC Dinamo Bucure\u0219ti \u0219i-a luat r\u0103mas-bun oficial de la fani d\" \/>\n<meta property=\"og:description\" content=\"Sf\u00e2r\u0219itul unei Ere: Starul celor de la FC Dinamo Bucure\u0219ti \u0219i-a luat r\u0103mas-bun oficial de la fani dup\u0103 ce a confirmat\u2026\" \/>\n<meta property=\"og:url\" content=\"https:\/\/www.letsportsrock.com\/?p=19332\" \/>\n<meta property=\"og:site_name\" content=\"letsportsrock\" \/>\n<meta property=\"article:published_time\" content=\"2025-01-18T21:20:50+00:00\" \/>\n<meta property=\"article:modified_time\" content=\"2025-01-18T21:24:58+00:00\" \/>\n<meta property=\"og:image\" content=\"https:\/\/www.letsportsrock.com\/wp-content\/uploads\/2025\/01\/images-2025-01-18T222333.977.jpeg\" \/>\n\t<meta property=\"og:image:width\" content=\"612\" \/>\n\t<meta property=\"og:image:height\" content=\"408\" \/>\n\t<meta property=\"og:image:type\" content=\"image\/jpeg\" \/>\n<meta name=\"author\" content=\"letsportsrock\" \/>\n<meta name=\"twitter:card\" content=\"summary_large_image\" \/>\n<meta name=\"twitter:label1\" content=\"Written by\" \/>\n\t<meta name=\"twitter:data1\" content=\"letsportsrock\" \/>\n\t<meta name=\"twitter:label2\" content=\"Est. reading time\" \/>\n\t<meta name=\"twitter:data2\" content=\"2 minutes\" \/>\n<script type=\"application\/ld+json\" class=\"yoast-schema-graph\">{\"@context\":\"https:\\\/\\\/schema.org\",\"@graph\":[{\"@type\":\"Article\",\"@id\":\"https:\\\/\\\/www.letsportsrock.com\\\/?p=19332#article\",\"isPartOf\":{\"@id\":\"https:\\\/\\\/www.letsportsrock.com\\\/?p=19332\"},\"author\":{\"name\":\"letsportsrock\",\"@id\":\"https:\\\/\\\/www.letsportsrock.com\\\/#\\\/schema\\\/person\\\/a454ac24e58b214ddd97e4b5afb0bf01\"},\"headline\":\"Sf\u00e2r\u0219itul unei Ere: Starul celor de la FC Dinamo Bucure\u0219ti \u0219i-a luat r\u0103mas-bun oficial de la fani dup\u0103 ce a confirmat\u2026\",\"datePublished\":\"2025-01-18T21:20:50+00:00\",\"dateModified\":\"2025-01-18T21:24:58+00:00\",\"mainEntityOfPage\":{\"@id\":\"https:\\\/\\\/www.letsportsrock.com\\\/?p=19332\"},\"wordCount\":328,\"commentCount\":0,\"image\":{\"@id\":\"https:\\\/\\\/www.letsportsrock.com\\\/?p=19332#primaryimage\"},\"thumbnailUrl\":\"https:\\\/\\\/www.letsportsrock.com\\\/wp-content\\\/uploads\\\/2025\\\/01\\\/images-2025-01-18T222333.977.jpeg\",\"inLanguage\":\"en-US\",\"potentialAction\":[{\"@type\":\"CommentAction\",\"name\":\"Comment\",\"target\":[\"https:\\\/\\\/www.letsportsrock.com\\\/?p=19332#respond\"]}]},{\"@type\":\"WebPage\",\"@id\":\"https:\\\/\\\/www.letsportsrock.com\\\/?p=19332\",\"url\":\"https:\\\/\\\/www.letsportsrock.com\\\/?p=19332\",\"name\":\"Sf\u00e2r\u0219itul unei Ere: Starul celor de la FC Dinamo Bucure\u0219ti \u0219i-a luat r\u0103mas-bun oficial de la fani d\",\"isPartOf\":{\"@id\":\"https:\\\/\\\/www.letsportsrock.com\\\/#website\"},\"primaryImageOfPage\":{\"@id\":\"https:\\\/\\\/www.letsportsrock.com\\\/?p=19332#primaryimage\"},\"image\":{\"@id\":\"https:\\\/\\\/www.letsportsrock.com\\\/?p=19332#primaryimage\"},\"thumbnailUrl\":\"https:\\\/\\\/www.letsportsrock.com\\\/wp-content\\\/uploads\\\/2025\\\/01\\\/images-2025-01-18T222333.977.jpeg\",\"datePublished\":\"2025-01-18T21:20:50+00:00\",\"dateModified\":\"2025-01-18T21:24:58+00:00\",\"author\":{\"@id\":\"https:\\\/\\\/www.letsportsrock.com\\\/#\\\/schema\\\/person\\\/a454ac24e58b214ddd97e4b5afb0bf01\"},\"description\":\"Sf\u00e2r\u0219itul unei Ere: Starul celor de la FC Dinamo Bucure\u0219ti \u0219i-a luat r\u0103mas-bun oficial de la fani dup\u0103 ce a confirmat\u2026\",\"breadcrumb\":{\"@id\":\"https:\\\/\\\/www.letsportsrock.com\\\/?p=19332#breadcrumb\"},\"inLanguage\":\"en-US\",\"potentialAction\":[{\"@type\":\"ReadAction\",\"target\":[\"https:\\\/\\\/www.letsportsrock.com\\\/?p=19332\"]}]},{\"@type\":\"ImageObject\",\"inLanguage\":\"en-US\",\"@id\":\"https:\\\/\\\/www.letsportsrock.com\\\/?p=19332#primaryimage\",\"url\":\"https:\\\/\\\/www.letsportsrock.com\\\/wp-content\\\/uploads\\\/2025\\\/01\\\/images-2025-01-18T222333.977.jpeg\",\"contentUrl\":\"https:\\\/\\\/www.letsportsrock.com\\\/wp-content\\\/uploads\\\/2025\\\/01\\\/images-2025-01-18T222333.977.jpeg\",\"width\":612,\"height\":408},{\"@type\":\"BreadcrumbList\",\"@id\":\"https:\\\/\\\/www.letsportsrock.com\\\/?p=19332#breadcrumb\",\"itemListElement\":[{\"@type\":\"ListItem\",\"position\":1,\"name\":\"Home\",\"item\":\"https:\\\/\\\/www.letsportsrock.com\\\/\"},{\"@type\":\"ListItem\",\"position\":2,\"name\":\"Sf\u00e2r\u0219itul unei Ere: Starul celor de la FC Dinamo Bucure\u0219ti \u0219i-a luat r\u0103mas-bun oficial de la fani dup\u0103 ce a confirmat\u2026\"}]},{\"@type\":\"WebSite\",\"@id\":\"https:\\\/\\\/www.letsportsrock.com\\\/#website\",\"url\":\"https:\\\/\\\/www.letsportsrock.com\\\/\",\"name\":\"letsportsrock\",\"description\":\"Sport News and Updates\",\"potentialAction\":[{\"@type\":\"SearchAction\",\"target\":{\"@type\":\"EntryPoint\",\"urlTemplate\":\"https:\\\/\\\/www.letsportsrock.com\\\/?s={search_term_string}\"},\"query-input\":{\"@type\":\"PropertyValueSpecification\",\"valueRequired\":true,\"valueName\":\"search_term_string\"}}],\"inLanguage\":\"en-US\"},{\"@type\":\"Person\",\"@id\":\"https:\\\/\\\/www.letsportsrock.com\\\/#\\\/schema\\\/person\\\/a454ac24e58b214ddd97e4b5afb0bf01\",\"name\":\"letsportsrock\",\"image\":{\"@type\":\"ImageObject\",\"inLanguage\":\"en-US\",\"@id\":\"https:\\\/\\\/secure.gravatar.com\\\/avatar\\\/f8ef950cbb7574c0bc874094b8d307659bfe2d7aa4a9d26fa6917eff010748f9?s=96&d=mm&r=g\",\"url\":\"https:\\\/\\\/secure.gravatar.com\\\/avatar\\\/f8ef950cbb7574c0bc874094b8d307659bfe2d7aa4a9d26fa6917eff010748f9?s=96&d=mm&r=g\",\"contentUrl\":\"https:\\\/\\\/secure.gravatar.com\\\/avatar\\\/f8ef950cbb7574c0bc874094b8d307659bfe2d7aa4a9d26fa6917eff010748f9?s=96&d=mm&r=g\",\"caption\":\"letsportsrock\"},\"sameAs\":[\"https:\\\/\\\/www.letsportsrock.com\"],\"url\":\"https:\\\/\\\/www.letsportsrock.com\\\/?author=1\"}]}<\/script>\n<!-- \/ Yoast SEO plugin. -->","yoast_head_json":{"title":"Sf\u00e2r\u0219itul unei Ere: Starul celor de la FC Dinamo Bucure\u0219ti \u0219i-a luat r\u0103mas-bun oficial de la fani d","description":"Sf\u00e2r\u0219itul unei Ere: Starul celor de la FC Dinamo Bucure\u0219ti \u0219i-a luat r\u0103mas-bun oficial de la fani dup\u0103 ce a confirmat\u2026","robots":{"index":"index","follow":"follow","max-snippet":"max-snippet:-1","max-image-preview":"max-image-preview:large","max-video-preview":"max-video-preview:-1"},"canonical":"https:\/\/www.letsportsrock.com\/?p=19332","og_locale":"en_US","og_type":"article","og_title":"Sf\u00e2r\u0219itul unei Ere: Starul celor de la FC Dinamo Bucure\u0219ti \u0219i-a luat r\u0103mas-bun oficial de la fani d","og_description":"Sf\u00e2r\u0219itul unei Ere: Starul celor de la FC Dinamo Bucure\u0219ti \u0219i-a luat r\u0103mas-bun oficial de la fani dup\u0103 ce a confirmat\u2026","og_url":"https:\/\/www.letsportsrock.com\/?p=19332","og_site_name":"letsportsrock","article_published_time":"2025-01-18T21:20:50+00:00","article_modified_time":"2025-01-18T21:24:58+00:00","og_image":[{"width":612,"height":408,"url":"https:\/\/www.letsportsrock.com\/wp-content\/uploads\/2025\/01\/images-2025-01-18T222333.977.jpeg","type":"image\/jpeg"}],"author":"letsportsrock","twitter_card":"summary_large_image","twitter_misc":{"Written by":"letsportsrock","Est. reading time":"2 minutes"},"schema":{"@context":"https:\/\/schema.org","@graph":[{"@type":"Article","@id":"https:\/\/www.letsportsrock.com\/?p=19332#article","isPartOf":{"@id":"https:\/\/www.letsportsrock.com\/?p=19332"},"author":{"name":"letsportsrock","@id":"https:\/\/www.letsportsrock.com\/#\/schema\/person\/a454ac24e58b214ddd97e4b5afb0bf01"},"headline":"Sf\u00e2r\u0219itul unei Ere: Starul celor de la FC Dinamo Bucure\u0219ti \u0219i-a luat r\u0103mas-bun oficial de la fani dup\u0103 ce a confirmat\u2026","datePublished":"2025-01-18T21:20:50+00:00","dateModified":"2025-01-18T21:24:58+00:00","mainEntityOfPage":{"@id":"https:\/\/www.letsportsrock.com\/?p=19332"},"wordCount":328,"commentCount":0,"image":{"@id":"https:\/\/www.letsportsrock.com\/?p=19332#primaryimage"},"thumbnailUrl":"https:\/\/www.letsportsrock.com\/wp-content\/uploads\/2025\/01\/images-2025-01-18T222333.977.jpeg","inLanguage":"en-US","potentialAction":[{"@type":"CommentAction","name":"Comment","target":["https:\/\/www.letsportsrock.com\/?p=19332#respond"]}]},{"@type":"WebPage","@id":"https:\/\/www.letsportsrock.com\/?p=19332","url":"https:\/\/www.letsportsrock.com\/?p=19332","name":"Sf\u00e2r\u0219itul unei Ere: Starul celor de la FC Dinamo Bucure\u0219ti \u0219i-a luat r\u0103mas-bun oficial de la fani d","isPartOf":{"@id":"https:\/\/www.letsportsrock.com\/#website"},"primaryImageOfPage":{"@id":"https:\/\/www.letsportsrock.com\/?p=19332#primaryimage"},"image":{"@id":"https:\/\/www.letsportsrock.com\/?p=19332#primaryimage"},"thumbnailUrl":"https:\/\/www.letsportsrock.com\/wp-content\/uploads\/2025\/01\/images-2025-01-18T222333.977.jpeg","datePublished":"2025-01-18T21:20:50+00:00","dateModified":"2025-01-18T21:24:58+00:00","author":{"@id":"https:\/\/www.letsportsrock.com\/#\/schema\/person\/a454ac24e58b214ddd97e4b5afb0bf01"},"description":"Sf\u00e2r\u0219itul unei Ere: Starul celor de la FC Dinamo Bucure\u0219ti \u0219i-a luat r\u0103mas-bun oficial de la fani dup\u0103 ce a confirmat\u2026","breadcrumb":{"@id":"https:\/\/www.letsportsrock.com\/?p=19332#breadcrumb"},"inLanguage":"en-US","potentialAction":[{"@type":"ReadAction","target":["https:\/\/www.letsportsrock.com\/?p=19332"]}]},{"@type":"ImageObject","inLanguage":"en-US","@id":"https:\/\/www.letsportsrock.com\/?p=19332#primaryimage","url":"https:\/\/www.letsportsrock.com\/wp-content\/uploads\/2025\/01\/images-2025-01-18T222333.977.jpeg","contentUrl":"https:\/\/www.letsportsrock.com\/wp-content\/uploads\/2025\/01\/images-2025-01-18T222333.977.jpeg","width":612,"height":408},{"@type":"BreadcrumbList","@id":"https:\/\/www.letsportsrock.com\/?p=19332#breadcrumb","itemListElement":[{"@type":"ListItem","position":1,"name":"Home","item":"https:\/\/www.letsportsrock.com\/"},{"@type":"ListItem","position":2,"name":"Sf\u00e2r\u0219itul unei Ere: Starul celor de la FC Dinamo Bucure\u0219ti \u0219i-a luat r\u0103mas-bun oficial de la fani dup\u0103 ce a confirmat\u2026"}]},{"@type":"WebSite","@id":"https:\/\/www.letsportsrock.com\/#website","url":"https:\/\/www.letsportsrock.com\/","name":"letsportsrock","description":"Sport News and Updates","potentialAction":[{"@type":"SearchAction","target":{"@type":"EntryPoint","urlTemplate":"https:\/\/www.letsportsrock.com\/?s={search_term_string}"},"query-input":{"@type":"PropertyValueSpecification","valueRequired":true,"valueName":"search_term_string"}}],"inLanguage":"en-US"},{"@type":"Person","@id":"https:\/\/www.letsportsrock.com\/#\/schema\/person\/a454ac24e58b214ddd97e4b5afb0bf01","name":"letsportsrock","image":{"@type":"ImageObject","inLanguage":"en-US","@id":"https:\/\/secure.gravatar.com\/avatar\/f8ef950cbb7574c0bc874094b8d307659bfe2d7aa4a9d26fa6917eff010748f9?s=96&d=mm&r=g","url":"https:\/\/secure.gravatar.com\/avatar\/f8ef950cbb7574c0bc874094b8d307659bfe2d7aa4a9d26fa6917eff010748f9?s=96&d=mm&r=g","contentUrl":"https:\/\/secure.gravatar.com\/avatar\/f8ef950cbb7574c0bc874094b8d307659bfe2d7aa4a9d26fa6917eff010748f9?s=96&d=mm&r=g","caption":"letsportsrock"},"sameAs":["https:\/\/www.letsportsrock.com"],"url":"https:\/\/www.letsportsrock.com\/?author=1"}]}},"jetpack_featured_media_url":"https:\/\/www.letsportsrock.com\/wp-content\/uploads\/2025\/01\/images-2025-01-18T222333.977.jpeg","jetpack_sharing_enabled":true,"_links":{"self":[{"href":"https:\/\/www.letsportsrock.com\/index.php?rest_route=\/wp\/v2\/posts\/19332","targetHints":{"allow":["GET"]}}],"collection":[{"href":"https:\/\/www.letsportsrock.com\/index.php?rest_route=\/wp\/v2\/posts"}],"about":[{"href":"https:\/\/www.letsportsrock.com\/index.php?rest_route=\/wp\/v2\/types\/post"}],"author":[{"embeddable":true,"href":"https:\/\/www.letsportsrock.com\/index.php?rest_route=\/wp\/v2\/users\/1"}],"replies":[{"embeddable":true,"href":"https:\/\/www.letsportsrock.com\/index.php?rest_route=%2Fwp%2Fv2%2Fcomments&post=19332"}],"version-history":[{"count":1,"href":"https:\/\/www.letsportsrock.com\/index.php?rest_route=\/wp\/v2\/posts\/19332\/revisions"}],"predecessor-version":[{"id":19333,"href":"https:\/\/www.letsportsrock.com\/index.php?rest_route=\/wp\/v2\/posts\/19332\/revisions\/19333"}],"wp:featuredmedia":[{"embeddable":true,"href":"https:\/\/www.letsportsrock.com\/index.php?rest_route=\/wp\/v2\/media\/19334"}],"wp:attachment":[{"href":"https:\/\/www.letsportsrock.com\/index.php?rest_route=%2Fwp%2Fv2%2Fmedia&parent=19332"}],"wp:term":[{"taxonomy":"category","embeddable":true,"href":"https:\/\/www.letsportsrock.com\/index.php?rest_route=%2Fwp%2Fv2%2Fcategories&post=19332"},{"taxonomy":"post_tag","embeddable":true,"href":"https:\/\/www.letsportsrock.com\/index.php?rest_route=%2Fwp%2Fv2%2Ftags&post=19332"}],"curies":[{"name":"wp","href":"https:\/\/api.w.org\/{rel}","templated":true}]}}