{"id":19840,"date":"2025-01-21T20:36:48","date_gmt":"2025-01-21T20:36:48","guid":{"rendered":"https:\/\/www.letsportsrock.com\/?p=19840"},"modified":"2025-01-21T20:38:13","modified_gmt":"2025-01-21T20:38:13","slug":"stiri-in-tendinta-voi-pleca-pentru-ca-el-sa-joace-starul-de-la-fc-dinamo-bucuresti-confirma-ca-va-pleca-daca-acesta-revine","status":"publish","type":"post","link":"https:\/\/www.letsportsrock.com\/?p=19840","title":{"rendered":"\u0218TIRI \u00ceN TENDIN\u021a\u0102: &#8220;Voi pleca pentru ca el s\u0103 joace&#8221; &#8211; Starul de la FC Dinamo Bucure\u0219ti confirm\u0103 c\u0103 va pleca dac\u0103 acesta revine."},"content":{"rendered":"<div class=\"d79db4796efc26332eabfc3f5dafbc76\" data-index=\"1\" style=\"float: none; margin:10px 0 10px 0; text-align:center;\">\n<div class=\"hb-ad-inarticle\">\r\n    <div class=\"hb-ad-inner\"> \r\n    <div class=\"hbagency_cls\"  id=\"hbagency_space_111930\"><\/div><\/div> <\/div>\n<\/div>\n<blockquote><p>**\u0218TIRI \u00ceN TENDIN\u021a\u0102: &#8220;Voi pleca pentru ca el s\u0103 joace&#8221; &#8211; Starul de la FC Dinamo Bucure\u0219ti confirm\u0103 c\u0103 va pleca dac\u0103 acesta revine**<\/p><\/blockquote>\n<p>&nbsp;<\/p>\n<p>\u00centr-o declara\u021bie recent\u0103 care a st\u00e2rnit un val de reac\u021bii \u00een r\u00e2ndul suporterilor \u0219i presei din Rom\u00e2nia, un juc\u0103tor important al echipei FC Dinamo Bucure\u0219ti a confirmat c\u0103 este dispus s\u0103 p\u0103r\u0103seasc\u0103 clubul, \u00een cazul \u00een care un alt juc\u0103tor va reveni \u00een lot. Aceasta este o decizie surprinz\u0103toare, av\u00e2nd \u00een vedere importan\u021ba sa \u00een echip\u0103 \u0219i dorin\u021ba de a contribui la succesul clubului.<\/p>\n<p>&nbsp;<\/p>\n<p>Juc\u0103torul, care a ales s\u0103 r\u0103m\u00e2n\u0103 anonim pentru moment, a explicat c\u0103 a avut o discu\u021bie clar\u0103 cu antrenorul \u0219i conducerea clubului despre acest subiect. El a subliniat c\u0103, de\u0219i \u00ee\u0219i dore\u0219te s\u0103 joace pentru Dinamo \u0219i este dedicat echipei, nu ar putea accepta s\u0103 fie o piedic\u0103 \u00een calea revenirii unui alt juc\u0103tor, despre care se speculeaz\u0103 c\u0103 ar putea aduce un plus de valoare lotului.<\/p>\n<p>&nbsp;<\/p>\n<p>&#8220;Nu \u00eemi doresc s\u0103 creez tensiuni sau s\u0103 stau pe banc\u0103 atunci c\u00e2nd echipa are nevoie de altcineva. Dac\u0103 el revine, voi pleca pentru a-i face loc. Este o decizie greu de luat, dar am mare respect pentru club \u0219i pentru fanii care au fost al\u0103turi de mine&#8221;, a declarat acesta \u00eentr-un interviu recent.<\/p>\n<p>&nbsp;<\/p>\n<p>Aceast\u0103 pozi\u021bie a fost apreciat\u0103 de unii suporteri, care consider\u0103 c\u0103 gestul arat\u0103 spiritul de sacrificiu \u0219i loialitatea fa\u021b\u0103 de echip\u0103. Pe de alt\u0103 parte, exist\u0103 \u0219i voci critice care consider\u0103 c\u0103 o astfel de atitudine ar putea submina competitivitatea echipei.<\/p>\n<p>&nbsp;<\/p>\n<p>Indiferent de reac\u021biile opiniei publice, acest anun\u021b a ad\u0103ugat un nou capitol \u00een saga echipei Dinamo, care se afl\u0103 \u00eentr-un moment de reconstruc\u021bie \u0219i de re\u00eennoire a lotului. R\u0103m\u00e2ne de v\u0103zut cum va evolua situa\u021bia \u00een perioada urm\u0103toare \u0219i dac\u0103 acest gest va influen\u021ba deciziile clubului sau ale altor juc\u0103tori.<\/p>\n\n<div style=\"font-size: 0px; height: 0px; line-height: 0px; margin: 0; padding: 0; clear: both;\"><\/div>","protected":false},"excerpt":{"rendered":"<p>**\u0218TIRI \u00ceN TENDIN\u021a\u0102: &#8220;Voi pleca pentru ca el s\u0103 joace&#8221; &#8211; Starul de la FC Dinamo Bucure\u0219ti confirm\u0103 c\u0103 va pleca dac\u0103 acesta revine** &nbsp; \u00centr-o declara\u021bie recent\u0103 care a st\u00e2rnit un val de reac\u021bii \u00een r\u00e2ndul suporterilor \u0219i presei din Rom\u00e2nia, un juc\u0103tor important al echipei FC Dinamo Bucure\u0219ti a confirmat c\u0103 este dispus [&hellip;]<\/p>\n","protected":false},"author":1,"featured_media":19843,"comment_status":"open","ping_status":"open","sticky":false,"template":"","format":"standard","meta":{"_jetpack_memberships_contains_paid_content":false,"footnotes":""},"categories":[1],"tags":[],"class_list":["post-19840","post","type-post","status-publish","format-standard","has-post-thumbnail","hentry","category-uncategorized"],"yoast_head":"<!-- This site is optimized with the Yoast SEO plugin v27.5 - https:\/\/yoast.com\/product\/yoast-seo-wordpress\/ -->\n<title>\u0218TIRI \u00ceN TENDIN\u021a\u0102: &quot;Voi pleca pentru ca e<\/title>\n<meta name=\"description\" content=\"\u0218TIRI \u00ceN TENDIN\u021a\u0102: &quot;Voi pleca pentru ca el s\u0103 joace&quot; - Starul de la FC Dinamo Bucure\u0219ti confirm\u0103 c\u0103 va pleca dac\u0103 acesta revine.\" \/>\n<meta name=\"robots\" content=\"index, follow, max-snippet:-1, max-image-preview:large, max-video-preview:-1\" \/>\n<link rel=\"canonical\" href=\"https:\/\/www.letsportsrock.com\/?p=19840\" \/>\n<meta property=\"og:locale\" content=\"en_US\" \/>\n<meta property=\"og:type\" content=\"article\" \/>\n<meta property=\"og:title\" content=\"\u0218TIRI \u00ceN TENDIN\u021a\u0102: &quot;Voi pleca pentru ca e\" \/>\n<meta property=\"og:description\" content=\"\u0218TIRI \u00ceN TENDIN\u021a\u0102: &quot;Voi pleca pentru ca el s\u0103 joace&quot; - Starul de la FC Dinamo Bucure\u0219ti confirm\u0103 c\u0103 va pleca dac\u0103 acesta revine.\" \/>\n<meta property=\"og:url\" content=\"https:\/\/www.letsportsrock.com\/?p=19840\" \/>\n<meta property=\"og:site_name\" content=\"letsportsrock\" \/>\n<meta property=\"article:published_time\" content=\"2025-01-21T20:36:48+00:00\" \/>\n<meta property=\"article:modified_time\" content=\"2025-01-21T20:38:13+00:00\" \/>\n<meta property=\"og:image\" content=\"https:\/\/www.letsportsrock.com\/wp-content\/uploads\/2025\/01\/images-2025-01-21T213733.862.jpeg\" \/>\n\t<meta property=\"og:image:width\" content=\"739\" \/>\n\t<meta property=\"og:image:height\" content=\"415\" \/>\n\t<meta property=\"og:image:type\" content=\"image\/jpeg\" \/>\n<meta name=\"author\" content=\"letsportsrock\" \/>\n<meta name=\"twitter:card\" content=\"summary_large_image\" \/>\n<meta name=\"twitter:label1\" content=\"Written by\" \/>\n\t<meta name=\"twitter:data1\" content=\"letsportsrock\" \/>\n\t<meta name=\"twitter:label2\" content=\"Est. reading time\" \/>\n\t<meta name=\"twitter:data2\" content=\"2 minutes\" \/>\n<script type=\"application\/ld+json\" class=\"yoast-schema-graph\">{\"@context\":\"https:\\\/\\\/schema.org\",\"@graph\":[{\"@type\":\"Article\",\"@id\":\"https:\\\/\\\/www.letsportsrock.com\\\/?p=19840#article\",\"isPartOf\":{\"@id\":\"https:\\\/\\\/www.letsportsrock.com\\\/?p=19840\"},\"author\":{\"name\":\"letsportsrock\",\"@id\":\"https:\\\/\\\/www.letsportsrock.com\\\/#\\\/schema\\\/person\\\/a454ac24e58b214ddd97e4b5afb0bf01\"},\"headline\":\"\u0218TIRI \u00ceN TENDIN\u021a\u0102: &#8220;Voi pleca pentru ca el s\u0103 joace&#8221; &#8211; Starul de la FC Dinamo Bucure\u0219ti confirm\u0103 c\u0103 va pleca dac\u0103 acesta revine.\",\"datePublished\":\"2025-01-21T20:36:48+00:00\",\"dateModified\":\"2025-01-21T20:38:13+00:00\",\"mainEntityOfPage\":{\"@id\":\"https:\\\/\\\/www.letsportsrock.com\\\/?p=19840\"},\"wordCount\":366,\"commentCount\":0,\"image\":{\"@id\":\"https:\\\/\\\/www.letsportsrock.com\\\/?p=19840#primaryimage\"},\"thumbnailUrl\":\"https:\\\/\\\/www.letsportsrock.com\\\/wp-content\\\/uploads\\\/2025\\\/01\\\/images-2025-01-21T213733.862.jpeg\",\"inLanguage\":\"en-US\",\"potentialAction\":[{\"@type\":\"CommentAction\",\"name\":\"Comment\",\"target\":[\"https:\\\/\\\/www.letsportsrock.com\\\/?p=19840#respond\"]}]},{\"@type\":\"WebPage\",\"@id\":\"https:\\\/\\\/www.letsportsrock.com\\\/?p=19840\",\"url\":\"https:\\\/\\\/www.letsportsrock.com\\\/?p=19840\",\"name\":\"\u0218TIRI \u00ceN TENDIN\u021a\u0102: \\\"Voi pleca pentru ca e\",\"isPartOf\":{\"@id\":\"https:\\\/\\\/www.letsportsrock.com\\\/#website\"},\"primaryImageOfPage\":{\"@id\":\"https:\\\/\\\/www.letsportsrock.com\\\/?p=19840#primaryimage\"},\"image\":{\"@id\":\"https:\\\/\\\/www.letsportsrock.com\\\/?p=19840#primaryimage\"},\"thumbnailUrl\":\"https:\\\/\\\/www.letsportsrock.com\\\/wp-content\\\/uploads\\\/2025\\\/01\\\/images-2025-01-21T213733.862.jpeg\",\"datePublished\":\"2025-01-21T20:36:48+00:00\",\"dateModified\":\"2025-01-21T20:38:13+00:00\",\"author\":{\"@id\":\"https:\\\/\\\/www.letsportsrock.com\\\/#\\\/schema\\\/person\\\/a454ac24e58b214ddd97e4b5afb0bf01\"},\"description\":\"\u0218TIRI \u00ceN TENDIN\u021a\u0102: \\\"Voi pleca pentru ca el s\u0103 joace\\\" - Starul de la FC Dinamo Bucure\u0219ti confirm\u0103 c\u0103 va pleca dac\u0103 acesta revine.\",\"breadcrumb\":{\"@id\":\"https:\\\/\\\/www.letsportsrock.com\\\/?p=19840#breadcrumb\"},\"inLanguage\":\"en-US\",\"potentialAction\":[{\"@type\":\"ReadAction\",\"target\":[\"https:\\\/\\\/www.letsportsrock.com\\\/?p=19840\"]}]},{\"@type\":\"ImageObject\",\"inLanguage\":\"en-US\",\"@id\":\"https:\\\/\\\/www.letsportsrock.com\\\/?p=19840#primaryimage\",\"url\":\"https:\\\/\\\/www.letsportsrock.com\\\/wp-content\\\/uploads\\\/2025\\\/01\\\/images-2025-01-21T213733.862.jpeg\",\"contentUrl\":\"https:\\\/\\\/www.letsportsrock.com\\\/wp-content\\\/uploads\\\/2025\\\/01\\\/images-2025-01-21T213733.862.jpeg\",\"width\":739,\"height\":415},{\"@type\":\"BreadcrumbList\",\"@id\":\"https:\\\/\\\/www.letsportsrock.com\\\/?p=19840#breadcrumb\",\"itemListElement\":[{\"@type\":\"ListItem\",\"position\":1,\"name\":\"Home\",\"item\":\"https:\\\/\\\/www.letsportsrock.com\\\/\"},{\"@type\":\"ListItem\",\"position\":2,\"name\":\"\u0218TIRI \u00ceN TENDIN\u021a\u0102: &#8220;Voi pleca pentru ca el s\u0103 joace&#8221; &#8211; Starul de la FC Dinamo Bucure\u0219ti confirm\u0103 c\u0103 va pleca dac\u0103 acesta revine.\"}]},{\"@type\":\"WebSite\",\"@id\":\"https:\\\/\\\/www.letsportsrock.com\\\/#website\",\"url\":\"https:\\\/\\\/www.letsportsrock.com\\\/\",\"name\":\"letsportsrock\",\"description\":\"Sport News and Updates\",\"potentialAction\":[{\"@type\":\"SearchAction\",\"target\":{\"@type\":\"EntryPoint\",\"urlTemplate\":\"https:\\\/\\\/www.letsportsrock.com\\\/?s={search_term_string}\"},\"query-input\":{\"@type\":\"PropertyValueSpecification\",\"valueRequired\":true,\"valueName\":\"search_term_string\"}}],\"inLanguage\":\"en-US\"},{\"@type\":\"Person\",\"@id\":\"https:\\\/\\\/www.letsportsrock.com\\\/#\\\/schema\\\/person\\\/a454ac24e58b214ddd97e4b5afb0bf01\",\"name\":\"letsportsrock\",\"image\":{\"@type\":\"ImageObject\",\"inLanguage\":\"en-US\",\"@id\":\"https:\\\/\\\/secure.gravatar.com\\\/avatar\\\/f8ef950cbb7574c0bc874094b8d307659bfe2d7aa4a9d26fa6917eff010748f9?s=96&d=mm&r=g\",\"url\":\"https:\\\/\\\/secure.gravatar.com\\\/avatar\\\/f8ef950cbb7574c0bc874094b8d307659bfe2d7aa4a9d26fa6917eff010748f9?s=96&d=mm&r=g\",\"contentUrl\":\"https:\\\/\\\/secure.gravatar.com\\\/avatar\\\/f8ef950cbb7574c0bc874094b8d307659bfe2d7aa4a9d26fa6917eff010748f9?s=96&d=mm&r=g\",\"caption\":\"letsportsrock\"},\"sameAs\":[\"https:\\\/\\\/www.letsportsrock.com\"],\"url\":\"https:\\\/\\\/www.letsportsrock.com\\\/?author=1\"}]}<\/script>\n<!-- \/ Yoast SEO plugin. -->","yoast_head_json":{"title":"\u0218TIRI \u00ceN TENDIN\u021a\u0102: \"Voi pleca pentru ca e","description":"\u0218TIRI \u00ceN TENDIN\u021a\u0102: \"Voi pleca pentru ca el s\u0103 joace\" - Starul de la FC Dinamo Bucure\u0219ti confirm\u0103 c\u0103 va pleca dac\u0103 acesta revine.","robots":{"index":"index","follow":"follow","max-snippet":"max-snippet:-1","max-image-preview":"max-image-preview:large","max-video-preview":"max-video-preview:-1"},"canonical":"https:\/\/www.letsportsrock.com\/?p=19840","og_locale":"en_US","og_type":"article","og_title":"\u0218TIRI \u00ceN TENDIN\u021a\u0102: \"Voi pleca pentru ca e","og_description":"\u0218TIRI \u00ceN TENDIN\u021a\u0102: \"Voi pleca pentru ca el s\u0103 joace\" - Starul de la FC Dinamo Bucure\u0219ti confirm\u0103 c\u0103 va pleca dac\u0103 acesta revine.","og_url":"https:\/\/www.letsportsrock.com\/?p=19840","og_site_name":"letsportsrock","article_published_time":"2025-01-21T20:36:48+00:00","article_modified_time":"2025-01-21T20:38:13+00:00","og_image":[{"width":739,"height":415,"url":"https:\/\/www.letsportsrock.com\/wp-content\/uploads\/2025\/01\/images-2025-01-21T213733.862.jpeg","type":"image\/jpeg"}],"author":"letsportsrock","twitter_card":"summary_large_image","twitter_misc":{"Written by":"letsportsrock","Est. reading time":"2 minutes"},"schema":{"@context":"https:\/\/schema.org","@graph":[{"@type":"Article","@id":"https:\/\/www.letsportsrock.com\/?p=19840#article","isPartOf":{"@id":"https:\/\/www.letsportsrock.com\/?p=19840"},"author":{"name":"letsportsrock","@id":"https:\/\/www.letsportsrock.com\/#\/schema\/person\/a454ac24e58b214ddd97e4b5afb0bf01"},"headline":"\u0218TIRI \u00ceN TENDIN\u021a\u0102: &#8220;Voi pleca pentru ca el s\u0103 joace&#8221; &#8211; Starul de la FC Dinamo Bucure\u0219ti confirm\u0103 c\u0103 va pleca dac\u0103 acesta revine.","datePublished":"2025-01-21T20:36:48+00:00","dateModified":"2025-01-21T20:38:13+00:00","mainEntityOfPage":{"@id":"https:\/\/www.letsportsrock.com\/?p=19840"},"wordCount":366,"commentCount":0,"image":{"@id":"https:\/\/www.letsportsrock.com\/?p=19840#primaryimage"},"thumbnailUrl":"https:\/\/www.letsportsrock.com\/wp-content\/uploads\/2025\/01\/images-2025-01-21T213733.862.jpeg","inLanguage":"en-US","potentialAction":[{"@type":"CommentAction","name":"Comment","target":["https:\/\/www.letsportsrock.com\/?p=19840#respond"]}]},{"@type":"WebPage","@id":"https:\/\/www.letsportsrock.com\/?p=19840","url":"https:\/\/www.letsportsrock.com\/?p=19840","name":"\u0218TIRI \u00ceN TENDIN\u021a\u0102: \"Voi pleca pentru ca e","isPartOf":{"@id":"https:\/\/www.letsportsrock.com\/#website"},"primaryImageOfPage":{"@id":"https:\/\/www.letsportsrock.com\/?p=19840#primaryimage"},"image":{"@id":"https:\/\/www.letsportsrock.com\/?p=19840#primaryimage"},"thumbnailUrl":"https:\/\/www.letsportsrock.com\/wp-content\/uploads\/2025\/01\/images-2025-01-21T213733.862.jpeg","datePublished":"2025-01-21T20:36:48+00:00","dateModified":"2025-01-21T20:38:13+00:00","author":{"@id":"https:\/\/www.letsportsrock.com\/#\/schema\/person\/a454ac24e58b214ddd97e4b5afb0bf01"},"description":"\u0218TIRI \u00ceN TENDIN\u021a\u0102: \"Voi pleca pentru ca el s\u0103 joace\" - Starul de la FC Dinamo Bucure\u0219ti confirm\u0103 c\u0103 va pleca dac\u0103 acesta revine.","breadcrumb":{"@id":"https:\/\/www.letsportsrock.com\/?p=19840#breadcrumb"},"inLanguage":"en-US","potentialAction":[{"@type":"ReadAction","target":["https:\/\/www.letsportsrock.com\/?p=19840"]}]},{"@type":"ImageObject","inLanguage":"en-US","@id":"https:\/\/www.letsportsrock.com\/?p=19840#primaryimage","url":"https:\/\/www.letsportsrock.com\/wp-content\/uploads\/2025\/01\/images-2025-01-21T213733.862.jpeg","contentUrl":"https:\/\/www.letsportsrock.com\/wp-content\/uploads\/2025\/01\/images-2025-01-21T213733.862.jpeg","width":739,"height":415},{"@type":"BreadcrumbList","@id":"https:\/\/www.letsportsrock.com\/?p=19840#breadcrumb","itemListElement":[{"@type":"ListItem","position":1,"name":"Home","item":"https:\/\/www.letsportsrock.com\/"},{"@type":"ListItem","position":2,"name":"\u0218TIRI \u00ceN TENDIN\u021a\u0102: &#8220;Voi pleca pentru ca el s\u0103 joace&#8221; &#8211; Starul de la FC Dinamo Bucure\u0219ti confirm\u0103 c\u0103 va pleca dac\u0103 acesta revine."}]},{"@type":"WebSite","@id":"https:\/\/www.letsportsrock.com\/#website","url":"https:\/\/www.letsportsrock.com\/","name":"letsportsrock","description":"Sport News and Updates","potentialAction":[{"@type":"SearchAction","target":{"@type":"EntryPoint","urlTemplate":"https:\/\/www.letsportsrock.com\/?s={search_term_string}"},"query-input":{"@type":"PropertyValueSpecification","valueRequired":true,"valueName":"search_term_string"}}],"inLanguage":"en-US"},{"@type":"Person","@id":"https:\/\/www.letsportsrock.com\/#\/schema\/person\/a454ac24e58b214ddd97e4b5afb0bf01","name":"letsportsrock","image":{"@type":"ImageObject","inLanguage":"en-US","@id":"https:\/\/secure.gravatar.com\/avatar\/f8ef950cbb7574c0bc874094b8d307659bfe2d7aa4a9d26fa6917eff010748f9?s=96&d=mm&r=g","url":"https:\/\/secure.gravatar.com\/avatar\/f8ef950cbb7574c0bc874094b8d307659bfe2d7aa4a9d26fa6917eff010748f9?s=96&d=mm&r=g","contentUrl":"https:\/\/secure.gravatar.com\/avatar\/f8ef950cbb7574c0bc874094b8d307659bfe2d7aa4a9d26fa6917eff010748f9?s=96&d=mm&r=g","caption":"letsportsrock"},"sameAs":["https:\/\/www.letsportsrock.com"],"url":"https:\/\/www.letsportsrock.com\/?author=1"}]}},"jetpack_featured_media_url":"https:\/\/www.letsportsrock.com\/wp-content\/uploads\/2025\/01\/images-2025-01-21T213733.862.jpeg","jetpack_sharing_enabled":true,"_links":{"self":[{"href":"https:\/\/www.letsportsrock.com\/index.php?rest_route=\/wp\/v2\/posts\/19840","targetHints":{"allow":["GET"]}}],"collection":[{"href":"https:\/\/www.letsportsrock.com\/index.php?rest_route=\/wp\/v2\/posts"}],"about":[{"href":"https:\/\/www.letsportsrock.com\/index.php?rest_route=\/wp\/v2\/types\/post"}],"author":[{"embeddable":true,"href":"https:\/\/www.letsportsrock.com\/index.php?rest_route=\/wp\/v2\/users\/1"}],"replies":[{"embeddable":true,"href":"https:\/\/www.letsportsrock.com\/index.php?rest_route=%2Fwp%2Fv2%2Fcomments&post=19840"}],"version-history":[{"count":3,"href":"https:\/\/www.letsportsrock.com\/index.php?rest_route=\/wp\/v2\/posts\/19840\/revisions"}],"predecessor-version":[{"id":19844,"href":"https:\/\/www.letsportsrock.com\/index.php?rest_route=\/wp\/v2\/posts\/19840\/revisions\/19844"}],"wp:featuredmedia":[{"embeddable":true,"href":"https:\/\/www.letsportsrock.com\/index.php?rest_route=\/wp\/v2\/media\/19843"}],"wp:attachment":[{"href":"https:\/\/www.letsportsrock.com\/index.php?rest_route=%2Fwp%2Fv2%2Fmedia&parent=19840"}],"wp:term":[{"taxonomy":"category","embeddable":true,"href":"https:\/\/www.letsportsrock.com\/index.php?rest_route=%2Fwp%2Fv2%2Fcategories&post=19840"},{"taxonomy":"post_tag","embeddable":true,"href":"https:\/\/www.letsportsrock.com\/index.php?rest_route=%2Fwp%2Fv2%2Ftags&post=19840"}],"curies":[{"name":"wp","href":"https:\/\/api.w.org\/{rel}","templated":true}]}}