{"id":19845,"date":"2025-01-21T20:40:45","date_gmt":"2025-01-21T20:40:45","guid":{"rendered":"https:\/\/www.letsportsrock.com\/?p=19845"},"modified":"2025-01-21T20:43:03","modified_gmt":"2025-01-21T20:43:03","slug":"stiri-de-ultima-ora-antrenorul-principal-de-la-fc-dinamo-bucuresti-pleaca-din-cauza","status":"publish","type":"post","link":"https:\/\/www.letsportsrock.com\/?p=19845","title":{"rendered":"\u0218TIRI DE ULTIM\u0102 OR\u0102: Antrenorul principal de la FC Dinamo Bucure\u0219ti pleac\u0103 din cauza\u2026"},"content":{"rendered":"<div class=\"d79db4796efc26332eabfc3f5dafbc76\" data-index=\"1\" style=\"float: none; margin:10px 0 10px 0; text-align:center;\">\n<div class=\"hb-ad-inarticle\">\r\n    <div class=\"hb-ad-inner\"> \r\n    <div class=\"hbagency_cls\"  id=\"hbagency_space_111930\"><\/div><\/div> <\/div>\n<\/div>\n<p>**\u0218TIRI DE ULTIM\u0102 OR\u0102: Antrenorul principal de la FC Dinamo Bucure\u0219ti pleac\u0103 din cauza\u2026**<\/p>\n<p>&nbsp;<\/p>\n<p>\u00centr-un anun\u021b de ultim\u0103 or\u0103, conducerea clubului FC Dinamo Bucure\u0219ti a confirmat c\u0103 antrenorul principal a p\u0103r\u0103sit echipa, invoc\u00e2nd motive personale \u0219i profesionale. Decizia vine \u00eentr-un moment delicat pentru echipa din \u0218tefan cel Mare, care se afl\u0103 \u00eentr-o perioad\u0103 de reconstruc\u021bie \u0219i \u00eencerc\u0103ri de a reveni \u00een v\u00e2rful fotbalului rom\u00e2nesc.<\/p>\n<p>&nbsp;<\/p>\n<p>Surse din interiorul clubului sus\u021bin c\u0103 antrenorul a avut o discu\u021bie lung\u0103 cu conducerea, \u00een urma c\u0103reia s-a ajuns la concluzia c\u0103 o schimbare era inevitabil\u0103. Motivul oficial al plec\u0103rii a fost legat de diferen\u021bele de viziune asupra strategiei de dezvoltare a echipei, dar \u0219i de presiunea constant\u0103 de a ob\u021bine rezultate imediate \u00eentr-un sezon deja complicat.<\/p>\n<p>&nbsp;<\/p>\n<p>Antrenorul, care a preluat echipa \u00eentr-un moment dificil, a reu\u0219it s\u0103 aduc\u0103 unele \u00eembun\u0103t\u0103\u021biri la nivelul jocului, dar nu a reu\u0219it s\u0103 se impun\u0103 \u00een fa\u021ba a\u0219tept\u0103rilor mari ale suporterilor \u0219i conduc\u0103torilor clubului. \u00cen ciuda eforturilor sale, echipa nu a reu\u0219it s\u0103 ob\u021bin\u0103 performan\u021bele dorite, iar acest lucru a dus la o presiune tot mai mare asupra sa.<\/p>\n<p>&nbsp;<\/p>\n<p>&#8220;Am luat aceast\u0103 decizie cu regret, dar consider c\u0103 este momentul potrivit pentru un nou \u00eenceput. Am apreciat sprijinul tuturor celor din club, dar simt c\u0103 este timpul s\u0103 fac o pauz\u0103 \u0219i s\u0103 m\u0103 concentrez pe alte proiecte profesionale&#8221;, a declarat antrenorul \u00eentr-un mesaj de r\u0103mas-bun.<\/p>\n<p>&nbsp;<\/p>\n<p>\u00cen urma acestei plec\u0103ri, conducerea clubului va trebui s\u0103 ia rapid m\u0103suri pentru a g\u0103si un \u00eenlocuitor, av\u00e2nd \u00een vedere c\u0103 sezonul este \u00een plin\u0103 desf\u0103\u0219urare \u0219i obiectivele echipei r\u0103m\u00e2n ambi\u021bioase. Suporterii dinamo\u0219ti a\u0219teapt\u0103 cu ner\u0103bdare s\u0103 afle cine va fi urm\u0103torul antrenor care va \u00eencerca s\u0103 readuc\u0103 echipa pe drumul cel bun.<\/p>\n\n<div style=\"font-size: 0px; height: 0px; line-height: 0px; margin: 0; padding: 0; clear: both;\"><\/div>","protected":false},"excerpt":{"rendered":"<p>**\u0218TIRI DE ULTIM\u0102 OR\u0102: Antrenorul principal de la FC Dinamo Bucure\u0219ti pleac\u0103 din cauza\u2026** &nbsp; \u00centr-un anun\u021b de ultim\u0103 or\u0103, conducerea clubului FC Dinamo Bucure\u0219ti a confirmat c\u0103 antrenorul principal a p\u0103r\u0103sit echipa, invoc\u00e2nd motive personale \u0219i profesionale. Decizia vine \u00eentr-un moment delicat pentru echipa din \u0218tefan cel Mare, care se afl\u0103 \u00eentr-o perioad\u0103 de [&hellip;]<\/p>\n","protected":false},"author":1,"featured_media":19847,"comment_status":"open","ping_status":"open","sticky":false,"template":"","format":"standard","meta":{"_jetpack_memberships_contains_paid_content":false,"footnotes":""},"categories":[1],"tags":[],"class_list":["post-19845","post","type-post","status-publish","format-standard","has-post-thumbnail","hentry","category-uncategorized"],"yoast_head":"<!-- This site is optimized with the Yoast SEO plugin v27.4 - https:\/\/yoast.com\/product\/yoast-seo-wordpress\/ -->\n<title>\u0218TIRI DE ULTIM\u0102 OR\u0102: Antrenorul principal de la<\/title>\n<meta name=\"description\" content=\"\u0218TIRI DE ULTIM\u0102 OR\u0102: Antrenorul principal de la FC Dinamo Bucure\u0219ti pleac\u0103 din cauza\u2026.....................,\" \/>\n<meta name=\"robots\" content=\"index, follow, max-snippet:-1, max-image-preview:large, max-video-preview:-1\" \/>\n<link rel=\"canonical\" href=\"https:\/\/www.letsportsrock.com\/?p=19845\" \/>\n<meta property=\"og:locale\" content=\"en_US\" \/>\n<meta property=\"og:type\" content=\"article\" \/>\n<meta property=\"og:title\" content=\"\u0218TIRI DE ULTIM\u0102 OR\u0102: Antrenorul principal de la\" \/>\n<meta property=\"og:description\" content=\"\u0218TIRI DE ULTIM\u0102 OR\u0102: Antrenorul principal de la FC Dinamo Bucure\u0219ti pleac\u0103 din cauza\u2026.....................,\" \/>\n<meta property=\"og:url\" content=\"https:\/\/www.letsportsrock.com\/?p=19845\" \/>\n<meta property=\"og:site_name\" content=\"letsportsrock\" \/>\n<meta property=\"article:published_time\" content=\"2025-01-21T20:40:45+00:00\" \/>\n<meta property=\"article:modified_time\" content=\"2025-01-21T20:43:03+00:00\" \/>\n<meta property=\"og:image\" content=\"https:\/\/www.letsportsrock.com\/wp-content\/uploads\/2025\/01\/images-2025-01-21T214234.365.jpeg\" \/>\n\t<meta property=\"og:image:width\" content=\"500\" \/>\n\t<meta property=\"og:image:height\" content=\"333\" \/>\n\t<meta property=\"og:image:type\" content=\"image\/jpeg\" \/>\n<meta name=\"author\" content=\"letsportsrock\" \/>\n<meta name=\"twitter:card\" content=\"summary_large_image\" \/>\n<meta name=\"twitter:label1\" content=\"Written by\" \/>\n\t<meta name=\"twitter:data1\" content=\"letsportsrock\" \/>\n\t<meta name=\"twitter:label2\" content=\"Est. reading time\" \/>\n\t<meta name=\"twitter:data2\" content=\"2 minutes\" \/>\n<script type=\"application\/ld+json\" class=\"yoast-schema-graph\">{\"@context\":\"https:\\\/\\\/schema.org\",\"@graph\":[{\"@type\":\"Article\",\"@id\":\"https:\\\/\\\/www.letsportsrock.com\\\/?p=19845#article\",\"isPartOf\":{\"@id\":\"https:\\\/\\\/www.letsportsrock.com\\\/?p=19845\"},\"author\":{\"name\":\"letsportsrock\",\"@id\":\"https:\\\/\\\/www.letsportsrock.com\\\/#\\\/schema\\\/person\\\/a454ac24e58b214ddd97e4b5afb0bf01\"},\"headline\":\"\u0218TIRI DE ULTIM\u0102 OR\u0102: Antrenorul principal de la FC Dinamo Bucure\u0219ti pleac\u0103 din cauza\u2026\",\"datePublished\":\"2025-01-21T20:40:45+00:00\",\"dateModified\":\"2025-01-21T20:43:03+00:00\",\"mainEntityOfPage\":{\"@id\":\"https:\\\/\\\/www.letsportsrock.com\\\/?p=19845\"},\"wordCount\":338,\"commentCount\":0,\"image\":{\"@id\":\"https:\\\/\\\/www.letsportsrock.com\\\/?p=19845#primaryimage\"},\"thumbnailUrl\":\"https:\\\/\\\/www.letsportsrock.com\\\/wp-content\\\/uploads\\\/2025\\\/01\\\/images-2025-01-21T214234.365.jpeg\",\"inLanguage\":\"en-US\",\"potentialAction\":[{\"@type\":\"CommentAction\",\"name\":\"Comment\",\"target\":[\"https:\\\/\\\/www.letsportsrock.com\\\/?p=19845#respond\"]}]},{\"@type\":\"WebPage\",\"@id\":\"https:\\\/\\\/www.letsportsrock.com\\\/?p=19845\",\"url\":\"https:\\\/\\\/www.letsportsrock.com\\\/?p=19845\",\"name\":\"\u0218TIRI DE ULTIM\u0102 OR\u0102: Antrenorul principal de la\",\"isPartOf\":{\"@id\":\"https:\\\/\\\/www.letsportsrock.com\\\/#website\"},\"primaryImageOfPage\":{\"@id\":\"https:\\\/\\\/www.letsportsrock.com\\\/?p=19845#primaryimage\"},\"image\":{\"@id\":\"https:\\\/\\\/www.letsportsrock.com\\\/?p=19845#primaryimage\"},\"thumbnailUrl\":\"https:\\\/\\\/www.letsportsrock.com\\\/wp-content\\\/uploads\\\/2025\\\/01\\\/images-2025-01-21T214234.365.jpeg\",\"datePublished\":\"2025-01-21T20:40:45+00:00\",\"dateModified\":\"2025-01-21T20:43:03+00:00\",\"author\":{\"@id\":\"https:\\\/\\\/www.letsportsrock.com\\\/#\\\/schema\\\/person\\\/a454ac24e58b214ddd97e4b5afb0bf01\"},\"description\":\"\u0218TIRI DE ULTIM\u0102 OR\u0102: Antrenorul principal de la FC Dinamo Bucure\u0219ti pleac\u0103 din cauza\u2026.....................,\",\"breadcrumb\":{\"@id\":\"https:\\\/\\\/www.letsportsrock.com\\\/?p=19845#breadcrumb\"},\"inLanguage\":\"en-US\",\"potentialAction\":[{\"@type\":\"ReadAction\",\"target\":[\"https:\\\/\\\/www.letsportsrock.com\\\/?p=19845\"]}]},{\"@type\":\"ImageObject\",\"inLanguage\":\"en-US\",\"@id\":\"https:\\\/\\\/www.letsportsrock.com\\\/?p=19845#primaryimage\",\"url\":\"https:\\\/\\\/www.letsportsrock.com\\\/wp-content\\\/uploads\\\/2025\\\/01\\\/images-2025-01-21T214234.365.jpeg\",\"contentUrl\":\"https:\\\/\\\/www.letsportsrock.com\\\/wp-content\\\/uploads\\\/2025\\\/01\\\/images-2025-01-21T214234.365.jpeg\",\"width\":500,\"height\":333},{\"@type\":\"BreadcrumbList\",\"@id\":\"https:\\\/\\\/www.letsportsrock.com\\\/?p=19845#breadcrumb\",\"itemListElement\":[{\"@type\":\"ListItem\",\"position\":1,\"name\":\"Home\",\"item\":\"https:\\\/\\\/www.letsportsrock.com\\\/\"},{\"@type\":\"ListItem\",\"position\":2,\"name\":\"\u0218TIRI DE ULTIM\u0102 OR\u0102: Antrenorul principal de la FC Dinamo Bucure\u0219ti pleac\u0103 din cauza\u2026\"}]},{\"@type\":\"WebSite\",\"@id\":\"https:\\\/\\\/www.letsportsrock.com\\\/#website\",\"url\":\"https:\\\/\\\/www.letsportsrock.com\\\/\",\"name\":\"letsportsrock\",\"description\":\"Sport News and Updates\",\"potentialAction\":[{\"@type\":\"SearchAction\",\"target\":{\"@type\":\"EntryPoint\",\"urlTemplate\":\"https:\\\/\\\/www.letsportsrock.com\\\/?s={search_term_string}\"},\"query-input\":{\"@type\":\"PropertyValueSpecification\",\"valueRequired\":true,\"valueName\":\"search_term_string\"}}],\"inLanguage\":\"en-US\"},{\"@type\":\"Person\",\"@id\":\"https:\\\/\\\/www.letsportsrock.com\\\/#\\\/schema\\\/person\\\/a454ac24e58b214ddd97e4b5afb0bf01\",\"name\":\"letsportsrock\",\"image\":{\"@type\":\"ImageObject\",\"inLanguage\":\"en-US\",\"@id\":\"https:\\\/\\\/secure.gravatar.com\\\/avatar\\\/f8ef950cbb7574c0bc874094b8d307659bfe2d7aa4a9d26fa6917eff010748f9?s=96&d=mm&r=g\",\"url\":\"https:\\\/\\\/secure.gravatar.com\\\/avatar\\\/f8ef950cbb7574c0bc874094b8d307659bfe2d7aa4a9d26fa6917eff010748f9?s=96&d=mm&r=g\",\"contentUrl\":\"https:\\\/\\\/secure.gravatar.com\\\/avatar\\\/f8ef950cbb7574c0bc874094b8d307659bfe2d7aa4a9d26fa6917eff010748f9?s=96&d=mm&r=g\",\"caption\":\"letsportsrock\"},\"sameAs\":[\"https:\\\/\\\/www.letsportsrock.com\"],\"url\":\"https:\\\/\\\/www.letsportsrock.com\\\/?author=1\"}]}<\/script>\n<!-- \/ Yoast SEO plugin. -->","yoast_head_json":{"title":"\u0218TIRI DE ULTIM\u0102 OR\u0102: Antrenorul principal de la","description":"\u0218TIRI DE ULTIM\u0102 OR\u0102: Antrenorul principal de la FC Dinamo Bucure\u0219ti pleac\u0103 din cauza\u2026.....................,","robots":{"index":"index","follow":"follow","max-snippet":"max-snippet:-1","max-image-preview":"max-image-preview:large","max-video-preview":"max-video-preview:-1"},"canonical":"https:\/\/www.letsportsrock.com\/?p=19845","og_locale":"en_US","og_type":"article","og_title":"\u0218TIRI DE ULTIM\u0102 OR\u0102: Antrenorul principal de la","og_description":"\u0218TIRI DE ULTIM\u0102 OR\u0102: Antrenorul principal de la FC Dinamo Bucure\u0219ti pleac\u0103 din cauza\u2026.....................,","og_url":"https:\/\/www.letsportsrock.com\/?p=19845","og_site_name":"letsportsrock","article_published_time":"2025-01-21T20:40:45+00:00","article_modified_time":"2025-01-21T20:43:03+00:00","og_image":[{"width":500,"height":333,"url":"https:\/\/www.letsportsrock.com\/wp-content\/uploads\/2025\/01\/images-2025-01-21T214234.365.jpeg","type":"image\/jpeg"}],"author":"letsportsrock","twitter_card":"summary_large_image","twitter_misc":{"Written by":"letsportsrock","Est. reading time":"2 minutes"},"schema":{"@context":"https:\/\/schema.org","@graph":[{"@type":"Article","@id":"https:\/\/www.letsportsrock.com\/?p=19845#article","isPartOf":{"@id":"https:\/\/www.letsportsrock.com\/?p=19845"},"author":{"name":"letsportsrock","@id":"https:\/\/www.letsportsrock.com\/#\/schema\/person\/a454ac24e58b214ddd97e4b5afb0bf01"},"headline":"\u0218TIRI DE ULTIM\u0102 OR\u0102: Antrenorul principal de la FC Dinamo Bucure\u0219ti pleac\u0103 din cauza\u2026","datePublished":"2025-01-21T20:40:45+00:00","dateModified":"2025-01-21T20:43:03+00:00","mainEntityOfPage":{"@id":"https:\/\/www.letsportsrock.com\/?p=19845"},"wordCount":338,"commentCount":0,"image":{"@id":"https:\/\/www.letsportsrock.com\/?p=19845#primaryimage"},"thumbnailUrl":"https:\/\/www.letsportsrock.com\/wp-content\/uploads\/2025\/01\/images-2025-01-21T214234.365.jpeg","inLanguage":"en-US","potentialAction":[{"@type":"CommentAction","name":"Comment","target":["https:\/\/www.letsportsrock.com\/?p=19845#respond"]}]},{"@type":"WebPage","@id":"https:\/\/www.letsportsrock.com\/?p=19845","url":"https:\/\/www.letsportsrock.com\/?p=19845","name":"\u0218TIRI DE ULTIM\u0102 OR\u0102: Antrenorul principal de la","isPartOf":{"@id":"https:\/\/www.letsportsrock.com\/#website"},"primaryImageOfPage":{"@id":"https:\/\/www.letsportsrock.com\/?p=19845#primaryimage"},"image":{"@id":"https:\/\/www.letsportsrock.com\/?p=19845#primaryimage"},"thumbnailUrl":"https:\/\/www.letsportsrock.com\/wp-content\/uploads\/2025\/01\/images-2025-01-21T214234.365.jpeg","datePublished":"2025-01-21T20:40:45+00:00","dateModified":"2025-01-21T20:43:03+00:00","author":{"@id":"https:\/\/www.letsportsrock.com\/#\/schema\/person\/a454ac24e58b214ddd97e4b5afb0bf01"},"description":"\u0218TIRI DE ULTIM\u0102 OR\u0102: Antrenorul principal de la FC Dinamo Bucure\u0219ti pleac\u0103 din cauza\u2026.....................,","breadcrumb":{"@id":"https:\/\/www.letsportsrock.com\/?p=19845#breadcrumb"},"inLanguage":"en-US","potentialAction":[{"@type":"ReadAction","target":["https:\/\/www.letsportsrock.com\/?p=19845"]}]},{"@type":"ImageObject","inLanguage":"en-US","@id":"https:\/\/www.letsportsrock.com\/?p=19845#primaryimage","url":"https:\/\/www.letsportsrock.com\/wp-content\/uploads\/2025\/01\/images-2025-01-21T214234.365.jpeg","contentUrl":"https:\/\/www.letsportsrock.com\/wp-content\/uploads\/2025\/01\/images-2025-01-21T214234.365.jpeg","width":500,"height":333},{"@type":"BreadcrumbList","@id":"https:\/\/www.letsportsrock.com\/?p=19845#breadcrumb","itemListElement":[{"@type":"ListItem","position":1,"name":"Home","item":"https:\/\/www.letsportsrock.com\/"},{"@type":"ListItem","position":2,"name":"\u0218TIRI DE ULTIM\u0102 OR\u0102: Antrenorul principal de la FC Dinamo Bucure\u0219ti pleac\u0103 din cauza\u2026"}]},{"@type":"WebSite","@id":"https:\/\/www.letsportsrock.com\/#website","url":"https:\/\/www.letsportsrock.com\/","name":"letsportsrock","description":"Sport News and Updates","potentialAction":[{"@type":"SearchAction","target":{"@type":"EntryPoint","urlTemplate":"https:\/\/www.letsportsrock.com\/?s={search_term_string}"},"query-input":{"@type":"PropertyValueSpecification","valueRequired":true,"valueName":"search_term_string"}}],"inLanguage":"en-US"},{"@type":"Person","@id":"https:\/\/www.letsportsrock.com\/#\/schema\/person\/a454ac24e58b214ddd97e4b5afb0bf01","name":"letsportsrock","image":{"@type":"ImageObject","inLanguage":"en-US","@id":"https:\/\/secure.gravatar.com\/avatar\/f8ef950cbb7574c0bc874094b8d307659bfe2d7aa4a9d26fa6917eff010748f9?s=96&d=mm&r=g","url":"https:\/\/secure.gravatar.com\/avatar\/f8ef950cbb7574c0bc874094b8d307659bfe2d7aa4a9d26fa6917eff010748f9?s=96&d=mm&r=g","contentUrl":"https:\/\/secure.gravatar.com\/avatar\/f8ef950cbb7574c0bc874094b8d307659bfe2d7aa4a9d26fa6917eff010748f9?s=96&d=mm&r=g","caption":"letsportsrock"},"sameAs":["https:\/\/www.letsportsrock.com"],"url":"https:\/\/www.letsportsrock.com\/?author=1"}]}},"jetpack_featured_media_url":"https:\/\/www.letsportsrock.com\/wp-content\/uploads\/2025\/01\/images-2025-01-21T214234.365.jpeg","jetpack_sharing_enabled":true,"_links":{"self":[{"href":"https:\/\/www.letsportsrock.com\/index.php?rest_route=\/wp\/v2\/posts\/19845","targetHints":{"allow":["GET"]}}],"collection":[{"href":"https:\/\/www.letsportsrock.com\/index.php?rest_route=\/wp\/v2\/posts"}],"about":[{"href":"https:\/\/www.letsportsrock.com\/index.php?rest_route=\/wp\/v2\/types\/post"}],"author":[{"embeddable":true,"href":"https:\/\/www.letsportsrock.com\/index.php?rest_route=\/wp\/v2\/users\/1"}],"replies":[{"embeddable":true,"href":"https:\/\/www.letsportsrock.com\/index.php?rest_route=%2Fwp%2Fv2%2Fcomments&post=19845"}],"version-history":[{"count":1,"href":"https:\/\/www.letsportsrock.com\/index.php?rest_route=\/wp\/v2\/posts\/19845\/revisions"}],"predecessor-version":[{"id":19846,"href":"https:\/\/www.letsportsrock.com\/index.php?rest_route=\/wp\/v2\/posts\/19845\/revisions\/19846"}],"wp:featuredmedia":[{"embeddable":true,"href":"https:\/\/www.letsportsrock.com\/index.php?rest_route=\/wp\/v2\/media\/19847"}],"wp:attachment":[{"href":"https:\/\/www.letsportsrock.com\/index.php?rest_route=%2Fwp%2Fv2%2Fmedia&parent=19845"}],"wp:term":[{"taxonomy":"category","embeddable":true,"href":"https:\/\/www.letsportsrock.com\/index.php?rest_route=%2Fwp%2Fv2%2Fcategories&post=19845"},{"taxonomy":"post_tag","embeddable":true,"href":"https:\/\/www.letsportsrock.com\/index.php?rest_route=%2Fwp%2Fv2%2Ftags&post=19845"}],"curies":[{"name":"wp","href":"https:\/\/api.w.org\/{rel}","templated":true}]}}