{"id":19897,"date":"2025-01-22T06:42:40","date_gmt":"2025-01-22T06:42:40","guid":{"rendered":"https:\/\/www.letsportsrock.com\/?p=19897"},"modified":"2025-01-22T06:42:40","modified_gmt":"2025-01-22T06:42:40","slug":"transferul-talentatului-mijlocas-petar-sucic-la-fc-dinamo-a-esuat-ce-s-a-intamplat","status":"publish","type":"post","link":"https:\/\/www.letsportsrock.com\/?p=19897","title":{"rendered":"Transferul talentatului mijloca\u0219 Petar Sucic la FC Dinamo a e\u0219uat \u2013 Ce s-a \u00eent\u00e2mplat?"},"content":{"rendered":"<div class=\"d79db4796efc26332eabfc3f5dafbc76\" data-index=\"1\" style=\"float: none; margin:10px 0 10px 0; text-align:center;\">\n<div class=\"hb-ad-inarticle\">\r\n    <div class=\"hb-ad-inner\"> \r\n    <div class=\"hbagency_cls\"  id=\"hbagency_space_111930\"><\/div><\/div> <\/div>\n<\/div>\n<h2>Transferul talentatului mijloca\u0219 Petar Sucic la FC Dinamo a e\u0219uat \u2013 Ce s-a \u00eent\u00e2mplat?<\/h2>\n<p>Planurile celor de la FC Dinamo de a-l transfera pe talentatul mijloca\u0219 Petar Sucic au e\u0219uat nea\u0219teptat, l\u0103s\u00e2nd fanii dezam\u0103gi\u021bi \u0219i conducerea clubului \u00een c\u0103utarea unor alternative. Transferul, care era a\u0219teptat s\u0103 \u00eent\u0103reasc\u0103 echipa, a c\u0103zut din cauza unor ne\u00een\u021belegeri financiare \u0219i a unor probleme contractuale de ultim moment.<\/p>\n<p>&nbsp;<\/p>\n<p>Se pare c\u0103 negocierile dintre Dinamo \u0219i clubul actual al lui Sucic s-au blocat din cauza dezacordurilor privind taxa de transfer \u0219i cerin\u021bele salariale. \u00cen ciuda s\u0103pt\u0103m\u00e2nilor de discu\u021bii, p\u0103r\u021bile implicate nu au reu\u0219it s\u0103 ajung\u0103 la un acord satisf\u0103c\u0103tor. De asemenea, clauzele de performan\u021b\u0103 \u0219i drepturile de imagine au complicat \u0219i mai mult \u00een\u021belegerea, duc\u00e2nd \u00een cele din urm\u0103 la e\u0219uarea transferului.<\/p>\n<p>&nbsp;<\/p>\n<p>Sucic, care \u00ee\u0219i exprimase dorin\u021ba de a se al\u0103tura clubului Dinamo, se confrunt\u0103 acum cu incertitudinea viitorului s\u0103u. \u00centre timp, conducerea clubului trebuie s\u0103 g\u0103seasc\u0103 solu\u021bii pentru a umple golul din linia de mijloc. Acest e\u0219ec vine \u00eentr-un moment crucial pentru Dinamo, care avea mari a\u0219tept\u0103ri de la transferul lui Sucic \u00eenainte de noul sezon.<\/p>\n<p>&nbsp;<\/p>\n<p>Pe m\u0103sur\u0103 ce perioada de transferuri se apropie de final, fanii lui Dinamo a\u0219teapt\u0103 cu ner\u0103bdare s\u0103 vad\u0103 dac\u0103 clubul va reu\u0219i s\u0103 dep\u0103\u0219easc\u0103 aceast\u0103 dezam\u0103gire \u0219i s\u0103 aduc\u0103 un nou juc\u0103tor. Pentru moment, e\u0219ecul transferului lui Sucic r\u0103m\u00e2ne o lovitur\u0103 important\u0103 pentru ambi\u021biile e<\/p>\n<p>chipei.<\/p>\n<p>&nbsp;<\/p>\n<p>&nbsp;<\/p>\n\n<div style=\"font-size: 0px; height: 0px; line-height: 0px; margin: 0; padding: 0; clear: both;\"><\/div>","protected":false},"excerpt":{"rendered":"<p>Transferul talentatului mijloca\u0219 Petar Sucic la FC Dinamo a e\u0219uat \u2013 Ce s-a \u00eent\u00e2mplat? Planurile celor de la FC Dinamo de a-l transfera pe talentatul mijloca\u0219 Petar Sucic au e\u0219uat nea\u0219teptat, l\u0103s\u00e2nd fanii dezam\u0103gi\u021bi \u0219i conducerea clubului \u00een c\u0103utarea unor alternative. Transferul, care era a\u0219teptat s\u0103 \u00eent\u0103reasc\u0103 echipa, a c\u0103zut din cauza unor ne\u00een\u021belegeri financiare [&hellip;]<\/p>\n","protected":false},"author":11,"featured_media":19898,"comment_status":"open","ping_status":"open","sticky":false,"template":"","format":"standard","meta":{"_jetpack_memberships_contains_paid_content":false,"footnotes":""},"categories":[276],"tags":[264],"class_list":["post-19897","post","type-post","status-publish","format-standard","has-post-thumbnail","hentry","category-fcsb","tag-fcsb"],"yoast_head":"<!-- This site is optimized with the Yoast SEO plugin v27.4 - https:\/\/yoast.com\/product\/yoast-seo-wordpress\/ -->\n<title>Transferul talentatului mijloca\u0219 Petar Sucic la FC<\/title>\n<meta name=\"description\" content=\"Transferul talentatului mijloca\u0219 Petar Sucic la FC Dinamo a e\u0219uat \u2013 Ce s-a \u00eent\u00e2mplat?.........................\" \/>\n<meta name=\"robots\" content=\"index, follow, max-snippet:-1, max-image-preview:large, max-video-preview:-1\" \/>\n<link rel=\"canonical\" href=\"https:\/\/www.letsportsrock.com\/?p=19897\" \/>\n<meta property=\"og:locale\" content=\"en_US\" \/>\n<meta property=\"og:type\" content=\"article\" \/>\n<meta property=\"og:title\" content=\"Transferul talentatului mijloca\u0219 Petar Sucic la FC\" \/>\n<meta property=\"og:description\" content=\"Transferul talentatului mijloca\u0219 Petar Sucic la FC Dinamo a e\u0219uat \u2013 Ce s-a \u00eent\u00e2mplat?.........................\" \/>\n<meta property=\"og:url\" content=\"https:\/\/www.letsportsrock.com\/?p=19897\" \/>\n<meta property=\"og:site_name\" content=\"letsportsrock\" \/>\n<meta property=\"article:published_time\" content=\"2025-01-22T06:42:40+00:00\" \/>\n<meta property=\"og:image\" content=\"https:\/\/www.letsportsrock.com\/wp-content\/uploads\/2025\/01\/images-21-2.jpeg\" \/>\n\t<meta property=\"og:image:width\" content=\"688\" \/>\n\t<meta property=\"og:image:height\" content=\"445\" \/>\n\t<meta property=\"og:image:type\" content=\"image\/jpeg\" \/>\n<meta name=\"author\" content=\"Shughun Ivory\" \/>\n<meta name=\"twitter:card\" content=\"summary_large_image\" \/>\n<meta name=\"twitter:label1\" content=\"Written by\" \/>\n\t<meta name=\"twitter:data1\" content=\"Shughun Ivory\" \/>\n\t<meta name=\"twitter:label2\" content=\"Est. reading time\" \/>\n\t<meta name=\"twitter:data2\" content=\"2 minutes\" \/>\n<script type=\"application\/ld+json\" class=\"yoast-schema-graph\">{\"@context\":\"https:\\\/\\\/schema.org\",\"@graph\":[{\"@type\":\"Article\",\"@id\":\"https:\\\/\\\/www.letsportsrock.com\\\/?p=19897#article\",\"isPartOf\":{\"@id\":\"https:\\\/\\\/www.letsportsrock.com\\\/?p=19897\"},\"author\":{\"name\":\"Shughun Ivory\",\"@id\":\"https:\\\/\\\/www.letsportsrock.com\\\/#\\\/schema\\\/person\\\/674619adef31b09138e9ccd4e2852ee0\"},\"headline\":\"Transferul talentatului mijloca\u0219 Petar Sucic la FC Dinamo a e\u0219uat \u2013 Ce s-a \u00eent\u00e2mplat?\",\"datePublished\":\"2025-01-22T06:42:40+00:00\",\"mainEntityOfPage\":{\"@id\":\"https:\\\/\\\/www.letsportsrock.com\\\/?p=19897\"},\"wordCount\":292,\"commentCount\":0,\"image\":{\"@id\":\"https:\\\/\\\/www.letsportsrock.com\\\/?p=19897#primaryimage\"},\"thumbnailUrl\":\"https:\\\/\\\/www.letsportsrock.com\\\/wp-content\\\/uploads\\\/2025\\\/01\\\/images-21-2.jpeg\",\"keywords\":[\"FCSB\"],\"articleSection\":[\"FCSB\"],\"inLanguage\":\"en-US\",\"potentialAction\":[{\"@type\":\"CommentAction\",\"name\":\"Comment\",\"target\":[\"https:\\\/\\\/www.letsportsrock.com\\\/?p=19897#respond\"]}]},{\"@type\":\"WebPage\",\"@id\":\"https:\\\/\\\/www.letsportsrock.com\\\/?p=19897\",\"url\":\"https:\\\/\\\/www.letsportsrock.com\\\/?p=19897\",\"name\":\"Transferul talentatului mijloca\u0219 Petar Sucic la FC\",\"isPartOf\":{\"@id\":\"https:\\\/\\\/www.letsportsrock.com\\\/#website\"},\"primaryImageOfPage\":{\"@id\":\"https:\\\/\\\/www.letsportsrock.com\\\/?p=19897#primaryimage\"},\"image\":{\"@id\":\"https:\\\/\\\/www.letsportsrock.com\\\/?p=19897#primaryimage\"},\"thumbnailUrl\":\"https:\\\/\\\/www.letsportsrock.com\\\/wp-content\\\/uploads\\\/2025\\\/01\\\/images-21-2.jpeg\",\"datePublished\":\"2025-01-22T06:42:40+00:00\",\"author\":{\"@id\":\"https:\\\/\\\/www.letsportsrock.com\\\/#\\\/schema\\\/person\\\/674619adef31b09138e9ccd4e2852ee0\"},\"description\":\"Transferul talentatului mijloca\u0219 Petar Sucic la FC Dinamo a e\u0219uat \u2013 Ce s-a \u00eent\u00e2mplat?.........................\",\"breadcrumb\":{\"@id\":\"https:\\\/\\\/www.letsportsrock.com\\\/?p=19897#breadcrumb\"},\"inLanguage\":\"en-US\",\"potentialAction\":[{\"@type\":\"ReadAction\",\"target\":[\"https:\\\/\\\/www.letsportsrock.com\\\/?p=19897\"]}]},{\"@type\":\"ImageObject\",\"inLanguage\":\"en-US\",\"@id\":\"https:\\\/\\\/www.letsportsrock.com\\\/?p=19897#primaryimage\",\"url\":\"https:\\\/\\\/www.letsportsrock.com\\\/wp-content\\\/uploads\\\/2025\\\/01\\\/images-21-2.jpeg\",\"contentUrl\":\"https:\\\/\\\/www.letsportsrock.com\\\/wp-content\\\/uploads\\\/2025\\\/01\\\/images-21-2.jpeg\",\"width\":688,\"height\":445},{\"@type\":\"BreadcrumbList\",\"@id\":\"https:\\\/\\\/www.letsportsrock.com\\\/?p=19897#breadcrumb\",\"itemListElement\":[{\"@type\":\"ListItem\",\"position\":1,\"name\":\"Home\",\"item\":\"https:\\\/\\\/www.letsportsrock.com\\\/\"},{\"@type\":\"ListItem\",\"position\":2,\"name\":\"Transferul talentatului mijloca\u0219 Petar Sucic la FC Dinamo a e\u0219uat \u2013 Ce s-a \u00eent\u00e2mplat?\"}]},{\"@type\":\"WebSite\",\"@id\":\"https:\\\/\\\/www.letsportsrock.com\\\/#website\",\"url\":\"https:\\\/\\\/www.letsportsrock.com\\\/\",\"name\":\"letsportsrock\",\"description\":\"Sport News and Updates\",\"potentialAction\":[{\"@type\":\"SearchAction\",\"target\":{\"@type\":\"EntryPoint\",\"urlTemplate\":\"https:\\\/\\\/www.letsportsrock.com\\\/?s={search_term_string}\"},\"query-input\":{\"@type\":\"PropertyValueSpecification\",\"valueRequired\":true,\"valueName\":\"search_term_string\"}}],\"inLanguage\":\"en-US\"},{\"@type\":\"Person\",\"@id\":\"https:\\\/\\\/www.letsportsrock.com\\\/#\\\/schema\\\/person\\\/674619adef31b09138e9ccd4e2852ee0\",\"name\":\"Shughun Ivory\",\"image\":{\"@type\":\"ImageObject\",\"inLanguage\":\"en-US\",\"@id\":\"https:\\\/\\\/secure.gravatar.com\\\/avatar\\\/0461d8b87ac229159ac526ebabd85108a5009b97923e896e2a506577805f8fc1?s=96&d=mm&r=g\",\"url\":\"https:\\\/\\\/secure.gravatar.com\\\/avatar\\\/0461d8b87ac229159ac526ebabd85108a5009b97923e896e2a506577805f8fc1?s=96&d=mm&r=g\",\"contentUrl\":\"https:\\\/\\\/secure.gravatar.com\\\/avatar\\\/0461d8b87ac229159ac526ebabd85108a5009b97923e896e2a506577805f8fc1?s=96&d=mm&r=g\",\"caption\":\"Shughun Ivory\"},\"sameAs\":[\"http:\\\/\\\/Letsportsrock.com\"],\"url\":\"https:\\\/\\\/www.letsportsrock.com\\\/?author=11\"}]}<\/script>\n<!-- \/ Yoast SEO plugin. -->","yoast_head_json":{"title":"Transferul talentatului mijloca\u0219 Petar Sucic la FC","description":"Transferul talentatului mijloca\u0219 Petar Sucic la FC Dinamo a e\u0219uat \u2013 Ce s-a \u00eent\u00e2mplat?.........................","robots":{"index":"index","follow":"follow","max-snippet":"max-snippet:-1","max-image-preview":"max-image-preview:large","max-video-preview":"max-video-preview:-1"},"canonical":"https:\/\/www.letsportsrock.com\/?p=19897","og_locale":"en_US","og_type":"article","og_title":"Transferul talentatului mijloca\u0219 Petar Sucic la FC","og_description":"Transferul talentatului mijloca\u0219 Petar Sucic la FC Dinamo a e\u0219uat \u2013 Ce s-a \u00eent\u00e2mplat?.........................","og_url":"https:\/\/www.letsportsrock.com\/?p=19897","og_site_name":"letsportsrock","article_published_time":"2025-01-22T06:42:40+00:00","og_image":[{"width":688,"height":445,"url":"https:\/\/www.letsportsrock.com\/wp-content\/uploads\/2025\/01\/images-21-2.jpeg","type":"image\/jpeg"}],"author":"Shughun Ivory","twitter_card":"summary_large_image","twitter_misc":{"Written by":"Shughun Ivory","Est. reading time":"2 minutes"},"schema":{"@context":"https:\/\/schema.org","@graph":[{"@type":"Article","@id":"https:\/\/www.letsportsrock.com\/?p=19897#article","isPartOf":{"@id":"https:\/\/www.letsportsrock.com\/?p=19897"},"author":{"name":"Shughun Ivory","@id":"https:\/\/www.letsportsrock.com\/#\/schema\/person\/674619adef31b09138e9ccd4e2852ee0"},"headline":"Transferul talentatului mijloca\u0219 Petar Sucic la FC Dinamo a e\u0219uat \u2013 Ce s-a \u00eent\u00e2mplat?","datePublished":"2025-01-22T06:42:40+00:00","mainEntityOfPage":{"@id":"https:\/\/www.letsportsrock.com\/?p=19897"},"wordCount":292,"commentCount":0,"image":{"@id":"https:\/\/www.letsportsrock.com\/?p=19897#primaryimage"},"thumbnailUrl":"https:\/\/www.letsportsrock.com\/wp-content\/uploads\/2025\/01\/images-21-2.jpeg","keywords":["FCSB"],"articleSection":["FCSB"],"inLanguage":"en-US","potentialAction":[{"@type":"CommentAction","name":"Comment","target":["https:\/\/www.letsportsrock.com\/?p=19897#respond"]}]},{"@type":"WebPage","@id":"https:\/\/www.letsportsrock.com\/?p=19897","url":"https:\/\/www.letsportsrock.com\/?p=19897","name":"Transferul talentatului mijloca\u0219 Petar Sucic la FC","isPartOf":{"@id":"https:\/\/www.letsportsrock.com\/#website"},"primaryImageOfPage":{"@id":"https:\/\/www.letsportsrock.com\/?p=19897#primaryimage"},"image":{"@id":"https:\/\/www.letsportsrock.com\/?p=19897#primaryimage"},"thumbnailUrl":"https:\/\/www.letsportsrock.com\/wp-content\/uploads\/2025\/01\/images-21-2.jpeg","datePublished":"2025-01-22T06:42:40+00:00","author":{"@id":"https:\/\/www.letsportsrock.com\/#\/schema\/person\/674619adef31b09138e9ccd4e2852ee0"},"description":"Transferul talentatului mijloca\u0219 Petar Sucic la FC Dinamo a e\u0219uat \u2013 Ce s-a \u00eent\u00e2mplat?.........................","breadcrumb":{"@id":"https:\/\/www.letsportsrock.com\/?p=19897#breadcrumb"},"inLanguage":"en-US","potentialAction":[{"@type":"ReadAction","target":["https:\/\/www.letsportsrock.com\/?p=19897"]}]},{"@type":"ImageObject","inLanguage":"en-US","@id":"https:\/\/www.letsportsrock.com\/?p=19897#primaryimage","url":"https:\/\/www.letsportsrock.com\/wp-content\/uploads\/2025\/01\/images-21-2.jpeg","contentUrl":"https:\/\/www.letsportsrock.com\/wp-content\/uploads\/2025\/01\/images-21-2.jpeg","width":688,"height":445},{"@type":"BreadcrumbList","@id":"https:\/\/www.letsportsrock.com\/?p=19897#breadcrumb","itemListElement":[{"@type":"ListItem","position":1,"name":"Home","item":"https:\/\/www.letsportsrock.com\/"},{"@type":"ListItem","position":2,"name":"Transferul talentatului mijloca\u0219 Petar Sucic la FC Dinamo a e\u0219uat \u2013 Ce s-a \u00eent\u00e2mplat?"}]},{"@type":"WebSite","@id":"https:\/\/www.letsportsrock.com\/#website","url":"https:\/\/www.letsportsrock.com\/","name":"letsportsrock","description":"Sport News and Updates","potentialAction":[{"@type":"SearchAction","target":{"@type":"EntryPoint","urlTemplate":"https:\/\/www.letsportsrock.com\/?s={search_term_string}"},"query-input":{"@type":"PropertyValueSpecification","valueRequired":true,"valueName":"search_term_string"}}],"inLanguage":"en-US"},{"@type":"Person","@id":"https:\/\/www.letsportsrock.com\/#\/schema\/person\/674619adef31b09138e9ccd4e2852ee0","name":"Shughun Ivory","image":{"@type":"ImageObject","inLanguage":"en-US","@id":"https:\/\/secure.gravatar.com\/avatar\/0461d8b87ac229159ac526ebabd85108a5009b97923e896e2a506577805f8fc1?s=96&d=mm&r=g","url":"https:\/\/secure.gravatar.com\/avatar\/0461d8b87ac229159ac526ebabd85108a5009b97923e896e2a506577805f8fc1?s=96&d=mm&r=g","contentUrl":"https:\/\/secure.gravatar.com\/avatar\/0461d8b87ac229159ac526ebabd85108a5009b97923e896e2a506577805f8fc1?s=96&d=mm&r=g","caption":"Shughun Ivory"},"sameAs":["http:\/\/Letsportsrock.com"],"url":"https:\/\/www.letsportsrock.com\/?author=11"}]}},"jetpack_featured_media_url":"https:\/\/www.letsportsrock.com\/wp-content\/uploads\/2025\/01\/images-21-2.jpeg","jetpack_sharing_enabled":true,"_links":{"self":[{"href":"https:\/\/www.letsportsrock.com\/index.php?rest_route=\/wp\/v2\/posts\/19897","targetHints":{"allow":["GET"]}}],"collection":[{"href":"https:\/\/www.letsportsrock.com\/index.php?rest_route=\/wp\/v2\/posts"}],"about":[{"href":"https:\/\/www.letsportsrock.com\/index.php?rest_route=\/wp\/v2\/types\/post"}],"author":[{"embeddable":true,"href":"https:\/\/www.letsportsrock.com\/index.php?rest_route=\/wp\/v2\/users\/11"}],"replies":[{"embeddable":true,"href":"https:\/\/www.letsportsrock.com\/index.php?rest_route=%2Fwp%2Fv2%2Fcomments&post=19897"}],"version-history":[{"count":1,"href":"https:\/\/www.letsportsrock.com\/index.php?rest_route=\/wp\/v2\/posts\/19897\/revisions"}],"predecessor-version":[{"id":19899,"href":"https:\/\/www.letsportsrock.com\/index.php?rest_route=\/wp\/v2\/posts\/19897\/revisions\/19899"}],"wp:featuredmedia":[{"embeddable":true,"href":"https:\/\/www.letsportsrock.com\/index.php?rest_route=\/wp\/v2\/media\/19898"}],"wp:attachment":[{"href":"https:\/\/www.letsportsrock.com\/index.php?rest_route=%2Fwp%2Fv2%2Fmedia&parent=19897"}],"wp:term":[{"taxonomy":"category","embeddable":true,"href":"https:\/\/www.letsportsrock.com\/index.php?rest_route=%2Fwp%2Fv2%2Fcategories&post=19897"},{"taxonomy":"post_tag","embeddable":true,"href":"https:\/\/www.letsportsrock.com\/index.php?rest_route=%2Fwp%2Fv2%2Ftags&post=19897"}],"curies":[{"name":"wp","href":"https:\/\/api.w.org\/{rel}","templated":true}]}}