{"id":19901,"date":"2025-01-22T07:15:51","date_gmt":"2025-01-22T07:15:51","guid":{"rendered":"https:\/\/www.letsportsrock.com\/?p=19901"},"modified":"2025-01-22T07:15:51","modified_gmt":"2025-01-22T07:15:51","slug":"stiri-socante-antrenorul-lui-fc-dinamo-bucuresti-socheaza-fanii-prin-plecarea-sa","status":"publish","type":"post","link":"https:\/\/www.letsportsrock.com\/?p=19901","title":{"rendered":"\u0218tiri \u0218ocante: Antrenorul lui FC Dinamo Bucure\u0219ti \u0218ocheaz\u0103 Fanii prin Plecarea Sa"},"content":{"rendered":"<div class=\"d79db4796efc26332eabfc3f5dafbc76\" data-index=\"1\" style=\"float: none; margin:10px 0 10px 0; text-align:center;\">\n<div class=\"hb-ad-inarticle\">\r\n    <div class=\"hb-ad-inner\"> \r\n    <div class=\"hbagency_cls\"  id=\"hbagency_space_111930\"><\/div><\/div> <\/div>\n<\/div>\n<p>**\u0218tiri \u0218ocante: Antrenorul lui FC Dinamo Bucure\u0219ti \u0218ocheaz\u0103 Fanii prin Plecarea Sa**<\/p>\n<p>&nbsp;<\/p>\n<p>\u00centr-un anun\u021b nea\u0219teptat care a l\u0103sat to\u021bi suporterii FC Dinamo Bucure\u0219ti \u00een stare de \u0219oc, antrenorul echipei a decis s\u0103 p\u0103r\u0103seasc\u0103 clubul, st\u00e2rnind un val de reac\u021bii \u0219i incertitudine \u00een r\u00e2ndul fanilor. Plecarea acestuia vine \u00eentr-un moment crucial al sezonului, c\u00e2nd echipa se afl\u0103 \u00eentr-o perioad\u0103 dificil\u0103, cu obiective mari de \u00eendeplinit.<\/p>\n<p>&nbsp;<\/p>\n<p>Antrenorul, care a preluat conducerea tehnic\u0103 a echipei \u00een urm\u0103 cu c\u00e2teva luni, a avut un impact semnificativ asupra stilului de joc al echipei \u0219i a re\u00eennoit moralul juc\u0103torilor. \u00cen ciuda dificult\u0103\u021bilor financiare \u0219i a altor provoc\u0103ri interne cu care se confrunta clubul, rezultatele sub conducerea sa au fost, \u00een general, promi\u021b\u0103toare. Plecarea sa a surprins at\u00e2t fanii, c\u00e2t \u0219i oficialii clubului, care nu se a\u0219teptau la o astfel de decizie.<\/p>\n<p>&nbsp;<\/p>\n<p>\u00centr-un comunicat oficial, antrenorul a declarat c\u0103 plecarea sa este una personal\u0103 \u0219i c\u0103, de\u0219i a fost o decizie grea, consider\u0103 c\u0103 este momentul potrivit pentru a \u00eenfrunta noi provoc\u0103ri. Fanii, care \u00eel considerau o speran\u021b\u0103 \u00een aceast\u0103 perioad\u0103 dificil\u0103, au reac\u021bionat cu un amestec de confuzie \u0219i sup\u0103rare, mul\u021bi dintre ei fiind nemul\u021bumi\u021bi de situa\u021bia \u00een care se afl\u0103 clubul.<\/p>\n<p>&nbsp;<\/p>\n<p>\u00cen timp ce conducerea clubului \u00eencearc\u0103 s\u0103 g\u0103seasc\u0103 un \u00eenlocuitor, viitorul echipei r\u0103m\u00e2ne incert. Suporterii a\u0219teapt\u0103 cu ner\u0103bdare s\u0103 afle cine va prelua fr\u00e2iele echipei \u0219i dac\u0103 aceasta va putea s\u0103 \u00ee\u0219i reg\u0103seasc\u0103 echilibrul \u00een continuare. R\u0103m\u00e2ne de v\u0103zut cum va evolua situa\u021bia \u00een perioada urm\u0103toare \u0219i ce impact va avea aceast\u0103 schimbare asupra performan\u021belor echipei.<\/p>\n\n<div style=\"font-size: 0px; height: 0px; line-height: 0px; margin: 0; padding: 0; clear: both;\"><\/div>","protected":false},"excerpt":{"rendered":"<p>**\u0218tiri \u0218ocante: Antrenorul lui FC Dinamo Bucure\u0219ti \u0218ocheaz\u0103 Fanii prin Plecarea Sa** &nbsp; \u00centr-un anun\u021b nea\u0219teptat care a l\u0103sat to\u021bi suporterii FC Dinamo Bucure\u0219ti \u00een stare de \u0219oc, antrenorul echipei a decis s\u0103 p\u0103r\u0103seasc\u0103 clubul, st\u00e2rnind un val de reac\u021bii \u0219i incertitudine \u00een r\u00e2ndul fanilor. Plecarea acestuia vine \u00eentr-un moment crucial al sezonului, c\u00e2nd echipa [&hellip;]<\/p>\n","protected":false},"author":1,"featured_media":0,"comment_status":"open","ping_status":"open","sticky":false,"template":"","format":"standard","meta":{"_jetpack_memberships_contains_paid_content":false,"footnotes":""},"categories":[1],"tags":[],"class_list":["post-19901","post","type-post","status-publish","format-standard","hentry","category-uncategorized"],"yoast_head":"<!-- This site is optimized with the Yoast SEO plugin v27.4 - https:\/\/yoast.com\/product\/yoast-seo-wordpress\/ -->\n<title>\u0218tiri \u0218ocante: Antrenorul lu<\/title>\n<meta name=\"description\" content=\"\u0218tiri \u0218ocante: Antrenorul lui FC Dinamo Bucure\u0219ti \u0218ocheaz\u0103 Fanii prin Plecarea Sa...........................\" \/>\n<meta name=\"robots\" content=\"index, follow, max-snippet:-1, max-image-preview:large, max-video-preview:-1\" \/>\n<link rel=\"canonical\" href=\"https:\/\/www.letsportsrock.com\/?p=19901\" \/>\n<meta property=\"og:locale\" content=\"en_US\" \/>\n<meta property=\"og:type\" content=\"article\" \/>\n<meta property=\"og:title\" content=\"\u0218tiri \u0218ocante: Antrenorul lu\" \/>\n<meta property=\"og:description\" content=\"\u0218tiri \u0218ocante: Antrenorul lui FC Dinamo Bucure\u0219ti \u0218ocheaz\u0103 Fanii prin Plecarea Sa...........................\" \/>\n<meta property=\"og:url\" content=\"https:\/\/www.letsportsrock.com\/?p=19901\" \/>\n<meta property=\"og:site_name\" content=\"letsportsrock\" \/>\n<meta property=\"article:published_time\" content=\"2025-01-22T07:15:51+00:00\" \/>\n<meta name=\"author\" content=\"letsportsrock\" \/>\n<meta name=\"twitter:card\" content=\"summary_large_image\" \/>\n<meta name=\"twitter:label1\" content=\"Written by\" \/>\n\t<meta name=\"twitter:data1\" content=\"letsportsrock\" \/>\n\t<meta name=\"twitter:label2\" content=\"Est. reading time\" \/>\n\t<meta name=\"twitter:data2\" content=\"2 minutes\" \/>\n<script type=\"application\/ld+json\" class=\"yoast-schema-graph\">{\"@context\":\"https:\\\/\\\/schema.org\",\"@graph\":[{\"@type\":\"Article\",\"@id\":\"https:\\\/\\\/www.letsportsrock.com\\\/?p=19901#article\",\"isPartOf\":{\"@id\":\"https:\\\/\\\/www.letsportsrock.com\\\/?p=19901\"},\"author\":{\"name\":\"letsportsrock\",\"@id\":\"https:\\\/\\\/www.letsportsrock.com\\\/#\\\/schema\\\/person\\\/a454ac24e58b214ddd97e4b5afb0bf01\"},\"headline\":\"\u0218tiri \u0218ocante: Antrenorul lui FC Dinamo Bucure\u0219ti \u0218ocheaz\u0103 Fanii prin Plecarea Sa\",\"datePublished\":\"2025-01-22T07:15:51+00:00\",\"mainEntityOfPage\":{\"@id\":\"https:\\\/\\\/www.letsportsrock.com\\\/?p=19901\"},\"wordCount\":310,\"commentCount\":0,\"inLanguage\":\"en-US\",\"potentialAction\":[{\"@type\":\"CommentAction\",\"name\":\"Comment\",\"target\":[\"https:\\\/\\\/www.letsportsrock.com\\\/?p=19901#respond\"]}]},{\"@type\":\"WebPage\",\"@id\":\"https:\\\/\\\/www.letsportsrock.com\\\/?p=19901\",\"url\":\"https:\\\/\\\/www.letsportsrock.com\\\/?p=19901\",\"name\":\"\u0218tiri \u0218ocante: Antrenorul lu\",\"isPartOf\":{\"@id\":\"https:\\\/\\\/www.letsportsrock.com\\\/#website\"},\"datePublished\":\"2025-01-22T07:15:51+00:00\",\"author\":{\"@id\":\"https:\\\/\\\/www.letsportsrock.com\\\/#\\\/schema\\\/person\\\/a454ac24e58b214ddd97e4b5afb0bf01\"},\"description\":\"\u0218tiri \u0218ocante: Antrenorul lui FC Dinamo Bucure\u0219ti \u0218ocheaz\u0103 Fanii prin Plecarea Sa...........................\",\"breadcrumb\":{\"@id\":\"https:\\\/\\\/www.letsportsrock.com\\\/?p=19901#breadcrumb\"},\"inLanguage\":\"en-US\",\"potentialAction\":[{\"@type\":\"ReadAction\",\"target\":[\"https:\\\/\\\/www.letsportsrock.com\\\/?p=19901\"]}]},{\"@type\":\"BreadcrumbList\",\"@id\":\"https:\\\/\\\/www.letsportsrock.com\\\/?p=19901#breadcrumb\",\"itemListElement\":[{\"@type\":\"ListItem\",\"position\":1,\"name\":\"Home\",\"item\":\"https:\\\/\\\/www.letsportsrock.com\\\/\"},{\"@type\":\"ListItem\",\"position\":2,\"name\":\"\u0218tiri \u0218ocante: Antrenorul lui FC Dinamo Bucure\u0219ti \u0218ocheaz\u0103 Fanii prin Plecarea Sa\"}]},{\"@type\":\"WebSite\",\"@id\":\"https:\\\/\\\/www.letsportsrock.com\\\/#website\",\"url\":\"https:\\\/\\\/www.letsportsrock.com\\\/\",\"name\":\"letsportsrock\",\"description\":\"Sport News and Updates\",\"potentialAction\":[{\"@type\":\"SearchAction\",\"target\":{\"@type\":\"EntryPoint\",\"urlTemplate\":\"https:\\\/\\\/www.letsportsrock.com\\\/?s={search_term_string}\"},\"query-input\":{\"@type\":\"PropertyValueSpecification\",\"valueRequired\":true,\"valueName\":\"search_term_string\"}}],\"inLanguage\":\"en-US\"},{\"@type\":\"Person\",\"@id\":\"https:\\\/\\\/www.letsportsrock.com\\\/#\\\/schema\\\/person\\\/a454ac24e58b214ddd97e4b5afb0bf01\",\"name\":\"letsportsrock\",\"image\":{\"@type\":\"ImageObject\",\"inLanguage\":\"en-US\",\"@id\":\"https:\\\/\\\/secure.gravatar.com\\\/avatar\\\/f8ef950cbb7574c0bc874094b8d307659bfe2d7aa4a9d26fa6917eff010748f9?s=96&d=mm&r=g\",\"url\":\"https:\\\/\\\/secure.gravatar.com\\\/avatar\\\/f8ef950cbb7574c0bc874094b8d307659bfe2d7aa4a9d26fa6917eff010748f9?s=96&d=mm&r=g\",\"contentUrl\":\"https:\\\/\\\/secure.gravatar.com\\\/avatar\\\/f8ef950cbb7574c0bc874094b8d307659bfe2d7aa4a9d26fa6917eff010748f9?s=96&d=mm&r=g\",\"caption\":\"letsportsrock\"},\"sameAs\":[\"https:\\\/\\\/www.letsportsrock.com\"],\"url\":\"https:\\\/\\\/www.letsportsrock.com\\\/?author=1\"}]}<\/script>\n<!-- \/ Yoast SEO plugin. -->","yoast_head_json":{"title":"\u0218tiri \u0218ocante: Antrenorul lu","description":"\u0218tiri \u0218ocante: Antrenorul lui FC Dinamo Bucure\u0219ti \u0218ocheaz\u0103 Fanii prin Plecarea Sa...........................","robots":{"index":"index","follow":"follow","max-snippet":"max-snippet:-1","max-image-preview":"max-image-preview:large","max-video-preview":"max-video-preview:-1"},"canonical":"https:\/\/www.letsportsrock.com\/?p=19901","og_locale":"en_US","og_type":"article","og_title":"\u0218tiri \u0218ocante: Antrenorul lu","og_description":"\u0218tiri \u0218ocante: Antrenorul lui FC Dinamo Bucure\u0219ti \u0218ocheaz\u0103 Fanii prin Plecarea Sa...........................","og_url":"https:\/\/www.letsportsrock.com\/?p=19901","og_site_name":"letsportsrock","article_published_time":"2025-01-22T07:15:51+00:00","author":"letsportsrock","twitter_card":"summary_large_image","twitter_misc":{"Written by":"letsportsrock","Est. reading time":"2 minutes"},"schema":{"@context":"https:\/\/schema.org","@graph":[{"@type":"Article","@id":"https:\/\/www.letsportsrock.com\/?p=19901#article","isPartOf":{"@id":"https:\/\/www.letsportsrock.com\/?p=19901"},"author":{"name":"letsportsrock","@id":"https:\/\/www.letsportsrock.com\/#\/schema\/person\/a454ac24e58b214ddd97e4b5afb0bf01"},"headline":"\u0218tiri \u0218ocante: Antrenorul lui FC Dinamo Bucure\u0219ti \u0218ocheaz\u0103 Fanii prin Plecarea Sa","datePublished":"2025-01-22T07:15:51+00:00","mainEntityOfPage":{"@id":"https:\/\/www.letsportsrock.com\/?p=19901"},"wordCount":310,"commentCount":0,"inLanguage":"en-US","potentialAction":[{"@type":"CommentAction","name":"Comment","target":["https:\/\/www.letsportsrock.com\/?p=19901#respond"]}]},{"@type":"WebPage","@id":"https:\/\/www.letsportsrock.com\/?p=19901","url":"https:\/\/www.letsportsrock.com\/?p=19901","name":"\u0218tiri \u0218ocante: Antrenorul lu","isPartOf":{"@id":"https:\/\/www.letsportsrock.com\/#website"},"datePublished":"2025-01-22T07:15:51+00:00","author":{"@id":"https:\/\/www.letsportsrock.com\/#\/schema\/person\/a454ac24e58b214ddd97e4b5afb0bf01"},"description":"\u0218tiri \u0218ocante: Antrenorul lui FC Dinamo Bucure\u0219ti \u0218ocheaz\u0103 Fanii prin Plecarea Sa...........................","breadcrumb":{"@id":"https:\/\/www.letsportsrock.com\/?p=19901#breadcrumb"},"inLanguage":"en-US","potentialAction":[{"@type":"ReadAction","target":["https:\/\/www.letsportsrock.com\/?p=19901"]}]},{"@type":"BreadcrumbList","@id":"https:\/\/www.letsportsrock.com\/?p=19901#breadcrumb","itemListElement":[{"@type":"ListItem","position":1,"name":"Home","item":"https:\/\/www.letsportsrock.com\/"},{"@type":"ListItem","position":2,"name":"\u0218tiri \u0218ocante: Antrenorul lui FC Dinamo Bucure\u0219ti \u0218ocheaz\u0103 Fanii prin Plecarea Sa"}]},{"@type":"WebSite","@id":"https:\/\/www.letsportsrock.com\/#website","url":"https:\/\/www.letsportsrock.com\/","name":"letsportsrock","description":"Sport News and Updates","potentialAction":[{"@type":"SearchAction","target":{"@type":"EntryPoint","urlTemplate":"https:\/\/www.letsportsrock.com\/?s={search_term_string}"},"query-input":{"@type":"PropertyValueSpecification","valueRequired":true,"valueName":"search_term_string"}}],"inLanguage":"en-US"},{"@type":"Person","@id":"https:\/\/www.letsportsrock.com\/#\/schema\/person\/a454ac24e58b214ddd97e4b5afb0bf01","name":"letsportsrock","image":{"@type":"ImageObject","inLanguage":"en-US","@id":"https:\/\/secure.gravatar.com\/avatar\/f8ef950cbb7574c0bc874094b8d307659bfe2d7aa4a9d26fa6917eff010748f9?s=96&d=mm&r=g","url":"https:\/\/secure.gravatar.com\/avatar\/f8ef950cbb7574c0bc874094b8d307659bfe2d7aa4a9d26fa6917eff010748f9?s=96&d=mm&r=g","contentUrl":"https:\/\/secure.gravatar.com\/avatar\/f8ef950cbb7574c0bc874094b8d307659bfe2d7aa4a9d26fa6917eff010748f9?s=96&d=mm&r=g","caption":"letsportsrock"},"sameAs":["https:\/\/www.letsportsrock.com"],"url":"https:\/\/www.letsportsrock.com\/?author=1"}]}},"jetpack_featured_media_url":"","jetpack_sharing_enabled":true,"_links":{"self":[{"href":"https:\/\/www.letsportsrock.com\/index.php?rest_route=\/wp\/v2\/posts\/19901","targetHints":{"allow":["GET"]}}],"collection":[{"href":"https:\/\/www.letsportsrock.com\/index.php?rest_route=\/wp\/v2\/posts"}],"about":[{"href":"https:\/\/www.letsportsrock.com\/index.php?rest_route=\/wp\/v2\/types\/post"}],"author":[{"embeddable":true,"href":"https:\/\/www.letsportsrock.com\/index.php?rest_route=\/wp\/v2\/users\/1"}],"replies":[{"embeddable":true,"href":"https:\/\/www.letsportsrock.com\/index.php?rest_route=%2Fwp%2Fv2%2Fcomments&post=19901"}],"version-history":[{"count":1,"href":"https:\/\/www.letsportsrock.com\/index.php?rest_route=\/wp\/v2\/posts\/19901\/revisions"}],"predecessor-version":[{"id":19902,"href":"https:\/\/www.letsportsrock.com\/index.php?rest_route=\/wp\/v2\/posts\/19901\/revisions\/19902"}],"wp:attachment":[{"href":"https:\/\/www.letsportsrock.com\/index.php?rest_route=%2Fwp%2Fv2%2Fmedia&parent=19901"}],"wp:term":[{"taxonomy":"category","embeddable":true,"href":"https:\/\/www.letsportsrock.com\/index.php?rest_route=%2Fwp%2Fv2%2Fcategories&post=19901"},{"taxonomy":"post_tag","embeddable":true,"href":"https:\/\/www.letsportsrock.com\/index.php?rest_route=%2Fwp%2Fv2%2Ftags&post=19901"}],"curies":[{"name":"wp","href":"https:\/\/api.w.org\/{rel}","templated":true}]}}