{"id":20418,"date":"2025-01-25T01:29:24","date_gmt":"2025-01-25T01:29:24","guid":{"rendered":"https:\/\/www.letsportsrock.com\/?p=20418"},"modified":"2025-01-25T01:29:24","modified_gmt":"2025-01-25T01:29:24","slug":"fc-dinamo-ar-fi-reziliat-contractul-lui-maxime-sivis-pentru-a-l-inregistra-pe-panagiotis-tachtsidis","status":"publish","type":"post","link":"https:\/\/www.letsportsrock.com\/?p=20418","title":{"rendered":"FC Dinamo ar fi reziliat contractul lui Maxime Sivi\u0219 pentru a-l \u00eenregistra pe Panagiotis Tachtsidis&#8230;"},"content":{"rendered":"<div class=\"d79db4796efc26332eabfc3f5dafbc76\" data-index=\"1\" style=\"float: none; margin:10px 0 10px 0; text-align:center;\">\n<div class=\"hb-ad-inarticle\">\r\n    <div class=\"hb-ad-inner\"> \r\n    <div class=\"hbagency_cls\"  id=\"hbagency_space_111930\"><\/div><\/div> <\/div>\n<\/div>\n<p>FC Dinamo a reziliat recent contractul mijloca\u0219ului Maxime Sivi\u0219, mutare care a avut loc pentru a-l \u00eenregistra pe Panagiotis Tachtsidis, un juc\u0103tor cu o vast\u0103 experien\u021b\u0103 interna\u021bional\u0103. Sivi\u0219, care se afla la clubul din \u0218oseaua \u0218tefan cel Mare din 2021, nu a reu\u0219it s\u0103 se impun\u0103 \u0219i s\u0103 devin\u0103 o pies\u0103 de baz\u0103 \u00een echip\u0103, iar antrenorul \u0219i conducerea clubului au decis c\u0103 este mai bine s\u0103 rup\u0103 colaborarea. Aceast\u0103 decizie a fost luat\u0103 pentru a face loc mijloca\u0219ului grec Panagiotis Tachtsidis, care are o carier\u0103 deosebit\u0103, juc\u00e2nd \u00een campionate importante din Europa, inclusiv \u00een Serie A, pentru echipe ca Genoa, Roma \u0219i Lecce. Tachtsidis este cunoscut pentru abilit\u0103\u021bile sale de pasator \u0219i viziunea de joc, dar \u0219i pentru experien\u021ba acumulat\u0103 la nivel de na\u021bional\u0103, fiind convocat \u0219i la echipa Greciei de mai multe ori.<\/p>\n<p>&nbsp;<\/p>\n<p>Rezilierea contractului lui Sivi\u0219 este un pas important \u00een strategia lui Dinamo, care \u00eencearc\u0103 s\u0103 \u00ee\u0219i \u00eent\u0103reasc\u0103 lotul \u0219i s\u0103 se concentreze pe ob\u021binerea unor rezultate mai bune \u00een Liga 1. Tachtsidis ar putea aduce o valoare semnificativ\u0103 echipei, av\u00e2nd \u00een vedere statutul s\u0103u \u0219i stilul de joc, care se potrive\u0219te cerin\u021belor antrenorului.<\/p>\n<p>&nbsp;<\/p>\n<p>&nbsp;<\/p>\n\n<div style=\"font-size: 0px; height: 0px; line-height: 0px; margin: 0; padding: 0; clear: both;\"><\/div>","protected":false},"excerpt":{"rendered":"<p>FC Dinamo a reziliat recent contractul mijloca\u0219ului Maxime Sivi\u0219, mutare care a avut loc pentru a-l \u00eenregistra pe Panagiotis Tachtsidis, un juc\u0103tor cu o vast\u0103 experien\u021b\u0103 interna\u021bional\u0103. Sivi\u0219, care se afla la clubul din \u0218oseaua \u0218tefan cel Mare din 2021, nu a reu\u0219it s\u0103 se impun\u0103 \u0219i s\u0103 devin\u0103 o pies\u0103 de baz\u0103 \u00een echip\u0103, [&hellip;]<\/p>\n","protected":false},"author":5,"featured_media":20419,"comment_status":"open","ping_status":"open","sticky":false,"template":"","format":"standard","meta":{"_jetpack_memberships_contains_paid_content":false,"footnotes":""},"categories":[1],"tags":[437],"class_list":["post-20418","post","type-post","status-publish","format-standard","has-post-thumbnail","hentry","category-uncategorized","tag-fc-dinamo-buchuresti"],"yoast_head":"<!-- This site is optimized with the Yoast SEO plugin v27.4 - https:\/\/yoast.com\/product\/yoast-seo-wordpress\/ -->\n<title>FC Dinamo ar fi reziliat contractul lui Maxime Sivi\u0219 pentru a-l ...<\/title>\n<meta name=\"description\" content=\"FC Dinamo ar fi reziliat contractul lui Maxime Sivi\u0219 pentru a-l \u00eenregistra pe Panagiotis Tachtsidis.........\" \/>\n<meta name=\"robots\" content=\"index, follow, max-snippet:-1, max-image-preview:large, max-video-preview:-1\" \/>\n<link rel=\"canonical\" href=\"https:\/\/www.letsportsrock.com\/?p=20418\" \/>\n<meta property=\"og:locale\" content=\"en_US\" \/>\n<meta property=\"og:type\" content=\"article\" \/>\n<meta property=\"og:title\" content=\"FC Dinamo ar fi reziliat contractul lui Maxime Sivi\u0219 pentru a-l ...\" \/>\n<meta property=\"og:description\" content=\"FC Dinamo ar fi reziliat contractul lui Maxime Sivi\u0219 pentru a-l \u00eenregistra pe Panagiotis Tachtsidis.........\" \/>\n<meta property=\"og:url\" content=\"https:\/\/www.letsportsrock.com\/?p=20418\" \/>\n<meta property=\"og:site_name\" content=\"letsportsrock\" \/>\n<meta property=\"article:published_time\" content=\"2025-01-25T01:29:24+00:00\" \/>\n<meta property=\"og:image\" content=\"https:\/\/www.letsportsrock.com\/wp-content\/uploads\/2025\/01\/images-8-6.jpeg\" \/>\n\t<meta property=\"og:image:width\" content=\"674\" \/>\n\t<meta property=\"og:image:height\" content=\"455\" \/>\n\t<meta property=\"og:image:type\" content=\"image\/jpeg\" \/>\n<meta name=\"author\" content=\"Commy Msuurshima\" \/>\n<meta name=\"twitter:card\" content=\"summary_large_image\" \/>\n<meta name=\"twitter:label1\" content=\"Written by\" \/>\n\t<meta name=\"twitter:data1\" content=\"Commy Msuurshima\" \/>\n\t<meta name=\"twitter:label2\" content=\"Est. reading time\" \/>\n\t<meta name=\"twitter:data2\" content=\"2 minutes\" \/>\n<script type=\"application\/ld+json\" class=\"yoast-schema-graph\">{\"@context\":\"https:\\\/\\\/schema.org\",\"@graph\":[{\"@type\":\"Article\",\"@id\":\"https:\\\/\\\/www.letsportsrock.com\\\/?p=20418#article\",\"isPartOf\":{\"@id\":\"https:\\\/\\\/www.letsportsrock.com\\\/?p=20418\"},\"author\":{\"name\":\"Commy Msuurshima\",\"@id\":\"https:\\\/\\\/www.letsportsrock.com\\\/#\\\/schema\\\/person\\\/48a7d50d6b0e142e624de09fb01c90ed\"},\"headline\":\"FC Dinamo ar fi reziliat contractul lui Maxime Sivi\u0219 pentru a-l \u00eenregistra pe Panagiotis Tachtsidis&#8230;\",\"datePublished\":\"2025-01-25T01:29:24+00:00\",\"mainEntityOfPage\":{\"@id\":\"https:\\\/\\\/www.letsportsrock.com\\\/?p=20418\"},\"wordCount\":219,\"commentCount\":0,\"image\":{\"@id\":\"https:\\\/\\\/www.letsportsrock.com\\\/?p=20418#primaryimage\"},\"thumbnailUrl\":\"https:\\\/\\\/www.letsportsrock.com\\\/wp-content\\\/uploads\\\/2025\\\/01\\\/images-8-6.jpeg\",\"keywords\":[\"Fc Dinamo Buchuresti\"],\"inLanguage\":\"en-US\",\"potentialAction\":[{\"@type\":\"CommentAction\",\"name\":\"Comment\",\"target\":[\"https:\\\/\\\/www.letsportsrock.com\\\/?p=20418#respond\"]}]},{\"@type\":\"WebPage\",\"@id\":\"https:\\\/\\\/www.letsportsrock.com\\\/?p=20418\",\"url\":\"https:\\\/\\\/www.letsportsrock.com\\\/?p=20418\",\"name\":\"FC Dinamo ar fi reziliat contractul lui Maxime Sivi\u0219 pentru a-l ...\",\"isPartOf\":{\"@id\":\"https:\\\/\\\/www.letsportsrock.com\\\/#website\"},\"primaryImageOfPage\":{\"@id\":\"https:\\\/\\\/www.letsportsrock.com\\\/?p=20418#primaryimage\"},\"image\":{\"@id\":\"https:\\\/\\\/www.letsportsrock.com\\\/?p=20418#primaryimage\"},\"thumbnailUrl\":\"https:\\\/\\\/www.letsportsrock.com\\\/wp-content\\\/uploads\\\/2025\\\/01\\\/images-8-6.jpeg\",\"datePublished\":\"2025-01-25T01:29:24+00:00\",\"author\":{\"@id\":\"https:\\\/\\\/www.letsportsrock.com\\\/#\\\/schema\\\/person\\\/48a7d50d6b0e142e624de09fb01c90ed\"},\"description\":\"FC Dinamo ar fi reziliat contractul lui Maxime Sivi\u0219 pentru a-l \u00eenregistra pe Panagiotis Tachtsidis.........\",\"breadcrumb\":{\"@id\":\"https:\\\/\\\/www.letsportsrock.com\\\/?p=20418#breadcrumb\"},\"inLanguage\":\"en-US\",\"potentialAction\":[{\"@type\":\"ReadAction\",\"target\":[\"https:\\\/\\\/www.letsportsrock.com\\\/?p=20418\"]}]},{\"@type\":\"ImageObject\",\"inLanguage\":\"en-US\",\"@id\":\"https:\\\/\\\/www.letsportsrock.com\\\/?p=20418#primaryimage\",\"url\":\"https:\\\/\\\/www.letsportsrock.com\\\/wp-content\\\/uploads\\\/2025\\\/01\\\/images-8-6.jpeg\",\"contentUrl\":\"https:\\\/\\\/www.letsportsrock.com\\\/wp-content\\\/uploads\\\/2025\\\/01\\\/images-8-6.jpeg\",\"width\":674,\"height\":455},{\"@type\":\"BreadcrumbList\",\"@id\":\"https:\\\/\\\/www.letsportsrock.com\\\/?p=20418#breadcrumb\",\"itemListElement\":[{\"@type\":\"ListItem\",\"position\":1,\"name\":\"Home\",\"item\":\"https:\\\/\\\/www.letsportsrock.com\\\/\"},{\"@type\":\"ListItem\",\"position\":2,\"name\":\"FC Dinamo ar fi reziliat contractul lui Maxime Sivi\u0219 pentru a-l \u00eenregistra pe Panagiotis Tachtsidis&#8230;\"}]},{\"@type\":\"WebSite\",\"@id\":\"https:\\\/\\\/www.letsportsrock.com\\\/#website\",\"url\":\"https:\\\/\\\/www.letsportsrock.com\\\/\",\"name\":\"letsportsrock\",\"description\":\"Sport News and Updates\",\"potentialAction\":[{\"@type\":\"SearchAction\",\"target\":{\"@type\":\"EntryPoint\",\"urlTemplate\":\"https:\\\/\\\/www.letsportsrock.com\\\/?s={search_term_string}\"},\"query-input\":{\"@type\":\"PropertyValueSpecification\",\"valueRequired\":true,\"valueName\":\"search_term_string\"}}],\"inLanguage\":\"en-US\"},{\"@type\":\"Person\",\"@id\":\"https:\\\/\\\/www.letsportsrock.com\\\/#\\\/schema\\\/person\\\/48a7d50d6b0e142e624de09fb01c90ed\",\"name\":\"Commy Msuurshima\",\"image\":{\"@type\":\"ImageObject\",\"inLanguage\":\"en-US\",\"@id\":\"https:\\\/\\\/secure.gravatar.com\\\/avatar\\\/93ebd91bfe49a370e03292e81b65e6f106b4c734b18cac41570aa99a1503b409?s=96&d=mm&r=g\",\"url\":\"https:\\\/\\\/secure.gravatar.com\\\/avatar\\\/93ebd91bfe49a370e03292e81b65e6f106b4c734b18cac41570aa99a1503b409?s=96&d=mm&r=g\",\"contentUrl\":\"https:\\\/\\\/secure.gravatar.com\\\/avatar\\\/93ebd91bfe49a370e03292e81b65e6f106b4c734b18cac41570aa99a1503b409?s=96&d=mm&r=g\",\"caption\":\"Commy Msuurshima\"},\"sameAs\":[\"http:\\\/\\\/Letsportsrock.com\"],\"url\":\"https:\\\/\\\/www.letsportsrock.com\\\/?author=5\"}]}<\/script>\n<!-- \/ Yoast SEO plugin. -->","yoast_head_json":{"title":"FC Dinamo ar fi reziliat contractul lui Maxime Sivi\u0219 pentru a-l ...","description":"FC Dinamo ar fi reziliat contractul lui Maxime Sivi\u0219 pentru a-l \u00eenregistra pe Panagiotis Tachtsidis.........","robots":{"index":"index","follow":"follow","max-snippet":"max-snippet:-1","max-image-preview":"max-image-preview:large","max-video-preview":"max-video-preview:-1"},"canonical":"https:\/\/www.letsportsrock.com\/?p=20418","og_locale":"en_US","og_type":"article","og_title":"FC Dinamo ar fi reziliat contractul lui Maxime Sivi\u0219 pentru a-l ...","og_description":"FC Dinamo ar fi reziliat contractul lui Maxime Sivi\u0219 pentru a-l \u00eenregistra pe Panagiotis Tachtsidis.........","og_url":"https:\/\/www.letsportsrock.com\/?p=20418","og_site_name":"letsportsrock","article_published_time":"2025-01-25T01:29:24+00:00","og_image":[{"width":674,"height":455,"url":"https:\/\/www.letsportsrock.com\/wp-content\/uploads\/2025\/01\/images-8-6.jpeg","type":"image\/jpeg"}],"author":"Commy Msuurshima","twitter_card":"summary_large_image","twitter_misc":{"Written by":"Commy Msuurshima","Est. reading time":"2 minutes"},"schema":{"@context":"https:\/\/schema.org","@graph":[{"@type":"Article","@id":"https:\/\/www.letsportsrock.com\/?p=20418#article","isPartOf":{"@id":"https:\/\/www.letsportsrock.com\/?p=20418"},"author":{"name":"Commy Msuurshima","@id":"https:\/\/www.letsportsrock.com\/#\/schema\/person\/48a7d50d6b0e142e624de09fb01c90ed"},"headline":"FC Dinamo ar fi reziliat contractul lui Maxime Sivi\u0219 pentru a-l \u00eenregistra pe Panagiotis Tachtsidis&#8230;","datePublished":"2025-01-25T01:29:24+00:00","mainEntityOfPage":{"@id":"https:\/\/www.letsportsrock.com\/?p=20418"},"wordCount":219,"commentCount":0,"image":{"@id":"https:\/\/www.letsportsrock.com\/?p=20418#primaryimage"},"thumbnailUrl":"https:\/\/www.letsportsrock.com\/wp-content\/uploads\/2025\/01\/images-8-6.jpeg","keywords":["Fc Dinamo Buchuresti"],"inLanguage":"en-US","potentialAction":[{"@type":"CommentAction","name":"Comment","target":["https:\/\/www.letsportsrock.com\/?p=20418#respond"]}]},{"@type":"WebPage","@id":"https:\/\/www.letsportsrock.com\/?p=20418","url":"https:\/\/www.letsportsrock.com\/?p=20418","name":"FC Dinamo ar fi reziliat contractul lui Maxime Sivi\u0219 pentru a-l ...","isPartOf":{"@id":"https:\/\/www.letsportsrock.com\/#website"},"primaryImageOfPage":{"@id":"https:\/\/www.letsportsrock.com\/?p=20418#primaryimage"},"image":{"@id":"https:\/\/www.letsportsrock.com\/?p=20418#primaryimage"},"thumbnailUrl":"https:\/\/www.letsportsrock.com\/wp-content\/uploads\/2025\/01\/images-8-6.jpeg","datePublished":"2025-01-25T01:29:24+00:00","author":{"@id":"https:\/\/www.letsportsrock.com\/#\/schema\/person\/48a7d50d6b0e142e624de09fb01c90ed"},"description":"FC Dinamo ar fi reziliat contractul lui Maxime Sivi\u0219 pentru a-l \u00eenregistra pe Panagiotis Tachtsidis.........","breadcrumb":{"@id":"https:\/\/www.letsportsrock.com\/?p=20418#breadcrumb"},"inLanguage":"en-US","potentialAction":[{"@type":"ReadAction","target":["https:\/\/www.letsportsrock.com\/?p=20418"]}]},{"@type":"ImageObject","inLanguage":"en-US","@id":"https:\/\/www.letsportsrock.com\/?p=20418#primaryimage","url":"https:\/\/www.letsportsrock.com\/wp-content\/uploads\/2025\/01\/images-8-6.jpeg","contentUrl":"https:\/\/www.letsportsrock.com\/wp-content\/uploads\/2025\/01\/images-8-6.jpeg","width":674,"height":455},{"@type":"BreadcrumbList","@id":"https:\/\/www.letsportsrock.com\/?p=20418#breadcrumb","itemListElement":[{"@type":"ListItem","position":1,"name":"Home","item":"https:\/\/www.letsportsrock.com\/"},{"@type":"ListItem","position":2,"name":"FC Dinamo ar fi reziliat contractul lui Maxime Sivi\u0219 pentru a-l \u00eenregistra pe Panagiotis Tachtsidis&#8230;"}]},{"@type":"WebSite","@id":"https:\/\/www.letsportsrock.com\/#website","url":"https:\/\/www.letsportsrock.com\/","name":"letsportsrock","description":"Sport News and Updates","potentialAction":[{"@type":"SearchAction","target":{"@type":"EntryPoint","urlTemplate":"https:\/\/www.letsportsrock.com\/?s={search_term_string}"},"query-input":{"@type":"PropertyValueSpecification","valueRequired":true,"valueName":"search_term_string"}}],"inLanguage":"en-US"},{"@type":"Person","@id":"https:\/\/www.letsportsrock.com\/#\/schema\/person\/48a7d50d6b0e142e624de09fb01c90ed","name":"Commy Msuurshima","image":{"@type":"ImageObject","inLanguage":"en-US","@id":"https:\/\/secure.gravatar.com\/avatar\/93ebd91bfe49a370e03292e81b65e6f106b4c734b18cac41570aa99a1503b409?s=96&d=mm&r=g","url":"https:\/\/secure.gravatar.com\/avatar\/93ebd91bfe49a370e03292e81b65e6f106b4c734b18cac41570aa99a1503b409?s=96&d=mm&r=g","contentUrl":"https:\/\/secure.gravatar.com\/avatar\/93ebd91bfe49a370e03292e81b65e6f106b4c734b18cac41570aa99a1503b409?s=96&d=mm&r=g","caption":"Commy Msuurshima"},"sameAs":["http:\/\/Letsportsrock.com"],"url":"https:\/\/www.letsportsrock.com\/?author=5"}]}},"jetpack_featured_media_url":"https:\/\/www.letsportsrock.com\/wp-content\/uploads\/2025\/01\/images-8-6.jpeg","jetpack_sharing_enabled":true,"_links":{"self":[{"href":"https:\/\/www.letsportsrock.com\/index.php?rest_route=\/wp\/v2\/posts\/20418","targetHints":{"allow":["GET"]}}],"collection":[{"href":"https:\/\/www.letsportsrock.com\/index.php?rest_route=\/wp\/v2\/posts"}],"about":[{"href":"https:\/\/www.letsportsrock.com\/index.php?rest_route=\/wp\/v2\/types\/post"}],"author":[{"embeddable":true,"href":"https:\/\/www.letsportsrock.com\/index.php?rest_route=\/wp\/v2\/users\/5"}],"replies":[{"embeddable":true,"href":"https:\/\/www.letsportsrock.com\/index.php?rest_route=%2Fwp%2Fv2%2Fcomments&post=20418"}],"version-history":[{"count":1,"href":"https:\/\/www.letsportsrock.com\/index.php?rest_route=\/wp\/v2\/posts\/20418\/revisions"}],"predecessor-version":[{"id":20420,"href":"https:\/\/www.letsportsrock.com\/index.php?rest_route=\/wp\/v2\/posts\/20418\/revisions\/20420"}],"wp:featuredmedia":[{"embeddable":true,"href":"https:\/\/www.letsportsrock.com\/index.php?rest_route=\/wp\/v2\/media\/20419"}],"wp:attachment":[{"href":"https:\/\/www.letsportsrock.com\/index.php?rest_route=%2Fwp%2Fv2%2Fmedia&parent=20418"}],"wp:term":[{"taxonomy":"category","embeddable":true,"href":"https:\/\/www.letsportsrock.com\/index.php?rest_route=%2Fwp%2Fv2%2Fcategories&post=20418"},{"taxonomy":"post_tag","embeddable":true,"href":"https:\/\/www.letsportsrock.com\/index.php?rest_route=%2Fwp%2Fv2%2Ftags&post=20418"}],"curies":[{"name":"wp","href":"https:\/\/api.w.org\/{rel}","templated":true}]}}