{"id":20446,"date":"2025-01-25T14:15:20","date_gmt":"2025-01-25T14:15:20","guid":{"rendered":"https:\/\/www.letsportsrock.com\/?p=20446"},"modified":"2025-01-25T14:15:20","modified_gmt":"2025-01-25T14:15:20","slug":"soc-la-fc-dinamo-andrei-nicolescu-si-a-reziliat-contractul-ce-conflicte-interne-l-au-determinat-sa-plece","status":"publish","type":"post","link":"https:\/\/www.letsportsrock.com\/?p=20446","title":{"rendered":"\u0218oc la FC Dinamo! Andrei Nicolescu \u0219i-a reziliat contractul \u2013 ce conflicte interne l-au determinat s\u0103 plece?"},"content":{"rendered":"<div class=\"d79db4796efc26332eabfc3f5dafbc76\" data-index=\"1\" style=\"float: none; margin:10px 0 10px 0; text-align:center;\">\n<div class=\"hb-ad-inarticle\">\r\n    <div class=\"hb-ad-inner\"> \r\n    <div class=\"hbagency_cls\"  id=\"hbagency_space_111930\"><\/div><\/div> <\/div>\n<\/div>\n<h2>\u0218oc la FC Dinamo! Andrei Nicolescu \u0219i-a reziliat contractul \u2013 ce conflicte interne l-au determinat s\u0103 plece?<\/h2>\n<p>\u0218oc la FC Dinamo! Andrei Nicolescu \u0219i-a reziliat contractul \u2013 ce conflicte interne l-au determinat s\u0103 plece?<\/p>\n<p>&nbsp;<\/p>\n<p>Situa\u021bia de la FC Dinamo ia o turnur\u0103 surprinz\u0103toare, dup\u0103 ce pre\u0219edintele clubului, Andrei Nicolescu, a decis s\u0103-\u0219i rezilieze contractul, l\u0103s\u00e2nd \u00een urm\u0103 multe semne de \u00eentrebare. Surse din interiorul clubului sugereaz\u0103 c\u0103 tensiunile dintre conducere \u0219i Nicolescu au atins un punct critic, ceea ce l-a determinat s\u0103 ia aceast\u0103 decizie radical\u0103.<\/p>\n<p>&nbsp;<\/p>\n<p>Se pare c\u0103 ne\u00een\u021belegerile au fost generate de viziuni diferite privind strategia de viitor a clubului, \u00een special \u00een ceea ce prive\u0219te transferurile \u0219i politica financiar\u0103. Mai mult dec\u00e2t at\u00e2t, unele voci din apropierea clubului sus\u021bin c\u0103 Nicolescu nu se mai bucura de sprijinul unor membri influen\u021bi din conducere, ceea ce a alimentat \u0219i mai mult tensiunile interne.<\/p>\n<p>&nbsp;<\/p>\n<p>Suporterii sunt acum \u00een a\u0219teptarea unei reac\u021bii oficiale din partea clubului, dorind s\u0103 \u00een\u021beleag\u0103 impactul pe care aceast\u0103 plecare \u00eel va avea asupra echipei \u00eentr-un moment crucial al sezonului. \u00centrebarea principal\u0103 r\u0103m\u00e2ne: cine va prelua conducerea \u0219i va reu\u0219i s\u0103 stabilizeze situa\u021bia?<\/p>\n<p>&nbsp;<\/p>\n<p>\u00cen timp ce zvonurile continu\u0103 s\u0103 circule, un lucru este cert \u2013 viitorul lui FC Dinamo pare mai incert ca nic<\/p>\n<p>iodat\u0103.<\/p>\n<p>&nbsp;<\/p>\n\n<div style=\"font-size: 0px; height: 0px; line-height: 0px; margin: 0; padding: 0; clear: both;\"><\/div>","protected":false},"excerpt":{"rendered":"<p>\u0218oc la FC Dinamo! Andrei Nicolescu \u0219i-a reziliat contractul \u2013 ce conflicte interne l-au determinat s\u0103 plece? \u0218oc la FC Dinamo! Andrei Nicolescu \u0219i-a reziliat contractul \u2013 ce conflicte interne l-au determinat s\u0103 plece? &nbsp; Situa\u021bia de la FC Dinamo ia o turnur\u0103 surprinz\u0103toare, dup\u0103 ce pre\u0219edintele clubului, Andrei Nicolescu, a decis s\u0103-\u0219i rezilieze contractul, [&hellip;]<\/p>\n","protected":false},"author":11,"featured_media":20448,"comment_status":"open","ping_status":"open","sticky":false,"template":"","format":"standard","meta":{"_jetpack_memberships_contains_paid_content":false,"footnotes":""},"categories":[276],"tags":[264],"class_list":["post-20446","post","type-post","status-publish","format-standard","has-post-thumbnail","hentry","category-fcsb","tag-fcsb"],"yoast_head":"<!-- This site is optimized with the Yoast SEO plugin v27.4 - https:\/\/yoast.com\/product\/yoast-seo-wordpress\/ -->\n<title>\u0218oc la FC Dinamo! Andrei Nicolescu \u0219i-a reziliat contractul \u2013<\/title>\n<meta name=\"description\" content=\"\u0218oc la FC Dinamo! Andrei Nicolescu \u0219i-a reziliat contractul \u2013 ce conflicte interne l-au determinat s\u0103 plece?\" \/>\n<meta name=\"robots\" content=\"index, follow, max-snippet:-1, max-image-preview:large, max-video-preview:-1\" \/>\n<link rel=\"canonical\" href=\"https:\/\/www.letsportsrock.com\/?p=20446\" \/>\n<meta property=\"og:locale\" content=\"en_US\" \/>\n<meta property=\"og:type\" content=\"article\" \/>\n<meta property=\"og:title\" content=\"\u0218oc la FC Dinamo! Andrei Nicolescu \u0219i-a reziliat contractul \u2013\" \/>\n<meta property=\"og:description\" content=\"\u0218oc la FC Dinamo! Andrei Nicolescu \u0219i-a reziliat contractul \u2013 ce conflicte interne l-au determinat s\u0103 plece?\" \/>\n<meta property=\"og:url\" content=\"https:\/\/www.letsportsrock.com\/?p=20446\" \/>\n<meta property=\"og:site_name\" content=\"letsportsrock\" \/>\n<meta property=\"article:published_time\" content=\"2025-01-25T14:15:20+00:00\" \/>\n<meta property=\"og:image\" content=\"https:\/\/www.letsportsrock.com\/wp-content\/uploads\/2025\/01\/images-48-4.jpeg\" \/>\n\t<meta property=\"og:image:width\" content=\"679\" \/>\n\t<meta property=\"og:image:height\" content=\"452\" \/>\n\t<meta property=\"og:image:type\" content=\"image\/jpeg\" \/>\n<meta name=\"author\" content=\"Shughun Ivory\" \/>\n<meta name=\"twitter:card\" content=\"summary_large_image\" \/>\n<meta name=\"twitter:label1\" content=\"Written by\" \/>\n\t<meta name=\"twitter:data1\" content=\"Shughun Ivory\" \/>\n\t<meta name=\"twitter:label2\" content=\"Est. reading time\" \/>\n\t<meta name=\"twitter:data2\" content=\"1 minute\" \/>\n<script type=\"application\/ld+json\" class=\"yoast-schema-graph\">{\"@context\":\"https:\\\/\\\/schema.org\",\"@graph\":[{\"@type\":\"Article\",\"@id\":\"https:\\\/\\\/www.letsportsrock.com\\\/?p=20446#article\",\"isPartOf\":{\"@id\":\"https:\\\/\\\/www.letsportsrock.com\\\/?p=20446\"},\"author\":{\"name\":\"Shughun Ivory\",\"@id\":\"https:\\\/\\\/www.letsportsrock.com\\\/#\\\/schema\\\/person\\\/674619adef31b09138e9ccd4e2852ee0\"},\"headline\":\"\u0218oc la FC Dinamo! Andrei Nicolescu \u0219i-a reziliat contractul \u2013 ce conflicte interne l-au determinat s\u0103 plece?\",\"datePublished\":\"2025-01-25T14:15:20+00:00\",\"mainEntityOfPage\":{\"@id\":\"https:\\\/\\\/www.letsportsrock.com\\\/?p=20446\"},\"wordCount\":247,\"commentCount\":0,\"image\":{\"@id\":\"https:\\\/\\\/www.letsportsrock.com\\\/?p=20446#primaryimage\"},\"thumbnailUrl\":\"https:\\\/\\\/www.letsportsrock.com\\\/wp-content\\\/uploads\\\/2025\\\/01\\\/images-48-4.jpeg\",\"keywords\":[\"FCSB\"],\"articleSection\":[\"FCSB\"],\"inLanguage\":\"en-US\",\"potentialAction\":[{\"@type\":\"CommentAction\",\"name\":\"Comment\",\"target\":[\"https:\\\/\\\/www.letsportsrock.com\\\/?p=20446#respond\"]}]},{\"@type\":\"WebPage\",\"@id\":\"https:\\\/\\\/www.letsportsrock.com\\\/?p=20446\",\"url\":\"https:\\\/\\\/www.letsportsrock.com\\\/?p=20446\",\"name\":\"\u0218oc la FC Dinamo! Andrei Nicolescu \u0219i-a reziliat contractul \u2013\",\"isPartOf\":{\"@id\":\"https:\\\/\\\/www.letsportsrock.com\\\/#website\"},\"primaryImageOfPage\":{\"@id\":\"https:\\\/\\\/www.letsportsrock.com\\\/?p=20446#primaryimage\"},\"image\":{\"@id\":\"https:\\\/\\\/www.letsportsrock.com\\\/?p=20446#primaryimage\"},\"thumbnailUrl\":\"https:\\\/\\\/www.letsportsrock.com\\\/wp-content\\\/uploads\\\/2025\\\/01\\\/images-48-4.jpeg\",\"datePublished\":\"2025-01-25T14:15:20+00:00\",\"author\":{\"@id\":\"https:\\\/\\\/www.letsportsrock.com\\\/#\\\/schema\\\/person\\\/674619adef31b09138e9ccd4e2852ee0\"},\"description\":\"\u0218oc la FC Dinamo! Andrei Nicolescu \u0219i-a reziliat contractul \u2013 ce conflicte interne l-au determinat s\u0103 plece?\",\"breadcrumb\":{\"@id\":\"https:\\\/\\\/www.letsportsrock.com\\\/?p=20446#breadcrumb\"},\"inLanguage\":\"en-US\",\"potentialAction\":[{\"@type\":\"ReadAction\",\"target\":[\"https:\\\/\\\/www.letsportsrock.com\\\/?p=20446\"]}]},{\"@type\":\"ImageObject\",\"inLanguage\":\"en-US\",\"@id\":\"https:\\\/\\\/www.letsportsrock.com\\\/?p=20446#primaryimage\",\"url\":\"https:\\\/\\\/www.letsportsrock.com\\\/wp-content\\\/uploads\\\/2025\\\/01\\\/images-48-4.jpeg\",\"contentUrl\":\"https:\\\/\\\/www.letsportsrock.com\\\/wp-content\\\/uploads\\\/2025\\\/01\\\/images-48-4.jpeg\",\"width\":679,\"height\":452},{\"@type\":\"BreadcrumbList\",\"@id\":\"https:\\\/\\\/www.letsportsrock.com\\\/?p=20446#breadcrumb\",\"itemListElement\":[{\"@type\":\"ListItem\",\"position\":1,\"name\":\"Home\",\"item\":\"https:\\\/\\\/www.letsportsrock.com\\\/\"},{\"@type\":\"ListItem\",\"position\":2,\"name\":\"\u0218oc la FC Dinamo! Andrei Nicolescu \u0219i-a reziliat contractul \u2013 ce conflicte interne l-au determinat s\u0103 plece?\"}]},{\"@type\":\"WebSite\",\"@id\":\"https:\\\/\\\/www.letsportsrock.com\\\/#website\",\"url\":\"https:\\\/\\\/www.letsportsrock.com\\\/\",\"name\":\"letsportsrock\",\"description\":\"Sport News and Updates\",\"potentialAction\":[{\"@type\":\"SearchAction\",\"target\":{\"@type\":\"EntryPoint\",\"urlTemplate\":\"https:\\\/\\\/www.letsportsrock.com\\\/?s={search_term_string}\"},\"query-input\":{\"@type\":\"PropertyValueSpecification\",\"valueRequired\":true,\"valueName\":\"search_term_string\"}}],\"inLanguage\":\"en-US\"},{\"@type\":\"Person\",\"@id\":\"https:\\\/\\\/www.letsportsrock.com\\\/#\\\/schema\\\/person\\\/674619adef31b09138e9ccd4e2852ee0\",\"name\":\"Shughun Ivory\",\"image\":{\"@type\":\"ImageObject\",\"inLanguage\":\"en-US\",\"@id\":\"https:\\\/\\\/secure.gravatar.com\\\/avatar\\\/0461d8b87ac229159ac526ebabd85108a5009b97923e896e2a506577805f8fc1?s=96&d=mm&r=g\",\"url\":\"https:\\\/\\\/secure.gravatar.com\\\/avatar\\\/0461d8b87ac229159ac526ebabd85108a5009b97923e896e2a506577805f8fc1?s=96&d=mm&r=g\",\"contentUrl\":\"https:\\\/\\\/secure.gravatar.com\\\/avatar\\\/0461d8b87ac229159ac526ebabd85108a5009b97923e896e2a506577805f8fc1?s=96&d=mm&r=g\",\"caption\":\"Shughun Ivory\"},\"sameAs\":[\"http:\\\/\\\/Letsportsrock.com\"],\"url\":\"https:\\\/\\\/www.letsportsrock.com\\\/?author=11\"}]}<\/script>\n<!-- \/ Yoast SEO plugin. -->","yoast_head_json":{"title":"\u0218oc la FC Dinamo! Andrei Nicolescu \u0219i-a reziliat contractul \u2013","description":"\u0218oc la FC Dinamo! Andrei Nicolescu \u0219i-a reziliat contractul \u2013 ce conflicte interne l-au determinat s\u0103 plece?","robots":{"index":"index","follow":"follow","max-snippet":"max-snippet:-1","max-image-preview":"max-image-preview:large","max-video-preview":"max-video-preview:-1"},"canonical":"https:\/\/www.letsportsrock.com\/?p=20446","og_locale":"en_US","og_type":"article","og_title":"\u0218oc la FC Dinamo! Andrei Nicolescu \u0219i-a reziliat contractul \u2013","og_description":"\u0218oc la FC Dinamo! Andrei Nicolescu \u0219i-a reziliat contractul \u2013 ce conflicte interne l-au determinat s\u0103 plece?","og_url":"https:\/\/www.letsportsrock.com\/?p=20446","og_site_name":"letsportsrock","article_published_time":"2025-01-25T14:15:20+00:00","og_image":[{"width":679,"height":452,"url":"https:\/\/www.letsportsrock.com\/wp-content\/uploads\/2025\/01\/images-48-4.jpeg","type":"image\/jpeg"}],"author":"Shughun Ivory","twitter_card":"summary_large_image","twitter_misc":{"Written by":"Shughun Ivory","Est. reading time":"1 minute"},"schema":{"@context":"https:\/\/schema.org","@graph":[{"@type":"Article","@id":"https:\/\/www.letsportsrock.com\/?p=20446#article","isPartOf":{"@id":"https:\/\/www.letsportsrock.com\/?p=20446"},"author":{"name":"Shughun Ivory","@id":"https:\/\/www.letsportsrock.com\/#\/schema\/person\/674619adef31b09138e9ccd4e2852ee0"},"headline":"\u0218oc la FC Dinamo! Andrei Nicolescu \u0219i-a reziliat contractul \u2013 ce conflicte interne l-au determinat s\u0103 plece?","datePublished":"2025-01-25T14:15:20+00:00","mainEntityOfPage":{"@id":"https:\/\/www.letsportsrock.com\/?p=20446"},"wordCount":247,"commentCount":0,"image":{"@id":"https:\/\/www.letsportsrock.com\/?p=20446#primaryimage"},"thumbnailUrl":"https:\/\/www.letsportsrock.com\/wp-content\/uploads\/2025\/01\/images-48-4.jpeg","keywords":["FCSB"],"articleSection":["FCSB"],"inLanguage":"en-US","potentialAction":[{"@type":"CommentAction","name":"Comment","target":["https:\/\/www.letsportsrock.com\/?p=20446#respond"]}]},{"@type":"WebPage","@id":"https:\/\/www.letsportsrock.com\/?p=20446","url":"https:\/\/www.letsportsrock.com\/?p=20446","name":"\u0218oc la FC Dinamo! Andrei Nicolescu \u0219i-a reziliat contractul \u2013","isPartOf":{"@id":"https:\/\/www.letsportsrock.com\/#website"},"primaryImageOfPage":{"@id":"https:\/\/www.letsportsrock.com\/?p=20446#primaryimage"},"image":{"@id":"https:\/\/www.letsportsrock.com\/?p=20446#primaryimage"},"thumbnailUrl":"https:\/\/www.letsportsrock.com\/wp-content\/uploads\/2025\/01\/images-48-4.jpeg","datePublished":"2025-01-25T14:15:20+00:00","author":{"@id":"https:\/\/www.letsportsrock.com\/#\/schema\/person\/674619adef31b09138e9ccd4e2852ee0"},"description":"\u0218oc la FC Dinamo! Andrei Nicolescu \u0219i-a reziliat contractul \u2013 ce conflicte interne l-au determinat s\u0103 plece?","breadcrumb":{"@id":"https:\/\/www.letsportsrock.com\/?p=20446#breadcrumb"},"inLanguage":"en-US","potentialAction":[{"@type":"ReadAction","target":["https:\/\/www.letsportsrock.com\/?p=20446"]}]},{"@type":"ImageObject","inLanguage":"en-US","@id":"https:\/\/www.letsportsrock.com\/?p=20446#primaryimage","url":"https:\/\/www.letsportsrock.com\/wp-content\/uploads\/2025\/01\/images-48-4.jpeg","contentUrl":"https:\/\/www.letsportsrock.com\/wp-content\/uploads\/2025\/01\/images-48-4.jpeg","width":679,"height":452},{"@type":"BreadcrumbList","@id":"https:\/\/www.letsportsrock.com\/?p=20446#breadcrumb","itemListElement":[{"@type":"ListItem","position":1,"name":"Home","item":"https:\/\/www.letsportsrock.com\/"},{"@type":"ListItem","position":2,"name":"\u0218oc la FC Dinamo! Andrei Nicolescu \u0219i-a reziliat contractul \u2013 ce conflicte interne l-au determinat s\u0103 plece?"}]},{"@type":"WebSite","@id":"https:\/\/www.letsportsrock.com\/#website","url":"https:\/\/www.letsportsrock.com\/","name":"letsportsrock","description":"Sport News and Updates","potentialAction":[{"@type":"SearchAction","target":{"@type":"EntryPoint","urlTemplate":"https:\/\/www.letsportsrock.com\/?s={search_term_string}"},"query-input":{"@type":"PropertyValueSpecification","valueRequired":true,"valueName":"search_term_string"}}],"inLanguage":"en-US"},{"@type":"Person","@id":"https:\/\/www.letsportsrock.com\/#\/schema\/person\/674619adef31b09138e9ccd4e2852ee0","name":"Shughun Ivory","image":{"@type":"ImageObject","inLanguage":"en-US","@id":"https:\/\/secure.gravatar.com\/avatar\/0461d8b87ac229159ac526ebabd85108a5009b97923e896e2a506577805f8fc1?s=96&d=mm&r=g","url":"https:\/\/secure.gravatar.com\/avatar\/0461d8b87ac229159ac526ebabd85108a5009b97923e896e2a506577805f8fc1?s=96&d=mm&r=g","contentUrl":"https:\/\/secure.gravatar.com\/avatar\/0461d8b87ac229159ac526ebabd85108a5009b97923e896e2a506577805f8fc1?s=96&d=mm&r=g","caption":"Shughun Ivory"},"sameAs":["http:\/\/Letsportsrock.com"],"url":"https:\/\/www.letsportsrock.com\/?author=11"}]}},"jetpack_featured_media_url":"https:\/\/www.letsportsrock.com\/wp-content\/uploads\/2025\/01\/images-48-4.jpeg","jetpack_sharing_enabled":true,"_links":{"self":[{"href":"https:\/\/www.letsportsrock.com\/index.php?rest_route=\/wp\/v2\/posts\/20446","targetHints":{"allow":["GET"]}}],"collection":[{"href":"https:\/\/www.letsportsrock.com\/index.php?rest_route=\/wp\/v2\/posts"}],"about":[{"href":"https:\/\/www.letsportsrock.com\/index.php?rest_route=\/wp\/v2\/types\/post"}],"author":[{"embeddable":true,"href":"https:\/\/www.letsportsrock.com\/index.php?rest_route=\/wp\/v2\/users\/11"}],"replies":[{"embeddable":true,"href":"https:\/\/www.letsportsrock.com\/index.php?rest_route=%2Fwp%2Fv2%2Fcomments&post=20446"}],"version-history":[{"count":2,"href":"https:\/\/www.letsportsrock.com\/index.php?rest_route=\/wp\/v2\/posts\/20446\/revisions"}],"predecessor-version":[{"id":20449,"href":"https:\/\/www.letsportsrock.com\/index.php?rest_route=\/wp\/v2\/posts\/20446\/revisions\/20449"}],"wp:featuredmedia":[{"embeddable":true,"href":"https:\/\/www.letsportsrock.com\/index.php?rest_route=\/wp\/v2\/media\/20448"}],"wp:attachment":[{"href":"https:\/\/www.letsportsrock.com\/index.php?rest_route=%2Fwp%2Fv2%2Fmedia&parent=20446"}],"wp:term":[{"taxonomy":"category","embeddable":true,"href":"https:\/\/www.letsportsrock.com\/index.php?rest_route=%2Fwp%2Fv2%2Fcategories&post=20446"},{"taxonomy":"post_tag","embeddable":true,"href":"https:\/\/www.letsportsrock.com\/index.php?rest_route=%2Fwp%2Fv2%2Ftags&post=20446"}],"curies":[{"name":"wp","href":"https:\/\/api.w.org\/{rel}","templated":true}]}}