{"id":20586,"date":"2025-01-26T06:59:18","date_gmt":"2025-01-26T06:59:18","guid":{"rendered":"https:\/\/www.letsportsrock.com\/?p=20586"},"modified":"2025-01-26T06:59:18","modified_gmt":"2025-01-26T06:59:18","slug":"vesti-bune-un-jucator-de-la-dinamo-a-fost-convocat-la-echipa-nationala-antrenorul-a-declarat-aceasta-este-o-schimbare-de-joc-pentru-club","status":"publish","type":"post","link":"https:\/\/www.letsportsrock.com\/?p=20586","title":{"rendered":"Ve\u0219ti bune: Un juc\u0103tor de la Dinamo a fost convocat la echipa na\u021bional\u0103 \u2013 antrenorul a declarat: \u201eAceasta este o schimbare de joc pentru club\u201d&#8230;&#8230;."},"content":{"rendered":"<div class=\"d79db4796efc26332eabfc3f5dafbc76\" data-index=\"1\" style=\"float: none; margin:10px 0 10px 0; text-align:center;\">\n<div class=\"hb-ad-inarticle\">\r\n    <div class=\"hb-ad-inner\"> \r\n    <div class=\"hbagency_cls\"  id=\"hbagency_space_111930\"><\/div><\/div> <\/div>\n<\/div>\n<p>Ve\u0219ti bune: Un juc\u0103tor de la Dinamo a fost convocat la echipa na\u021bional\u0103 \u2013 antrenorul a declarat: \u201eAceasta este o schimbare de joc pentru club\u201d&#8230;&#8230;.<\/p>\n<p>&nbsp;<\/p>\n<p>Dinamo Bucure\u0219ti prime\u0219te ve\u0219ti excelente! Unul dintre cei mai promi\u021b\u0103tori juc\u0103tori ai clubului a fost convocat la echipa na\u021bional\u0103, marc\u00e2nd un moment important at\u00e2t pentru cariera sa, c\u00e2t \u0219i pentru club. Antrenorul principal al lui Dinamo a declarat c\u0103 aceast\u0103 convocare reprezint\u0103 \u201eo schimbare de joc\u201d pentru echip\u0103, subliniind impactul pe care aceast\u0103 realizare \u00eel poate avea asupra moralului \u0219i imaginii clubului.<\/p>\n<p><img loading=\"lazy\" decoding=\"async\" class=\"alignnone size-medium wp-image-20588\" src=\"https:\/\/www.letsportsrock.com\/wp-content\/uploads\/2025\/01\/images-89-2-300x195.jpeg\" alt=\"\" width=\"300\" height=\"195\" srcset=\"https:\/\/www.letsportsrock.com\/wp-content\/uploads\/2025\/01\/images-89-2-300x195.jpeg 300w, https:\/\/www.letsportsrock.com\/wp-content\/uploads\/2025\/01\/images-89-2.jpeg 687w\" sizes=\"auto, (max-width: 300px) 100vw, 300px\" \/><\/p>\n<p>\u201eAceast\u0103 convocare este o recunoa\u0219tere a muncii depuse de \u00eentregul staff tehnic, dar mai ales a talentului \u0219i dedic\u0103rii juc\u0103torului nostru. Este o confirmare c\u0103 suntem pe drumul cel bun, iar Dinamo r\u0103m\u00e2ne un club de referin\u021b\u0103 \u00een fotbalul rom\u00e2nesc\u201d, a declarat antrenorul.<\/p>\n<p>&nbsp;<\/p>\n<p>Juc\u0103torul, al c\u0103rui nume a fost men\u021bionat \u00een mod constant \u00een ultima perioad\u0103 pentru evolu\u021biile sale spectaculoase, a devenit rapid o pies\u0103 esen\u021bial\u0103 \u00een angrenajul echipei. Convocarea sa la echipa na\u021bional\u0103 nu doar c\u0103 \u00eei aduce recunoa\u0219tere personal\u0103, ci \u0219i cre\u0219te prestigiul clubului, atr\u0103g\u00e2nd aten\u021bia asupra academiei de tineret \u0219i a strategiei de dezvoltare implementate de Dinamo.<\/p>\n<p>Aceast\u0103 reu\u0219it\u0103 vine \u00eentr-un moment \u00een care clubul lupt\u0103 s\u0103-\u0219i rec\u00e2\u0219tige locul \u00een elita fotbalului rom\u00e2nesc. Suporterii privesc aceast\u0103 convocare ca pe un semn pozitiv, fiind un motiv suplimentar de m\u00e2ndrie \u0219i entuziasm. R\u0103m\u00e2ne de v\u0103zut cum va influen\u021ba acest succes evolu\u021biile viitoare ale echipei, \u00eens\u0103 optimismul este cu siguran\u021b\u0103 prezent \u00een tab\u0103ra dinamovi\u0219tilor.<\/p>\n\n<div style=\"font-size: 0px; height: 0px; line-height: 0px; margin: 0; padding: 0; clear: both;\"><\/div>","protected":false},"excerpt":{"rendered":"<p>Ve\u0219ti bune: Un juc\u0103tor de la Dinamo a fost convocat la echipa na\u021bional\u0103 \u2013 antrenorul a declarat: \u201eAceasta este o schimbare de joc pentru club\u201d&#8230;&#8230;. &nbsp; Dinamo Bucure\u0219ti prime\u0219te ve\u0219ti excelente! Unul dintre cei mai promi\u021b\u0103tori juc\u0103tori ai clubului a fost convocat la echipa na\u021bional\u0103, marc\u00e2nd un moment important at\u00e2t pentru cariera sa, c\u00e2t \u0219i [&hellip;]<\/p>\n","protected":false},"author":9,"featured_media":20587,"comment_status":"open","ping_status":"open","sticky":false,"template":"","format":"standard","meta":{"_jetpack_memberships_contains_paid_content":false,"footnotes":""},"categories":[1],"tags":[419],"class_list":["post-20586","post","type-post","status-publish","format-standard","has-post-thumbnail","hentry","category-uncategorized","tag-fc-dinamo-bucuresti"],"yoast_head":"<!-- This site is optimized with the Yoast SEO plugin v27.4 - https:\/\/yoast.com\/product\/yoast-seo-wordpress\/ -->\n<title>Ve\u0219ti bune: Un juc\u0103tor de la Dinamo a fost convocat la echipa na\u021bional\u0103 \u2013 antrenorul a declarat: \u201eAceasta este o schimbare de joc pentru club\u201d....... - letsportsrock<\/title>\n<meta name=\"robots\" content=\"index, follow, max-snippet:-1, max-image-preview:large, max-video-preview:-1\" \/>\n<link rel=\"canonical\" href=\"https:\/\/www.letsportsrock.com\/?p=20586\" \/>\n<meta property=\"og:locale\" content=\"en_US\" \/>\n<meta property=\"og:type\" content=\"article\" \/>\n<meta property=\"og:title\" content=\"Ve\u0219ti bune: Un juc\u0103tor de la Dinamo a fost convocat la echipa na\u021bional\u0103 \u2013 antrenorul a declarat: \u201eAceasta este o schimbare de joc pentru club\u201d....... - letsportsrock\" \/>\n<meta property=\"og:description\" content=\"Ve\u0219ti bune: Un juc\u0103tor de la Dinamo a fost convocat la echipa na\u021bional\u0103 \u2013 antrenorul a declarat: \u201eAceasta este o schimbare de joc pentru club\u201d&#8230;&#8230;. &nbsp; Dinamo Bucure\u0219ti prime\u0219te ve\u0219ti excelente! Unul dintre cei mai promi\u021b\u0103tori juc\u0103tori ai clubului a fost convocat la echipa na\u021bional\u0103, marc\u00e2nd un moment important at\u00e2t pentru cariera sa, c\u00e2t \u0219i [&hellip;]\" \/>\n<meta property=\"og:url\" content=\"https:\/\/www.letsportsrock.com\/?p=20586\" \/>\n<meta property=\"og:site_name\" content=\"letsportsrock\" \/>\n<meta property=\"article:published_time\" content=\"2025-01-26T06:59:18+00:00\" \/>\n<meta property=\"og:image\" content=\"https:\/\/www.letsportsrock.com\/wp-content\/uploads\/2025\/01\/images-90-1.jpeg\" \/>\n\t<meta property=\"og:image:width\" content=\"754\" \/>\n\t<meta property=\"og:image:height\" content=\"406\" \/>\n\t<meta property=\"og:image:type\" content=\"image\/jpeg\" \/>\n<meta name=\"author\" content=\"Paul Hembaor\" \/>\n<meta name=\"twitter:card\" content=\"summary_large_image\" \/>\n<meta name=\"twitter:label1\" content=\"Written by\" \/>\n\t<meta name=\"twitter:data1\" content=\"Paul Hembaor\" \/>\n\t<meta name=\"twitter:label2\" content=\"Est. reading time\" \/>\n\t<meta name=\"twitter:data2\" content=\"1 minute\" \/>\n<script type=\"application\/ld+json\" class=\"yoast-schema-graph\">{\"@context\":\"https:\\\/\\\/schema.org\",\"@graph\":[{\"@type\":\"Article\",\"@id\":\"https:\\\/\\\/www.letsportsrock.com\\\/?p=20586#article\",\"isPartOf\":{\"@id\":\"https:\\\/\\\/www.letsportsrock.com\\\/?p=20586\"},\"author\":{\"name\":\"Paul Hembaor\",\"@id\":\"https:\\\/\\\/www.letsportsrock.com\\\/#\\\/schema\\\/person\\\/97aa0f336f5a3ca15a8ec7d78846f045\"},\"headline\":\"Ve\u0219ti bune: Un juc\u0103tor de la Dinamo a fost convocat la echipa na\u021bional\u0103 \u2013 antrenorul a declarat: \u201eAceasta este o schimbare de joc pentru club\u201d&#8230;&#8230;.\",\"datePublished\":\"2025-01-26T06:59:18+00:00\",\"mainEntityOfPage\":{\"@id\":\"https:\\\/\\\/www.letsportsrock.com\\\/?p=20586\"},\"wordCount\":311,\"commentCount\":0,\"image\":{\"@id\":\"https:\\\/\\\/www.letsportsrock.com\\\/?p=20586#primaryimage\"},\"thumbnailUrl\":\"https:\\\/\\\/www.letsportsrock.com\\\/wp-content\\\/uploads\\\/2025\\\/01\\\/images-90-1.jpeg\",\"keywords\":[\"Fc Dinamo bucuresti\"],\"inLanguage\":\"en-US\",\"potentialAction\":[{\"@type\":\"CommentAction\",\"name\":\"Comment\",\"target\":[\"https:\\\/\\\/www.letsportsrock.com\\\/?p=20586#respond\"]}]},{\"@type\":\"WebPage\",\"@id\":\"https:\\\/\\\/www.letsportsrock.com\\\/?p=20586\",\"url\":\"https:\\\/\\\/www.letsportsrock.com\\\/?p=20586\",\"name\":\"Ve\u0219ti bune: Un juc\u0103tor de la Dinamo a fost convocat la echipa na\u021bional\u0103 \u2013 antrenorul a declarat: \u201eAceasta este o schimbare de joc pentru club\u201d....... - letsportsrock\",\"isPartOf\":{\"@id\":\"https:\\\/\\\/www.letsportsrock.com\\\/#website\"},\"primaryImageOfPage\":{\"@id\":\"https:\\\/\\\/www.letsportsrock.com\\\/?p=20586#primaryimage\"},\"image\":{\"@id\":\"https:\\\/\\\/www.letsportsrock.com\\\/?p=20586#primaryimage\"},\"thumbnailUrl\":\"https:\\\/\\\/www.letsportsrock.com\\\/wp-content\\\/uploads\\\/2025\\\/01\\\/images-90-1.jpeg\",\"datePublished\":\"2025-01-26T06:59:18+00:00\",\"author\":{\"@id\":\"https:\\\/\\\/www.letsportsrock.com\\\/#\\\/schema\\\/person\\\/97aa0f336f5a3ca15a8ec7d78846f045\"},\"breadcrumb\":{\"@id\":\"https:\\\/\\\/www.letsportsrock.com\\\/?p=20586#breadcrumb\"},\"inLanguage\":\"en-US\",\"potentialAction\":[{\"@type\":\"ReadAction\",\"target\":[\"https:\\\/\\\/www.letsportsrock.com\\\/?p=20586\"]}]},{\"@type\":\"ImageObject\",\"inLanguage\":\"en-US\",\"@id\":\"https:\\\/\\\/www.letsportsrock.com\\\/?p=20586#primaryimage\",\"url\":\"https:\\\/\\\/www.letsportsrock.com\\\/wp-content\\\/uploads\\\/2025\\\/01\\\/images-90-1.jpeg\",\"contentUrl\":\"https:\\\/\\\/www.letsportsrock.com\\\/wp-content\\\/uploads\\\/2025\\\/01\\\/images-90-1.jpeg\",\"width\":754,\"height\":406},{\"@type\":\"BreadcrumbList\",\"@id\":\"https:\\\/\\\/www.letsportsrock.com\\\/?p=20586#breadcrumb\",\"itemListElement\":[{\"@type\":\"ListItem\",\"position\":1,\"name\":\"Home\",\"item\":\"https:\\\/\\\/www.letsportsrock.com\\\/\"},{\"@type\":\"ListItem\",\"position\":2,\"name\":\"Ve\u0219ti bune: Un juc\u0103tor de la Dinamo a fost convocat la echipa na\u021bional\u0103 \u2013 antrenorul a declarat: \u201eAceasta este o schimbare de joc pentru club\u201d&#8230;&#8230;.\"}]},{\"@type\":\"WebSite\",\"@id\":\"https:\\\/\\\/www.letsportsrock.com\\\/#website\",\"url\":\"https:\\\/\\\/www.letsportsrock.com\\\/\",\"name\":\"letsportsrock\",\"description\":\"Sport News and Updates\",\"potentialAction\":[{\"@type\":\"SearchAction\",\"target\":{\"@type\":\"EntryPoint\",\"urlTemplate\":\"https:\\\/\\\/www.letsportsrock.com\\\/?s={search_term_string}\"},\"query-input\":{\"@type\":\"PropertyValueSpecification\",\"valueRequired\":true,\"valueName\":\"search_term_string\"}}],\"inLanguage\":\"en-US\"},{\"@type\":\"Person\",\"@id\":\"https:\\\/\\\/www.letsportsrock.com\\\/#\\\/schema\\\/person\\\/97aa0f336f5a3ca15a8ec7d78846f045\",\"name\":\"Paul Hembaor\",\"image\":{\"@type\":\"ImageObject\",\"inLanguage\":\"en-US\",\"@id\":\"https:\\\/\\\/secure.gravatar.com\\\/avatar\\\/0574929a03c152e8ea7939c31311f9ea2fe2e06139cd71e2d6e698c217219d60?s=96&d=mm&r=g\",\"url\":\"https:\\\/\\\/secure.gravatar.com\\\/avatar\\\/0574929a03c152e8ea7939c31311f9ea2fe2e06139cd71e2d6e698c217219d60?s=96&d=mm&r=g\",\"contentUrl\":\"https:\\\/\\\/secure.gravatar.com\\\/avatar\\\/0574929a03c152e8ea7939c31311f9ea2fe2e06139cd71e2d6e698c217219d60?s=96&d=mm&r=g\",\"caption\":\"Paul Hembaor\"},\"sameAs\":[\"https:\\\/\\\/www.letsportsrock.com\\\/wp-admin\\\/\"],\"url\":\"https:\\\/\\\/www.letsportsrock.com\\\/?author=9\"}]}<\/script>\n<!-- \/ Yoast SEO plugin. -->","yoast_head_json":{"title":"Ve\u0219ti bune: Un juc\u0103tor de la Dinamo a fost convocat la echipa na\u021bional\u0103 \u2013 antrenorul a declarat: \u201eAceasta este o schimbare de joc pentru club\u201d....... - letsportsrock","robots":{"index":"index","follow":"follow","max-snippet":"max-snippet:-1","max-image-preview":"max-image-preview:large","max-video-preview":"max-video-preview:-1"},"canonical":"https:\/\/www.letsportsrock.com\/?p=20586","og_locale":"en_US","og_type":"article","og_title":"Ve\u0219ti bune: Un juc\u0103tor de la Dinamo a fost convocat la echipa na\u021bional\u0103 \u2013 antrenorul a declarat: \u201eAceasta este o schimbare de joc pentru club\u201d....... - letsportsrock","og_description":"Ve\u0219ti bune: Un juc\u0103tor de la Dinamo a fost convocat la echipa na\u021bional\u0103 \u2013 antrenorul a declarat: \u201eAceasta este o schimbare de joc pentru club\u201d&#8230;&#8230;. &nbsp; Dinamo Bucure\u0219ti prime\u0219te ve\u0219ti excelente! Unul dintre cei mai promi\u021b\u0103tori juc\u0103tori ai clubului a fost convocat la echipa na\u021bional\u0103, marc\u00e2nd un moment important at\u00e2t pentru cariera sa, c\u00e2t \u0219i [&hellip;]","og_url":"https:\/\/www.letsportsrock.com\/?p=20586","og_site_name":"letsportsrock","article_published_time":"2025-01-26T06:59:18+00:00","og_image":[{"width":754,"height":406,"url":"https:\/\/www.letsportsrock.com\/wp-content\/uploads\/2025\/01\/images-90-1.jpeg","type":"image\/jpeg"}],"author":"Paul Hembaor","twitter_card":"summary_large_image","twitter_misc":{"Written by":"Paul Hembaor","Est. reading time":"1 minute"},"schema":{"@context":"https:\/\/schema.org","@graph":[{"@type":"Article","@id":"https:\/\/www.letsportsrock.com\/?p=20586#article","isPartOf":{"@id":"https:\/\/www.letsportsrock.com\/?p=20586"},"author":{"name":"Paul Hembaor","@id":"https:\/\/www.letsportsrock.com\/#\/schema\/person\/97aa0f336f5a3ca15a8ec7d78846f045"},"headline":"Ve\u0219ti bune: Un juc\u0103tor de la Dinamo a fost convocat la echipa na\u021bional\u0103 \u2013 antrenorul a declarat: \u201eAceasta este o schimbare de joc pentru club\u201d&#8230;&#8230;.","datePublished":"2025-01-26T06:59:18+00:00","mainEntityOfPage":{"@id":"https:\/\/www.letsportsrock.com\/?p=20586"},"wordCount":311,"commentCount":0,"image":{"@id":"https:\/\/www.letsportsrock.com\/?p=20586#primaryimage"},"thumbnailUrl":"https:\/\/www.letsportsrock.com\/wp-content\/uploads\/2025\/01\/images-90-1.jpeg","keywords":["Fc Dinamo bucuresti"],"inLanguage":"en-US","potentialAction":[{"@type":"CommentAction","name":"Comment","target":["https:\/\/www.letsportsrock.com\/?p=20586#respond"]}]},{"@type":"WebPage","@id":"https:\/\/www.letsportsrock.com\/?p=20586","url":"https:\/\/www.letsportsrock.com\/?p=20586","name":"Ve\u0219ti bune: Un juc\u0103tor de la Dinamo a fost convocat la echipa na\u021bional\u0103 \u2013 antrenorul a declarat: \u201eAceasta este o schimbare de joc pentru club\u201d....... - letsportsrock","isPartOf":{"@id":"https:\/\/www.letsportsrock.com\/#website"},"primaryImageOfPage":{"@id":"https:\/\/www.letsportsrock.com\/?p=20586#primaryimage"},"image":{"@id":"https:\/\/www.letsportsrock.com\/?p=20586#primaryimage"},"thumbnailUrl":"https:\/\/www.letsportsrock.com\/wp-content\/uploads\/2025\/01\/images-90-1.jpeg","datePublished":"2025-01-26T06:59:18+00:00","author":{"@id":"https:\/\/www.letsportsrock.com\/#\/schema\/person\/97aa0f336f5a3ca15a8ec7d78846f045"},"breadcrumb":{"@id":"https:\/\/www.letsportsrock.com\/?p=20586#breadcrumb"},"inLanguage":"en-US","potentialAction":[{"@type":"ReadAction","target":["https:\/\/www.letsportsrock.com\/?p=20586"]}]},{"@type":"ImageObject","inLanguage":"en-US","@id":"https:\/\/www.letsportsrock.com\/?p=20586#primaryimage","url":"https:\/\/www.letsportsrock.com\/wp-content\/uploads\/2025\/01\/images-90-1.jpeg","contentUrl":"https:\/\/www.letsportsrock.com\/wp-content\/uploads\/2025\/01\/images-90-1.jpeg","width":754,"height":406},{"@type":"BreadcrumbList","@id":"https:\/\/www.letsportsrock.com\/?p=20586#breadcrumb","itemListElement":[{"@type":"ListItem","position":1,"name":"Home","item":"https:\/\/www.letsportsrock.com\/"},{"@type":"ListItem","position":2,"name":"Ve\u0219ti bune: Un juc\u0103tor de la Dinamo a fost convocat la echipa na\u021bional\u0103 \u2013 antrenorul a declarat: \u201eAceasta este o schimbare de joc pentru club\u201d&#8230;&#8230;."}]},{"@type":"WebSite","@id":"https:\/\/www.letsportsrock.com\/#website","url":"https:\/\/www.letsportsrock.com\/","name":"letsportsrock","description":"Sport News and Updates","potentialAction":[{"@type":"SearchAction","target":{"@type":"EntryPoint","urlTemplate":"https:\/\/www.letsportsrock.com\/?s={search_term_string}"},"query-input":{"@type":"PropertyValueSpecification","valueRequired":true,"valueName":"search_term_string"}}],"inLanguage":"en-US"},{"@type":"Person","@id":"https:\/\/www.letsportsrock.com\/#\/schema\/person\/97aa0f336f5a3ca15a8ec7d78846f045","name":"Paul Hembaor","image":{"@type":"ImageObject","inLanguage":"en-US","@id":"https:\/\/secure.gravatar.com\/avatar\/0574929a03c152e8ea7939c31311f9ea2fe2e06139cd71e2d6e698c217219d60?s=96&d=mm&r=g","url":"https:\/\/secure.gravatar.com\/avatar\/0574929a03c152e8ea7939c31311f9ea2fe2e06139cd71e2d6e698c217219d60?s=96&d=mm&r=g","contentUrl":"https:\/\/secure.gravatar.com\/avatar\/0574929a03c152e8ea7939c31311f9ea2fe2e06139cd71e2d6e698c217219d60?s=96&d=mm&r=g","caption":"Paul Hembaor"},"sameAs":["https:\/\/www.letsportsrock.com\/wp-admin\/"],"url":"https:\/\/www.letsportsrock.com\/?author=9"}]}},"jetpack_featured_media_url":"https:\/\/www.letsportsrock.com\/wp-content\/uploads\/2025\/01\/images-90-1.jpeg","jetpack_sharing_enabled":true,"_links":{"self":[{"href":"https:\/\/www.letsportsrock.com\/index.php?rest_route=\/wp\/v2\/posts\/20586","targetHints":{"allow":["GET"]}}],"collection":[{"href":"https:\/\/www.letsportsrock.com\/index.php?rest_route=\/wp\/v2\/posts"}],"about":[{"href":"https:\/\/www.letsportsrock.com\/index.php?rest_route=\/wp\/v2\/types\/post"}],"author":[{"embeddable":true,"href":"https:\/\/www.letsportsrock.com\/index.php?rest_route=\/wp\/v2\/users\/9"}],"replies":[{"embeddable":true,"href":"https:\/\/www.letsportsrock.com\/index.php?rest_route=%2Fwp%2Fv2%2Fcomments&post=20586"}],"version-history":[{"count":1,"href":"https:\/\/www.letsportsrock.com\/index.php?rest_route=\/wp\/v2\/posts\/20586\/revisions"}],"predecessor-version":[{"id":20589,"href":"https:\/\/www.letsportsrock.com\/index.php?rest_route=\/wp\/v2\/posts\/20586\/revisions\/20589"}],"wp:featuredmedia":[{"embeddable":true,"href":"https:\/\/www.letsportsrock.com\/index.php?rest_route=\/wp\/v2\/media\/20587"}],"wp:attachment":[{"href":"https:\/\/www.letsportsrock.com\/index.php?rest_route=%2Fwp%2Fv2%2Fmedia&parent=20586"}],"wp:term":[{"taxonomy":"category","embeddable":true,"href":"https:\/\/www.letsportsrock.com\/index.php?rest_route=%2Fwp%2Fv2%2Fcategories&post=20586"},{"taxonomy":"post_tag","embeddable":true,"href":"https:\/\/www.letsportsrock.com\/index.php?rest_route=%2Fwp%2Fv2%2Ftags&post=20586"}],"curies":[{"name":"wp","href":"https:\/\/api.w.org\/{rel}","templated":true}]}}