{"id":20645,"date":"2025-01-26T19:45:36","date_gmt":"2025-01-26T19:45:36","guid":{"rendered":"https:\/\/www.letsportsrock.com\/?p=20645"},"modified":"2025-01-26T19:45:36","modified_gmt":"2025-01-26T19:45:36","slug":"stiri-de-ultima-ora-andrei-florescu-ia-in-considerare-reinnoirea-contractului-cu-fc-dinamo-bucuresti-din-motive-personale","status":"publish","type":"post","link":"https:\/\/www.letsportsrock.com\/?p=20645","title":{"rendered":"\u0218tiri de Ultim\u0103 Or\u0103: Andrei Florescu Ia \u00een Considerare Re\u00eennoirea Contractului cu FC Dinamo Bucure\u0219ti din Motive Personale"},"content":{"rendered":"<div class=\"d79db4796efc26332eabfc3f5dafbc76\" data-index=\"1\" style=\"float: none; margin:10px 0 10px 0; text-align:center;\">\n<div class=\"hb-ad-inarticle\">\r\n    <div class=\"hb-ad-inner\"> \r\n    <div class=\"hbagency_cls\"  id=\"hbagency_space_111930\"><\/div><\/div> <\/div>\n<\/div>\n<p>\u0218tiri de Ultim\u0103 Or\u0103: Andrei Florescu Ia \u00een Considerare Re\u00eennoirea Contractului cu FC Dinamo Bucure\u0219ti din Motive Personale<\/p>\n<p>&nbsp;<\/p>\n<p>Andrei Florescu, mijloca\u0219ul talentat al echipei FC Dinamo Bucure\u0219ti, ar putea semna o nou\u0103 \u00een\u021belegere cu clubul din \u0218oseaua \u0218tefan cel Mare. Conform unor surse din apropierea juc\u0103torului, Florescu ia \u00een considerare re\u00eennoirea contractului cu forma\u021bia din Liga I, motiv\u00e2ndu-\u0219i decizia prin factori personali ce joac\u0103 un rol important \u00een via\u021ba sa.<\/p>\n<p>&nbsp;<\/p>\n<p>De-a lungul sezonului, Florescu a demonstrat un joc constant \u0219i un angajament deosebit fa\u021b\u0103 de echip\u0103, fiind o pies\u0103 important\u0103 \u00een strategia antrenorului. De\u0219i mai multe cluburi din Rom\u00e2nia \u0219i din afacerea european\u0103 au manifestat interes pentru serviciile sale, juc\u0103torul pare s\u0103 fie tot mai ata\u0219at de Dinamo \u0219i de sus\u021binerea fanilor, care i-au ar\u0103tat apreciere constant\u0103.<\/p>\n<p>&nbsp;<\/p>\n<p>Motivul principal pentru care Andrei Florescu ar dori s\u0103 r\u0103m\u00e2n\u0103 la Dinamo se leag\u0103 de stabilitatea personal\u0103 \u0219i profesional\u0103 pe care o g\u0103se\u0219te \u00een cadrul echipei, dar \u0219i de leg\u0103tura puternic\u0103 cu ora\u0219ul \u0219i familia sa. Aceste aspecte par s\u0103 c\u00e2nt\u0103reasc\u0103 mult \u00een decizia sa de a r\u0103m\u00e2ne \u00een continuare la club, \u00een ciuda ofertelor externe atractive.<\/p>\n<p>&nbsp;<\/p>\n<p>Re\u00eennoirea contractului cu FC Dinamo Bucure\u0219ti ar \u00eensemna pentru Florescu o oportunitate de a continua s\u0103 se dezvolte \u00eentr-un mediu familiar \u0219i stabil, al\u0103turi de o echip\u0103 cu tradi\u021bie \u00een fotbalul rom\u00e2nesc. \u00cen urma unei discu\u021bii \u00eentre conducerea clubului \u0219i reprezentan\u021bii juc\u0103torului, se a\u0219teapt\u0103 o decizie final\u0103 \u00een zilele urm\u0103toare.<\/p>\n<p>&nbsp;<\/p>\n<p>Suporterii dinamo\u0219ti a\u0219teapt\u0103 cu ner\u0103bdare confirmarea re\u00eennoirii contractului, sper\u00e2nd c\u0103 acest pas va aduce noi realiz\u0103ri pentru echipa lor favorit\u0103.<\/p>\n\n<div style=\"font-size: 0px; height: 0px; line-height: 0px; margin: 0; padding: 0; clear: both;\"><\/div>","protected":false},"excerpt":{"rendered":"<p>\u0218tiri de Ultim\u0103 Or\u0103: Andrei Florescu Ia \u00een Considerare Re\u00eennoirea Contractului cu FC Dinamo Bucure\u0219ti din Motive Personale &nbsp; Andrei Florescu, mijloca\u0219ul talentat al echipei FC Dinamo Bucure\u0219ti, ar putea semna o nou\u0103 \u00een\u021belegere cu clubul din \u0218oseaua \u0218tefan cel Mare. Conform unor surse din apropierea juc\u0103torului, Florescu ia \u00een considerare re\u00eennoirea contractului cu forma\u021bia [&hellip;]<\/p>\n","protected":false},"author":1,"featured_media":20646,"comment_status":"open","ping_status":"open","sticky":false,"template":"","format":"standard","meta":{"_jetpack_memberships_contains_paid_content":false,"footnotes":""},"categories":[1],"tags":[],"class_list":["post-20645","post","type-post","status-publish","format-standard","has-post-thumbnail","hentry","category-uncategorized"],"yoast_head":"<!-- This site is optimized with the Yoast SEO plugin v27.4 - https:\/\/yoast.com\/product\/yoast-seo-wordpress\/ -->\n<title>\u0218tiri de Ultim\u0103 Or\u0103: Andrei Florescu Ia \u00een Considerare<\/title>\n<meta name=\"description\" content=\"\u0218tiri de Ultim\u0103 Or\u0103: Andrei Florescu Ia \u00een Considerare Re\u00eennoirea Contractului cu FC Dinamo Bucure\u0219ti din Motive Personale\" \/>\n<meta name=\"robots\" content=\"index, follow, max-snippet:-1, max-image-preview:large, max-video-preview:-1\" \/>\n<link rel=\"canonical\" href=\"https:\/\/www.letsportsrock.com\/?p=20645\" \/>\n<meta property=\"og:locale\" content=\"en_US\" \/>\n<meta property=\"og:type\" content=\"article\" \/>\n<meta property=\"og:title\" content=\"\u0218tiri de Ultim\u0103 Or\u0103: Andrei Florescu Ia \u00een Considerare\" \/>\n<meta property=\"og:description\" content=\"\u0218tiri de Ultim\u0103 Or\u0103: Andrei Florescu Ia \u00een Considerare Re\u00eennoirea Contractului cu FC Dinamo Bucure\u0219ti din Motive Personale\" \/>\n<meta property=\"og:url\" content=\"https:\/\/www.letsportsrock.com\/?p=20645\" \/>\n<meta property=\"og:site_name\" content=\"letsportsrock\" \/>\n<meta property=\"article:published_time\" content=\"2025-01-26T19:45:36+00:00\" \/>\n<meta property=\"og:image\" content=\"https:\/\/www.letsportsrock.com\/wp-content\/uploads\/2025\/01\/images-2025-01-26T204243.763.jpeg\" \/>\n\t<meta property=\"og:image:width\" content=\"554\" \/>\n\t<meta property=\"og:image:height\" content=\"554\" \/>\n\t<meta property=\"og:image:type\" content=\"image\/jpeg\" \/>\n<meta name=\"author\" content=\"letsportsrock\" \/>\n<meta name=\"twitter:card\" content=\"summary_large_image\" \/>\n<meta name=\"twitter:label1\" content=\"Written by\" \/>\n\t<meta name=\"twitter:data1\" content=\"letsportsrock\" \/>\n\t<meta name=\"twitter:label2\" content=\"Est. reading time\" \/>\n\t<meta name=\"twitter:data2\" content=\"2 minutes\" \/>\n<script type=\"application\/ld+json\" class=\"yoast-schema-graph\">{\"@context\":\"https:\\\/\\\/schema.org\",\"@graph\":[{\"@type\":\"Article\",\"@id\":\"https:\\\/\\\/www.letsportsrock.com\\\/?p=20645#article\",\"isPartOf\":{\"@id\":\"https:\\\/\\\/www.letsportsrock.com\\\/?p=20645\"},\"author\":{\"name\":\"letsportsrock\",\"@id\":\"https:\\\/\\\/www.letsportsrock.com\\\/#\\\/schema\\\/person\\\/a454ac24e58b214ddd97e4b5afb0bf01\"},\"headline\":\"\u0218tiri de Ultim\u0103 Or\u0103: Andrei Florescu Ia \u00een Considerare Re\u00eennoirea Contractului cu FC Dinamo Bucure\u0219ti din Motive Personale\",\"datePublished\":\"2025-01-26T19:45:36+00:00\",\"mainEntityOfPage\":{\"@id\":\"https:\\\/\\\/www.letsportsrock.com\\\/?p=20645\"},\"wordCount\":322,\"commentCount\":0,\"image\":{\"@id\":\"https:\\\/\\\/www.letsportsrock.com\\\/?p=20645#primaryimage\"},\"thumbnailUrl\":\"https:\\\/\\\/www.letsportsrock.com\\\/wp-content\\\/uploads\\\/2025\\\/01\\\/images-2025-01-26T204243.763.jpeg\",\"inLanguage\":\"en-US\",\"potentialAction\":[{\"@type\":\"CommentAction\",\"name\":\"Comment\",\"target\":[\"https:\\\/\\\/www.letsportsrock.com\\\/?p=20645#respond\"]}]},{\"@type\":\"WebPage\",\"@id\":\"https:\\\/\\\/www.letsportsrock.com\\\/?p=20645\",\"url\":\"https:\\\/\\\/www.letsportsrock.com\\\/?p=20645\",\"name\":\"\u0218tiri de Ultim\u0103 Or\u0103: Andrei Florescu Ia \u00een Considerare\",\"isPartOf\":{\"@id\":\"https:\\\/\\\/www.letsportsrock.com\\\/#website\"},\"primaryImageOfPage\":{\"@id\":\"https:\\\/\\\/www.letsportsrock.com\\\/?p=20645#primaryimage\"},\"image\":{\"@id\":\"https:\\\/\\\/www.letsportsrock.com\\\/?p=20645#primaryimage\"},\"thumbnailUrl\":\"https:\\\/\\\/www.letsportsrock.com\\\/wp-content\\\/uploads\\\/2025\\\/01\\\/images-2025-01-26T204243.763.jpeg\",\"datePublished\":\"2025-01-26T19:45:36+00:00\",\"author\":{\"@id\":\"https:\\\/\\\/www.letsportsrock.com\\\/#\\\/schema\\\/person\\\/a454ac24e58b214ddd97e4b5afb0bf01\"},\"description\":\"\u0218tiri de Ultim\u0103 Or\u0103: Andrei Florescu Ia \u00een Considerare Re\u00eennoirea Contractului cu FC Dinamo Bucure\u0219ti din Motive Personale\",\"breadcrumb\":{\"@id\":\"https:\\\/\\\/www.letsportsrock.com\\\/?p=20645#breadcrumb\"},\"inLanguage\":\"en-US\",\"potentialAction\":[{\"@type\":\"ReadAction\",\"target\":[\"https:\\\/\\\/www.letsportsrock.com\\\/?p=20645\"]}]},{\"@type\":\"ImageObject\",\"inLanguage\":\"en-US\",\"@id\":\"https:\\\/\\\/www.letsportsrock.com\\\/?p=20645#primaryimage\",\"url\":\"https:\\\/\\\/www.letsportsrock.com\\\/wp-content\\\/uploads\\\/2025\\\/01\\\/images-2025-01-26T204243.763.jpeg\",\"contentUrl\":\"https:\\\/\\\/www.letsportsrock.com\\\/wp-content\\\/uploads\\\/2025\\\/01\\\/images-2025-01-26T204243.763.jpeg\",\"width\":554,\"height\":554},{\"@type\":\"BreadcrumbList\",\"@id\":\"https:\\\/\\\/www.letsportsrock.com\\\/?p=20645#breadcrumb\",\"itemListElement\":[{\"@type\":\"ListItem\",\"position\":1,\"name\":\"Home\",\"item\":\"https:\\\/\\\/www.letsportsrock.com\\\/\"},{\"@type\":\"ListItem\",\"position\":2,\"name\":\"\u0218tiri de Ultim\u0103 Or\u0103: Andrei Florescu Ia \u00een Considerare Re\u00eennoirea Contractului cu FC Dinamo Bucure\u0219ti din Motive Personale\"}]},{\"@type\":\"WebSite\",\"@id\":\"https:\\\/\\\/www.letsportsrock.com\\\/#website\",\"url\":\"https:\\\/\\\/www.letsportsrock.com\\\/\",\"name\":\"letsportsrock\",\"description\":\"Sport News and Updates\",\"potentialAction\":[{\"@type\":\"SearchAction\",\"target\":{\"@type\":\"EntryPoint\",\"urlTemplate\":\"https:\\\/\\\/www.letsportsrock.com\\\/?s={search_term_string}\"},\"query-input\":{\"@type\":\"PropertyValueSpecification\",\"valueRequired\":true,\"valueName\":\"search_term_string\"}}],\"inLanguage\":\"en-US\"},{\"@type\":\"Person\",\"@id\":\"https:\\\/\\\/www.letsportsrock.com\\\/#\\\/schema\\\/person\\\/a454ac24e58b214ddd97e4b5afb0bf01\",\"name\":\"letsportsrock\",\"image\":{\"@type\":\"ImageObject\",\"inLanguage\":\"en-US\",\"@id\":\"https:\\\/\\\/secure.gravatar.com\\\/avatar\\\/f8ef950cbb7574c0bc874094b8d307659bfe2d7aa4a9d26fa6917eff010748f9?s=96&d=mm&r=g\",\"url\":\"https:\\\/\\\/secure.gravatar.com\\\/avatar\\\/f8ef950cbb7574c0bc874094b8d307659bfe2d7aa4a9d26fa6917eff010748f9?s=96&d=mm&r=g\",\"contentUrl\":\"https:\\\/\\\/secure.gravatar.com\\\/avatar\\\/f8ef950cbb7574c0bc874094b8d307659bfe2d7aa4a9d26fa6917eff010748f9?s=96&d=mm&r=g\",\"caption\":\"letsportsrock\"},\"sameAs\":[\"https:\\\/\\\/www.letsportsrock.com\"],\"url\":\"https:\\\/\\\/www.letsportsrock.com\\\/?author=1\"}]}<\/script>\n<!-- \/ Yoast SEO plugin. -->","yoast_head_json":{"title":"\u0218tiri de Ultim\u0103 Or\u0103: Andrei Florescu Ia \u00een Considerare","description":"\u0218tiri de Ultim\u0103 Or\u0103: Andrei Florescu Ia \u00een Considerare Re\u00eennoirea Contractului cu FC Dinamo Bucure\u0219ti din Motive Personale","robots":{"index":"index","follow":"follow","max-snippet":"max-snippet:-1","max-image-preview":"max-image-preview:large","max-video-preview":"max-video-preview:-1"},"canonical":"https:\/\/www.letsportsrock.com\/?p=20645","og_locale":"en_US","og_type":"article","og_title":"\u0218tiri de Ultim\u0103 Or\u0103: Andrei Florescu Ia \u00een Considerare","og_description":"\u0218tiri de Ultim\u0103 Or\u0103: Andrei Florescu Ia \u00een Considerare Re\u00eennoirea Contractului cu FC Dinamo Bucure\u0219ti din Motive Personale","og_url":"https:\/\/www.letsportsrock.com\/?p=20645","og_site_name":"letsportsrock","article_published_time":"2025-01-26T19:45:36+00:00","og_image":[{"width":554,"height":554,"url":"https:\/\/www.letsportsrock.com\/wp-content\/uploads\/2025\/01\/images-2025-01-26T204243.763.jpeg","type":"image\/jpeg"}],"author":"letsportsrock","twitter_card":"summary_large_image","twitter_misc":{"Written by":"letsportsrock","Est. reading time":"2 minutes"},"schema":{"@context":"https:\/\/schema.org","@graph":[{"@type":"Article","@id":"https:\/\/www.letsportsrock.com\/?p=20645#article","isPartOf":{"@id":"https:\/\/www.letsportsrock.com\/?p=20645"},"author":{"name":"letsportsrock","@id":"https:\/\/www.letsportsrock.com\/#\/schema\/person\/a454ac24e58b214ddd97e4b5afb0bf01"},"headline":"\u0218tiri de Ultim\u0103 Or\u0103: Andrei Florescu Ia \u00een Considerare Re\u00eennoirea Contractului cu FC Dinamo Bucure\u0219ti din Motive Personale","datePublished":"2025-01-26T19:45:36+00:00","mainEntityOfPage":{"@id":"https:\/\/www.letsportsrock.com\/?p=20645"},"wordCount":322,"commentCount":0,"image":{"@id":"https:\/\/www.letsportsrock.com\/?p=20645#primaryimage"},"thumbnailUrl":"https:\/\/www.letsportsrock.com\/wp-content\/uploads\/2025\/01\/images-2025-01-26T204243.763.jpeg","inLanguage":"en-US","potentialAction":[{"@type":"CommentAction","name":"Comment","target":["https:\/\/www.letsportsrock.com\/?p=20645#respond"]}]},{"@type":"WebPage","@id":"https:\/\/www.letsportsrock.com\/?p=20645","url":"https:\/\/www.letsportsrock.com\/?p=20645","name":"\u0218tiri de Ultim\u0103 Or\u0103: Andrei Florescu Ia \u00een Considerare","isPartOf":{"@id":"https:\/\/www.letsportsrock.com\/#website"},"primaryImageOfPage":{"@id":"https:\/\/www.letsportsrock.com\/?p=20645#primaryimage"},"image":{"@id":"https:\/\/www.letsportsrock.com\/?p=20645#primaryimage"},"thumbnailUrl":"https:\/\/www.letsportsrock.com\/wp-content\/uploads\/2025\/01\/images-2025-01-26T204243.763.jpeg","datePublished":"2025-01-26T19:45:36+00:00","author":{"@id":"https:\/\/www.letsportsrock.com\/#\/schema\/person\/a454ac24e58b214ddd97e4b5afb0bf01"},"description":"\u0218tiri de Ultim\u0103 Or\u0103: Andrei Florescu Ia \u00een Considerare Re\u00eennoirea Contractului cu FC Dinamo Bucure\u0219ti din Motive Personale","breadcrumb":{"@id":"https:\/\/www.letsportsrock.com\/?p=20645#breadcrumb"},"inLanguage":"en-US","potentialAction":[{"@type":"ReadAction","target":["https:\/\/www.letsportsrock.com\/?p=20645"]}]},{"@type":"ImageObject","inLanguage":"en-US","@id":"https:\/\/www.letsportsrock.com\/?p=20645#primaryimage","url":"https:\/\/www.letsportsrock.com\/wp-content\/uploads\/2025\/01\/images-2025-01-26T204243.763.jpeg","contentUrl":"https:\/\/www.letsportsrock.com\/wp-content\/uploads\/2025\/01\/images-2025-01-26T204243.763.jpeg","width":554,"height":554},{"@type":"BreadcrumbList","@id":"https:\/\/www.letsportsrock.com\/?p=20645#breadcrumb","itemListElement":[{"@type":"ListItem","position":1,"name":"Home","item":"https:\/\/www.letsportsrock.com\/"},{"@type":"ListItem","position":2,"name":"\u0218tiri de Ultim\u0103 Or\u0103: Andrei Florescu Ia \u00een Considerare Re\u00eennoirea Contractului cu FC Dinamo Bucure\u0219ti din Motive Personale"}]},{"@type":"WebSite","@id":"https:\/\/www.letsportsrock.com\/#website","url":"https:\/\/www.letsportsrock.com\/","name":"letsportsrock","description":"Sport News and Updates","potentialAction":[{"@type":"SearchAction","target":{"@type":"EntryPoint","urlTemplate":"https:\/\/www.letsportsrock.com\/?s={search_term_string}"},"query-input":{"@type":"PropertyValueSpecification","valueRequired":true,"valueName":"search_term_string"}}],"inLanguage":"en-US"},{"@type":"Person","@id":"https:\/\/www.letsportsrock.com\/#\/schema\/person\/a454ac24e58b214ddd97e4b5afb0bf01","name":"letsportsrock","image":{"@type":"ImageObject","inLanguage":"en-US","@id":"https:\/\/secure.gravatar.com\/avatar\/f8ef950cbb7574c0bc874094b8d307659bfe2d7aa4a9d26fa6917eff010748f9?s=96&d=mm&r=g","url":"https:\/\/secure.gravatar.com\/avatar\/f8ef950cbb7574c0bc874094b8d307659bfe2d7aa4a9d26fa6917eff010748f9?s=96&d=mm&r=g","contentUrl":"https:\/\/secure.gravatar.com\/avatar\/f8ef950cbb7574c0bc874094b8d307659bfe2d7aa4a9d26fa6917eff010748f9?s=96&d=mm&r=g","caption":"letsportsrock"},"sameAs":["https:\/\/www.letsportsrock.com"],"url":"https:\/\/www.letsportsrock.com\/?author=1"}]}},"jetpack_featured_media_url":"https:\/\/www.letsportsrock.com\/wp-content\/uploads\/2025\/01\/images-2025-01-26T204243.763.jpeg","jetpack_sharing_enabled":true,"_links":{"self":[{"href":"https:\/\/www.letsportsrock.com\/index.php?rest_route=\/wp\/v2\/posts\/20645","targetHints":{"allow":["GET"]}}],"collection":[{"href":"https:\/\/www.letsportsrock.com\/index.php?rest_route=\/wp\/v2\/posts"}],"about":[{"href":"https:\/\/www.letsportsrock.com\/index.php?rest_route=\/wp\/v2\/types\/post"}],"author":[{"embeddable":true,"href":"https:\/\/www.letsportsrock.com\/index.php?rest_route=\/wp\/v2\/users\/1"}],"replies":[{"embeddable":true,"href":"https:\/\/www.letsportsrock.com\/index.php?rest_route=%2Fwp%2Fv2%2Fcomments&post=20645"}],"version-history":[{"count":1,"href":"https:\/\/www.letsportsrock.com\/index.php?rest_route=\/wp\/v2\/posts\/20645\/revisions"}],"predecessor-version":[{"id":20647,"href":"https:\/\/www.letsportsrock.com\/index.php?rest_route=\/wp\/v2\/posts\/20645\/revisions\/20647"}],"wp:featuredmedia":[{"embeddable":true,"href":"https:\/\/www.letsportsrock.com\/index.php?rest_route=\/wp\/v2\/media\/20646"}],"wp:attachment":[{"href":"https:\/\/www.letsportsrock.com\/index.php?rest_route=%2Fwp%2Fv2%2Fmedia&parent=20645"}],"wp:term":[{"taxonomy":"category","embeddable":true,"href":"https:\/\/www.letsportsrock.com\/index.php?rest_route=%2Fwp%2Fv2%2Fcategories&post=20645"},{"taxonomy":"post_tag","embeddable":true,"href":"https:\/\/www.letsportsrock.com\/index.php?rest_route=%2Fwp%2Fv2%2Ftags&post=20645"}],"curies":[{"name":"wp","href":"https:\/\/api.w.org\/{rel}","templated":true}]}}