{"id":20648,"date":"2025-01-26T19:47:54","date_gmt":"2025-01-26T19:47:54","guid":{"rendered":"https:\/\/www.letsportsrock.com\/?p=20648"},"modified":"2025-01-26T19:49:10","modified_gmt":"2025-01-26T19:49:10","slug":"stiri-triste-plecarea-socanta-dupa-3-ani-petrecuti-la-fc-dinamo-bucuresti-din-cauza","status":"publish","type":"post","link":"https:\/\/www.letsportsrock.com\/?p=20648","title":{"rendered":"\u0218tiri Triste: Plecarea \u0218ocant\u0103 Dup\u0103 3 Ani Petrecu\u021bi la FC Dinamo Bucure\u0219ti Din Cauza&#8230;"},"content":{"rendered":"<div class=\"d79db4796efc26332eabfc3f5dafbc76\" data-index=\"1\" style=\"float: none; margin:10px 0 10px 0; text-align:center;\">\n<div class=\"hb-ad-inarticle\">\r\n    <div class=\"hb-ad-inner\"> \r\n    <div class=\"hbagency_cls\"  id=\"hbagency_space_111930\"><\/div><\/div> <\/div>\n<\/div>\n<p>\u0218tiri Triste: Plecarea \u0218ocant\u0103 Dup\u0103 3 Ani Petrecu\u021bi la FC Dinamo Bucure\u0219ti Din Cauza&#8230;<\/p>\n<p>&nbsp;<\/p>\n<p>FC Dinamo Bucure\u0219ti a fost zguduit de o veste nea\u0219teptat\u0103: unul dintre juc\u0103torii importan\u021bi ai echipei, Andrei Florescu, a decis s\u0103 p\u0103r\u0103seasc\u0103 clubul dup\u0103 trei ani petrecu\u021bi pe Stadionul \u201eDinamo\u201d. Plecarea sa a survenit din motive personale, iar decizia a surprins at\u00e2t fanii echipei, c\u00e2t \u0219i conducerea clubului, care sperau s\u0103-l p\u0103streze pentru o perioad\u0103 mai lung\u0103.<\/p>\n<p>&nbsp;<\/p>\n<p>\u00cen aceast\u0103 perioad\u0103, Andrei Florescu s-a impus ca un juc\u0103tor esen\u021bial al echipei, fiind apreciat nu doar pentru abilit\u0103\u021bile sale tehnice, dar \u0219i pentru profesionalismul \u0219i dedicarea de care a dat dovad\u0103 pe teren. De asemenea, a fost un juc\u0103tor care a reu\u0219it s\u0103 creeze o leg\u0103tur\u0103 puternic\u0103 cu suporterii dinamovi\u0219ti, iar plecarea sa las\u0103 un gol emo\u021bional \u0219i sportiv \u00een r\u00e2ndul acestora.<\/p>\n<p>&nbsp;<\/p>\n<p>Motivul principal al deciziei sale de a pleca nu este legat de conflicte interne sau de oferte din afacerea extern\u0103, ci de motive personale care au influen\u021bat profund via\u021ba sa profesional\u0103 \u0219i privat\u0103. De\u0219i clubul \u0219i suporterii au \u00eencercat s\u0103-l conving\u0103 s\u0103 r\u0103m\u00e2n\u0103, Florescu a considerat c\u0103 este momentul potrivit pentru a face o schimbare \u00een cariera sa \u0219i \u00een via\u021ba sa personal\u0103.<\/p>\n<p>&nbsp;<\/p>\n<p>\u00cen urma acestei plec\u0103ri, FC Dinamo Bucure\u0219ti va trebui s\u0103 g\u0103seasc\u0103 un \u00eenlocuitor care s\u0103 poat\u0103 umple golul l\u0103sat de mijloca\u0219ul talentat. De asemenea, fanii r\u0103m\u00e2n cu amintiri pl\u0103cute legate de evolu\u021biile sale, sper\u00e2nd c\u0103, \u00een viitor, Andrei Florescu va r\u0103m\u00e2ne o figur\u0103 de referin\u021b\u0103 \u00een fotbalul rom\u00e2nesc.<\/p>\n\n<div style=\"font-size: 0px; height: 0px; line-height: 0px; margin: 0; padding: 0; clear: both;\"><\/div>","protected":false},"excerpt":{"rendered":"<p>\u0218tiri Triste: Plecarea \u0218ocant\u0103 Dup\u0103 3 Ani Petrecu\u021bi la FC Dinamo Bucure\u0219ti Din Cauza&#8230; &nbsp; FC Dinamo Bucure\u0219ti a fost zguduit de o veste nea\u0219teptat\u0103: unul dintre juc\u0103torii importan\u021bi ai echipei, Andrei Florescu, a decis s\u0103 p\u0103r\u0103seasc\u0103 clubul dup\u0103 trei ani petrecu\u021bi pe Stadionul \u201eDinamo\u201d. Plecarea sa a survenit din motive personale, iar decizia a [&hellip;]<\/p>\n","protected":false},"author":1,"featured_media":20650,"comment_status":"open","ping_status":"open","sticky":false,"template":"","format":"standard","meta":{"_jetpack_memberships_contains_paid_content":false,"footnotes":""},"categories":[1],"tags":[],"class_list":["post-20648","post","type-post","status-publish","format-standard","has-post-thumbnail","hentry","category-uncategorized"],"yoast_head":"<!-- This site is optimized with the Yoast SEO plugin v27.4 - https:\/\/yoast.com\/product\/yoast-seo-wordpress\/ -->\n<title>\u0218tiri Triste: Plecarea \u0218ocant\u0103 Dup\u0103 3 Ani Petrecu\u021b<\/title>\n<meta name=\"description\" content=\"\u0218tiri Triste: Plecarea \u0218ocant\u0103 Dup\u0103 3 Ani Petrecu\u021bi la FC Dinamo Bucure\u0219ti Din Cauza......................\" \/>\n<meta name=\"robots\" content=\"index, follow, max-snippet:-1, max-image-preview:large, max-video-preview:-1\" \/>\n<link rel=\"canonical\" href=\"https:\/\/www.letsportsrock.com\/?p=20648\" \/>\n<meta property=\"og:locale\" content=\"en_US\" \/>\n<meta property=\"og:type\" content=\"article\" \/>\n<meta property=\"og:title\" content=\"\u0218tiri Triste: Plecarea \u0218ocant\u0103 Dup\u0103 3 Ani Petrecu\u021b\" \/>\n<meta property=\"og:description\" content=\"\u0218tiri Triste: Plecarea \u0218ocant\u0103 Dup\u0103 3 Ani Petrecu\u021bi la FC Dinamo Bucure\u0219ti Din Cauza......................\" \/>\n<meta property=\"og:url\" content=\"https:\/\/www.letsportsrock.com\/?p=20648\" \/>\n<meta property=\"og:site_name\" content=\"letsportsrock\" \/>\n<meta property=\"article:published_time\" content=\"2025-01-26T19:47:54+00:00\" \/>\n<meta property=\"article:modified_time\" content=\"2025-01-26T19:49:10+00:00\" \/>\n<meta property=\"og:image\" content=\"https:\/\/www.letsportsrock.com\/wp-content\/uploads\/2025\/01\/images-2025-01-26T204812.172.jpeg\" \/>\n\t<meta property=\"og:image:width\" content=\"678\" \/>\n\t<meta property=\"og:image:height\" content=\"452\" \/>\n\t<meta property=\"og:image:type\" content=\"image\/jpeg\" \/>\n<meta name=\"author\" content=\"letsportsrock\" \/>\n<meta name=\"twitter:card\" content=\"summary_large_image\" \/>\n<meta name=\"twitter:label1\" content=\"Written by\" \/>\n\t<meta name=\"twitter:data1\" content=\"letsportsrock\" \/>\n\t<meta name=\"twitter:label2\" content=\"Est. reading time\" \/>\n\t<meta name=\"twitter:data2\" content=\"2 minutes\" \/>\n<script type=\"application\/ld+json\" class=\"yoast-schema-graph\">{\"@context\":\"https:\\\/\\\/schema.org\",\"@graph\":[{\"@type\":\"Article\",\"@id\":\"https:\\\/\\\/www.letsportsrock.com\\\/?p=20648#article\",\"isPartOf\":{\"@id\":\"https:\\\/\\\/www.letsportsrock.com\\\/?p=20648\"},\"author\":{\"name\":\"letsportsrock\",\"@id\":\"https:\\\/\\\/www.letsportsrock.com\\\/#\\\/schema\\\/person\\\/a454ac24e58b214ddd97e4b5afb0bf01\"},\"headline\":\"\u0218tiri Triste: Plecarea \u0218ocant\u0103 Dup\u0103 3 Ani Petrecu\u021bi la FC Dinamo Bucure\u0219ti Din Cauza&#8230;\",\"datePublished\":\"2025-01-26T19:47:54+00:00\",\"dateModified\":\"2025-01-26T19:49:10+00:00\",\"mainEntityOfPage\":{\"@id\":\"https:\\\/\\\/www.letsportsrock.com\\\/?p=20648\"},\"wordCount\":305,\"commentCount\":0,\"image\":{\"@id\":\"https:\\\/\\\/www.letsportsrock.com\\\/?p=20648#primaryimage\"},\"thumbnailUrl\":\"https:\\\/\\\/www.letsportsrock.com\\\/wp-content\\\/uploads\\\/2025\\\/01\\\/images-2025-01-26T204812.172.jpeg\",\"inLanguage\":\"en-US\",\"potentialAction\":[{\"@type\":\"CommentAction\",\"name\":\"Comment\",\"target\":[\"https:\\\/\\\/www.letsportsrock.com\\\/?p=20648#respond\"]}]},{\"@type\":\"WebPage\",\"@id\":\"https:\\\/\\\/www.letsportsrock.com\\\/?p=20648\",\"url\":\"https:\\\/\\\/www.letsportsrock.com\\\/?p=20648\",\"name\":\"\u0218tiri Triste: Plecarea \u0218ocant\u0103 Dup\u0103 3 Ani Petrecu\u021b\",\"isPartOf\":{\"@id\":\"https:\\\/\\\/www.letsportsrock.com\\\/#website\"},\"primaryImageOfPage\":{\"@id\":\"https:\\\/\\\/www.letsportsrock.com\\\/?p=20648#primaryimage\"},\"image\":{\"@id\":\"https:\\\/\\\/www.letsportsrock.com\\\/?p=20648#primaryimage\"},\"thumbnailUrl\":\"https:\\\/\\\/www.letsportsrock.com\\\/wp-content\\\/uploads\\\/2025\\\/01\\\/images-2025-01-26T204812.172.jpeg\",\"datePublished\":\"2025-01-26T19:47:54+00:00\",\"dateModified\":\"2025-01-26T19:49:10+00:00\",\"author\":{\"@id\":\"https:\\\/\\\/www.letsportsrock.com\\\/#\\\/schema\\\/person\\\/a454ac24e58b214ddd97e4b5afb0bf01\"},\"description\":\"\u0218tiri Triste: Plecarea \u0218ocant\u0103 Dup\u0103 3 Ani Petrecu\u021bi la FC Dinamo Bucure\u0219ti Din Cauza......................\",\"breadcrumb\":{\"@id\":\"https:\\\/\\\/www.letsportsrock.com\\\/?p=20648#breadcrumb\"},\"inLanguage\":\"en-US\",\"potentialAction\":[{\"@type\":\"ReadAction\",\"target\":[\"https:\\\/\\\/www.letsportsrock.com\\\/?p=20648\"]}]},{\"@type\":\"ImageObject\",\"inLanguage\":\"en-US\",\"@id\":\"https:\\\/\\\/www.letsportsrock.com\\\/?p=20648#primaryimage\",\"url\":\"https:\\\/\\\/www.letsportsrock.com\\\/wp-content\\\/uploads\\\/2025\\\/01\\\/images-2025-01-26T204812.172.jpeg\",\"contentUrl\":\"https:\\\/\\\/www.letsportsrock.com\\\/wp-content\\\/uploads\\\/2025\\\/01\\\/images-2025-01-26T204812.172.jpeg\",\"width\":678,\"height\":452},{\"@type\":\"BreadcrumbList\",\"@id\":\"https:\\\/\\\/www.letsportsrock.com\\\/?p=20648#breadcrumb\",\"itemListElement\":[{\"@type\":\"ListItem\",\"position\":1,\"name\":\"Home\",\"item\":\"https:\\\/\\\/www.letsportsrock.com\\\/\"},{\"@type\":\"ListItem\",\"position\":2,\"name\":\"\u0218tiri Triste: Plecarea \u0218ocant\u0103 Dup\u0103 3 Ani Petrecu\u021bi la FC Dinamo Bucure\u0219ti Din Cauza&#8230;\"}]},{\"@type\":\"WebSite\",\"@id\":\"https:\\\/\\\/www.letsportsrock.com\\\/#website\",\"url\":\"https:\\\/\\\/www.letsportsrock.com\\\/\",\"name\":\"letsportsrock\",\"description\":\"Sport News and Updates\",\"potentialAction\":[{\"@type\":\"SearchAction\",\"target\":{\"@type\":\"EntryPoint\",\"urlTemplate\":\"https:\\\/\\\/www.letsportsrock.com\\\/?s={search_term_string}\"},\"query-input\":{\"@type\":\"PropertyValueSpecification\",\"valueRequired\":true,\"valueName\":\"search_term_string\"}}],\"inLanguage\":\"en-US\"},{\"@type\":\"Person\",\"@id\":\"https:\\\/\\\/www.letsportsrock.com\\\/#\\\/schema\\\/person\\\/a454ac24e58b214ddd97e4b5afb0bf01\",\"name\":\"letsportsrock\",\"image\":{\"@type\":\"ImageObject\",\"inLanguage\":\"en-US\",\"@id\":\"https:\\\/\\\/secure.gravatar.com\\\/avatar\\\/f8ef950cbb7574c0bc874094b8d307659bfe2d7aa4a9d26fa6917eff010748f9?s=96&d=mm&r=g\",\"url\":\"https:\\\/\\\/secure.gravatar.com\\\/avatar\\\/f8ef950cbb7574c0bc874094b8d307659bfe2d7aa4a9d26fa6917eff010748f9?s=96&d=mm&r=g\",\"contentUrl\":\"https:\\\/\\\/secure.gravatar.com\\\/avatar\\\/f8ef950cbb7574c0bc874094b8d307659bfe2d7aa4a9d26fa6917eff010748f9?s=96&d=mm&r=g\",\"caption\":\"letsportsrock\"},\"sameAs\":[\"https:\\\/\\\/www.letsportsrock.com\"],\"url\":\"https:\\\/\\\/www.letsportsrock.com\\\/?author=1\"}]}<\/script>\n<!-- \/ Yoast SEO plugin. -->","yoast_head_json":{"title":"\u0218tiri Triste: Plecarea \u0218ocant\u0103 Dup\u0103 3 Ani Petrecu\u021b","description":"\u0218tiri Triste: Plecarea \u0218ocant\u0103 Dup\u0103 3 Ani Petrecu\u021bi la FC Dinamo Bucure\u0219ti Din Cauza......................","robots":{"index":"index","follow":"follow","max-snippet":"max-snippet:-1","max-image-preview":"max-image-preview:large","max-video-preview":"max-video-preview:-1"},"canonical":"https:\/\/www.letsportsrock.com\/?p=20648","og_locale":"en_US","og_type":"article","og_title":"\u0218tiri Triste: Plecarea \u0218ocant\u0103 Dup\u0103 3 Ani Petrecu\u021b","og_description":"\u0218tiri Triste: Plecarea \u0218ocant\u0103 Dup\u0103 3 Ani Petrecu\u021bi la FC Dinamo Bucure\u0219ti Din Cauza......................","og_url":"https:\/\/www.letsportsrock.com\/?p=20648","og_site_name":"letsportsrock","article_published_time":"2025-01-26T19:47:54+00:00","article_modified_time":"2025-01-26T19:49:10+00:00","og_image":[{"width":678,"height":452,"url":"https:\/\/www.letsportsrock.com\/wp-content\/uploads\/2025\/01\/images-2025-01-26T204812.172.jpeg","type":"image\/jpeg"}],"author":"letsportsrock","twitter_card":"summary_large_image","twitter_misc":{"Written by":"letsportsrock","Est. reading time":"2 minutes"},"schema":{"@context":"https:\/\/schema.org","@graph":[{"@type":"Article","@id":"https:\/\/www.letsportsrock.com\/?p=20648#article","isPartOf":{"@id":"https:\/\/www.letsportsrock.com\/?p=20648"},"author":{"name":"letsportsrock","@id":"https:\/\/www.letsportsrock.com\/#\/schema\/person\/a454ac24e58b214ddd97e4b5afb0bf01"},"headline":"\u0218tiri Triste: Plecarea \u0218ocant\u0103 Dup\u0103 3 Ani Petrecu\u021bi la FC Dinamo Bucure\u0219ti Din Cauza&#8230;","datePublished":"2025-01-26T19:47:54+00:00","dateModified":"2025-01-26T19:49:10+00:00","mainEntityOfPage":{"@id":"https:\/\/www.letsportsrock.com\/?p=20648"},"wordCount":305,"commentCount":0,"image":{"@id":"https:\/\/www.letsportsrock.com\/?p=20648#primaryimage"},"thumbnailUrl":"https:\/\/www.letsportsrock.com\/wp-content\/uploads\/2025\/01\/images-2025-01-26T204812.172.jpeg","inLanguage":"en-US","potentialAction":[{"@type":"CommentAction","name":"Comment","target":["https:\/\/www.letsportsrock.com\/?p=20648#respond"]}]},{"@type":"WebPage","@id":"https:\/\/www.letsportsrock.com\/?p=20648","url":"https:\/\/www.letsportsrock.com\/?p=20648","name":"\u0218tiri Triste: Plecarea \u0218ocant\u0103 Dup\u0103 3 Ani Petrecu\u021b","isPartOf":{"@id":"https:\/\/www.letsportsrock.com\/#website"},"primaryImageOfPage":{"@id":"https:\/\/www.letsportsrock.com\/?p=20648#primaryimage"},"image":{"@id":"https:\/\/www.letsportsrock.com\/?p=20648#primaryimage"},"thumbnailUrl":"https:\/\/www.letsportsrock.com\/wp-content\/uploads\/2025\/01\/images-2025-01-26T204812.172.jpeg","datePublished":"2025-01-26T19:47:54+00:00","dateModified":"2025-01-26T19:49:10+00:00","author":{"@id":"https:\/\/www.letsportsrock.com\/#\/schema\/person\/a454ac24e58b214ddd97e4b5afb0bf01"},"description":"\u0218tiri Triste: Plecarea \u0218ocant\u0103 Dup\u0103 3 Ani Petrecu\u021bi la FC Dinamo Bucure\u0219ti Din Cauza......................","breadcrumb":{"@id":"https:\/\/www.letsportsrock.com\/?p=20648#breadcrumb"},"inLanguage":"en-US","potentialAction":[{"@type":"ReadAction","target":["https:\/\/www.letsportsrock.com\/?p=20648"]}]},{"@type":"ImageObject","inLanguage":"en-US","@id":"https:\/\/www.letsportsrock.com\/?p=20648#primaryimage","url":"https:\/\/www.letsportsrock.com\/wp-content\/uploads\/2025\/01\/images-2025-01-26T204812.172.jpeg","contentUrl":"https:\/\/www.letsportsrock.com\/wp-content\/uploads\/2025\/01\/images-2025-01-26T204812.172.jpeg","width":678,"height":452},{"@type":"BreadcrumbList","@id":"https:\/\/www.letsportsrock.com\/?p=20648#breadcrumb","itemListElement":[{"@type":"ListItem","position":1,"name":"Home","item":"https:\/\/www.letsportsrock.com\/"},{"@type":"ListItem","position":2,"name":"\u0218tiri Triste: Plecarea \u0218ocant\u0103 Dup\u0103 3 Ani Petrecu\u021bi la FC Dinamo Bucure\u0219ti Din Cauza&#8230;"}]},{"@type":"WebSite","@id":"https:\/\/www.letsportsrock.com\/#website","url":"https:\/\/www.letsportsrock.com\/","name":"letsportsrock","description":"Sport News and Updates","potentialAction":[{"@type":"SearchAction","target":{"@type":"EntryPoint","urlTemplate":"https:\/\/www.letsportsrock.com\/?s={search_term_string}"},"query-input":{"@type":"PropertyValueSpecification","valueRequired":true,"valueName":"search_term_string"}}],"inLanguage":"en-US"},{"@type":"Person","@id":"https:\/\/www.letsportsrock.com\/#\/schema\/person\/a454ac24e58b214ddd97e4b5afb0bf01","name":"letsportsrock","image":{"@type":"ImageObject","inLanguage":"en-US","@id":"https:\/\/secure.gravatar.com\/avatar\/f8ef950cbb7574c0bc874094b8d307659bfe2d7aa4a9d26fa6917eff010748f9?s=96&d=mm&r=g","url":"https:\/\/secure.gravatar.com\/avatar\/f8ef950cbb7574c0bc874094b8d307659bfe2d7aa4a9d26fa6917eff010748f9?s=96&d=mm&r=g","contentUrl":"https:\/\/secure.gravatar.com\/avatar\/f8ef950cbb7574c0bc874094b8d307659bfe2d7aa4a9d26fa6917eff010748f9?s=96&d=mm&r=g","caption":"letsportsrock"},"sameAs":["https:\/\/www.letsportsrock.com"],"url":"https:\/\/www.letsportsrock.com\/?author=1"}]}},"jetpack_featured_media_url":"https:\/\/www.letsportsrock.com\/wp-content\/uploads\/2025\/01\/images-2025-01-26T204812.172.jpeg","jetpack_sharing_enabled":true,"_links":{"self":[{"href":"https:\/\/www.letsportsrock.com\/index.php?rest_route=\/wp\/v2\/posts\/20648","targetHints":{"allow":["GET"]}}],"collection":[{"href":"https:\/\/www.letsportsrock.com\/index.php?rest_route=\/wp\/v2\/posts"}],"about":[{"href":"https:\/\/www.letsportsrock.com\/index.php?rest_route=\/wp\/v2\/types\/post"}],"author":[{"embeddable":true,"href":"https:\/\/www.letsportsrock.com\/index.php?rest_route=\/wp\/v2\/users\/1"}],"replies":[{"embeddable":true,"href":"https:\/\/www.letsportsrock.com\/index.php?rest_route=%2Fwp%2Fv2%2Fcomments&post=20648"}],"version-history":[{"count":1,"href":"https:\/\/www.letsportsrock.com\/index.php?rest_route=\/wp\/v2\/posts\/20648\/revisions"}],"predecessor-version":[{"id":20649,"href":"https:\/\/www.letsportsrock.com\/index.php?rest_route=\/wp\/v2\/posts\/20648\/revisions\/20649"}],"wp:featuredmedia":[{"embeddable":true,"href":"https:\/\/www.letsportsrock.com\/index.php?rest_route=\/wp\/v2\/media\/20650"}],"wp:attachment":[{"href":"https:\/\/www.letsportsrock.com\/index.php?rest_route=%2Fwp%2Fv2%2Fmedia&parent=20648"}],"wp:term":[{"taxonomy":"category","embeddable":true,"href":"https:\/\/www.letsportsrock.com\/index.php?rest_route=%2Fwp%2Fv2%2Fcategories&post=20648"},{"taxonomy":"post_tag","embeddable":true,"href":"https:\/\/www.letsportsrock.com\/index.php?rest_route=%2Fwp%2Fv2%2Ftags&post=20648"}],"curies":[{"name":"wp","href":"https:\/\/api.w.org\/{rel}","templated":true}]}}