{"id":20656,"date":"2025-01-26T20:00:32","date_gmt":"2025-01-26T20:00:32","guid":{"rendered":"https:\/\/www.letsportsrock.com\/?p=20656"},"modified":"2025-01-26T20:01:50","modified_gmt":"2025-01-26T20:01:50","slug":"fc-dinamo-bucuresti-starul-echipei-confirma-ca-vrea-sa-se-intoarca","status":"publish","type":"post","link":"https:\/\/www.letsportsrock.com\/?p=20656","title":{"rendered":"FC Dinamo Bucure\u0219ti, starul echipei confirm\u0103 c\u0103 vrea s\u0103 se \u00eentoarc\u0103&#8230;"},"content":{"rendered":"<div class=\"d79db4796efc26332eabfc3f5dafbc76\" data-index=\"1\" style=\"float: none; margin:10px 0 10px 0; text-align:center;\">\n<div class=\"hb-ad-inarticle\">\r\n    <div class=\"hb-ad-inner\"> \r\n    <div class=\"hbagency_cls\"  id=\"hbagency_space_111930\"><\/div><\/div> <\/div>\n<\/div>\n<p>**FC Dinamo Bucure\u0219ti, starul echipei confirm\u0103 c\u0103 vrea s\u0103 se \u00eentoarc\u0103&#8230;**<\/p>\n<p>&nbsp;<\/p>\n<p>Unul dintre cei mai aprecia\u021bi juc\u0103tori din istoria recent\u0103 a clubului FC Dinamo Bucure\u0219ti a confirmat \u00een mod oficial c\u0103 \u00ee\u0219i dore\u0219te s\u0103 se \u00eentoarc\u0103 \u00een \u0218tefan cel Mare. \u00centr-un interviu exclusiv, starul echipei a m\u0103rturisit c\u0103, dup\u0103 o perioad\u0103 \u00een care a evoluat \u00een afaceri interna\u021bionale sau la alte echipe din ligile superioare, dorin\u021ba de a se \u00eentoarce acas\u0103 este tot mai mare. Re\u00eentoarcerea sa ar reprezenta o adev\u0103rat\u0103 lovitur\u0103 de imagine pentru club \u0219i ar \u00eent\u0103ri semnificativ echipa, mai ales \u00een perspectiva provoc\u0103rilor din competi\u021biile interne \u0219i interna\u021bionale.<\/p>\n<p>&nbsp;<\/p>\n<p>\u00cen ultima perioad\u0103, FC Dinamo a traversat o perioad\u0103 mai dificil\u0103, cu rezultate care nu au fost \u00eentotdeauna pe m\u0103sura a\u0219tept\u0103rilor fanilor. De aceea, \u00eentoarcerea acestui juc\u0103tor ar putea s\u0103 reprezinte un moment de revitalizare at\u00e2t pentru echip\u0103, c\u00e2t \u0219i pentru suporterii care l-au admirat de-a lungul carierei sale. Fanii din capital\u0103 sper\u0103 c\u0103 acest transfer va aduce un plus de valoare \u0219i va contribui la re\u00eenvigorarea clubului, \u00een vederea unei noi perioade de succes.<\/p>\n<p>&nbsp;<\/p>\n<p>Juc\u0103torul, cunoscut pentru abilit\u0103\u021bile sale tehnice \u0219i leadership-ul pe teren, a declarat c\u0103 \u00eentoarcerea sa ar fi un pas important \u00een cariera sa, dar \u0219i o oportunitate de a contribui la un proiect ambi\u021bios al clubului. De asemenea, a subliniat leg\u0103tura puternic\u0103 pe care o are cu suporterii \u0219i cu ora\u0219ul Bucure\u0219ti, motiv pentru care acest transfer reprezint\u0103 mai mult dec\u00e2t o simpl\u0103 oportunitate profesional\u0103.<\/p>\n<p>&nbsp;<\/p>\n<p>Dac\u0103 negocierile vor decurge favorabil, FC Dinamo Bucure\u0219ti va re\u00eennoi leg\u0103tura cu un juc\u0103tor de top, care ar putea s\u0103 fie cheia unei rena\u0219teri \u00een plan sportiv.<\/p>\n\n<div style=\"font-size: 0px; height: 0px; line-height: 0px; margin: 0; padding: 0; clear: both;\"><\/div>","protected":false},"excerpt":{"rendered":"<p>**FC Dinamo Bucure\u0219ti, starul echipei confirm\u0103 c\u0103 vrea s\u0103 se \u00eentoarc\u0103&#8230;** &nbsp; Unul dintre cei mai aprecia\u021bi juc\u0103tori din istoria recent\u0103 a clubului FC Dinamo Bucure\u0219ti a confirmat \u00een mod oficial c\u0103 \u00ee\u0219i dore\u0219te s\u0103 se \u00eentoarc\u0103 \u00een \u0218tefan cel Mare. \u00centr-un interviu exclusiv, starul echipei a m\u0103rturisit c\u0103, dup\u0103 o perioad\u0103 \u00een care a [&hellip;]<\/p>\n","protected":false},"author":1,"featured_media":20659,"comment_status":"open","ping_status":"open","sticky":false,"template":"","format":"standard","meta":{"_jetpack_memberships_contains_paid_content":false,"footnotes":""},"categories":[1],"tags":[],"class_list":["post-20656","post","type-post","status-publish","format-standard","has-post-thumbnail","hentry","category-uncategorized"],"yoast_head":"<!-- This site is optimized with the Yoast SEO plugin v27.4 - https:\/\/yoast.com\/product\/yoast-seo-wordpress\/ -->\n<title>FC Dinamo Bucure\u0219ti, starul echipei confirm\u0103 c\u0103 vrea s<\/title>\n<meta name=\"description\" content=\"FC Dinamo Bucure\u0219ti, starul echipei confirm\u0103 c\u0103 vrea s\u0103 se \u00eentoarc\u0103.........................................\" \/>\n<meta name=\"robots\" content=\"index, follow, max-snippet:-1, max-image-preview:large, max-video-preview:-1\" \/>\n<link rel=\"canonical\" href=\"https:\/\/www.letsportsrock.com\/?p=20656\" \/>\n<meta property=\"og:locale\" content=\"en_US\" \/>\n<meta property=\"og:type\" content=\"article\" \/>\n<meta property=\"og:title\" content=\"FC Dinamo Bucure\u0219ti, starul echipei confirm\u0103 c\u0103 vrea s\" \/>\n<meta property=\"og:description\" content=\"FC Dinamo Bucure\u0219ti, starul echipei confirm\u0103 c\u0103 vrea s\u0103 se \u00eentoarc\u0103.........................................\" \/>\n<meta property=\"og:url\" content=\"https:\/\/www.letsportsrock.com\/?p=20656\" \/>\n<meta property=\"og:site_name\" content=\"letsportsrock\" \/>\n<meta property=\"article:published_time\" content=\"2025-01-26T20:00:32+00:00\" \/>\n<meta property=\"article:modified_time\" content=\"2025-01-26T20:01:50+00:00\" \/>\n<meta property=\"og:image\" content=\"https:\/\/www.letsportsrock.com\/wp-content\/uploads\/2025\/01\/images-2025-01-26T210109.869.jpeg\" \/>\n\t<meta property=\"og:image:width\" content=\"280\" \/>\n\t<meta property=\"og:image:height\" content=\"180\" \/>\n\t<meta property=\"og:image:type\" content=\"image\/jpeg\" \/>\n<meta name=\"author\" content=\"letsportsrock\" \/>\n<meta name=\"twitter:card\" content=\"summary_large_image\" \/>\n<meta name=\"twitter:label1\" content=\"Written by\" \/>\n\t<meta name=\"twitter:data1\" content=\"letsportsrock\" \/>\n\t<meta name=\"twitter:label2\" content=\"Est. reading time\" \/>\n\t<meta name=\"twitter:data2\" content=\"2 minutes\" \/>\n<script type=\"application\/ld+json\" class=\"yoast-schema-graph\">{\"@context\":\"https:\\\/\\\/schema.org\",\"@graph\":[{\"@type\":\"Article\",\"@id\":\"https:\\\/\\\/www.letsportsrock.com\\\/?p=20656#article\",\"isPartOf\":{\"@id\":\"https:\\\/\\\/www.letsportsrock.com\\\/?p=20656\"},\"author\":{\"name\":\"letsportsrock\",\"@id\":\"https:\\\/\\\/www.letsportsrock.com\\\/#\\\/schema\\\/person\\\/a454ac24e58b214ddd97e4b5afb0bf01\"},\"headline\":\"FC Dinamo Bucure\u0219ti, starul echipei confirm\u0103 c\u0103 vrea s\u0103 se \u00eentoarc\u0103&#8230;\",\"datePublished\":\"2025-01-26T20:00:32+00:00\",\"dateModified\":\"2025-01-26T20:01:50+00:00\",\"mainEntityOfPage\":{\"@id\":\"https:\\\/\\\/www.letsportsrock.com\\\/?p=20656\"},\"wordCount\":317,\"commentCount\":0,\"image\":{\"@id\":\"https:\\\/\\\/www.letsportsrock.com\\\/?p=20656#primaryimage\"},\"thumbnailUrl\":\"https:\\\/\\\/www.letsportsrock.com\\\/wp-content\\\/uploads\\\/2025\\\/01\\\/images-2025-01-26T210109.869.jpeg\",\"inLanguage\":\"en-US\",\"potentialAction\":[{\"@type\":\"CommentAction\",\"name\":\"Comment\",\"target\":[\"https:\\\/\\\/www.letsportsrock.com\\\/?p=20656#respond\"]}]},{\"@type\":\"WebPage\",\"@id\":\"https:\\\/\\\/www.letsportsrock.com\\\/?p=20656\",\"url\":\"https:\\\/\\\/www.letsportsrock.com\\\/?p=20656\",\"name\":\"FC Dinamo Bucure\u0219ti, starul echipei confirm\u0103 c\u0103 vrea s\",\"isPartOf\":{\"@id\":\"https:\\\/\\\/www.letsportsrock.com\\\/#website\"},\"primaryImageOfPage\":{\"@id\":\"https:\\\/\\\/www.letsportsrock.com\\\/?p=20656#primaryimage\"},\"image\":{\"@id\":\"https:\\\/\\\/www.letsportsrock.com\\\/?p=20656#primaryimage\"},\"thumbnailUrl\":\"https:\\\/\\\/www.letsportsrock.com\\\/wp-content\\\/uploads\\\/2025\\\/01\\\/images-2025-01-26T210109.869.jpeg\",\"datePublished\":\"2025-01-26T20:00:32+00:00\",\"dateModified\":\"2025-01-26T20:01:50+00:00\",\"author\":{\"@id\":\"https:\\\/\\\/www.letsportsrock.com\\\/#\\\/schema\\\/person\\\/a454ac24e58b214ddd97e4b5afb0bf01\"},\"description\":\"FC Dinamo Bucure\u0219ti, starul echipei confirm\u0103 c\u0103 vrea s\u0103 se \u00eentoarc\u0103.........................................\",\"breadcrumb\":{\"@id\":\"https:\\\/\\\/www.letsportsrock.com\\\/?p=20656#breadcrumb\"},\"inLanguage\":\"en-US\",\"potentialAction\":[{\"@type\":\"ReadAction\",\"target\":[\"https:\\\/\\\/www.letsportsrock.com\\\/?p=20656\"]}]},{\"@type\":\"ImageObject\",\"inLanguage\":\"en-US\",\"@id\":\"https:\\\/\\\/www.letsportsrock.com\\\/?p=20656#primaryimage\",\"url\":\"https:\\\/\\\/www.letsportsrock.com\\\/wp-content\\\/uploads\\\/2025\\\/01\\\/images-2025-01-26T210109.869.jpeg\",\"contentUrl\":\"https:\\\/\\\/www.letsportsrock.com\\\/wp-content\\\/uploads\\\/2025\\\/01\\\/images-2025-01-26T210109.869.jpeg\",\"width\":280,\"height\":180},{\"@type\":\"BreadcrumbList\",\"@id\":\"https:\\\/\\\/www.letsportsrock.com\\\/?p=20656#breadcrumb\",\"itemListElement\":[{\"@type\":\"ListItem\",\"position\":1,\"name\":\"Home\",\"item\":\"https:\\\/\\\/www.letsportsrock.com\\\/\"},{\"@type\":\"ListItem\",\"position\":2,\"name\":\"FC Dinamo Bucure\u0219ti, starul echipei confirm\u0103 c\u0103 vrea s\u0103 se \u00eentoarc\u0103&#8230;\"}]},{\"@type\":\"WebSite\",\"@id\":\"https:\\\/\\\/www.letsportsrock.com\\\/#website\",\"url\":\"https:\\\/\\\/www.letsportsrock.com\\\/\",\"name\":\"letsportsrock\",\"description\":\"Sport News and Updates\",\"potentialAction\":[{\"@type\":\"SearchAction\",\"target\":{\"@type\":\"EntryPoint\",\"urlTemplate\":\"https:\\\/\\\/www.letsportsrock.com\\\/?s={search_term_string}\"},\"query-input\":{\"@type\":\"PropertyValueSpecification\",\"valueRequired\":true,\"valueName\":\"search_term_string\"}}],\"inLanguage\":\"en-US\"},{\"@type\":\"Person\",\"@id\":\"https:\\\/\\\/www.letsportsrock.com\\\/#\\\/schema\\\/person\\\/a454ac24e58b214ddd97e4b5afb0bf01\",\"name\":\"letsportsrock\",\"image\":{\"@type\":\"ImageObject\",\"inLanguage\":\"en-US\",\"@id\":\"https:\\\/\\\/secure.gravatar.com\\\/avatar\\\/f8ef950cbb7574c0bc874094b8d307659bfe2d7aa4a9d26fa6917eff010748f9?s=96&d=mm&r=g\",\"url\":\"https:\\\/\\\/secure.gravatar.com\\\/avatar\\\/f8ef950cbb7574c0bc874094b8d307659bfe2d7aa4a9d26fa6917eff010748f9?s=96&d=mm&r=g\",\"contentUrl\":\"https:\\\/\\\/secure.gravatar.com\\\/avatar\\\/f8ef950cbb7574c0bc874094b8d307659bfe2d7aa4a9d26fa6917eff010748f9?s=96&d=mm&r=g\",\"caption\":\"letsportsrock\"},\"sameAs\":[\"https:\\\/\\\/www.letsportsrock.com\"],\"url\":\"https:\\\/\\\/www.letsportsrock.com\\\/?author=1\"}]}<\/script>\n<!-- \/ Yoast SEO plugin. -->","yoast_head_json":{"title":"FC Dinamo Bucure\u0219ti, starul echipei confirm\u0103 c\u0103 vrea s","description":"FC Dinamo Bucure\u0219ti, starul echipei confirm\u0103 c\u0103 vrea s\u0103 se \u00eentoarc\u0103.........................................","robots":{"index":"index","follow":"follow","max-snippet":"max-snippet:-1","max-image-preview":"max-image-preview:large","max-video-preview":"max-video-preview:-1"},"canonical":"https:\/\/www.letsportsrock.com\/?p=20656","og_locale":"en_US","og_type":"article","og_title":"FC Dinamo Bucure\u0219ti, starul echipei confirm\u0103 c\u0103 vrea s","og_description":"FC Dinamo Bucure\u0219ti, starul echipei confirm\u0103 c\u0103 vrea s\u0103 se \u00eentoarc\u0103.........................................","og_url":"https:\/\/www.letsportsrock.com\/?p=20656","og_site_name":"letsportsrock","article_published_time":"2025-01-26T20:00:32+00:00","article_modified_time":"2025-01-26T20:01:50+00:00","og_image":[{"width":280,"height":180,"url":"https:\/\/www.letsportsrock.com\/wp-content\/uploads\/2025\/01\/images-2025-01-26T210109.869.jpeg","type":"image\/jpeg"}],"author":"letsportsrock","twitter_card":"summary_large_image","twitter_misc":{"Written by":"letsportsrock","Est. reading time":"2 minutes"},"schema":{"@context":"https:\/\/schema.org","@graph":[{"@type":"Article","@id":"https:\/\/www.letsportsrock.com\/?p=20656#article","isPartOf":{"@id":"https:\/\/www.letsportsrock.com\/?p=20656"},"author":{"name":"letsportsrock","@id":"https:\/\/www.letsportsrock.com\/#\/schema\/person\/a454ac24e58b214ddd97e4b5afb0bf01"},"headline":"FC Dinamo Bucure\u0219ti, starul echipei confirm\u0103 c\u0103 vrea s\u0103 se \u00eentoarc\u0103&#8230;","datePublished":"2025-01-26T20:00:32+00:00","dateModified":"2025-01-26T20:01:50+00:00","mainEntityOfPage":{"@id":"https:\/\/www.letsportsrock.com\/?p=20656"},"wordCount":317,"commentCount":0,"image":{"@id":"https:\/\/www.letsportsrock.com\/?p=20656#primaryimage"},"thumbnailUrl":"https:\/\/www.letsportsrock.com\/wp-content\/uploads\/2025\/01\/images-2025-01-26T210109.869.jpeg","inLanguage":"en-US","potentialAction":[{"@type":"CommentAction","name":"Comment","target":["https:\/\/www.letsportsrock.com\/?p=20656#respond"]}]},{"@type":"WebPage","@id":"https:\/\/www.letsportsrock.com\/?p=20656","url":"https:\/\/www.letsportsrock.com\/?p=20656","name":"FC Dinamo Bucure\u0219ti, starul echipei confirm\u0103 c\u0103 vrea s","isPartOf":{"@id":"https:\/\/www.letsportsrock.com\/#website"},"primaryImageOfPage":{"@id":"https:\/\/www.letsportsrock.com\/?p=20656#primaryimage"},"image":{"@id":"https:\/\/www.letsportsrock.com\/?p=20656#primaryimage"},"thumbnailUrl":"https:\/\/www.letsportsrock.com\/wp-content\/uploads\/2025\/01\/images-2025-01-26T210109.869.jpeg","datePublished":"2025-01-26T20:00:32+00:00","dateModified":"2025-01-26T20:01:50+00:00","author":{"@id":"https:\/\/www.letsportsrock.com\/#\/schema\/person\/a454ac24e58b214ddd97e4b5afb0bf01"},"description":"FC Dinamo Bucure\u0219ti, starul echipei confirm\u0103 c\u0103 vrea s\u0103 se \u00eentoarc\u0103.........................................","breadcrumb":{"@id":"https:\/\/www.letsportsrock.com\/?p=20656#breadcrumb"},"inLanguage":"en-US","potentialAction":[{"@type":"ReadAction","target":["https:\/\/www.letsportsrock.com\/?p=20656"]}]},{"@type":"ImageObject","inLanguage":"en-US","@id":"https:\/\/www.letsportsrock.com\/?p=20656#primaryimage","url":"https:\/\/www.letsportsrock.com\/wp-content\/uploads\/2025\/01\/images-2025-01-26T210109.869.jpeg","contentUrl":"https:\/\/www.letsportsrock.com\/wp-content\/uploads\/2025\/01\/images-2025-01-26T210109.869.jpeg","width":280,"height":180},{"@type":"BreadcrumbList","@id":"https:\/\/www.letsportsrock.com\/?p=20656#breadcrumb","itemListElement":[{"@type":"ListItem","position":1,"name":"Home","item":"https:\/\/www.letsportsrock.com\/"},{"@type":"ListItem","position":2,"name":"FC Dinamo Bucure\u0219ti, starul echipei confirm\u0103 c\u0103 vrea s\u0103 se \u00eentoarc\u0103&#8230;"}]},{"@type":"WebSite","@id":"https:\/\/www.letsportsrock.com\/#website","url":"https:\/\/www.letsportsrock.com\/","name":"letsportsrock","description":"Sport News and Updates","potentialAction":[{"@type":"SearchAction","target":{"@type":"EntryPoint","urlTemplate":"https:\/\/www.letsportsrock.com\/?s={search_term_string}"},"query-input":{"@type":"PropertyValueSpecification","valueRequired":true,"valueName":"search_term_string"}}],"inLanguage":"en-US"},{"@type":"Person","@id":"https:\/\/www.letsportsrock.com\/#\/schema\/person\/a454ac24e58b214ddd97e4b5afb0bf01","name":"letsportsrock","image":{"@type":"ImageObject","inLanguage":"en-US","@id":"https:\/\/secure.gravatar.com\/avatar\/f8ef950cbb7574c0bc874094b8d307659bfe2d7aa4a9d26fa6917eff010748f9?s=96&d=mm&r=g","url":"https:\/\/secure.gravatar.com\/avatar\/f8ef950cbb7574c0bc874094b8d307659bfe2d7aa4a9d26fa6917eff010748f9?s=96&d=mm&r=g","contentUrl":"https:\/\/secure.gravatar.com\/avatar\/f8ef950cbb7574c0bc874094b8d307659bfe2d7aa4a9d26fa6917eff010748f9?s=96&d=mm&r=g","caption":"letsportsrock"},"sameAs":["https:\/\/www.letsportsrock.com"],"url":"https:\/\/www.letsportsrock.com\/?author=1"}]}},"jetpack_featured_media_url":"https:\/\/www.letsportsrock.com\/wp-content\/uploads\/2025\/01\/images-2025-01-26T210109.869.jpeg","jetpack_sharing_enabled":true,"_links":{"self":[{"href":"https:\/\/www.letsportsrock.com\/index.php?rest_route=\/wp\/v2\/posts\/20656","targetHints":{"allow":["GET"]}}],"collection":[{"href":"https:\/\/www.letsportsrock.com\/index.php?rest_route=\/wp\/v2\/posts"}],"about":[{"href":"https:\/\/www.letsportsrock.com\/index.php?rest_route=\/wp\/v2\/types\/post"}],"author":[{"embeddable":true,"href":"https:\/\/www.letsportsrock.com\/index.php?rest_route=\/wp\/v2\/users\/1"}],"replies":[{"embeddable":true,"href":"https:\/\/www.letsportsrock.com\/index.php?rest_route=%2Fwp%2Fv2%2Fcomments&post=20656"}],"version-history":[{"count":1,"href":"https:\/\/www.letsportsrock.com\/index.php?rest_route=\/wp\/v2\/posts\/20656\/revisions"}],"predecessor-version":[{"id":20658,"href":"https:\/\/www.letsportsrock.com\/index.php?rest_route=\/wp\/v2\/posts\/20656\/revisions\/20658"}],"wp:featuredmedia":[{"embeddable":true,"href":"https:\/\/www.letsportsrock.com\/index.php?rest_route=\/wp\/v2\/media\/20659"}],"wp:attachment":[{"href":"https:\/\/www.letsportsrock.com\/index.php?rest_route=%2Fwp%2Fv2%2Fmedia&parent=20656"}],"wp:term":[{"taxonomy":"category","embeddable":true,"href":"https:\/\/www.letsportsrock.com\/index.php?rest_route=%2Fwp%2Fv2%2Fcategories&post=20656"},{"taxonomy":"post_tag","embeddable":true,"href":"https:\/\/www.letsportsrock.com\/index.php?rest_route=%2Fwp%2Fv2%2Ftags&post=20656"}],"curies":[{"name":"wp","href":"https:\/\/api.w.org\/{rel}","templated":true}]}}