{"id":20719,"date":"2025-01-27T00:01:52","date_gmt":"2025-01-27T00:01:52","guid":{"rendered":"https:\/\/www.letsportsrock.com\/?p=20719"},"modified":"2025-01-27T00:01:52","modified_gmt":"2025-01-27T00:01:52","slug":"zeljko-kopic-a-izbucnit-si-a-spus-ca-marea-problema-la-dinamo-este","status":"publish","type":"post","link":"https:\/\/www.letsportsrock.com\/?p=20719","title":{"rendered":"Zeljko Kopic a izbucnit \u0219i a spus c\u0103 marea problem\u0103 la Dinamo este&#8230;&#8230;."},"content":{"rendered":"<div class=\"d79db4796efc26332eabfc3f5dafbc76\" data-index=\"1\" style=\"float: none; margin:10px 0 10px 0; text-align:center;\">\n<div class=\"hb-ad-inarticle\">\r\n    <div class=\"hb-ad-inner\"> \r\n    <div class=\"hbagency_cls\"  id=\"hbagency_space_111930\"><\/div><\/div> <\/div>\n<\/div>\n<p>Zeljko Kopic a izbucnit \u0219i a spus c\u0103 marea problem\u0103 la Dinamo este&#8230;&#8230;.<\/p>\n<p>&nbsp;<\/p>\n<p>Zeljko Kopic, antrenorul echipei Dinamo, a izbucnit recent, declar\u00e2nd c\u0103 principala problem\u0103 a clubului const\u0103 \u00een lipsa unei organiz\u0103ri eficiente \u0219i a unei viziuni clare pe termen lung. \u00centr-o conferin\u021b\u0103 de pres\u0103 tensionat\u0103, Kopic a subliniat c\u0103 echipa se confrunt\u0103 nu doar cu dificult\u0103\u021bi financiare, ci \u0219i cu o structur\u0103 managerial\u0103 care nu sus\u021bine performan\u021ba sportiv\u0103.<\/p>\n<p><img loading=\"lazy\" decoding=\"async\" class=\"alignnone size-medium wp-image-20721\" src=\"https:\/\/www.letsportsrock.com\/wp-content\/uploads\/2025\/01\/images-2025-01-27T010053.176-300x169.jpeg\" alt=\"\" width=\"300\" height=\"169\" srcset=\"https:\/\/www.letsportsrock.com\/wp-content\/uploads\/2025\/01\/images-2025-01-27T010053.176-300x169.jpeg 300w, https:\/\/www.letsportsrock.com\/wp-content\/uploads\/2025\/01\/images-2025-01-27T010053.176.jpeg 738w\" sizes=\"auto, (max-width: 300px) 100vw, 300px\" \/><\/p>\n<p>&#8220;Nu po\u021bi construi o echip\u0103 competitiv\u0103 f\u0103r\u0103 o strategie bine definit\u0103. Avem juc\u0103tori talenta\u021bi, dar lipsa unei direc\u021bii clare \u0219i a unei organiz\u0103ri interne afecteaz\u0103 grav rezultatele noastre&#8221;, a spus Kopic. El a ad\u0103ugat c\u0103 instabilitatea de la nivel administrativ \u0219i schimb\u0103rile frecvente de antrenori \u0219i juc\u0103tori creeaz\u0103 o atmosfer\u0103 nes\u0103n\u0103toas\u0103, care se reflect\u0103 direct pe teren.<\/p>\n<p>Antrenorul a f\u0103cut apel la conducerea clubului s\u0103 prioritizeze stabilitatea \u0219i s\u0103 investeasc\u0103 \u00een infrastructur\u0103 \u0219i \u00een dezvoltarea tinerilor juc\u0103tori. &#8220;Dac\u0103 vrem s\u0103 readucem Dinamo acolo unde \u00eei este locul, trebuie s\u0103 ne concentr\u0103m pe o reconstruc\u021bie solid\u0103, nu pe solu\u021bii temporare&#8221;, a concluzionat acesta. Declara\u021biile lui Kopic subliniaz\u0103 nevoia urgent\u0103 de schimbare \u00een interiorul clubului pentru a putea dep\u0103\u0219i actualele dificult\u0103\u021bi.<\/p>\n\n<div style=\"font-size: 0px; height: 0px; line-height: 0px; margin: 0; padding: 0; clear: both;\"><\/div>","protected":false},"excerpt":{"rendered":"<p>Zeljko Kopic a izbucnit \u0219i a spus c\u0103 marea problem\u0103 la Dinamo este&#8230;&#8230;. &nbsp; Zeljko Kopic, antrenorul echipei Dinamo, a izbucnit recent, declar\u00e2nd c\u0103 principala problem\u0103 a clubului const\u0103 \u00een lipsa unei organiz\u0103ri eficiente \u0219i a unei viziuni clare pe termen lung. \u00centr-o conferin\u021b\u0103 de pres\u0103 tensionat\u0103, Kopic a subliniat c\u0103 echipa se confrunt\u0103 nu [&hellip;]<\/p>\n","protected":false},"author":9,"featured_media":20720,"comment_status":"open","ping_status":"open","sticky":false,"template":"","format":"standard","meta":{"_jetpack_memberships_contains_paid_content":false,"footnotes":""},"categories":[1],"tags":[419],"class_list":["post-20719","post","type-post","status-publish","format-standard","has-post-thumbnail","hentry","category-uncategorized","tag-fc-dinamo-bucuresti"],"yoast_head":"<!-- This site is optimized with the Yoast SEO plugin v27.4 - https:\/\/yoast.com\/product\/yoast-seo-wordpress\/ -->\n<title>Zeljko Kopic a izbucnit \u0219i a spus c\u0103 marea problem\u0103 la Dinamo este....... - letsportsrock<\/title>\n<meta name=\"robots\" content=\"index, follow, max-snippet:-1, max-image-preview:large, max-video-preview:-1\" \/>\n<link rel=\"canonical\" href=\"https:\/\/www.letsportsrock.com\/?p=20719\" \/>\n<meta property=\"og:locale\" content=\"en_US\" \/>\n<meta property=\"og:type\" content=\"article\" \/>\n<meta property=\"og:title\" content=\"Zeljko Kopic a izbucnit \u0219i a spus c\u0103 marea problem\u0103 la Dinamo este....... - letsportsrock\" \/>\n<meta property=\"og:description\" content=\"Zeljko Kopic a izbucnit \u0219i a spus c\u0103 marea problem\u0103 la Dinamo este&#8230;&#8230;. &nbsp; Zeljko Kopic, antrenorul echipei Dinamo, a izbucnit recent, declar\u00e2nd c\u0103 principala problem\u0103 a clubului const\u0103 \u00een lipsa unei organiz\u0103ri eficiente \u0219i a unei viziuni clare pe termen lung. \u00centr-o conferin\u021b\u0103 de pres\u0103 tensionat\u0103, Kopic a subliniat c\u0103 echipa se confrunt\u0103 nu [&hellip;]\" \/>\n<meta property=\"og:url\" content=\"https:\/\/www.letsportsrock.com\/?p=20719\" \/>\n<meta property=\"og:site_name\" content=\"letsportsrock\" \/>\n<meta property=\"article:published_time\" content=\"2025-01-27T00:01:52+00:00\" \/>\n<meta property=\"og:image\" content=\"https:\/\/www.letsportsrock.com\/wp-content\/uploads\/2025\/01\/YXNoPWY1MzAyNGY0NTRkZTg4ODUwMTZmY2NlNzJjMDI1YWE0.thumb_.jpg\" \/>\n\t<meta property=\"og:image:width\" content=\"700\" \/>\n\t<meta property=\"og:image:height\" content=\"420\" \/>\n\t<meta property=\"og:image:type\" content=\"image\/jpeg\" \/>\n<meta name=\"author\" content=\"Paul Hembaor\" \/>\n<meta name=\"twitter:card\" content=\"summary_large_image\" \/>\n<meta name=\"twitter:label1\" content=\"Written by\" \/>\n\t<meta name=\"twitter:data1\" content=\"Paul Hembaor\" \/>\n\t<meta name=\"twitter:label2\" content=\"Est. reading time\" \/>\n\t<meta name=\"twitter:data2\" content=\"1 minute\" \/>\n<script type=\"application\/ld+json\" class=\"yoast-schema-graph\">{\"@context\":\"https:\\\/\\\/schema.org\",\"@graph\":[{\"@type\":\"Article\",\"@id\":\"https:\\\/\\\/www.letsportsrock.com\\\/?p=20719#article\",\"isPartOf\":{\"@id\":\"https:\\\/\\\/www.letsportsrock.com\\\/?p=20719\"},\"author\":{\"name\":\"Paul Hembaor\",\"@id\":\"https:\\\/\\\/www.letsportsrock.com\\\/#\\\/schema\\\/person\\\/97aa0f336f5a3ca15a8ec7d78846f045\"},\"headline\":\"Zeljko Kopic a izbucnit \u0219i a spus c\u0103 marea problem\u0103 la Dinamo este&#8230;&#8230;.\",\"datePublished\":\"2025-01-27T00:01:52+00:00\",\"mainEntityOfPage\":{\"@id\":\"https:\\\/\\\/www.letsportsrock.com\\\/?p=20719\"},\"wordCount\":226,\"commentCount\":0,\"image\":{\"@id\":\"https:\\\/\\\/www.letsportsrock.com\\\/?p=20719#primaryimage\"},\"thumbnailUrl\":\"https:\\\/\\\/www.letsportsrock.com\\\/wp-content\\\/uploads\\\/2025\\\/01\\\/YXNoPWY1MzAyNGY0NTRkZTg4ODUwMTZmY2NlNzJjMDI1YWE0.thumb_.jpg\",\"keywords\":[\"Fc Dinamo bucuresti\"],\"inLanguage\":\"en-US\",\"potentialAction\":[{\"@type\":\"CommentAction\",\"name\":\"Comment\",\"target\":[\"https:\\\/\\\/www.letsportsrock.com\\\/?p=20719#respond\"]}]},{\"@type\":\"WebPage\",\"@id\":\"https:\\\/\\\/www.letsportsrock.com\\\/?p=20719\",\"url\":\"https:\\\/\\\/www.letsportsrock.com\\\/?p=20719\",\"name\":\"Zeljko Kopic a izbucnit \u0219i a spus c\u0103 marea problem\u0103 la Dinamo este....... - letsportsrock\",\"isPartOf\":{\"@id\":\"https:\\\/\\\/www.letsportsrock.com\\\/#website\"},\"primaryImageOfPage\":{\"@id\":\"https:\\\/\\\/www.letsportsrock.com\\\/?p=20719#primaryimage\"},\"image\":{\"@id\":\"https:\\\/\\\/www.letsportsrock.com\\\/?p=20719#primaryimage\"},\"thumbnailUrl\":\"https:\\\/\\\/www.letsportsrock.com\\\/wp-content\\\/uploads\\\/2025\\\/01\\\/YXNoPWY1MzAyNGY0NTRkZTg4ODUwMTZmY2NlNzJjMDI1YWE0.thumb_.jpg\",\"datePublished\":\"2025-01-27T00:01:52+00:00\",\"author\":{\"@id\":\"https:\\\/\\\/www.letsportsrock.com\\\/#\\\/schema\\\/person\\\/97aa0f336f5a3ca15a8ec7d78846f045\"},\"breadcrumb\":{\"@id\":\"https:\\\/\\\/www.letsportsrock.com\\\/?p=20719#breadcrumb\"},\"inLanguage\":\"en-US\",\"potentialAction\":[{\"@type\":\"ReadAction\",\"target\":[\"https:\\\/\\\/www.letsportsrock.com\\\/?p=20719\"]}]},{\"@type\":\"ImageObject\",\"inLanguage\":\"en-US\",\"@id\":\"https:\\\/\\\/www.letsportsrock.com\\\/?p=20719#primaryimage\",\"url\":\"https:\\\/\\\/www.letsportsrock.com\\\/wp-content\\\/uploads\\\/2025\\\/01\\\/YXNoPWY1MzAyNGY0NTRkZTg4ODUwMTZmY2NlNzJjMDI1YWE0.thumb_.jpg\",\"contentUrl\":\"https:\\\/\\\/www.letsportsrock.com\\\/wp-content\\\/uploads\\\/2025\\\/01\\\/YXNoPWY1MzAyNGY0NTRkZTg4ODUwMTZmY2NlNzJjMDI1YWE0.thumb_.jpg\",\"width\":700,\"height\":420},{\"@type\":\"BreadcrumbList\",\"@id\":\"https:\\\/\\\/www.letsportsrock.com\\\/?p=20719#breadcrumb\",\"itemListElement\":[{\"@type\":\"ListItem\",\"position\":1,\"name\":\"Home\",\"item\":\"https:\\\/\\\/www.letsportsrock.com\\\/\"},{\"@type\":\"ListItem\",\"position\":2,\"name\":\"Zeljko Kopic a izbucnit \u0219i a spus c\u0103 marea problem\u0103 la Dinamo este&#8230;&#8230;.\"}]},{\"@type\":\"WebSite\",\"@id\":\"https:\\\/\\\/www.letsportsrock.com\\\/#website\",\"url\":\"https:\\\/\\\/www.letsportsrock.com\\\/\",\"name\":\"letsportsrock\",\"description\":\"Sport News and Updates\",\"potentialAction\":[{\"@type\":\"SearchAction\",\"target\":{\"@type\":\"EntryPoint\",\"urlTemplate\":\"https:\\\/\\\/www.letsportsrock.com\\\/?s={search_term_string}\"},\"query-input\":{\"@type\":\"PropertyValueSpecification\",\"valueRequired\":true,\"valueName\":\"search_term_string\"}}],\"inLanguage\":\"en-US\"},{\"@type\":\"Person\",\"@id\":\"https:\\\/\\\/www.letsportsrock.com\\\/#\\\/schema\\\/person\\\/97aa0f336f5a3ca15a8ec7d78846f045\",\"name\":\"Paul Hembaor\",\"image\":{\"@type\":\"ImageObject\",\"inLanguage\":\"en-US\",\"@id\":\"https:\\\/\\\/secure.gravatar.com\\\/avatar\\\/0574929a03c152e8ea7939c31311f9ea2fe2e06139cd71e2d6e698c217219d60?s=96&d=mm&r=g\",\"url\":\"https:\\\/\\\/secure.gravatar.com\\\/avatar\\\/0574929a03c152e8ea7939c31311f9ea2fe2e06139cd71e2d6e698c217219d60?s=96&d=mm&r=g\",\"contentUrl\":\"https:\\\/\\\/secure.gravatar.com\\\/avatar\\\/0574929a03c152e8ea7939c31311f9ea2fe2e06139cd71e2d6e698c217219d60?s=96&d=mm&r=g\",\"caption\":\"Paul Hembaor\"},\"sameAs\":[\"https:\\\/\\\/www.letsportsrock.com\\\/wp-admin\\\/\"],\"url\":\"https:\\\/\\\/www.letsportsrock.com\\\/?author=9\"}]}<\/script>\n<!-- \/ Yoast SEO plugin. -->","yoast_head_json":{"title":"Zeljko Kopic a izbucnit \u0219i a spus c\u0103 marea problem\u0103 la Dinamo este....... - letsportsrock","robots":{"index":"index","follow":"follow","max-snippet":"max-snippet:-1","max-image-preview":"max-image-preview:large","max-video-preview":"max-video-preview:-1"},"canonical":"https:\/\/www.letsportsrock.com\/?p=20719","og_locale":"en_US","og_type":"article","og_title":"Zeljko Kopic a izbucnit \u0219i a spus c\u0103 marea problem\u0103 la Dinamo este....... - letsportsrock","og_description":"Zeljko Kopic a izbucnit \u0219i a spus c\u0103 marea problem\u0103 la Dinamo este&#8230;&#8230;. &nbsp; Zeljko Kopic, antrenorul echipei Dinamo, a izbucnit recent, declar\u00e2nd c\u0103 principala problem\u0103 a clubului const\u0103 \u00een lipsa unei organiz\u0103ri eficiente \u0219i a unei viziuni clare pe termen lung. \u00centr-o conferin\u021b\u0103 de pres\u0103 tensionat\u0103, Kopic a subliniat c\u0103 echipa se confrunt\u0103 nu [&hellip;]","og_url":"https:\/\/www.letsportsrock.com\/?p=20719","og_site_name":"letsportsrock","article_published_time":"2025-01-27T00:01:52+00:00","og_image":[{"width":700,"height":420,"url":"https:\/\/www.letsportsrock.com\/wp-content\/uploads\/2025\/01\/YXNoPWY1MzAyNGY0NTRkZTg4ODUwMTZmY2NlNzJjMDI1YWE0.thumb_.jpg","type":"image\/jpeg"}],"author":"Paul Hembaor","twitter_card":"summary_large_image","twitter_misc":{"Written by":"Paul Hembaor","Est. reading time":"1 minute"},"schema":{"@context":"https:\/\/schema.org","@graph":[{"@type":"Article","@id":"https:\/\/www.letsportsrock.com\/?p=20719#article","isPartOf":{"@id":"https:\/\/www.letsportsrock.com\/?p=20719"},"author":{"name":"Paul Hembaor","@id":"https:\/\/www.letsportsrock.com\/#\/schema\/person\/97aa0f336f5a3ca15a8ec7d78846f045"},"headline":"Zeljko Kopic a izbucnit \u0219i a spus c\u0103 marea problem\u0103 la Dinamo este&#8230;&#8230;.","datePublished":"2025-01-27T00:01:52+00:00","mainEntityOfPage":{"@id":"https:\/\/www.letsportsrock.com\/?p=20719"},"wordCount":226,"commentCount":0,"image":{"@id":"https:\/\/www.letsportsrock.com\/?p=20719#primaryimage"},"thumbnailUrl":"https:\/\/www.letsportsrock.com\/wp-content\/uploads\/2025\/01\/YXNoPWY1MzAyNGY0NTRkZTg4ODUwMTZmY2NlNzJjMDI1YWE0.thumb_.jpg","keywords":["Fc Dinamo bucuresti"],"inLanguage":"en-US","potentialAction":[{"@type":"CommentAction","name":"Comment","target":["https:\/\/www.letsportsrock.com\/?p=20719#respond"]}]},{"@type":"WebPage","@id":"https:\/\/www.letsportsrock.com\/?p=20719","url":"https:\/\/www.letsportsrock.com\/?p=20719","name":"Zeljko Kopic a izbucnit \u0219i a spus c\u0103 marea problem\u0103 la Dinamo este....... - letsportsrock","isPartOf":{"@id":"https:\/\/www.letsportsrock.com\/#website"},"primaryImageOfPage":{"@id":"https:\/\/www.letsportsrock.com\/?p=20719#primaryimage"},"image":{"@id":"https:\/\/www.letsportsrock.com\/?p=20719#primaryimage"},"thumbnailUrl":"https:\/\/www.letsportsrock.com\/wp-content\/uploads\/2025\/01\/YXNoPWY1MzAyNGY0NTRkZTg4ODUwMTZmY2NlNzJjMDI1YWE0.thumb_.jpg","datePublished":"2025-01-27T00:01:52+00:00","author":{"@id":"https:\/\/www.letsportsrock.com\/#\/schema\/person\/97aa0f336f5a3ca15a8ec7d78846f045"},"breadcrumb":{"@id":"https:\/\/www.letsportsrock.com\/?p=20719#breadcrumb"},"inLanguage":"en-US","potentialAction":[{"@type":"ReadAction","target":["https:\/\/www.letsportsrock.com\/?p=20719"]}]},{"@type":"ImageObject","inLanguage":"en-US","@id":"https:\/\/www.letsportsrock.com\/?p=20719#primaryimage","url":"https:\/\/www.letsportsrock.com\/wp-content\/uploads\/2025\/01\/YXNoPWY1MzAyNGY0NTRkZTg4ODUwMTZmY2NlNzJjMDI1YWE0.thumb_.jpg","contentUrl":"https:\/\/www.letsportsrock.com\/wp-content\/uploads\/2025\/01\/YXNoPWY1MzAyNGY0NTRkZTg4ODUwMTZmY2NlNzJjMDI1YWE0.thumb_.jpg","width":700,"height":420},{"@type":"BreadcrumbList","@id":"https:\/\/www.letsportsrock.com\/?p=20719#breadcrumb","itemListElement":[{"@type":"ListItem","position":1,"name":"Home","item":"https:\/\/www.letsportsrock.com\/"},{"@type":"ListItem","position":2,"name":"Zeljko Kopic a izbucnit \u0219i a spus c\u0103 marea problem\u0103 la Dinamo este&#8230;&#8230;."}]},{"@type":"WebSite","@id":"https:\/\/www.letsportsrock.com\/#website","url":"https:\/\/www.letsportsrock.com\/","name":"letsportsrock","description":"Sport News and Updates","potentialAction":[{"@type":"SearchAction","target":{"@type":"EntryPoint","urlTemplate":"https:\/\/www.letsportsrock.com\/?s={search_term_string}"},"query-input":{"@type":"PropertyValueSpecification","valueRequired":true,"valueName":"search_term_string"}}],"inLanguage":"en-US"},{"@type":"Person","@id":"https:\/\/www.letsportsrock.com\/#\/schema\/person\/97aa0f336f5a3ca15a8ec7d78846f045","name":"Paul Hembaor","image":{"@type":"ImageObject","inLanguage":"en-US","@id":"https:\/\/secure.gravatar.com\/avatar\/0574929a03c152e8ea7939c31311f9ea2fe2e06139cd71e2d6e698c217219d60?s=96&d=mm&r=g","url":"https:\/\/secure.gravatar.com\/avatar\/0574929a03c152e8ea7939c31311f9ea2fe2e06139cd71e2d6e698c217219d60?s=96&d=mm&r=g","contentUrl":"https:\/\/secure.gravatar.com\/avatar\/0574929a03c152e8ea7939c31311f9ea2fe2e06139cd71e2d6e698c217219d60?s=96&d=mm&r=g","caption":"Paul Hembaor"},"sameAs":["https:\/\/www.letsportsrock.com\/wp-admin\/"],"url":"https:\/\/www.letsportsrock.com\/?author=9"}]}},"jetpack_featured_media_url":"https:\/\/www.letsportsrock.com\/wp-content\/uploads\/2025\/01\/YXNoPWY1MzAyNGY0NTRkZTg4ODUwMTZmY2NlNzJjMDI1YWE0.thumb_.jpg","jetpack_sharing_enabled":true,"_links":{"self":[{"href":"https:\/\/www.letsportsrock.com\/index.php?rest_route=\/wp\/v2\/posts\/20719","targetHints":{"allow":["GET"]}}],"collection":[{"href":"https:\/\/www.letsportsrock.com\/index.php?rest_route=\/wp\/v2\/posts"}],"about":[{"href":"https:\/\/www.letsportsrock.com\/index.php?rest_route=\/wp\/v2\/types\/post"}],"author":[{"embeddable":true,"href":"https:\/\/www.letsportsrock.com\/index.php?rest_route=\/wp\/v2\/users\/9"}],"replies":[{"embeddable":true,"href":"https:\/\/www.letsportsrock.com\/index.php?rest_route=%2Fwp%2Fv2%2Fcomments&post=20719"}],"version-history":[{"count":1,"href":"https:\/\/www.letsportsrock.com\/index.php?rest_route=\/wp\/v2\/posts\/20719\/revisions"}],"predecessor-version":[{"id":20722,"href":"https:\/\/www.letsportsrock.com\/index.php?rest_route=\/wp\/v2\/posts\/20719\/revisions\/20722"}],"wp:featuredmedia":[{"embeddable":true,"href":"https:\/\/www.letsportsrock.com\/index.php?rest_route=\/wp\/v2\/media\/20720"}],"wp:attachment":[{"href":"https:\/\/www.letsportsrock.com\/index.php?rest_route=%2Fwp%2Fv2%2Fmedia&parent=20719"}],"wp:term":[{"taxonomy":"category","embeddable":true,"href":"https:\/\/www.letsportsrock.com\/index.php?rest_route=%2Fwp%2Fv2%2Fcategories&post=20719"},{"taxonomy":"post_tag","embeddable":true,"href":"https:\/\/www.letsportsrock.com\/index.php?rest_route=%2Fwp%2Fv2%2Ftags&post=20719"}],"curies":[{"name":"wp","href":"https:\/\/api.w.org\/{rel}","templated":true}]}}