{"id":20804,"date":"2025-01-27T18:09:19","date_gmt":"2025-01-27T18:09:19","guid":{"rendered":"https:\/\/www.letsportsrock.com\/?p=20804"},"modified":"2025-01-27T18:11:00","modified_gmt":"2025-01-27T18:11:00","slug":"tranzactie-incheiata-fost-castigator-al-fc-rapid-bucuresti-care-a-refuzat-fcsb-semneaza-astazi-cu-fc-dinamo-bucuresti","status":"publish","type":"post","link":"https:\/\/www.letsportsrock.com\/?p=20804","title":{"rendered":"&#8220;Tranzac\u021bie \u00eencheiat\u0103: Fost c\u00e2\u0219tig\u0103tor al FC Rapid Bucure\u0219ti, care a refuzat FCSB, semneaz\u0103 ast\u0103zi cu FC Dinamo Bucure\u0219ti&#8221;"},"content":{"rendered":"<div class=\"d79db4796efc26332eabfc3f5dafbc76\" data-index=\"1\" style=\"float: none; margin:10px 0 10px 0; text-align:center;\">\n<div class=\"hb-ad-inarticle\">\r\n    <div class=\"hb-ad-inner\"> \r\n    <div class=\"hbagency_cls\"  id=\"hbagency_space_111930\"><\/div><\/div> <\/div>\n<\/div>\n<p>**Tranzac\u021bie \u00eencheiat\u0103: Fost c\u00e2\u0219tig\u0103tor al FC Rapid Bucure\u0219ti, care a refuzat FCSB, semneaz\u0103 ast\u0103zi cu FC Dinamo Bucure\u0219ti**<\/p>\n<p>&nbsp;<\/p>\n<p>\u00centr-o mi\u0219care surprinz\u0103toare pe pia\u021ba transferurilor, FC Dinamo Bucure\u0219ti a anun\u021bat ast\u0103zi semnarea unui contract cu un juc\u0103tor cu un palmares impresionant \u00een Liga 1, fost c\u00e2\u0219tig\u0103tor cu FC Rapid Bucure\u0219ti. Transferul acestuia a st\u00e2rnit valuri de entuziasm \u00een r\u00e2ndul suporterilor dinamovi\u0219ti, mai ales c\u0103 fotbalistul \u00een cauz\u0103 a avut o alegere important\u0103 de f\u0103cut: a refuzat o ofert\u0103 de la FCSB pentru a semna cu marele rival al acestei echipe, Dinamo.<\/p>\n<p>&nbsp;<\/p>\n<p>Juc\u0103torul, care a fost o pies\u0103 important\u0103 \u00een succesul Rapidului \u00een sezonul trecut, a fost dorit cu insisten\u021b\u0103 \u0219i de c\u0103tre FCSB, \u00eens\u0103, \u00een cele din urm\u0103, a ales s\u0103 \u00ee\u0219i continue cariera \u00een \u0218tefan cel Mare. Desigur, decizia a fost una care a generat numeroase specula\u021bii, av\u00e2nd \u00een vedere rivalitatea istoric\u0103 dintre Dinamo \u0219i FCSB, dar \u0219i contextul \u00een care juc\u0103torul a refuzat oferta celor de la ro\u0219-alba\u0219tri.<\/p>\n<p>&nbsp;<\/p>\n<p>\u00cen urma semn\u0103rii acordului, juc\u0103torul a declarat c\u0103 este entuziasmat de noua provocare la Dinamo \u0219i c\u0103 \u00ee\u0219i dore\u0219te s\u0103 contribuie la succesul echipei, aduc\u00e2ndu-\u0219i experien\u021ba \u0219i calit\u0103\u021bile tehnice. Fanii dinamovi\u0219ti au primit vestea cu mult\u0103 bucurie, fiind \u00eencredin\u021ba\u021bi c\u0103 acest transfer va \u00eent\u0103ri considerabil echipa \u00een perspectiva sezonului viitor.<\/p>\n<p>&nbsp;<\/p>\n<p>Conducerea lui Dinamo a apreciat alegerea juc\u0103torului \u0219i a subliniat c\u0103 transferul s\u0103u face parte din strategia pe termen lung a clubului, care \u00ee\u0219i dore\u0219te s\u0103 se \u00eent\u0103reasc\u0103 \u0219i s\u0103 lupte pentru titluri \u00een urm\u0103toarele sezoane. R\u0103m\u00e2ne de v\u0103zut cum va influen\u021ba acest transfer parcursul echipei \u0219i cum va reu\u0219i s\u0103 se adapteze la noul s\u0103u club.<\/p>\n\n<div style=\"font-size: 0px; height: 0px; line-height: 0px; margin: 0; padding: 0; clear: both;\"><\/div>","protected":false},"excerpt":{"rendered":"<p>**Tranzac\u021bie \u00eencheiat\u0103: Fost c\u00e2\u0219tig\u0103tor al FC Rapid Bucure\u0219ti, care a refuzat FCSB, semneaz\u0103 ast\u0103zi cu FC Dinamo Bucure\u0219ti** &nbsp; \u00centr-o mi\u0219care surprinz\u0103toare pe pia\u021ba transferurilor, FC Dinamo Bucure\u0219ti a anun\u021bat ast\u0103zi semnarea unui contract cu un juc\u0103tor cu un palmares impresionant \u00een Liga 1, fost c\u00e2\u0219tig\u0103tor cu FC Rapid Bucure\u0219ti. Transferul acestuia a st\u00e2rnit valuri [&hellip;]<\/p>\n","protected":false},"author":1,"featured_media":20806,"comment_status":"open","ping_status":"open","sticky":false,"template":"","format":"standard","meta":{"_jetpack_memberships_contains_paid_content":false,"footnotes":""},"categories":[1],"tags":[],"class_list":["post-20804","post","type-post","status-publish","format-standard","has-post-thumbnail","hentry","category-uncategorized"],"yoast_head":"<!-- This site is optimized with the Yoast SEO plugin v27.4 - https:\/\/yoast.com\/product\/yoast-seo-wordpress\/ -->\n<title>&quot;Tranzac\u021bie \u00eencheiat\u0103: Fost c\u00e2\u0219tig\u0103tor al<\/title>\n<meta name=\"description\" content=\"&quot;Tranzac\u021bie \u00eencheiat\u0103: Fost c\u00e2\u0219tig\u0103tor al FC Rapid Bucure\u0219ti, care a refuzat FCSB, semneaz\u0103 ast\u0103zi cu FC Dinamo Bucure\u0219ti&quot;\" \/>\n<meta name=\"robots\" content=\"index, follow, max-snippet:-1, max-image-preview:large, max-video-preview:-1\" \/>\n<link rel=\"canonical\" href=\"https:\/\/www.letsportsrock.com\/?p=20804\" \/>\n<meta property=\"og:locale\" content=\"en_US\" \/>\n<meta property=\"og:type\" content=\"article\" \/>\n<meta property=\"og:title\" content=\"&quot;Tranzac\u021bie \u00eencheiat\u0103: Fost c\u00e2\u0219tig\u0103tor al\" \/>\n<meta property=\"og:description\" content=\"&quot;Tranzac\u021bie \u00eencheiat\u0103: Fost c\u00e2\u0219tig\u0103tor al FC Rapid Bucure\u0219ti, care a refuzat FCSB, semneaz\u0103 ast\u0103zi cu FC Dinamo Bucure\u0219ti&quot;\" \/>\n<meta property=\"og:url\" content=\"https:\/\/www.letsportsrock.com\/?p=20804\" \/>\n<meta property=\"og:site_name\" content=\"letsportsrock\" \/>\n<meta property=\"article:published_time\" content=\"2025-01-27T18:09:19+00:00\" \/>\n<meta property=\"article:modified_time\" content=\"2025-01-27T18:11:00+00:00\" \/>\n<meta property=\"og:image\" content=\"https:\/\/www.letsportsrock.com\/wp-content\/uploads\/2025\/01\/images-2025-01-27T191002.563.jpeg\" \/>\n\t<meta property=\"og:image:width\" content=\"739\" \/>\n\t<meta property=\"og:image:height\" content=\"415\" \/>\n\t<meta property=\"og:image:type\" content=\"image\/jpeg\" \/>\n<meta name=\"author\" content=\"letsportsrock\" \/>\n<meta name=\"twitter:card\" content=\"summary_large_image\" \/>\n<meta name=\"twitter:label1\" content=\"Written by\" \/>\n\t<meta name=\"twitter:data1\" content=\"letsportsrock\" \/>\n\t<meta name=\"twitter:label2\" content=\"Est. reading time\" \/>\n\t<meta name=\"twitter:data2\" content=\"2 minutes\" \/>\n<script type=\"application\/ld+json\" class=\"yoast-schema-graph\">{\"@context\":\"https:\\\/\\\/schema.org\",\"@graph\":[{\"@type\":\"Article\",\"@id\":\"https:\\\/\\\/www.letsportsrock.com\\\/?p=20804#article\",\"isPartOf\":{\"@id\":\"https:\\\/\\\/www.letsportsrock.com\\\/?p=20804\"},\"author\":{\"name\":\"letsportsrock\",\"@id\":\"https:\\\/\\\/www.letsportsrock.com\\\/#\\\/schema\\\/person\\\/a454ac24e58b214ddd97e4b5afb0bf01\"},\"headline\":\"&#8220;Tranzac\u021bie \u00eencheiat\u0103: Fost c\u00e2\u0219tig\u0103tor al FC Rapid Bucure\u0219ti, care a refuzat FCSB, semneaz\u0103 ast\u0103zi cu FC Dinamo Bucure\u0219ti&#8221;\",\"datePublished\":\"2025-01-27T18:09:19+00:00\",\"dateModified\":\"2025-01-27T18:11:00+00:00\",\"mainEntityOfPage\":{\"@id\":\"https:\\\/\\\/www.letsportsrock.com\\\/?p=20804\"},\"wordCount\":342,\"commentCount\":0,\"image\":{\"@id\":\"https:\\\/\\\/www.letsportsrock.com\\\/?p=20804#primaryimage\"},\"thumbnailUrl\":\"https:\\\/\\\/www.letsportsrock.com\\\/wp-content\\\/uploads\\\/2025\\\/01\\\/images-2025-01-27T191002.563.jpeg\",\"inLanguage\":\"en-US\",\"potentialAction\":[{\"@type\":\"CommentAction\",\"name\":\"Comment\",\"target\":[\"https:\\\/\\\/www.letsportsrock.com\\\/?p=20804#respond\"]}]},{\"@type\":\"WebPage\",\"@id\":\"https:\\\/\\\/www.letsportsrock.com\\\/?p=20804\",\"url\":\"https:\\\/\\\/www.letsportsrock.com\\\/?p=20804\",\"name\":\"\\\"Tranzac\u021bie \u00eencheiat\u0103: Fost c\u00e2\u0219tig\u0103tor al\",\"isPartOf\":{\"@id\":\"https:\\\/\\\/www.letsportsrock.com\\\/#website\"},\"primaryImageOfPage\":{\"@id\":\"https:\\\/\\\/www.letsportsrock.com\\\/?p=20804#primaryimage\"},\"image\":{\"@id\":\"https:\\\/\\\/www.letsportsrock.com\\\/?p=20804#primaryimage\"},\"thumbnailUrl\":\"https:\\\/\\\/www.letsportsrock.com\\\/wp-content\\\/uploads\\\/2025\\\/01\\\/images-2025-01-27T191002.563.jpeg\",\"datePublished\":\"2025-01-27T18:09:19+00:00\",\"dateModified\":\"2025-01-27T18:11:00+00:00\",\"author\":{\"@id\":\"https:\\\/\\\/www.letsportsrock.com\\\/#\\\/schema\\\/person\\\/a454ac24e58b214ddd97e4b5afb0bf01\"},\"description\":\"\\\"Tranzac\u021bie \u00eencheiat\u0103: Fost c\u00e2\u0219tig\u0103tor al FC Rapid Bucure\u0219ti, care a refuzat FCSB, semneaz\u0103 ast\u0103zi cu FC Dinamo Bucure\u0219ti\\\"\",\"breadcrumb\":{\"@id\":\"https:\\\/\\\/www.letsportsrock.com\\\/?p=20804#breadcrumb\"},\"inLanguage\":\"en-US\",\"potentialAction\":[{\"@type\":\"ReadAction\",\"target\":[\"https:\\\/\\\/www.letsportsrock.com\\\/?p=20804\"]}]},{\"@type\":\"ImageObject\",\"inLanguage\":\"en-US\",\"@id\":\"https:\\\/\\\/www.letsportsrock.com\\\/?p=20804#primaryimage\",\"url\":\"https:\\\/\\\/www.letsportsrock.com\\\/wp-content\\\/uploads\\\/2025\\\/01\\\/images-2025-01-27T191002.563.jpeg\",\"contentUrl\":\"https:\\\/\\\/www.letsportsrock.com\\\/wp-content\\\/uploads\\\/2025\\\/01\\\/images-2025-01-27T191002.563.jpeg\",\"width\":739,\"height\":415},{\"@type\":\"BreadcrumbList\",\"@id\":\"https:\\\/\\\/www.letsportsrock.com\\\/?p=20804#breadcrumb\",\"itemListElement\":[{\"@type\":\"ListItem\",\"position\":1,\"name\":\"Home\",\"item\":\"https:\\\/\\\/www.letsportsrock.com\\\/\"},{\"@type\":\"ListItem\",\"position\":2,\"name\":\"&#8220;Tranzac\u021bie \u00eencheiat\u0103: Fost c\u00e2\u0219tig\u0103tor al FC Rapid Bucure\u0219ti, care a refuzat FCSB, semneaz\u0103 ast\u0103zi cu FC Dinamo Bucure\u0219ti&#8221;\"}]},{\"@type\":\"WebSite\",\"@id\":\"https:\\\/\\\/www.letsportsrock.com\\\/#website\",\"url\":\"https:\\\/\\\/www.letsportsrock.com\\\/\",\"name\":\"letsportsrock\",\"description\":\"Sport News and Updates\",\"potentialAction\":[{\"@type\":\"SearchAction\",\"target\":{\"@type\":\"EntryPoint\",\"urlTemplate\":\"https:\\\/\\\/www.letsportsrock.com\\\/?s={search_term_string}\"},\"query-input\":{\"@type\":\"PropertyValueSpecification\",\"valueRequired\":true,\"valueName\":\"search_term_string\"}}],\"inLanguage\":\"en-US\"},{\"@type\":\"Person\",\"@id\":\"https:\\\/\\\/www.letsportsrock.com\\\/#\\\/schema\\\/person\\\/a454ac24e58b214ddd97e4b5afb0bf01\",\"name\":\"letsportsrock\",\"image\":{\"@type\":\"ImageObject\",\"inLanguage\":\"en-US\",\"@id\":\"https:\\\/\\\/secure.gravatar.com\\\/avatar\\\/f8ef950cbb7574c0bc874094b8d307659bfe2d7aa4a9d26fa6917eff010748f9?s=96&d=mm&r=g\",\"url\":\"https:\\\/\\\/secure.gravatar.com\\\/avatar\\\/f8ef950cbb7574c0bc874094b8d307659bfe2d7aa4a9d26fa6917eff010748f9?s=96&d=mm&r=g\",\"contentUrl\":\"https:\\\/\\\/secure.gravatar.com\\\/avatar\\\/f8ef950cbb7574c0bc874094b8d307659bfe2d7aa4a9d26fa6917eff010748f9?s=96&d=mm&r=g\",\"caption\":\"letsportsrock\"},\"sameAs\":[\"https:\\\/\\\/www.letsportsrock.com\"],\"url\":\"https:\\\/\\\/www.letsportsrock.com\\\/?author=1\"}]}<\/script>\n<!-- \/ Yoast SEO plugin. -->","yoast_head_json":{"title":"\"Tranzac\u021bie \u00eencheiat\u0103: Fost c\u00e2\u0219tig\u0103tor al","description":"\"Tranzac\u021bie \u00eencheiat\u0103: Fost c\u00e2\u0219tig\u0103tor al FC Rapid Bucure\u0219ti, care a refuzat FCSB, semneaz\u0103 ast\u0103zi cu FC Dinamo Bucure\u0219ti\"","robots":{"index":"index","follow":"follow","max-snippet":"max-snippet:-1","max-image-preview":"max-image-preview:large","max-video-preview":"max-video-preview:-1"},"canonical":"https:\/\/www.letsportsrock.com\/?p=20804","og_locale":"en_US","og_type":"article","og_title":"\"Tranzac\u021bie \u00eencheiat\u0103: Fost c\u00e2\u0219tig\u0103tor al","og_description":"\"Tranzac\u021bie \u00eencheiat\u0103: Fost c\u00e2\u0219tig\u0103tor al FC Rapid Bucure\u0219ti, care a refuzat FCSB, semneaz\u0103 ast\u0103zi cu FC Dinamo Bucure\u0219ti\"","og_url":"https:\/\/www.letsportsrock.com\/?p=20804","og_site_name":"letsportsrock","article_published_time":"2025-01-27T18:09:19+00:00","article_modified_time":"2025-01-27T18:11:00+00:00","og_image":[{"width":739,"height":415,"url":"https:\/\/www.letsportsrock.com\/wp-content\/uploads\/2025\/01\/images-2025-01-27T191002.563.jpeg","type":"image\/jpeg"}],"author":"letsportsrock","twitter_card":"summary_large_image","twitter_misc":{"Written by":"letsportsrock","Est. reading time":"2 minutes"},"schema":{"@context":"https:\/\/schema.org","@graph":[{"@type":"Article","@id":"https:\/\/www.letsportsrock.com\/?p=20804#article","isPartOf":{"@id":"https:\/\/www.letsportsrock.com\/?p=20804"},"author":{"name":"letsportsrock","@id":"https:\/\/www.letsportsrock.com\/#\/schema\/person\/a454ac24e58b214ddd97e4b5afb0bf01"},"headline":"&#8220;Tranzac\u021bie \u00eencheiat\u0103: Fost c\u00e2\u0219tig\u0103tor al FC Rapid Bucure\u0219ti, care a refuzat FCSB, semneaz\u0103 ast\u0103zi cu FC Dinamo Bucure\u0219ti&#8221;","datePublished":"2025-01-27T18:09:19+00:00","dateModified":"2025-01-27T18:11:00+00:00","mainEntityOfPage":{"@id":"https:\/\/www.letsportsrock.com\/?p=20804"},"wordCount":342,"commentCount":0,"image":{"@id":"https:\/\/www.letsportsrock.com\/?p=20804#primaryimage"},"thumbnailUrl":"https:\/\/www.letsportsrock.com\/wp-content\/uploads\/2025\/01\/images-2025-01-27T191002.563.jpeg","inLanguage":"en-US","potentialAction":[{"@type":"CommentAction","name":"Comment","target":["https:\/\/www.letsportsrock.com\/?p=20804#respond"]}]},{"@type":"WebPage","@id":"https:\/\/www.letsportsrock.com\/?p=20804","url":"https:\/\/www.letsportsrock.com\/?p=20804","name":"\"Tranzac\u021bie \u00eencheiat\u0103: Fost c\u00e2\u0219tig\u0103tor al","isPartOf":{"@id":"https:\/\/www.letsportsrock.com\/#website"},"primaryImageOfPage":{"@id":"https:\/\/www.letsportsrock.com\/?p=20804#primaryimage"},"image":{"@id":"https:\/\/www.letsportsrock.com\/?p=20804#primaryimage"},"thumbnailUrl":"https:\/\/www.letsportsrock.com\/wp-content\/uploads\/2025\/01\/images-2025-01-27T191002.563.jpeg","datePublished":"2025-01-27T18:09:19+00:00","dateModified":"2025-01-27T18:11:00+00:00","author":{"@id":"https:\/\/www.letsportsrock.com\/#\/schema\/person\/a454ac24e58b214ddd97e4b5afb0bf01"},"description":"\"Tranzac\u021bie \u00eencheiat\u0103: Fost c\u00e2\u0219tig\u0103tor al FC Rapid Bucure\u0219ti, care a refuzat FCSB, semneaz\u0103 ast\u0103zi cu FC Dinamo Bucure\u0219ti\"","breadcrumb":{"@id":"https:\/\/www.letsportsrock.com\/?p=20804#breadcrumb"},"inLanguage":"en-US","potentialAction":[{"@type":"ReadAction","target":["https:\/\/www.letsportsrock.com\/?p=20804"]}]},{"@type":"ImageObject","inLanguage":"en-US","@id":"https:\/\/www.letsportsrock.com\/?p=20804#primaryimage","url":"https:\/\/www.letsportsrock.com\/wp-content\/uploads\/2025\/01\/images-2025-01-27T191002.563.jpeg","contentUrl":"https:\/\/www.letsportsrock.com\/wp-content\/uploads\/2025\/01\/images-2025-01-27T191002.563.jpeg","width":739,"height":415},{"@type":"BreadcrumbList","@id":"https:\/\/www.letsportsrock.com\/?p=20804#breadcrumb","itemListElement":[{"@type":"ListItem","position":1,"name":"Home","item":"https:\/\/www.letsportsrock.com\/"},{"@type":"ListItem","position":2,"name":"&#8220;Tranzac\u021bie \u00eencheiat\u0103: Fost c\u00e2\u0219tig\u0103tor al FC Rapid Bucure\u0219ti, care a refuzat FCSB, semneaz\u0103 ast\u0103zi cu FC Dinamo Bucure\u0219ti&#8221;"}]},{"@type":"WebSite","@id":"https:\/\/www.letsportsrock.com\/#website","url":"https:\/\/www.letsportsrock.com\/","name":"letsportsrock","description":"Sport News and Updates","potentialAction":[{"@type":"SearchAction","target":{"@type":"EntryPoint","urlTemplate":"https:\/\/www.letsportsrock.com\/?s={search_term_string}"},"query-input":{"@type":"PropertyValueSpecification","valueRequired":true,"valueName":"search_term_string"}}],"inLanguage":"en-US"},{"@type":"Person","@id":"https:\/\/www.letsportsrock.com\/#\/schema\/person\/a454ac24e58b214ddd97e4b5afb0bf01","name":"letsportsrock","image":{"@type":"ImageObject","inLanguage":"en-US","@id":"https:\/\/secure.gravatar.com\/avatar\/f8ef950cbb7574c0bc874094b8d307659bfe2d7aa4a9d26fa6917eff010748f9?s=96&d=mm&r=g","url":"https:\/\/secure.gravatar.com\/avatar\/f8ef950cbb7574c0bc874094b8d307659bfe2d7aa4a9d26fa6917eff010748f9?s=96&d=mm&r=g","contentUrl":"https:\/\/secure.gravatar.com\/avatar\/f8ef950cbb7574c0bc874094b8d307659bfe2d7aa4a9d26fa6917eff010748f9?s=96&d=mm&r=g","caption":"letsportsrock"},"sameAs":["https:\/\/www.letsportsrock.com"],"url":"https:\/\/www.letsportsrock.com\/?author=1"}]}},"jetpack_featured_media_url":"https:\/\/www.letsportsrock.com\/wp-content\/uploads\/2025\/01\/images-2025-01-27T191002.563.jpeg","jetpack_sharing_enabled":true,"_links":{"self":[{"href":"https:\/\/www.letsportsrock.com\/index.php?rest_route=\/wp\/v2\/posts\/20804","targetHints":{"allow":["GET"]}}],"collection":[{"href":"https:\/\/www.letsportsrock.com\/index.php?rest_route=\/wp\/v2\/posts"}],"about":[{"href":"https:\/\/www.letsportsrock.com\/index.php?rest_route=\/wp\/v2\/types\/post"}],"author":[{"embeddable":true,"href":"https:\/\/www.letsportsrock.com\/index.php?rest_route=\/wp\/v2\/users\/1"}],"replies":[{"embeddable":true,"href":"https:\/\/www.letsportsrock.com\/index.php?rest_route=%2Fwp%2Fv2%2Fcomments&post=20804"}],"version-history":[{"count":1,"href":"https:\/\/www.letsportsrock.com\/index.php?rest_route=\/wp\/v2\/posts\/20804\/revisions"}],"predecessor-version":[{"id":20805,"href":"https:\/\/www.letsportsrock.com\/index.php?rest_route=\/wp\/v2\/posts\/20804\/revisions\/20805"}],"wp:featuredmedia":[{"embeddable":true,"href":"https:\/\/www.letsportsrock.com\/index.php?rest_route=\/wp\/v2\/media\/20806"}],"wp:attachment":[{"href":"https:\/\/www.letsportsrock.com\/index.php?rest_route=%2Fwp%2Fv2%2Fmedia&parent=20804"}],"wp:term":[{"taxonomy":"category","embeddable":true,"href":"https:\/\/www.letsportsrock.com\/index.php?rest_route=%2Fwp%2Fv2%2Fcategories&post=20804"},{"taxonomy":"post_tag","embeddable":true,"href":"https:\/\/www.letsportsrock.com\/index.php?rest_route=%2Fwp%2Fv2%2Ftags&post=20804"}],"curies":[{"name":"wp","href":"https:\/\/api.w.org\/{rel}","templated":true}]}}