{"id":20807,"date":"2025-01-27T18:13:25","date_gmt":"2025-01-27T18:13:25","guid":{"rendered":"https:\/\/www.letsportsrock.com\/?p=20807"},"modified":"2025-01-27T18:14:32","modified_gmt":"2025-01-27T18:14:32","slug":"voi-pleca-de-urgenta-un-atacant-experimentat-de-la-fc-dinamo-bucuresti-confirma-ca-vrea-sa-plece","status":"publish","type":"post","link":"https:\/\/www.letsportsrock.com\/?p=20807","title":{"rendered":"&#8220;Voi pleca: De urgen\u021b\u0103, un atacant experimentat de la FC Dinamo Bucure\u0219ti confirm\u0103 c\u0103 vrea s\u0103 plece&#8221;"},"content":{"rendered":"<div class=\"d79db4796efc26332eabfc3f5dafbc76\" data-index=\"1\" style=\"float: none; margin:10px 0 10px 0; text-align:center;\">\n<div class=\"hb-ad-inarticle\">\r\n    <div class=\"hb-ad-inner\"> \r\n    <div class=\"hbagency_cls\"  id=\"hbagency_space_111930\"><\/div><\/div> <\/div>\n<\/div>\n<p>**Voi pleca: De urgen\u021b\u0103, un atacant experimentat de la FC Dinamo Bucure\u0219ti confirm\u0103 c\u0103 vrea s\u0103 plece**<\/p>\n<p>&nbsp;<\/p>\n<p>Un nou val de incertitudine love\u0219te FC Dinamo Bucure\u0219ti, dup\u0103 ce un atacant cu mare experien\u021b\u0103 \u0219i un rol important \u00een echipa actual\u0103 a clubului a confirmat public c\u0103 \u00ee\u0219i dore\u0219te s\u0103 p\u0103r\u0103seasc\u0103 forma\u021bia. \u00centr-o declara\u021bie de ultim\u0103 or\u0103, juc\u0103torul a transmis c\u0103 nu mai vrea s\u0103 continue sub culorile echipei din \u0218tefan cel Mare, dorind s\u0103 \u00ee\u0219i fac\u0103 un nou capitol \u00een cariera sa.<\/p>\n<p>&nbsp;<\/p>\n<p>Decizia acestuia a surprins at\u00e2t conducerea clubului, c\u00e2t \u0219i fanii, care sperau s\u0103 se bazeze pe experien\u021ba \u0219i abilit\u0103\u021bile sale \u00een perioada urm\u0103toare. Atacantul a fost un juc\u0103tor cheie \u00een ofensiva lui Dinamo, reu\u0219ind s\u0103 \u00eenscrie goluri importante \u0219i s\u0103 contribuie decisiv \u00een momente cheie ale sezonului. Totu\u0219i, se pare c\u0103 motivul principal al plec\u0103rii ar fi legat de ne\u00een\u021belegeri cu conducerea clubului, dar \u0219i de dorin\u021ba sa de a evolua \u00eentr-un alt proiect mai ambi\u021bios.<\/p>\n<p>&nbsp;<\/p>\n<p>Surse din interiorul clubului sugereaz\u0103 c\u0103 juc\u0103torul ar fi fost nemul\u021bumit de unele aspecte ale condi\u021biilor de la Dinamo \u0219i ar fi dorit un mediu mai stabil \u0219i o echip\u0103 cu ambi\u021bii mai mari. De asemenea, se speculeaz\u0103 c\u0103 ar exista deja oferte de la alte cluburi, care sunt interesate de serviciile sale, at\u00e2t din Liga 1, c\u00e2t \u0219i din afaceri interna\u021bionale.<\/p>\n<p>&nbsp;<\/p>\n<p>De\u0219i oficialii clubului au \u00eencercat s\u0103 gestioneze situa\u021bia cu discre\u021bie, este clar c\u0103 aceast\u0103 plecare va l\u0103sa un gol important \u00een lotul echipei. Fanii sunt \u00eengrijora\u021bi de faptul c\u0103 alte transferuri de juc\u0103tori importan\u021bi ar putea urma, ceea ce ar pune \u0219i mai mult\u0103 presiune pe conducerea clubului pentru a lua m\u0103suri rapide \u0219i eficiente. R\u0103m\u00e2ne de v\u0103zut ce va aduce viitorul pentru Dinamo, dar cert este c\u0103 acest anun\u021b marcheaz\u0103 o schimbare semnificativ\u0103 \u00een cadrul echipei.<\/p>\n\n<div style=\"font-size: 0px; height: 0px; line-height: 0px; margin: 0; padding: 0; clear: both;\"><\/div>","protected":false},"excerpt":{"rendered":"<p>**Voi pleca: De urgen\u021b\u0103, un atacant experimentat de la FC Dinamo Bucure\u0219ti confirm\u0103 c\u0103 vrea s\u0103 plece** &nbsp; Un nou val de incertitudine love\u0219te FC Dinamo Bucure\u0219ti, dup\u0103 ce un atacant cu mare experien\u021b\u0103 \u0219i un rol important \u00een echipa actual\u0103 a clubului a confirmat public c\u0103 \u00ee\u0219i dore\u0219te s\u0103 p\u0103r\u0103seasc\u0103 forma\u021bia. \u00centr-o declara\u021bie de [&hellip;]<\/p>\n","protected":false},"author":1,"featured_media":20809,"comment_status":"open","ping_status":"open","sticky":false,"template":"","format":"standard","meta":{"_jetpack_memberships_contains_paid_content":false,"footnotes":""},"categories":[1],"tags":[],"class_list":["post-20807","post","type-post","status-publish","format-standard","has-post-thumbnail","hentry","category-uncategorized"],"yoast_head":"<!-- This site is optimized with the Yoast SEO plugin v27.4 - https:\/\/yoast.com\/product\/yoast-seo-wordpress\/ -->\n<title>&quot;Voi pleca: De urgen\u021b\u0103, un atacant experimen<\/title>\n<meta name=\"description\" content=\"&quot;Voi pleca: De urgen\u021b\u0103, un atacant experimentat de la FC Dinamo Bucure\u0219ti confirm\u0103 c\u0103 vrea s\u0103 plece&quot;.........\" \/>\n<meta name=\"robots\" content=\"index, follow, max-snippet:-1, max-image-preview:large, max-video-preview:-1\" \/>\n<link rel=\"canonical\" href=\"https:\/\/www.letsportsrock.com\/?p=20807\" \/>\n<meta property=\"og:locale\" content=\"en_US\" \/>\n<meta property=\"og:type\" content=\"article\" \/>\n<meta property=\"og:title\" content=\"&quot;Voi pleca: De urgen\u021b\u0103, un atacant experimen\" \/>\n<meta property=\"og:description\" content=\"&quot;Voi pleca: De urgen\u021b\u0103, un atacant experimentat de la FC Dinamo Bucure\u0219ti confirm\u0103 c\u0103 vrea s\u0103 plece&quot;.........\" \/>\n<meta property=\"og:url\" content=\"https:\/\/www.letsportsrock.com\/?p=20807\" \/>\n<meta property=\"og:site_name\" content=\"letsportsrock\" \/>\n<meta property=\"article:published_time\" content=\"2025-01-27T18:13:25+00:00\" \/>\n<meta property=\"article:modified_time\" content=\"2025-01-27T18:14:32+00:00\" \/>\n<meta property=\"og:image\" content=\"https:\/\/www.letsportsrock.com\/wp-content\/uploads\/2025\/01\/images-2025-01-27T191357.645.jpeg\" \/>\n\t<meta property=\"og:image:width\" content=\"739\" \/>\n\t<meta property=\"og:image:height\" content=\"415\" \/>\n\t<meta property=\"og:image:type\" content=\"image\/jpeg\" \/>\n<meta name=\"author\" content=\"letsportsrock\" \/>\n<meta name=\"twitter:card\" content=\"summary_large_image\" \/>\n<meta name=\"twitter:label1\" content=\"Written by\" \/>\n\t<meta name=\"twitter:data1\" content=\"letsportsrock\" \/>\n\t<meta name=\"twitter:label2\" content=\"Est. reading time\" \/>\n\t<meta name=\"twitter:data2\" content=\"2 minutes\" \/>\n<script type=\"application\/ld+json\" class=\"yoast-schema-graph\">{\"@context\":\"https:\\\/\\\/schema.org\",\"@graph\":[{\"@type\":\"Article\",\"@id\":\"https:\\\/\\\/www.letsportsrock.com\\\/?p=20807#article\",\"isPartOf\":{\"@id\":\"https:\\\/\\\/www.letsportsrock.com\\\/?p=20807\"},\"author\":{\"name\":\"letsportsrock\",\"@id\":\"https:\\\/\\\/www.letsportsrock.com\\\/#\\\/schema\\\/person\\\/a454ac24e58b214ddd97e4b5afb0bf01\"},\"headline\":\"&#8220;Voi pleca: De urgen\u021b\u0103, un atacant experimentat de la FC Dinamo Bucure\u0219ti confirm\u0103 c\u0103 vrea s\u0103 plece&#8221;\",\"datePublished\":\"2025-01-27T18:13:25+00:00\",\"dateModified\":\"2025-01-27T18:14:32+00:00\",\"mainEntityOfPage\":{\"@id\":\"https:\\\/\\\/www.letsportsrock.com\\\/?p=20807\"},\"wordCount\":358,\"commentCount\":0,\"image\":{\"@id\":\"https:\\\/\\\/www.letsportsrock.com\\\/?p=20807#primaryimage\"},\"thumbnailUrl\":\"https:\\\/\\\/www.letsportsrock.com\\\/wp-content\\\/uploads\\\/2025\\\/01\\\/images-2025-01-27T191357.645.jpeg\",\"inLanguage\":\"en-US\",\"potentialAction\":[{\"@type\":\"CommentAction\",\"name\":\"Comment\",\"target\":[\"https:\\\/\\\/www.letsportsrock.com\\\/?p=20807#respond\"]}]},{\"@type\":\"WebPage\",\"@id\":\"https:\\\/\\\/www.letsportsrock.com\\\/?p=20807\",\"url\":\"https:\\\/\\\/www.letsportsrock.com\\\/?p=20807\",\"name\":\"\\\"Voi pleca: De urgen\u021b\u0103, un atacant experimen\",\"isPartOf\":{\"@id\":\"https:\\\/\\\/www.letsportsrock.com\\\/#website\"},\"primaryImageOfPage\":{\"@id\":\"https:\\\/\\\/www.letsportsrock.com\\\/?p=20807#primaryimage\"},\"image\":{\"@id\":\"https:\\\/\\\/www.letsportsrock.com\\\/?p=20807#primaryimage\"},\"thumbnailUrl\":\"https:\\\/\\\/www.letsportsrock.com\\\/wp-content\\\/uploads\\\/2025\\\/01\\\/images-2025-01-27T191357.645.jpeg\",\"datePublished\":\"2025-01-27T18:13:25+00:00\",\"dateModified\":\"2025-01-27T18:14:32+00:00\",\"author\":{\"@id\":\"https:\\\/\\\/www.letsportsrock.com\\\/#\\\/schema\\\/person\\\/a454ac24e58b214ddd97e4b5afb0bf01\"},\"description\":\"\\\"Voi pleca: De urgen\u021b\u0103, un atacant experimentat de la FC Dinamo Bucure\u0219ti confirm\u0103 c\u0103 vrea s\u0103 plece\\\".........\",\"breadcrumb\":{\"@id\":\"https:\\\/\\\/www.letsportsrock.com\\\/?p=20807#breadcrumb\"},\"inLanguage\":\"en-US\",\"potentialAction\":[{\"@type\":\"ReadAction\",\"target\":[\"https:\\\/\\\/www.letsportsrock.com\\\/?p=20807\"]}]},{\"@type\":\"ImageObject\",\"inLanguage\":\"en-US\",\"@id\":\"https:\\\/\\\/www.letsportsrock.com\\\/?p=20807#primaryimage\",\"url\":\"https:\\\/\\\/www.letsportsrock.com\\\/wp-content\\\/uploads\\\/2025\\\/01\\\/images-2025-01-27T191357.645.jpeg\",\"contentUrl\":\"https:\\\/\\\/www.letsportsrock.com\\\/wp-content\\\/uploads\\\/2025\\\/01\\\/images-2025-01-27T191357.645.jpeg\",\"width\":739,\"height\":415},{\"@type\":\"BreadcrumbList\",\"@id\":\"https:\\\/\\\/www.letsportsrock.com\\\/?p=20807#breadcrumb\",\"itemListElement\":[{\"@type\":\"ListItem\",\"position\":1,\"name\":\"Home\",\"item\":\"https:\\\/\\\/www.letsportsrock.com\\\/\"},{\"@type\":\"ListItem\",\"position\":2,\"name\":\"&#8220;Voi pleca: De urgen\u021b\u0103, un atacant experimentat de la FC Dinamo Bucure\u0219ti confirm\u0103 c\u0103 vrea s\u0103 plece&#8221;\"}]},{\"@type\":\"WebSite\",\"@id\":\"https:\\\/\\\/www.letsportsrock.com\\\/#website\",\"url\":\"https:\\\/\\\/www.letsportsrock.com\\\/\",\"name\":\"letsportsrock\",\"description\":\"Sport News and Updates\",\"potentialAction\":[{\"@type\":\"SearchAction\",\"target\":{\"@type\":\"EntryPoint\",\"urlTemplate\":\"https:\\\/\\\/www.letsportsrock.com\\\/?s={search_term_string}\"},\"query-input\":{\"@type\":\"PropertyValueSpecification\",\"valueRequired\":true,\"valueName\":\"search_term_string\"}}],\"inLanguage\":\"en-US\"},{\"@type\":\"Person\",\"@id\":\"https:\\\/\\\/www.letsportsrock.com\\\/#\\\/schema\\\/person\\\/a454ac24e58b214ddd97e4b5afb0bf01\",\"name\":\"letsportsrock\",\"image\":{\"@type\":\"ImageObject\",\"inLanguage\":\"en-US\",\"@id\":\"https:\\\/\\\/secure.gravatar.com\\\/avatar\\\/f8ef950cbb7574c0bc874094b8d307659bfe2d7aa4a9d26fa6917eff010748f9?s=96&d=mm&r=g\",\"url\":\"https:\\\/\\\/secure.gravatar.com\\\/avatar\\\/f8ef950cbb7574c0bc874094b8d307659bfe2d7aa4a9d26fa6917eff010748f9?s=96&d=mm&r=g\",\"contentUrl\":\"https:\\\/\\\/secure.gravatar.com\\\/avatar\\\/f8ef950cbb7574c0bc874094b8d307659bfe2d7aa4a9d26fa6917eff010748f9?s=96&d=mm&r=g\",\"caption\":\"letsportsrock\"},\"sameAs\":[\"https:\\\/\\\/www.letsportsrock.com\"],\"url\":\"https:\\\/\\\/www.letsportsrock.com\\\/?author=1\"}]}<\/script>\n<!-- \/ Yoast SEO plugin. -->","yoast_head_json":{"title":"\"Voi pleca: De urgen\u021b\u0103, un atacant experimen","description":"\"Voi pleca: De urgen\u021b\u0103, un atacant experimentat de la FC Dinamo Bucure\u0219ti confirm\u0103 c\u0103 vrea s\u0103 plece\".........","robots":{"index":"index","follow":"follow","max-snippet":"max-snippet:-1","max-image-preview":"max-image-preview:large","max-video-preview":"max-video-preview:-1"},"canonical":"https:\/\/www.letsportsrock.com\/?p=20807","og_locale":"en_US","og_type":"article","og_title":"\"Voi pleca: De urgen\u021b\u0103, un atacant experimen","og_description":"\"Voi pleca: De urgen\u021b\u0103, un atacant experimentat de la FC Dinamo Bucure\u0219ti confirm\u0103 c\u0103 vrea s\u0103 plece\".........","og_url":"https:\/\/www.letsportsrock.com\/?p=20807","og_site_name":"letsportsrock","article_published_time":"2025-01-27T18:13:25+00:00","article_modified_time":"2025-01-27T18:14:32+00:00","og_image":[{"width":739,"height":415,"url":"https:\/\/www.letsportsrock.com\/wp-content\/uploads\/2025\/01\/images-2025-01-27T191357.645.jpeg","type":"image\/jpeg"}],"author":"letsportsrock","twitter_card":"summary_large_image","twitter_misc":{"Written by":"letsportsrock","Est. reading time":"2 minutes"},"schema":{"@context":"https:\/\/schema.org","@graph":[{"@type":"Article","@id":"https:\/\/www.letsportsrock.com\/?p=20807#article","isPartOf":{"@id":"https:\/\/www.letsportsrock.com\/?p=20807"},"author":{"name":"letsportsrock","@id":"https:\/\/www.letsportsrock.com\/#\/schema\/person\/a454ac24e58b214ddd97e4b5afb0bf01"},"headline":"&#8220;Voi pleca: De urgen\u021b\u0103, un atacant experimentat de la FC Dinamo Bucure\u0219ti confirm\u0103 c\u0103 vrea s\u0103 plece&#8221;","datePublished":"2025-01-27T18:13:25+00:00","dateModified":"2025-01-27T18:14:32+00:00","mainEntityOfPage":{"@id":"https:\/\/www.letsportsrock.com\/?p=20807"},"wordCount":358,"commentCount":0,"image":{"@id":"https:\/\/www.letsportsrock.com\/?p=20807#primaryimage"},"thumbnailUrl":"https:\/\/www.letsportsrock.com\/wp-content\/uploads\/2025\/01\/images-2025-01-27T191357.645.jpeg","inLanguage":"en-US","potentialAction":[{"@type":"CommentAction","name":"Comment","target":["https:\/\/www.letsportsrock.com\/?p=20807#respond"]}]},{"@type":"WebPage","@id":"https:\/\/www.letsportsrock.com\/?p=20807","url":"https:\/\/www.letsportsrock.com\/?p=20807","name":"\"Voi pleca: De urgen\u021b\u0103, un atacant experimen","isPartOf":{"@id":"https:\/\/www.letsportsrock.com\/#website"},"primaryImageOfPage":{"@id":"https:\/\/www.letsportsrock.com\/?p=20807#primaryimage"},"image":{"@id":"https:\/\/www.letsportsrock.com\/?p=20807#primaryimage"},"thumbnailUrl":"https:\/\/www.letsportsrock.com\/wp-content\/uploads\/2025\/01\/images-2025-01-27T191357.645.jpeg","datePublished":"2025-01-27T18:13:25+00:00","dateModified":"2025-01-27T18:14:32+00:00","author":{"@id":"https:\/\/www.letsportsrock.com\/#\/schema\/person\/a454ac24e58b214ddd97e4b5afb0bf01"},"description":"\"Voi pleca: De urgen\u021b\u0103, un atacant experimentat de la FC Dinamo Bucure\u0219ti confirm\u0103 c\u0103 vrea s\u0103 plece\".........","breadcrumb":{"@id":"https:\/\/www.letsportsrock.com\/?p=20807#breadcrumb"},"inLanguage":"en-US","potentialAction":[{"@type":"ReadAction","target":["https:\/\/www.letsportsrock.com\/?p=20807"]}]},{"@type":"ImageObject","inLanguage":"en-US","@id":"https:\/\/www.letsportsrock.com\/?p=20807#primaryimage","url":"https:\/\/www.letsportsrock.com\/wp-content\/uploads\/2025\/01\/images-2025-01-27T191357.645.jpeg","contentUrl":"https:\/\/www.letsportsrock.com\/wp-content\/uploads\/2025\/01\/images-2025-01-27T191357.645.jpeg","width":739,"height":415},{"@type":"BreadcrumbList","@id":"https:\/\/www.letsportsrock.com\/?p=20807#breadcrumb","itemListElement":[{"@type":"ListItem","position":1,"name":"Home","item":"https:\/\/www.letsportsrock.com\/"},{"@type":"ListItem","position":2,"name":"&#8220;Voi pleca: De urgen\u021b\u0103, un atacant experimentat de la FC Dinamo Bucure\u0219ti confirm\u0103 c\u0103 vrea s\u0103 plece&#8221;"}]},{"@type":"WebSite","@id":"https:\/\/www.letsportsrock.com\/#website","url":"https:\/\/www.letsportsrock.com\/","name":"letsportsrock","description":"Sport News and Updates","potentialAction":[{"@type":"SearchAction","target":{"@type":"EntryPoint","urlTemplate":"https:\/\/www.letsportsrock.com\/?s={search_term_string}"},"query-input":{"@type":"PropertyValueSpecification","valueRequired":true,"valueName":"search_term_string"}}],"inLanguage":"en-US"},{"@type":"Person","@id":"https:\/\/www.letsportsrock.com\/#\/schema\/person\/a454ac24e58b214ddd97e4b5afb0bf01","name":"letsportsrock","image":{"@type":"ImageObject","inLanguage":"en-US","@id":"https:\/\/secure.gravatar.com\/avatar\/f8ef950cbb7574c0bc874094b8d307659bfe2d7aa4a9d26fa6917eff010748f9?s=96&d=mm&r=g","url":"https:\/\/secure.gravatar.com\/avatar\/f8ef950cbb7574c0bc874094b8d307659bfe2d7aa4a9d26fa6917eff010748f9?s=96&d=mm&r=g","contentUrl":"https:\/\/secure.gravatar.com\/avatar\/f8ef950cbb7574c0bc874094b8d307659bfe2d7aa4a9d26fa6917eff010748f9?s=96&d=mm&r=g","caption":"letsportsrock"},"sameAs":["https:\/\/www.letsportsrock.com"],"url":"https:\/\/www.letsportsrock.com\/?author=1"}]}},"jetpack_featured_media_url":"https:\/\/www.letsportsrock.com\/wp-content\/uploads\/2025\/01\/images-2025-01-27T191357.645.jpeg","jetpack_sharing_enabled":true,"_links":{"self":[{"href":"https:\/\/www.letsportsrock.com\/index.php?rest_route=\/wp\/v2\/posts\/20807","targetHints":{"allow":["GET"]}}],"collection":[{"href":"https:\/\/www.letsportsrock.com\/index.php?rest_route=\/wp\/v2\/posts"}],"about":[{"href":"https:\/\/www.letsportsrock.com\/index.php?rest_route=\/wp\/v2\/types\/post"}],"author":[{"embeddable":true,"href":"https:\/\/www.letsportsrock.com\/index.php?rest_route=\/wp\/v2\/users\/1"}],"replies":[{"embeddable":true,"href":"https:\/\/www.letsportsrock.com\/index.php?rest_route=%2Fwp%2Fv2%2Fcomments&post=20807"}],"version-history":[{"count":1,"href":"https:\/\/www.letsportsrock.com\/index.php?rest_route=\/wp\/v2\/posts\/20807\/revisions"}],"predecessor-version":[{"id":20808,"href":"https:\/\/www.letsportsrock.com\/index.php?rest_route=\/wp\/v2\/posts\/20807\/revisions\/20808"}],"wp:featuredmedia":[{"embeddable":true,"href":"https:\/\/www.letsportsrock.com\/index.php?rest_route=\/wp\/v2\/media\/20809"}],"wp:attachment":[{"href":"https:\/\/www.letsportsrock.com\/index.php?rest_route=%2Fwp%2Fv2%2Fmedia&parent=20807"}],"wp:term":[{"taxonomy":"category","embeddable":true,"href":"https:\/\/www.letsportsrock.com\/index.php?rest_route=%2Fwp%2Fv2%2Fcategories&post=20807"},{"taxonomy":"post_tag","embeddable":true,"href":"https:\/\/www.letsportsrock.com\/index.php?rest_route=%2Fwp%2Fv2%2Ftags&post=20807"}],"curies":[{"name":"wp","href":"https:\/\/api.w.org\/{rel}","templated":true}]}}