{"id":21018,"date":"2025-01-28T20:59:57","date_gmt":"2025-01-28T20:59:57","guid":{"rendered":"https:\/\/www.letsportsrock.com\/?p=21018"},"modified":"2025-01-28T21:06:45","modified_gmt":"2025-01-28T21:06:45","slug":"stiri-de-ultima-ora-fc-dinamo-bucuresti-anunta-oficial-rezilierea-contractului-cu-doi-jucatori-sensationali","status":"publish","type":"post","link":"https:\/\/www.letsportsrock.com\/?p=21018","title":{"rendered":"\u0218tiri De Ultim\u0103 Or\u0103: FC Dinamo Bucure\u0219ti Anun\u021b\u0103 Oficial Rezilierea Contractului Cu Doi Juc\u0103tori Sensa\u021bionali"},"content":{"rendered":"<div class=\"d79db4796efc26332eabfc3f5dafbc76\" data-index=\"1\" style=\"float: none; margin:10px 0 10px 0; text-align:center;\">\n<div class=\"hb-ad-inarticle\">\r\n    <div class=\"hb-ad-inner\"> \r\n    <div class=\"hbagency_cls\"  id=\"hbagency_space_111930\"><\/div><\/div> <\/div>\n<\/div>\n<p>**\u0218tiri De Ultim\u0103 Or\u0103: FC Dinamo Bucure\u0219ti Anun\u021b\u0103 Oficial Rezilierea Contractului Cu Doi Juc\u0103tori Sensa\u021bionali**<\/p>\n<p>&nbsp;<\/p>\n<p>\u00centr-o mi\u0219care nea\u0219teptat\u0103, FC Dinamo Bucure\u0219ti a anun\u021bat oficial rezilierea contractului cu doi dintre cei mai valoro\u0219i juc\u0103tori ai echipei. Decizia a \u0219ocat fanii \u0219i a st\u00e2rnit o mare nelini\u0219te \u00een r\u00e2ndul suporterilor, care sperau ca ace\u0219tia s\u0103 r\u0103m\u00e2n\u0103 pe termen lung \u0219i s\u0103 contribuie la rena\u0219terea echipei.<\/p>\n<p>&nbsp;<\/p>\n<p>Primul juc\u0103tor al c\u0103rui contract a fost reziliat este [Numele juc\u0103torului 1], un mijloca\u0219 cu o tehnic\u0103 deosebit\u0103 \u0219i cu un impact semnificativ \u00een jocul echipei. De la venirea sa la Dinamo, acesta a impresionat prin stilul s\u0103u de joc \u0219i prin abilitatea de a marca goluri decisive. Suporterii \u00eel considerau un lider \u00een vestiar \u0219i un juc\u0103tor cheie \u00een strategia clubului. Decizia de a-l l\u0103sa s\u0103 plece a fost o surpriz\u0103, av\u00e2nd \u00een vedere c\u0103 acesta era v\u0103zut ca o pies\u0103 esen\u021bial\u0103 a echipei.<\/p>\n<p>&nbsp;<\/p>\n<p>Al doilea juc\u0103tor care a fost eliberat este [Numele juc\u0103torului 2], un atacant cu un poten\u021bial extraordinar. Acesta a reu\u0219it s\u0103 atrag\u0103 aten\u021bia prin golurile sale spectaculoase \u0219i prin performan\u021bele remarcabile \u00een campionatul intern \u0219i \u00een competi\u021biile europene. Din p\u0103cate, din cauza unor disensiuni interne sau a unor probleme financiare, contractul s\u0103u a fost reziliat \u00eenainte de termen.<\/p>\n<p>&nbsp;<\/p>\n<p>Decizia clubului a fost motivat\u0103 prin necesitatea unei restructur\u0103ri interne, dar \u0219i din cauza dificult\u0103\u021bilor financiare cu care se confrunt\u0103 FC Dinamo Bucure\u0219ti \u00een acest moment. De\u0219i este o mi\u0219care riscant\u0103, conducerea clubului sper\u0103 c\u0103 aceasta va contribui la crearea unui viitor mai stabil \u0219i la \u00eent\u0103rirea echipei \u00een urm\u0103toarele sezoane.<\/p>\n<p>&nbsp;<\/p>\n<p>Fanii echipei sunt dezam\u0103gi\u021bi \u0219i au \u00eenceput deja s\u0103 speculeze despre urm\u0103toarele mi\u0219c\u0103ri ale clubului. R\u0103m\u00e2ne de v\u0103zut cum va evolua situa\u021bia la Dinamo \u0219i ce planuri de transferuri vor urma \u00een perioada urm\u0103toare.<\/p>\n\n<div style=\"font-size: 0px; height: 0px; line-height: 0px; margin: 0; padding: 0; clear: both;\"><\/div>","protected":false},"excerpt":{"rendered":"<p>**\u0218tiri De Ultim\u0103 Or\u0103: FC Dinamo Bucure\u0219ti Anun\u021b\u0103 Oficial Rezilierea Contractului Cu Doi Juc\u0103tori Sensa\u021bionali** &nbsp; \u00centr-o mi\u0219care nea\u0219teptat\u0103, FC Dinamo Bucure\u0219ti a anun\u021bat oficial rezilierea contractului cu doi dintre cei mai valoro\u0219i juc\u0103tori ai echipei. Decizia a \u0219ocat fanii \u0219i a st\u00e2rnit o mare nelini\u0219te \u00een r\u00e2ndul suporterilor, care sperau ca ace\u0219tia s\u0103 r\u0103m\u00e2n\u0103 [&hellip;]<\/p>\n","protected":false},"author":1,"featured_media":21020,"comment_status":"open","ping_status":"open","sticky":false,"template":"","format":"standard","meta":{"_jetpack_memberships_contains_paid_content":false,"footnotes":""},"categories":[1],"tags":[],"class_list":["post-21018","post","type-post","status-publish","format-standard","has-post-thumbnail","hentry","category-uncategorized"],"yoast_head":"<!-- This site is optimized with the Yoast SEO plugin v27.4 - https:\/\/yoast.com\/product\/yoast-seo-wordpress\/ -->\n<title>\u0218tiri De Ultim\u0103 Or\u0103: FC Dinamo Bucure\u0219ti Anun\u021b\u0103 Oficial Rezilierea Contractului Cu Doi Juc\u0103tori Sensa\u021bionali<\/title>\n<meta name=\"description\" content=\"\u0218tiri De Ultim\u0103 Or\u0103: FC Dinamo Bucure\u0219ti Anun\u021b\u0103 Oficial Rezilierea Contractului Cu Doi Juc\u0103tori Sensa\u021bionali\" \/>\n<meta name=\"robots\" content=\"index, follow, max-snippet:-1, max-image-preview:large, max-video-preview:-1\" \/>\n<link rel=\"canonical\" href=\"https:\/\/www.letsportsrock.com\/?p=21018\" \/>\n<meta property=\"og:locale\" content=\"en_US\" \/>\n<meta property=\"og:type\" content=\"article\" \/>\n<meta property=\"og:title\" content=\"\u0218tiri De Ultim\u0103 Or\u0103: FC Dinamo Bucure\u0219ti Anun\u021b\u0103 Oficial Rezilierea Contractului Cu Doi Juc\u0103tori Sensa\u021bionali\" \/>\n<meta property=\"og:description\" content=\"\u0218tiri De Ultim\u0103 Or\u0103: FC Dinamo Bucure\u0219ti Anun\u021b\u0103 Oficial Rezilierea Contractului Cu Doi Juc\u0103tori Sensa\u021bionali\" \/>\n<meta property=\"og:url\" content=\"https:\/\/www.letsportsrock.com\/?p=21018\" \/>\n<meta property=\"og:site_name\" content=\"letsportsrock\" \/>\n<meta property=\"article:published_time\" content=\"2025-01-28T20:59:57+00:00\" \/>\n<meta property=\"article:modified_time\" content=\"2025-01-28T21:06:45+00:00\" \/>\n<meta property=\"og:image\" content=\"https:\/\/www.letsportsrock.com\/wp-content\/uploads\/2025\/01\/images-2025-01-28T220010.129.jpeg\" \/>\n\t<meta property=\"og:image:width\" content=\"678\" \/>\n\t<meta property=\"og:image:height\" content=\"452\" \/>\n\t<meta property=\"og:image:type\" content=\"image\/jpeg\" \/>\n<meta name=\"author\" content=\"letsportsrock\" \/>\n<meta name=\"twitter:card\" content=\"summary_large_image\" \/>\n<meta name=\"twitter:label1\" content=\"Written by\" \/>\n\t<meta name=\"twitter:data1\" content=\"letsportsrock\" \/>\n\t<meta name=\"twitter:label2\" content=\"Est. reading time\" \/>\n\t<meta name=\"twitter:data2\" content=\"2 minutes\" \/>\n<script type=\"application\/ld+json\" class=\"yoast-schema-graph\">{\"@context\":\"https:\\\/\\\/schema.org\",\"@graph\":[{\"@type\":\"Article\",\"@id\":\"https:\\\/\\\/www.letsportsrock.com\\\/?p=21018#article\",\"isPartOf\":{\"@id\":\"https:\\\/\\\/www.letsportsrock.com\\\/?p=21018\"},\"author\":{\"name\":\"letsportsrock\",\"@id\":\"https:\\\/\\\/www.letsportsrock.com\\\/#\\\/schema\\\/person\\\/a454ac24e58b214ddd97e4b5afb0bf01\"},\"headline\":\"\u0218tiri De Ultim\u0103 Or\u0103: FC Dinamo Bucure\u0219ti Anun\u021b\u0103 Oficial Rezilierea Contractului Cu Doi Juc\u0103tori Sensa\u021bionali\",\"datePublished\":\"2025-01-28T20:59:57+00:00\",\"dateModified\":\"2025-01-28T21:06:45+00:00\",\"mainEntityOfPage\":{\"@id\":\"https:\\\/\\\/www.letsportsrock.com\\\/?p=21018\"},\"wordCount\":363,\"commentCount\":0,\"image\":{\"@id\":\"https:\\\/\\\/www.letsportsrock.com\\\/?p=21018#primaryimage\"},\"thumbnailUrl\":\"https:\\\/\\\/www.letsportsrock.com\\\/wp-content\\\/uploads\\\/2025\\\/01\\\/images-2025-01-28T220010.129.jpeg\",\"inLanguage\":\"en-US\",\"potentialAction\":[{\"@type\":\"CommentAction\",\"name\":\"Comment\",\"target\":[\"https:\\\/\\\/www.letsportsrock.com\\\/?p=21018#respond\"]}]},{\"@type\":\"WebPage\",\"@id\":\"https:\\\/\\\/www.letsportsrock.com\\\/?p=21018\",\"url\":\"https:\\\/\\\/www.letsportsrock.com\\\/?p=21018\",\"name\":\"\u0218tiri De Ultim\u0103 Or\u0103: FC Dinamo Bucure\u0219ti Anun\u021b\u0103 Oficial Rezilierea Contractului Cu Doi Juc\u0103tori Sensa\u021bionali\",\"isPartOf\":{\"@id\":\"https:\\\/\\\/www.letsportsrock.com\\\/#website\"},\"primaryImageOfPage\":{\"@id\":\"https:\\\/\\\/www.letsportsrock.com\\\/?p=21018#primaryimage\"},\"image\":{\"@id\":\"https:\\\/\\\/www.letsportsrock.com\\\/?p=21018#primaryimage\"},\"thumbnailUrl\":\"https:\\\/\\\/www.letsportsrock.com\\\/wp-content\\\/uploads\\\/2025\\\/01\\\/images-2025-01-28T220010.129.jpeg\",\"datePublished\":\"2025-01-28T20:59:57+00:00\",\"dateModified\":\"2025-01-28T21:06:45+00:00\",\"author\":{\"@id\":\"https:\\\/\\\/www.letsportsrock.com\\\/#\\\/schema\\\/person\\\/a454ac24e58b214ddd97e4b5afb0bf01\"},\"description\":\"\u0218tiri De Ultim\u0103 Or\u0103: FC Dinamo Bucure\u0219ti Anun\u021b\u0103 Oficial Rezilierea Contractului Cu Doi Juc\u0103tori Sensa\u021bionali\",\"breadcrumb\":{\"@id\":\"https:\\\/\\\/www.letsportsrock.com\\\/?p=21018#breadcrumb\"},\"inLanguage\":\"en-US\",\"potentialAction\":[{\"@type\":\"ReadAction\",\"target\":[\"https:\\\/\\\/www.letsportsrock.com\\\/?p=21018\"]}]},{\"@type\":\"ImageObject\",\"inLanguage\":\"en-US\",\"@id\":\"https:\\\/\\\/www.letsportsrock.com\\\/?p=21018#primaryimage\",\"url\":\"https:\\\/\\\/www.letsportsrock.com\\\/wp-content\\\/uploads\\\/2025\\\/01\\\/images-2025-01-28T220010.129.jpeg\",\"contentUrl\":\"https:\\\/\\\/www.letsportsrock.com\\\/wp-content\\\/uploads\\\/2025\\\/01\\\/images-2025-01-28T220010.129.jpeg\",\"width\":678,\"height\":452},{\"@type\":\"BreadcrumbList\",\"@id\":\"https:\\\/\\\/www.letsportsrock.com\\\/?p=21018#breadcrumb\",\"itemListElement\":[{\"@type\":\"ListItem\",\"position\":1,\"name\":\"Home\",\"item\":\"https:\\\/\\\/www.letsportsrock.com\\\/\"},{\"@type\":\"ListItem\",\"position\":2,\"name\":\"\u0218tiri De Ultim\u0103 Or\u0103: FC Dinamo Bucure\u0219ti Anun\u021b\u0103 Oficial Rezilierea Contractului Cu Doi Juc\u0103tori Sensa\u021bionali\"}]},{\"@type\":\"WebSite\",\"@id\":\"https:\\\/\\\/www.letsportsrock.com\\\/#website\",\"url\":\"https:\\\/\\\/www.letsportsrock.com\\\/\",\"name\":\"letsportsrock\",\"description\":\"Sport News and Updates\",\"potentialAction\":[{\"@type\":\"SearchAction\",\"target\":{\"@type\":\"EntryPoint\",\"urlTemplate\":\"https:\\\/\\\/www.letsportsrock.com\\\/?s={search_term_string}\"},\"query-input\":{\"@type\":\"PropertyValueSpecification\",\"valueRequired\":true,\"valueName\":\"search_term_string\"}}],\"inLanguage\":\"en-US\"},{\"@type\":\"Person\",\"@id\":\"https:\\\/\\\/www.letsportsrock.com\\\/#\\\/schema\\\/person\\\/a454ac24e58b214ddd97e4b5afb0bf01\",\"name\":\"letsportsrock\",\"image\":{\"@type\":\"ImageObject\",\"inLanguage\":\"en-US\",\"@id\":\"https:\\\/\\\/secure.gravatar.com\\\/avatar\\\/f8ef950cbb7574c0bc874094b8d307659bfe2d7aa4a9d26fa6917eff010748f9?s=96&d=mm&r=g\",\"url\":\"https:\\\/\\\/secure.gravatar.com\\\/avatar\\\/f8ef950cbb7574c0bc874094b8d307659bfe2d7aa4a9d26fa6917eff010748f9?s=96&d=mm&r=g\",\"contentUrl\":\"https:\\\/\\\/secure.gravatar.com\\\/avatar\\\/f8ef950cbb7574c0bc874094b8d307659bfe2d7aa4a9d26fa6917eff010748f9?s=96&d=mm&r=g\",\"caption\":\"letsportsrock\"},\"sameAs\":[\"https:\\\/\\\/www.letsportsrock.com\"],\"url\":\"https:\\\/\\\/www.letsportsrock.com\\\/?author=1\"}]}<\/script>\n<!-- \/ Yoast SEO plugin. -->","yoast_head_json":{"title":"\u0218tiri De Ultim\u0103 Or\u0103: FC Dinamo Bucure\u0219ti Anun\u021b\u0103 Oficial Rezilierea Contractului Cu Doi Juc\u0103tori Sensa\u021bionali","description":"\u0218tiri De Ultim\u0103 Or\u0103: FC Dinamo Bucure\u0219ti Anun\u021b\u0103 Oficial Rezilierea Contractului Cu Doi Juc\u0103tori Sensa\u021bionali","robots":{"index":"index","follow":"follow","max-snippet":"max-snippet:-1","max-image-preview":"max-image-preview:large","max-video-preview":"max-video-preview:-1"},"canonical":"https:\/\/www.letsportsrock.com\/?p=21018","og_locale":"en_US","og_type":"article","og_title":"\u0218tiri De Ultim\u0103 Or\u0103: FC Dinamo Bucure\u0219ti Anun\u021b\u0103 Oficial Rezilierea Contractului Cu Doi Juc\u0103tori Sensa\u021bionali","og_description":"\u0218tiri De Ultim\u0103 Or\u0103: FC Dinamo Bucure\u0219ti Anun\u021b\u0103 Oficial Rezilierea Contractului Cu Doi Juc\u0103tori Sensa\u021bionali","og_url":"https:\/\/www.letsportsrock.com\/?p=21018","og_site_name":"letsportsrock","article_published_time":"2025-01-28T20:59:57+00:00","article_modified_time":"2025-01-28T21:06:45+00:00","og_image":[{"width":678,"height":452,"url":"https:\/\/www.letsportsrock.com\/wp-content\/uploads\/2025\/01\/images-2025-01-28T220010.129.jpeg","type":"image\/jpeg"}],"author":"letsportsrock","twitter_card":"summary_large_image","twitter_misc":{"Written by":"letsportsrock","Est. reading time":"2 minutes"},"schema":{"@context":"https:\/\/schema.org","@graph":[{"@type":"Article","@id":"https:\/\/www.letsportsrock.com\/?p=21018#article","isPartOf":{"@id":"https:\/\/www.letsportsrock.com\/?p=21018"},"author":{"name":"letsportsrock","@id":"https:\/\/www.letsportsrock.com\/#\/schema\/person\/a454ac24e58b214ddd97e4b5afb0bf01"},"headline":"\u0218tiri De Ultim\u0103 Or\u0103: FC Dinamo Bucure\u0219ti Anun\u021b\u0103 Oficial Rezilierea Contractului Cu Doi Juc\u0103tori Sensa\u021bionali","datePublished":"2025-01-28T20:59:57+00:00","dateModified":"2025-01-28T21:06:45+00:00","mainEntityOfPage":{"@id":"https:\/\/www.letsportsrock.com\/?p=21018"},"wordCount":363,"commentCount":0,"image":{"@id":"https:\/\/www.letsportsrock.com\/?p=21018#primaryimage"},"thumbnailUrl":"https:\/\/www.letsportsrock.com\/wp-content\/uploads\/2025\/01\/images-2025-01-28T220010.129.jpeg","inLanguage":"en-US","potentialAction":[{"@type":"CommentAction","name":"Comment","target":["https:\/\/www.letsportsrock.com\/?p=21018#respond"]}]},{"@type":"WebPage","@id":"https:\/\/www.letsportsrock.com\/?p=21018","url":"https:\/\/www.letsportsrock.com\/?p=21018","name":"\u0218tiri De Ultim\u0103 Or\u0103: FC Dinamo Bucure\u0219ti Anun\u021b\u0103 Oficial Rezilierea Contractului Cu Doi Juc\u0103tori Sensa\u021bionali","isPartOf":{"@id":"https:\/\/www.letsportsrock.com\/#website"},"primaryImageOfPage":{"@id":"https:\/\/www.letsportsrock.com\/?p=21018#primaryimage"},"image":{"@id":"https:\/\/www.letsportsrock.com\/?p=21018#primaryimage"},"thumbnailUrl":"https:\/\/www.letsportsrock.com\/wp-content\/uploads\/2025\/01\/images-2025-01-28T220010.129.jpeg","datePublished":"2025-01-28T20:59:57+00:00","dateModified":"2025-01-28T21:06:45+00:00","author":{"@id":"https:\/\/www.letsportsrock.com\/#\/schema\/person\/a454ac24e58b214ddd97e4b5afb0bf01"},"description":"\u0218tiri De Ultim\u0103 Or\u0103: FC Dinamo Bucure\u0219ti Anun\u021b\u0103 Oficial Rezilierea Contractului Cu Doi Juc\u0103tori Sensa\u021bionali","breadcrumb":{"@id":"https:\/\/www.letsportsrock.com\/?p=21018#breadcrumb"},"inLanguage":"en-US","potentialAction":[{"@type":"ReadAction","target":["https:\/\/www.letsportsrock.com\/?p=21018"]}]},{"@type":"ImageObject","inLanguage":"en-US","@id":"https:\/\/www.letsportsrock.com\/?p=21018#primaryimage","url":"https:\/\/www.letsportsrock.com\/wp-content\/uploads\/2025\/01\/images-2025-01-28T220010.129.jpeg","contentUrl":"https:\/\/www.letsportsrock.com\/wp-content\/uploads\/2025\/01\/images-2025-01-28T220010.129.jpeg","width":678,"height":452},{"@type":"BreadcrumbList","@id":"https:\/\/www.letsportsrock.com\/?p=21018#breadcrumb","itemListElement":[{"@type":"ListItem","position":1,"name":"Home","item":"https:\/\/www.letsportsrock.com\/"},{"@type":"ListItem","position":2,"name":"\u0218tiri De Ultim\u0103 Or\u0103: FC Dinamo Bucure\u0219ti Anun\u021b\u0103 Oficial Rezilierea Contractului Cu Doi Juc\u0103tori Sensa\u021bionali"}]},{"@type":"WebSite","@id":"https:\/\/www.letsportsrock.com\/#website","url":"https:\/\/www.letsportsrock.com\/","name":"letsportsrock","description":"Sport News and Updates","potentialAction":[{"@type":"SearchAction","target":{"@type":"EntryPoint","urlTemplate":"https:\/\/www.letsportsrock.com\/?s={search_term_string}"},"query-input":{"@type":"PropertyValueSpecification","valueRequired":true,"valueName":"search_term_string"}}],"inLanguage":"en-US"},{"@type":"Person","@id":"https:\/\/www.letsportsrock.com\/#\/schema\/person\/a454ac24e58b214ddd97e4b5afb0bf01","name":"letsportsrock","image":{"@type":"ImageObject","inLanguage":"en-US","@id":"https:\/\/secure.gravatar.com\/avatar\/f8ef950cbb7574c0bc874094b8d307659bfe2d7aa4a9d26fa6917eff010748f9?s=96&d=mm&r=g","url":"https:\/\/secure.gravatar.com\/avatar\/f8ef950cbb7574c0bc874094b8d307659bfe2d7aa4a9d26fa6917eff010748f9?s=96&d=mm&r=g","contentUrl":"https:\/\/secure.gravatar.com\/avatar\/f8ef950cbb7574c0bc874094b8d307659bfe2d7aa4a9d26fa6917eff010748f9?s=96&d=mm&r=g","caption":"letsportsrock"},"sameAs":["https:\/\/www.letsportsrock.com"],"url":"https:\/\/www.letsportsrock.com\/?author=1"}]}},"jetpack_featured_media_url":"https:\/\/www.letsportsrock.com\/wp-content\/uploads\/2025\/01\/images-2025-01-28T220010.129.jpeg","jetpack_sharing_enabled":true,"_links":{"self":[{"href":"https:\/\/www.letsportsrock.com\/index.php?rest_route=\/wp\/v2\/posts\/21018","targetHints":{"allow":["GET"]}}],"collection":[{"href":"https:\/\/www.letsportsrock.com\/index.php?rest_route=\/wp\/v2\/posts"}],"about":[{"href":"https:\/\/www.letsportsrock.com\/index.php?rest_route=\/wp\/v2\/types\/post"}],"author":[{"embeddable":true,"href":"https:\/\/www.letsportsrock.com\/index.php?rest_route=\/wp\/v2\/users\/1"}],"replies":[{"embeddable":true,"href":"https:\/\/www.letsportsrock.com\/index.php?rest_route=%2Fwp%2Fv2%2Fcomments&post=21018"}],"version-history":[{"count":1,"href":"https:\/\/www.letsportsrock.com\/index.php?rest_route=\/wp\/v2\/posts\/21018\/revisions"}],"predecessor-version":[{"id":21019,"href":"https:\/\/www.letsportsrock.com\/index.php?rest_route=\/wp\/v2\/posts\/21018\/revisions\/21019"}],"wp:featuredmedia":[{"embeddable":true,"href":"https:\/\/www.letsportsrock.com\/index.php?rest_route=\/wp\/v2\/media\/21020"}],"wp:attachment":[{"href":"https:\/\/www.letsportsrock.com\/index.php?rest_route=%2Fwp%2Fv2%2Fmedia&parent=21018"}],"wp:term":[{"taxonomy":"category","embeddable":true,"href":"https:\/\/www.letsportsrock.com\/index.php?rest_route=%2Fwp%2Fv2%2Fcategories&post=21018"},{"taxonomy":"post_tag","embeddable":true,"href":"https:\/\/www.letsportsrock.com\/index.php?rest_route=%2Fwp%2Fv2%2Ftags&post=21018"}],"curies":[{"name":"wp","href":"https:\/\/api.w.org\/{rel}","templated":true}]}}