{"id":21088,"date":"2025-01-29T10:57:44","date_gmt":"2025-01-29T10:57:44","guid":{"rendered":"https:\/\/www.letsportsrock.com\/?p=21088"},"modified":"2025-01-29T10:57:44","modified_gmt":"2025-01-29T10:57:44","slug":"haos-la-fc-dinamo-mijlocasul-vedeta-recunoaste-da-plec-de-la-club-pentru-a-ma-alatura-citeste-mai-multe-%f0%9f%91%87","status":"publish","type":"post","link":"https:\/\/www.letsportsrock.com\/?p=21088","title":{"rendered":"Haos la FC Dinamo: Mijloca\u0219ul vedet\u0103 recunoa\u0219te \u2013 &#8220;Da, plec de la club pentru a m\u0103 al\u0103tura&#8230;&#8221; Cite\u0219te mai multe"},"content":{"rendered":"<div class=\"d79db4796efc26332eabfc3f5dafbc76\" data-index=\"1\" style=\"float: none; margin:10px 0 10px 0; text-align:center;\">\n<div class=\"hb-ad-inarticle\">\r\n    <div class=\"hb-ad-inner\"> \r\n    <div class=\"hbagency_cls\"  id=\"hbagency_space_111930\"><\/div><\/div> <\/div>\n<\/div>\n<h2>Haos la FC Dinamo: Mijloca\u0219ul vedet\u0103 recunoa\u0219te \u2013 &#8220;Da, plec de la club pentru a m\u0103 al\u0103tura&#8230;&#8221; Cite\u0219te mai multe <\/h2>\n<p>Haos la FC Dinamo: Mijloca\u0219ul vedet\u0103 confirm\u0103 plecarea c\u0103tre un nou club<\/p>\n<p>&nbsp;<\/p>\n<p>FC Dinamo se confrunt\u0103 cu o situa\u021bie tensionat\u0103 dup\u0103 ce unul dintre cei mai importan\u021bi mijloca\u0219i ai echipei a anun\u021bat oficial c\u0103 va p\u0103r\u0103si clubul. Juc\u0103torul, aflat \u00een centrul aten\u021biei \u00een ultimele s\u0103pt\u0103m\u00e2ni din cauza specula\u021biilor privind viitorul s\u0103u, a decis s\u0103 \u00ee\u0219i rezilieze contractul \u0219i s\u0103 se al\u0103ture unei alte echipe de top.<\/p>\n<p>&nbsp;<\/p>\n<p>\u00centr-un interviu recent, mijloca\u0219ul a declarat f\u0103r\u0103 echivoc: &#8220;Da, plec de la Dinamo pentru a m\u0103 al\u0103tura unui nou club. A fost o decizie dificil\u0103, dar simt c\u0103 este momentul potrivit pentru un nou \u00eenceput.&#8221; De\u0219i nu a men\u021bionat explicit noua sa destina\u021bie, surse apropiate sus\u021bin c\u0103 negocierile cu un club important din Europa sunt \u00een faz\u0103 avansat\u0103.<\/p>\n<p>&nbsp;<\/p>\n<p>Aceast\u0103 plecare reprezint\u0103 o lovitur\u0103 pentru Dinamo, care se baza pe contribu\u021bia mijloca\u0219ului \u00een sezonul curent. Suporterii sunt dezam\u0103gi\u021bi, iar oficialii clubului \u00eencearc\u0103 s\u0103 gestioneze situa\u021bia c\u00e2t mai bine posibil. \u00cen zilele urm\u0103toare, se a\u0219teapt\u0103 o declara\u021bie oficial\u0103 din partea clubului pentru a clarifica situa\u021bia \u0219i a anun\u021ba posibilele solu\u021bii pentru \u00eenlocuirea juc\u0103tor<\/p>\n<p>ului.<\/p>\n<p>&nbsp;<\/p>\n<p>&nbsp;<\/p>\n\n<div style=\"font-size: 0px; height: 0px; line-height: 0px; margin: 0; padding: 0; clear: both;\"><\/div>","protected":false},"excerpt":{"rendered":"<p>Haos la FC Dinamo: Mijloca\u0219ul vedet\u0103 recunoa\u0219te \u2013 &#8220;Da, plec de la club pentru a m\u0103 al\u0103tura&#8230;&#8221; Cite\u0219te mai multe Haos la FC Dinamo: Mijloca\u0219ul vedet\u0103 confirm\u0103 plecarea c\u0103tre un nou club &nbsp; FC Dinamo se confrunt\u0103 cu o situa\u021bie tensionat\u0103 dup\u0103 ce unul dintre cei mai importan\u021bi mijloca\u0219i ai echipei a anun\u021bat oficial c\u0103 [&hellip;]<\/p>\n","protected":false},"author":11,"featured_media":21089,"comment_status":"open","ping_status":"open","sticky":false,"template":"","format":"standard","meta":{"_jetpack_memberships_contains_paid_content":false,"footnotes":""},"categories":[276],"tags":[264],"class_list":["post-21088","post","type-post","status-publish","format-standard","has-post-thumbnail","hentry","category-fcsb","tag-fcsb"],"yoast_head":"<!-- This site is optimized with the Yoast SEO plugin v27.4 - https:\/\/yoast.com\/product\/yoast-seo-wordpress\/ -->\n<title>Haos la FC Dinamo: Mijloca\u0219ul vedet\u0103 recunoa\u0219te \u2013 &quot;Da, plec de la club pentru a m\u0103 al\u0103tura...&quot; Cite\u0219te mai multe - letsportsrock<\/title>\n<meta name=\"robots\" content=\"index, follow, max-snippet:-1, max-image-preview:large, max-video-preview:-1\" \/>\n<link rel=\"canonical\" href=\"https:\/\/www.letsportsrock.com\/?p=21088\" \/>\n<meta property=\"og:locale\" content=\"en_US\" \/>\n<meta property=\"og:type\" content=\"article\" \/>\n<meta property=\"og:title\" content=\"Haos la FC Dinamo: Mijloca\u0219ul vedet\u0103 recunoa\u0219te \u2013 &quot;Da, plec de la club pentru a m\u0103 al\u0103tura...&quot; Cite\u0219te mai multe - letsportsrock\" \/>\n<meta property=\"og:description\" content=\"Haos la FC Dinamo: Mijloca\u0219ul vedet\u0103 recunoa\u0219te \u2013 &#8220;Da, plec de la club pentru a m\u0103 al\u0103tura&#8230;&#8221; Cite\u0219te mai multe Haos la FC Dinamo: Mijloca\u0219ul vedet\u0103 confirm\u0103 plecarea c\u0103tre un nou club &nbsp; FC Dinamo se confrunt\u0103 cu o situa\u021bie tensionat\u0103 dup\u0103 ce unul dintre cei mai importan\u021bi mijloca\u0219i ai echipei a anun\u021bat oficial c\u0103 [&hellip;]\" \/>\n<meta property=\"og:url\" content=\"https:\/\/www.letsportsrock.com\/?p=21088\" \/>\n<meta property=\"og:site_name\" content=\"letsportsrock\" \/>\n<meta property=\"article:published_time\" content=\"2025-01-29T10:57:44+00:00\" \/>\n<meta property=\"og:image\" content=\"https:\/\/www.letsportsrock.com\/wp-content\/uploads\/2025\/01\/images-11-7.jpeg\" \/>\n\t<meta property=\"og:image:width\" content=\"612\" \/>\n\t<meta property=\"og:image:height\" content=\"408\" \/>\n\t<meta property=\"og:image:type\" content=\"image\/jpeg\" \/>\n<meta name=\"author\" content=\"Shughun Ivory\" \/>\n<meta name=\"twitter:card\" content=\"summary_large_image\" \/>\n<meta name=\"twitter:label1\" content=\"Written by\" \/>\n\t<meta name=\"twitter:data1\" content=\"Shughun Ivory\" \/>\n\t<meta name=\"twitter:label2\" content=\"Est. reading time\" \/>\n\t<meta name=\"twitter:data2\" content=\"2 minutes\" \/>\n<script type=\"application\/ld+json\" class=\"yoast-schema-graph\">{\"@context\":\"https:\\\/\\\/schema.org\",\"@graph\":[{\"@type\":\"Article\",\"@id\":\"https:\\\/\\\/www.letsportsrock.com\\\/?p=21088#article\",\"isPartOf\":{\"@id\":\"https:\\\/\\\/www.letsportsrock.com\\\/?p=21088\"},\"author\":{\"name\":\"Shughun Ivory\",\"@id\":\"https:\\\/\\\/www.letsportsrock.com\\\/#\\\/schema\\\/person\\\/674619adef31b09138e9ccd4e2852ee0\"},\"headline\":\"Haos la FC Dinamo: Mijloca\u0219ul vedet\u0103 recunoa\u0219te \u2013 &#8220;Da, plec de la club pentru a m\u0103 al\u0103tura&#8230;&#8221; Cite\u0219te mai multe\",\"datePublished\":\"2025-01-29T10:57:44+00:00\",\"mainEntityOfPage\":{\"@id\":\"https:\\\/\\\/www.letsportsrock.com\\\/?p=21088\"},\"wordCount\":265,\"commentCount\":0,\"image\":{\"@id\":\"https:\\\/\\\/www.letsportsrock.com\\\/?p=21088#primaryimage\"},\"thumbnailUrl\":\"https:\\\/\\\/www.letsportsrock.com\\\/wp-content\\\/uploads\\\/2025\\\/01\\\/images-11-7.jpeg\",\"keywords\":[\"FCSB\"],\"articleSection\":[\"FCSB\"],\"inLanguage\":\"en-US\",\"potentialAction\":[{\"@type\":\"CommentAction\",\"name\":\"Comment\",\"target\":[\"https:\\\/\\\/www.letsportsrock.com\\\/?p=21088#respond\"]}]},{\"@type\":\"WebPage\",\"@id\":\"https:\\\/\\\/www.letsportsrock.com\\\/?p=21088\",\"url\":\"https:\\\/\\\/www.letsportsrock.com\\\/?p=21088\",\"name\":\"Haos la FC Dinamo: Mijloca\u0219ul vedet\u0103 recunoa\u0219te \u2013 \\\"Da, plec de la club pentru a m\u0103 al\u0103tura...\\\" Cite\u0219te mai multe - letsportsrock\",\"isPartOf\":{\"@id\":\"https:\\\/\\\/www.letsportsrock.com\\\/#website\"},\"primaryImageOfPage\":{\"@id\":\"https:\\\/\\\/www.letsportsrock.com\\\/?p=21088#primaryimage\"},\"image\":{\"@id\":\"https:\\\/\\\/www.letsportsrock.com\\\/?p=21088#primaryimage\"},\"thumbnailUrl\":\"https:\\\/\\\/www.letsportsrock.com\\\/wp-content\\\/uploads\\\/2025\\\/01\\\/images-11-7.jpeg\",\"datePublished\":\"2025-01-29T10:57:44+00:00\",\"author\":{\"@id\":\"https:\\\/\\\/www.letsportsrock.com\\\/#\\\/schema\\\/person\\\/674619adef31b09138e9ccd4e2852ee0\"},\"breadcrumb\":{\"@id\":\"https:\\\/\\\/www.letsportsrock.com\\\/?p=21088#breadcrumb\"},\"inLanguage\":\"en-US\",\"potentialAction\":[{\"@type\":\"ReadAction\",\"target\":[\"https:\\\/\\\/www.letsportsrock.com\\\/?p=21088\"]}]},{\"@type\":\"ImageObject\",\"inLanguage\":\"en-US\",\"@id\":\"https:\\\/\\\/www.letsportsrock.com\\\/?p=21088#primaryimage\",\"url\":\"https:\\\/\\\/www.letsportsrock.com\\\/wp-content\\\/uploads\\\/2025\\\/01\\\/images-11-7.jpeg\",\"contentUrl\":\"https:\\\/\\\/www.letsportsrock.com\\\/wp-content\\\/uploads\\\/2025\\\/01\\\/images-11-7.jpeg\",\"width\":612,\"height\":408},{\"@type\":\"BreadcrumbList\",\"@id\":\"https:\\\/\\\/www.letsportsrock.com\\\/?p=21088#breadcrumb\",\"itemListElement\":[{\"@type\":\"ListItem\",\"position\":1,\"name\":\"Home\",\"item\":\"https:\\\/\\\/www.letsportsrock.com\\\/\"},{\"@type\":\"ListItem\",\"position\":2,\"name\":\"Haos la FC Dinamo: Mijloca\u0219ul vedet\u0103 recunoa\u0219te \u2013 &#8220;Da, plec de la club pentru a m\u0103 al\u0103tura&#8230;&#8221; Cite\u0219te mai multe\"}]},{\"@type\":\"WebSite\",\"@id\":\"https:\\\/\\\/www.letsportsrock.com\\\/#website\",\"url\":\"https:\\\/\\\/www.letsportsrock.com\\\/\",\"name\":\"letsportsrock\",\"description\":\"Sport News and Updates\",\"potentialAction\":[{\"@type\":\"SearchAction\",\"target\":{\"@type\":\"EntryPoint\",\"urlTemplate\":\"https:\\\/\\\/www.letsportsrock.com\\\/?s={search_term_string}\"},\"query-input\":{\"@type\":\"PropertyValueSpecification\",\"valueRequired\":true,\"valueName\":\"search_term_string\"}}],\"inLanguage\":\"en-US\"},{\"@type\":\"Person\",\"@id\":\"https:\\\/\\\/www.letsportsrock.com\\\/#\\\/schema\\\/person\\\/674619adef31b09138e9ccd4e2852ee0\",\"name\":\"Shughun Ivory\",\"image\":{\"@type\":\"ImageObject\",\"inLanguage\":\"en-US\",\"@id\":\"https:\\\/\\\/secure.gravatar.com\\\/avatar\\\/0461d8b87ac229159ac526ebabd85108a5009b97923e896e2a506577805f8fc1?s=96&d=mm&r=g\",\"url\":\"https:\\\/\\\/secure.gravatar.com\\\/avatar\\\/0461d8b87ac229159ac526ebabd85108a5009b97923e896e2a506577805f8fc1?s=96&d=mm&r=g\",\"contentUrl\":\"https:\\\/\\\/secure.gravatar.com\\\/avatar\\\/0461d8b87ac229159ac526ebabd85108a5009b97923e896e2a506577805f8fc1?s=96&d=mm&r=g\",\"caption\":\"Shughun Ivory\"},\"sameAs\":[\"http:\\\/\\\/Letsportsrock.com\"],\"url\":\"https:\\\/\\\/www.letsportsrock.com\\\/?author=11\"}]}<\/script>\n<!-- \/ Yoast SEO plugin. -->","yoast_head_json":{"title":"Haos la FC Dinamo: Mijloca\u0219ul vedet\u0103 recunoa\u0219te \u2013 \"Da, plec de la club pentru a m\u0103 al\u0103tura...\" Cite\u0219te mai multe - letsportsrock","robots":{"index":"index","follow":"follow","max-snippet":"max-snippet:-1","max-image-preview":"max-image-preview:large","max-video-preview":"max-video-preview:-1"},"canonical":"https:\/\/www.letsportsrock.com\/?p=21088","og_locale":"en_US","og_type":"article","og_title":"Haos la FC Dinamo: Mijloca\u0219ul vedet\u0103 recunoa\u0219te \u2013 \"Da, plec de la club pentru a m\u0103 al\u0103tura...\" Cite\u0219te mai multe - letsportsrock","og_description":"Haos la FC Dinamo: Mijloca\u0219ul vedet\u0103 recunoa\u0219te \u2013 &#8220;Da, plec de la club pentru a m\u0103 al\u0103tura&#8230;&#8221; Cite\u0219te mai multe Haos la FC Dinamo: Mijloca\u0219ul vedet\u0103 confirm\u0103 plecarea c\u0103tre un nou club &nbsp; FC Dinamo se confrunt\u0103 cu o situa\u021bie tensionat\u0103 dup\u0103 ce unul dintre cei mai importan\u021bi mijloca\u0219i ai echipei a anun\u021bat oficial c\u0103 [&hellip;]","og_url":"https:\/\/www.letsportsrock.com\/?p=21088","og_site_name":"letsportsrock","article_published_time":"2025-01-29T10:57:44+00:00","og_image":[{"width":612,"height":408,"url":"https:\/\/www.letsportsrock.com\/wp-content\/uploads\/2025\/01\/images-11-7.jpeg","type":"image\/jpeg"}],"author":"Shughun Ivory","twitter_card":"summary_large_image","twitter_misc":{"Written by":"Shughun Ivory","Est. reading time":"2 minutes"},"schema":{"@context":"https:\/\/schema.org","@graph":[{"@type":"Article","@id":"https:\/\/www.letsportsrock.com\/?p=21088#article","isPartOf":{"@id":"https:\/\/www.letsportsrock.com\/?p=21088"},"author":{"name":"Shughun Ivory","@id":"https:\/\/www.letsportsrock.com\/#\/schema\/person\/674619adef31b09138e9ccd4e2852ee0"},"headline":"Haos la FC Dinamo: Mijloca\u0219ul vedet\u0103 recunoa\u0219te \u2013 &#8220;Da, plec de la club pentru a m\u0103 al\u0103tura&#8230;&#8221; Cite\u0219te mai multe","datePublished":"2025-01-29T10:57:44+00:00","mainEntityOfPage":{"@id":"https:\/\/www.letsportsrock.com\/?p=21088"},"wordCount":265,"commentCount":0,"image":{"@id":"https:\/\/www.letsportsrock.com\/?p=21088#primaryimage"},"thumbnailUrl":"https:\/\/www.letsportsrock.com\/wp-content\/uploads\/2025\/01\/images-11-7.jpeg","keywords":["FCSB"],"articleSection":["FCSB"],"inLanguage":"en-US","potentialAction":[{"@type":"CommentAction","name":"Comment","target":["https:\/\/www.letsportsrock.com\/?p=21088#respond"]}]},{"@type":"WebPage","@id":"https:\/\/www.letsportsrock.com\/?p=21088","url":"https:\/\/www.letsportsrock.com\/?p=21088","name":"Haos la FC Dinamo: Mijloca\u0219ul vedet\u0103 recunoa\u0219te \u2013 \"Da, plec de la club pentru a m\u0103 al\u0103tura...\" Cite\u0219te mai multe - letsportsrock","isPartOf":{"@id":"https:\/\/www.letsportsrock.com\/#website"},"primaryImageOfPage":{"@id":"https:\/\/www.letsportsrock.com\/?p=21088#primaryimage"},"image":{"@id":"https:\/\/www.letsportsrock.com\/?p=21088#primaryimage"},"thumbnailUrl":"https:\/\/www.letsportsrock.com\/wp-content\/uploads\/2025\/01\/images-11-7.jpeg","datePublished":"2025-01-29T10:57:44+00:00","author":{"@id":"https:\/\/www.letsportsrock.com\/#\/schema\/person\/674619adef31b09138e9ccd4e2852ee0"},"breadcrumb":{"@id":"https:\/\/www.letsportsrock.com\/?p=21088#breadcrumb"},"inLanguage":"en-US","potentialAction":[{"@type":"ReadAction","target":["https:\/\/www.letsportsrock.com\/?p=21088"]}]},{"@type":"ImageObject","inLanguage":"en-US","@id":"https:\/\/www.letsportsrock.com\/?p=21088#primaryimage","url":"https:\/\/www.letsportsrock.com\/wp-content\/uploads\/2025\/01\/images-11-7.jpeg","contentUrl":"https:\/\/www.letsportsrock.com\/wp-content\/uploads\/2025\/01\/images-11-7.jpeg","width":612,"height":408},{"@type":"BreadcrumbList","@id":"https:\/\/www.letsportsrock.com\/?p=21088#breadcrumb","itemListElement":[{"@type":"ListItem","position":1,"name":"Home","item":"https:\/\/www.letsportsrock.com\/"},{"@type":"ListItem","position":2,"name":"Haos la FC Dinamo: Mijloca\u0219ul vedet\u0103 recunoa\u0219te \u2013 &#8220;Da, plec de la club pentru a m\u0103 al\u0103tura&#8230;&#8221; Cite\u0219te mai multe"}]},{"@type":"WebSite","@id":"https:\/\/www.letsportsrock.com\/#website","url":"https:\/\/www.letsportsrock.com\/","name":"letsportsrock","description":"Sport News and Updates","potentialAction":[{"@type":"SearchAction","target":{"@type":"EntryPoint","urlTemplate":"https:\/\/www.letsportsrock.com\/?s={search_term_string}"},"query-input":{"@type":"PropertyValueSpecification","valueRequired":true,"valueName":"search_term_string"}}],"inLanguage":"en-US"},{"@type":"Person","@id":"https:\/\/www.letsportsrock.com\/#\/schema\/person\/674619adef31b09138e9ccd4e2852ee0","name":"Shughun Ivory","image":{"@type":"ImageObject","inLanguage":"en-US","@id":"https:\/\/secure.gravatar.com\/avatar\/0461d8b87ac229159ac526ebabd85108a5009b97923e896e2a506577805f8fc1?s=96&d=mm&r=g","url":"https:\/\/secure.gravatar.com\/avatar\/0461d8b87ac229159ac526ebabd85108a5009b97923e896e2a506577805f8fc1?s=96&d=mm&r=g","contentUrl":"https:\/\/secure.gravatar.com\/avatar\/0461d8b87ac229159ac526ebabd85108a5009b97923e896e2a506577805f8fc1?s=96&d=mm&r=g","caption":"Shughun Ivory"},"sameAs":["http:\/\/Letsportsrock.com"],"url":"https:\/\/www.letsportsrock.com\/?author=11"}]}},"jetpack_featured_media_url":"https:\/\/www.letsportsrock.com\/wp-content\/uploads\/2025\/01\/images-11-7.jpeg","jetpack_sharing_enabled":true,"_links":{"self":[{"href":"https:\/\/www.letsportsrock.com\/index.php?rest_route=\/wp\/v2\/posts\/21088","targetHints":{"allow":["GET"]}}],"collection":[{"href":"https:\/\/www.letsportsrock.com\/index.php?rest_route=\/wp\/v2\/posts"}],"about":[{"href":"https:\/\/www.letsportsrock.com\/index.php?rest_route=\/wp\/v2\/types\/post"}],"author":[{"embeddable":true,"href":"https:\/\/www.letsportsrock.com\/index.php?rest_route=\/wp\/v2\/users\/11"}],"replies":[{"embeddable":true,"href":"https:\/\/www.letsportsrock.com\/index.php?rest_route=%2Fwp%2Fv2%2Fcomments&post=21088"}],"version-history":[{"count":1,"href":"https:\/\/www.letsportsrock.com\/index.php?rest_route=\/wp\/v2\/posts\/21088\/revisions"}],"predecessor-version":[{"id":21090,"href":"https:\/\/www.letsportsrock.com\/index.php?rest_route=\/wp\/v2\/posts\/21088\/revisions\/21090"}],"wp:featuredmedia":[{"embeddable":true,"href":"https:\/\/www.letsportsrock.com\/index.php?rest_route=\/wp\/v2\/media\/21089"}],"wp:attachment":[{"href":"https:\/\/www.letsportsrock.com\/index.php?rest_route=%2Fwp%2Fv2%2Fmedia&parent=21088"}],"wp:term":[{"taxonomy":"category","embeddable":true,"href":"https:\/\/www.letsportsrock.com\/index.php?rest_route=%2Fwp%2Fv2%2Fcategories&post=21088"},{"taxonomy":"post_tag","embeddable":true,"href":"https:\/\/www.letsportsrock.com\/index.php?rest_route=%2Fwp%2Fv2%2Ftags&post=21088"}],"curies":[{"name":"wp","href":"https:\/\/api.w.org\/{rel}","templated":true}]}}