{"id":21225,"date":"2025-01-30T08:42:32","date_gmt":"2025-01-30T08:42:32","guid":{"rendered":"https:\/\/www.letsportsrock.com\/?p=21225"},"modified":"2025-01-30T08:44:07","modified_gmt":"2025-01-30T08:44:07","slug":"breaking-news-antrenorul-celor-de-la-fc-dinamo-bucuresti-ar-fi-rupt-tacerea-cu-privire-la-viitorul-sau-si-a-transmis-un-mesaj-puternic-bucurestiului","status":"publish","type":"post","link":"https:\/\/www.letsportsrock.com\/?p=21225","title":{"rendered":"Breaking News: Antrenorul celor de la FC Dinamo Bucure\u0219ti ar fi rupt t\u0103cerea cu privire la viitorul s\u0103u \u0219i a transmis un mesaj puternic Bucure\u0219tiului"},"content":{"rendered":"<div class=\"d79db4796efc26332eabfc3f5dafbc76\" data-index=\"1\" style=\"float: none; margin:10px 0 10px 0; text-align:center;\">\n<div class=\"hb-ad-inarticle\">\r\n    <div class=\"hb-ad-inner\"> \r\n    <div class=\"hbagency_cls\"  id=\"hbagency_space_111930\"><\/div><\/div> <\/div>\n<\/div>\n<p>**Breaking News: Antrenorul celor de la FC Dinamo Bucure\u0219ti ar fi rupt t\u0103cerea cu privire la viitorul s\u0103u \u0219i a transmis un mesaj puternic Bucure\u0219tiului**<\/p>\n<p>&nbsp;<\/p>\n<p>\u00centr-un moment de incertitudine pentru FC Dinamo Bucure\u0219ti, antrenorul echipei a decis s\u0103 rup\u0103 t\u0103cerea \u0219i s\u0103 clarifice situa\u021bia sa profesional\u0103. Dup\u0103 o perioad\u0103 de specula\u021bii legate de posibile schimb\u0103ri pe banca tehnic\u0103, antrenorul a vorbit deschis despre viitorul s\u0103u \u0219i despre provoc\u0103rile cu care se confrunt\u0103 echipa. \u00cen cadrul unei conferin\u021be de pres\u0103, tehnicianul a \u021binut s\u0103 sublinieze c\u0103 r\u0103m\u00e2ne concentrat pe \u00eembun\u0103t\u0103\u021birea echipei \u0219i pe obiectivele stabilite la \u00eenceputul sezonului, \u00een ciuda dificult\u0103\u021bilor \u00eent\u00e2mpinate.<\/p>\n<p>&nbsp;<\/p>\n<p>\u201eAm venit la Dinamo cu un plan clar, \u0219i nu m\u0103 abat de la acesta. Chiar dac\u0103 exist\u0103 momente dificile, am \u00eencredere \u00een poten\u021bialul acestei echipe \u0219i \u00een sprijinul fanilor. Vom continua s\u0103 lupt\u0103m pentru a aduce Dinamo acolo unde \u00eei este locul \u2013 \u00een v\u00e2rful fotbalului rom\u00e2nesc. Mesajul meu pentru Bucure\u0219ti este unul de unitate \u0219i de perseveren\u021b\u0103. Vom ie\u0219i din aceast\u0103 perioad\u0103 mai puternici\u201d, a declarat antrenorul.<\/p>\n<p>&nbsp;<\/p>\n<p>Acesta a subliniat \u0219i importan\u021ba leg\u0103turii dintre echip\u0103 \u0219i suporteri, men\u021bion\u00e2nd c\u0103 sprijinul lor este esen\u021bial \u00een drumul echipei spre succes. De asemenea, antrenorul a evitat s\u0103 comenteze specula\u021biile legate de posibilele schimb\u0103ri din conducerea clubului, prefer\u00e2nd s\u0103 se concentreze pe munca zilnic\u0103.<\/p>\n<p>&nbsp;<\/p>\n<p>Cu acest mesaj, tehnicianul a re\u00eent\u0103rit angajamentul s\u0103u fa\u021b\u0103 de club \u0219i fa\u021b\u0103 de fanii care continu\u0103 s\u0103 sprijine echipa \u00een ciuda dificult\u0103\u021bilor din campionat. Dinamo Bucure\u0219ti r\u0103m\u00e2ne \u00eentr-un proces de reconstruc\u021bie, iar antrenorul promite c\u0103 va face tot ce-i st\u0103 \u00een putin\u021b\u0103 pentru a duce echipa \u00eenapoi la performan\u021bele de alt\u0103dat\u0103.<\/p>\n\n<div style=\"font-size: 0px; height: 0px; line-height: 0px; margin: 0; padding: 0; clear: both;\"><\/div>","protected":false},"excerpt":{"rendered":"<p>**Breaking News: Antrenorul celor de la FC Dinamo Bucure\u0219ti ar fi rupt t\u0103cerea cu privire la viitorul s\u0103u \u0219i a transmis un mesaj puternic Bucure\u0219tiului** &nbsp; \u00centr-un moment de incertitudine pentru FC Dinamo Bucure\u0219ti, antrenorul echipei a decis s\u0103 rup\u0103 t\u0103cerea \u0219i s\u0103 clarifice situa\u021bia sa profesional\u0103. Dup\u0103 o perioad\u0103 de specula\u021bii legate de posibile [&hellip;]<\/p>\n","protected":false},"author":1,"featured_media":21229,"comment_status":"open","ping_status":"open","sticky":false,"template":"","format":"standard","meta":{"_jetpack_memberships_contains_paid_content":false,"footnotes":""},"categories":[1],"tags":[],"class_list":["post-21225","post","type-post","status-publish","format-standard","has-post-thumbnail","hentry","category-uncategorized"],"yoast_head":"<!-- This site is optimized with the Yoast SEO plugin v27.4 - https:\/\/yoast.com\/product\/yoast-seo-wordpress\/ -->\n<title>Breaking News: Antrenorul celor de la FC Dinamo Bucure\u0219ti<\/title>\n<meta name=\"description\" content=\"Breaking News: Antrenorul celor de la FC Dinamo Bucure\u0219ti ar fi rupt t\u0103cerea cu privire la viitorul .........\" \/>\n<meta name=\"robots\" content=\"index, follow, max-snippet:-1, max-image-preview:large, max-video-preview:-1\" \/>\n<link rel=\"canonical\" href=\"https:\/\/www.letsportsrock.com\/?p=21225\" \/>\n<meta property=\"og:locale\" content=\"en_US\" \/>\n<meta property=\"og:type\" content=\"article\" \/>\n<meta property=\"og:title\" content=\"Breaking News: Antrenorul celor de la FC Dinamo Bucure\u0219ti\" \/>\n<meta property=\"og:description\" content=\"Breaking News: Antrenorul celor de la FC Dinamo Bucure\u0219ti ar fi rupt t\u0103cerea cu privire la viitorul .........\" \/>\n<meta property=\"og:url\" content=\"https:\/\/www.letsportsrock.com\/?p=21225\" \/>\n<meta property=\"og:site_name\" content=\"letsportsrock\" \/>\n<meta property=\"article:published_time\" content=\"2025-01-30T08:42:32+00:00\" \/>\n<meta property=\"article:modified_time\" content=\"2025-01-30T08:44:07+00:00\" \/>\n<meta property=\"og:image\" content=\"https:\/\/www.letsportsrock.com\/wp-content\/uploads\/2025\/01\/images-2025-01-30T094330.713.jpeg\" \/>\n\t<meta property=\"og:image:width\" content=\"700\" \/>\n\t<meta property=\"og:image:height\" content=\"420\" \/>\n\t<meta property=\"og:image:type\" content=\"image\/jpeg\" \/>\n<meta name=\"author\" content=\"letsportsrock\" \/>\n<meta name=\"twitter:card\" content=\"summary_large_image\" \/>\n<meta name=\"twitter:label1\" content=\"Written by\" \/>\n\t<meta name=\"twitter:data1\" content=\"letsportsrock\" \/>\n\t<meta name=\"twitter:label2\" content=\"Est. reading time\" \/>\n\t<meta name=\"twitter:data2\" content=\"2 minutes\" \/>\n<script type=\"application\/ld+json\" class=\"yoast-schema-graph\">{\"@context\":\"https:\\\/\\\/schema.org\",\"@graph\":[{\"@type\":\"Article\",\"@id\":\"https:\\\/\\\/www.letsportsrock.com\\\/?p=21225#article\",\"isPartOf\":{\"@id\":\"https:\\\/\\\/www.letsportsrock.com\\\/?p=21225\"},\"author\":{\"name\":\"letsportsrock\",\"@id\":\"https:\\\/\\\/www.letsportsrock.com\\\/#\\\/schema\\\/person\\\/a454ac24e58b214ddd97e4b5afb0bf01\"},\"headline\":\"Breaking News: Antrenorul celor de la FC Dinamo Bucure\u0219ti ar fi rupt t\u0103cerea cu privire la viitorul s\u0103u \u0219i a transmis un mesaj puternic Bucure\u0219tiului\",\"datePublished\":\"2025-01-30T08:42:32+00:00\",\"dateModified\":\"2025-01-30T08:44:07+00:00\",\"mainEntityOfPage\":{\"@id\":\"https:\\\/\\\/www.letsportsrock.com\\\/?p=21225\"},\"wordCount\":339,\"commentCount\":0,\"image\":{\"@id\":\"https:\\\/\\\/www.letsportsrock.com\\\/?p=21225#primaryimage\"},\"thumbnailUrl\":\"https:\\\/\\\/www.letsportsrock.com\\\/wp-content\\\/uploads\\\/2025\\\/01\\\/images-2025-01-30T094330.713.jpeg\",\"inLanguage\":\"en-US\",\"potentialAction\":[{\"@type\":\"CommentAction\",\"name\":\"Comment\",\"target\":[\"https:\\\/\\\/www.letsportsrock.com\\\/?p=21225#respond\"]}]},{\"@type\":\"WebPage\",\"@id\":\"https:\\\/\\\/www.letsportsrock.com\\\/?p=21225\",\"url\":\"https:\\\/\\\/www.letsportsrock.com\\\/?p=21225\",\"name\":\"Breaking News: Antrenorul celor de la FC Dinamo Bucure\u0219ti\",\"isPartOf\":{\"@id\":\"https:\\\/\\\/www.letsportsrock.com\\\/#website\"},\"primaryImageOfPage\":{\"@id\":\"https:\\\/\\\/www.letsportsrock.com\\\/?p=21225#primaryimage\"},\"image\":{\"@id\":\"https:\\\/\\\/www.letsportsrock.com\\\/?p=21225#primaryimage\"},\"thumbnailUrl\":\"https:\\\/\\\/www.letsportsrock.com\\\/wp-content\\\/uploads\\\/2025\\\/01\\\/images-2025-01-30T094330.713.jpeg\",\"datePublished\":\"2025-01-30T08:42:32+00:00\",\"dateModified\":\"2025-01-30T08:44:07+00:00\",\"author\":{\"@id\":\"https:\\\/\\\/www.letsportsrock.com\\\/#\\\/schema\\\/person\\\/a454ac24e58b214ddd97e4b5afb0bf01\"},\"description\":\"Breaking News: Antrenorul celor de la FC Dinamo Bucure\u0219ti ar fi rupt t\u0103cerea cu privire la viitorul .........\",\"breadcrumb\":{\"@id\":\"https:\\\/\\\/www.letsportsrock.com\\\/?p=21225#breadcrumb\"},\"inLanguage\":\"en-US\",\"potentialAction\":[{\"@type\":\"ReadAction\",\"target\":[\"https:\\\/\\\/www.letsportsrock.com\\\/?p=21225\"]}]},{\"@type\":\"ImageObject\",\"inLanguage\":\"en-US\",\"@id\":\"https:\\\/\\\/www.letsportsrock.com\\\/?p=21225#primaryimage\",\"url\":\"https:\\\/\\\/www.letsportsrock.com\\\/wp-content\\\/uploads\\\/2025\\\/01\\\/images-2025-01-30T094330.713.jpeg\",\"contentUrl\":\"https:\\\/\\\/www.letsportsrock.com\\\/wp-content\\\/uploads\\\/2025\\\/01\\\/images-2025-01-30T094330.713.jpeg\",\"width\":700,\"height\":420},{\"@type\":\"BreadcrumbList\",\"@id\":\"https:\\\/\\\/www.letsportsrock.com\\\/?p=21225#breadcrumb\",\"itemListElement\":[{\"@type\":\"ListItem\",\"position\":1,\"name\":\"Home\",\"item\":\"https:\\\/\\\/www.letsportsrock.com\\\/\"},{\"@type\":\"ListItem\",\"position\":2,\"name\":\"Breaking News: Antrenorul celor de la FC Dinamo Bucure\u0219ti ar fi rupt t\u0103cerea cu privire la viitorul s\u0103u \u0219i a transmis un mesaj puternic Bucure\u0219tiului\"}]},{\"@type\":\"WebSite\",\"@id\":\"https:\\\/\\\/www.letsportsrock.com\\\/#website\",\"url\":\"https:\\\/\\\/www.letsportsrock.com\\\/\",\"name\":\"letsportsrock\",\"description\":\"Sport News and Updates\",\"potentialAction\":[{\"@type\":\"SearchAction\",\"target\":{\"@type\":\"EntryPoint\",\"urlTemplate\":\"https:\\\/\\\/www.letsportsrock.com\\\/?s={search_term_string}\"},\"query-input\":{\"@type\":\"PropertyValueSpecification\",\"valueRequired\":true,\"valueName\":\"search_term_string\"}}],\"inLanguage\":\"en-US\"},{\"@type\":\"Person\",\"@id\":\"https:\\\/\\\/www.letsportsrock.com\\\/#\\\/schema\\\/person\\\/a454ac24e58b214ddd97e4b5afb0bf01\",\"name\":\"letsportsrock\",\"image\":{\"@type\":\"ImageObject\",\"inLanguage\":\"en-US\",\"@id\":\"https:\\\/\\\/secure.gravatar.com\\\/avatar\\\/f8ef950cbb7574c0bc874094b8d307659bfe2d7aa4a9d26fa6917eff010748f9?s=96&d=mm&r=g\",\"url\":\"https:\\\/\\\/secure.gravatar.com\\\/avatar\\\/f8ef950cbb7574c0bc874094b8d307659bfe2d7aa4a9d26fa6917eff010748f9?s=96&d=mm&r=g\",\"contentUrl\":\"https:\\\/\\\/secure.gravatar.com\\\/avatar\\\/f8ef950cbb7574c0bc874094b8d307659bfe2d7aa4a9d26fa6917eff010748f9?s=96&d=mm&r=g\",\"caption\":\"letsportsrock\"},\"sameAs\":[\"https:\\\/\\\/www.letsportsrock.com\"],\"url\":\"https:\\\/\\\/www.letsportsrock.com\\\/?author=1\"}]}<\/script>\n<!-- \/ Yoast SEO plugin. -->","yoast_head_json":{"title":"Breaking News: Antrenorul celor de la FC Dinamo Bucure\u0219ti","description":"Breaking News: Antrenorul celor de la FC Dinamo Bucure\u0219ti ar fi rupt t\u0103cerea cu privire la viitorul .........","robots":{"index":"index","follow":"follow","max-snippet":"max-snippet:-1","max-image-preview":"max-image-preview:large","max-video-preview":"max-video-preview:-1"},"canonical":"https:\/\/www.letsportsrock.com\/?p=21225","og_locale":"en_US","og_type":"article","og_title":"Breaking News: Antrenorul celor de la FC Dinamo Bucure\u0219ti","og_description":"Breaking News: Antrenorul celor de la FC Dinamo Bucure\u0219ti ar fi rupt t\u0103cerea cu privire la viitorul .........","og_url":"https:\/\/www.letsportsrock.com\/?p=21225","og_site_name":"letsportsrock","article_published_time":"2025-01-30T08:42:32+00:00","article_modified_time":"2025-01-30T08:44:07+00:00","og_image":[{"width":700,"height":420,"url":"https:\/\/www.letsportsrock.com\/wp-content\/uploads\/2025\/01\/images-2025-01-30T094330.713.jpeg","type":"image\/jpeg"}],"author":"letsportsrock","twitter_card":"summary_large_image","twitter_misc":{"Written by":"letsportsrock","Est. reading time":"2 minutes"},"schema":{"@context":"https:\/\/schema.org","@graph":[{"@type":"Article","@id":"https:\/\/www.letsportsrock.com\/?p=21225#article","isPartOf":{"@id":"https:\/\/www.letsportsrock.com\/?p=21225"},"author":{"name":"letsportsrock","@id":"https:\/\/www.letsportsrock.com\/#\/schema\/person\/a454ac24e58b214ddd97e4b5afb0bf01"},"headline":"Breaking News: Antrenorul celor de la FC Dinamo Bucure\u0219ti ar fi rupt t\u0103cerea cu privire la viitorul s\u0103u \u0219i a transmis un mesaj puternic Bucure\u0219tiului","datePublished":"2025-01-30T08:42:32+00:00","dateModified":"2025-01-30T08:44:07+00:00","mainEntityOfPage":{"@id":"https:\/\/www.letsportsrock.com\/?p=21225"},"wordCount":339,"commentCount":0,"image":{"@id":"https:\/\/www.letsportsrock.com\/?p=21225#primaryimage"},"thumbnailUrl":"https:\/\/www.letsportsrock.com\/wp-content\/uploads\/2025\/01\/images-2025-01-30T094330.713.jpeg","inLanguage":"en-US","potentialAction":[{"@type":"CommentAction","name":"Comment","target":["https:\/\/www.letsportsrock.com\/?p=21225#respond"]}]},{"@type":"WebPage","@id":"https:\/\/www.letsportsrock.com\/?p=21225","url":"https:\/\/www.letsportsrock.com\/?p=21225","name":"Breaking News: Antrenorul celor de la FC Dinamo Bucure\u0219ti","isPartOf":{"@id":"https:\/\/www.letsportsrock.com\/#website"},"primaryImageOfPage":{"@id":"https:\/\/www.letsportsrock.com\/?p=21225#primaryimage"},"image":{"@id":"https:\/\/www.letsportsrock.com\/?p=21225#primaryimage"},"thumbnailUrl":"https:\/\/www.letsportsrock.com\/wp-content\/uploads\/2025\/01\/images-2025-01-30T094330.713.jpeg","datePublished":"2025-01-30T08:42:32+00:00","dateModified":"2025-01-30T08:44:07+00:00","author":{"@id":"https:\/\/www.letsportsrock.com\/#\/schema\/person\/a454ac24e58b214ddd97e4b5afb0bf01"},"description":"Breaking News: Antrenorul celor de la FC Dinamo Bucure\u0219ti ar fi rupt t\u0103cerea cu privire la viitorul .........","breadcrumb":{"@id":"https:\/\/www.letsportsrock.com\/?p=21225#breadcrumb"},"inLanguage":"en-US","potentialAction":[{"@type":"ReadAction","target":["https:\/\/www.letsportsrock.com\/?p=21225"]}]},{"@type":"ImageObject","inLanguage":"en-US","@id":"https:\/\/www.letsportsrock.com\/?p=21225#primaryimage","url":"https:\/\/www.letsportsrock.com\/wp-content\/uploads\/2025\/01\/images-2025-01-30T094330.713.jpeg","contentUrl":"https:\/\/www.letsportsrock.com\/wp-content\/uploads\/2025\/01\/images-2025-01-30T094330.713.jpeg","width":700,"height":420},{"@type":"BreadcrumbList","@id":"https:\/\/www.letsportsrock.com\/?p=21225#breadcrumb","itemListElement":[{"@type":"ListItem","position":1,"name":"Home","item":"https:\/\/www.letsportsrock.com\/"},{"@type":"ListItem","position":2,"name":"Breaking News: Antrenorul celor de la FC Dinamo Bucure\u0219ti ar fi rupt t\u0103cerea cu privire la viitorul s\u0103u \u0219i a transmis un mesaj puternic Bucure\u0219tiului"}]},{"@type":"WebSite","@id":"https:\/\/www.letsportsrock.com\/#website","url":"https:\/\/www.letsportsrock.com\/","name":"letsportsrock","description":"Sport News and Updates","potentialAction":[{"@type":"SearchAction","target":{"@type":"EntryPoint","urlTemplate":"https:\/\/www.letsportsrock.com\/?s={search_term_string}"},"query-input":{"@type":"PropertyValueSpecification","valueRequired":true,"valueName":"search_term_string"}}],"inLanguage":"en-US"},{"@type":"Person","@id":"https:\/\/www.letsportsrock.com\/#\/schema\/person\/a454ac24e58b214ddd97e4b5afb0bf01","name":"letsportsrock","image":{"@type":"ImageObject","inLanguage":"en-US","@id":"https:\/\/secure.gravatar.com\/avatar\/f8ef950cbb7574c0bc874094b8d307659bfe2d7aa4a9d26fa6917eff010748f9?s=96&d=mm&r=g","url":"https:\/\/secure.gravatar.com\/avatar\/f8ef950cbb7574c0bc874094b8d307659bfe2d7aa4a9d26fa6917eff010748f9?s=96&d=mm&r=g","contentUrl":"https:\/\/secure.gravatar.com\/avatar\/f8ef950cbb7574c0bc874094b8d307659bfe2d7aa4a9d26fa6917eff010748f9?s=96&d=mm&r=g","caption":"letsportsrock"},"sameAs":["https:\/\/www.letsportsrock.com"],"url":"https:\/\/www.letsportsrock.com\/?author=1"}]}},"jetpack_featured_media_url":"https:\/\/www.letsportsrock.com\/wp-content\/uploads\/2025\/01\/images-2025-01-30T094330.713.jpeg","jetpack_sharing_enabled":true,"_links":{"self":[{"href":"https:\/\/www.letsportsrock.com\/index.php?rest_route=\/wp\/v2\/posts\/21225","targetHints":{"allow":["GET"]}}],"collection":[{"href":"https:\/\/www.letsportsrock.com\/index.php?rest_route=\/wp\/v2\/posts"}],"about":[{"href":"https:\/\/www.letsportsrock.com\/index.php?rest_route=\/wp\/v2\/types\/post"}],"author":[{"embeddable":true,"href":"https:\/\/www.letsportsrock.com\/index.php?rest_route=\/wp\/v2\/users\/1"}],"replies":[{"embeddable":true,"href":"https:\/\/www.letsportsrock.com\/index.php?rest_route=%2Fwp%2Fv2%2Fcomments&post=21225"}],"version-history":[{"count":1,"href":"https:\/\/www.letsportsrock.com\/index.php?rest_route=\/wp\/v2\/posts\/21225\/revisions"}],"predecessor-version":[{"id":21226,"href":"https:\/\/www.letsportsrock.com\/index.php?rest_route=\/wp\/v2\/posts\/21225\/revisions\/21226"}],"wp:featuredmedia":[{"embeddable":true,"href":"https:\/\/www.letsportsrock.com\/index.php?rest_route=\/wp\/v2\/media\/21229"}],"wp:attachment":[{"href":"https:\/\/www.letsportsrock.com\/index.php?rest_route=%2Fwp%2Fv2%2Fmedia&parent=21225"}],"wp:term":[{"taxonomy":"category","embeddable":true,"href":"https:\/\/www.letsportsrock.com\/index.php?rest_route=%2Fwp%2Fv2%2Fcategories&post=21225"},{"taxonomy":"post_tag","embeddable":true,"href":"https:\/\/www.letsportsrock.com\/index.php?rest_route=%2Fwp%2Fv2%2Ftags&post=21225"}],"curies":[{"name":"wp","href":"https:\/\/api.w.org\/{rel}","templated":true}]}}