{"id":23082,"date":"2025-02-10T00:13:07","date_gmt":"2025-02-10T00:13:07","guid":{"rendered":"https:\/\/www.letsportsrock.com\/?p=23082"},"modified":"2025-02-10T00:13:07","modified_gmt":"2025-02-10T00:13:07","slug":"nu-ma-voi-intoarce-la-fc-dinamo-bucuresti-un-alt-star-al-dinamovistilor-a-anuntat-oficial-ca-nu-va-reveni-pentru-sezonul-2025-2","status":"publish","type":"post","link":"https:\/\/www.letsportsrock.com\/?p=23082","title":{"rendered":"\u201eNu m\u0103 voi \u00eentoarce la FC Dinamo Bucure\u0219ti\u201d \u2013 Un alt star al dinamovi\u0219tilor a anun\u021bat oficial c\u0103 nu va reveni pentru sezonul 2025&#8230;&#8230;.."},"content":{"rendered":"<div class=\"d79db4796efc26332eabfc3f5dafbc76\" data-index=\"1\" style=\"float: none; margin:10px 0 10px 0; text-align:center;\">\n<div class=\"hb-ad-inarticle\">\r\n    <div class=\"hb-ad-inner\"> \r\n    <div class=\"hbagency_cls\"  id=\"hbagency_space_111930\"><\/div><\/div> <\/div>\n<\/div>\n<p>\u201eNu m\u0103 voi \u00eentoarce la FC Dinamo Bucure\u0219ti\u201d \u2013 Un alt star al dinamovi\u0219tilor a anun\u021bat oficial c\u0103 nu va reveni pentru sezonul 2025&#8230;&#8230;..<\/p>\n<p>&nbsp;<\/p>\n<p>\u00cen decembrie 2024, Cristi Borcea, fostul ac\u021bionar al clubului Dinamo Bucure\u0219ti, a declarat ferm c\u0103 nu inten\u021bioneaz\u0103 s\u0103 revin\u0103 \u00een fotbal, resping\u00e2nd astfel zvonurile privind o posibil\u0103 implicare \u00een conducerea clubului din \u0218tefan cel Mare. El a subliniat c\u0103, de\u0219i r\u0103m\u00e2ne un sus\u021bin\u0103tor al echipei, nu va reveni nici ca ac\u021bionar, nici \u00een alt\u0103 func\u021bie oficial\u0103.<\/p>\n<p><img loading=\"lazy\" decoding=\"async\" class=\"alignnone size-medium wp-image-23084\" src=\"https:\/\/www.letsportsrock.com\/wp-content\/uploads\/2025\/02\/images-52-1-300x180.jpeg\" alt=\"\" width=\"300\" height=\"180\" srcset=\"https:\/\/www.letsportsrock.com\/wp-content\/uploads\/2025\/02\/images-52-1-300x180.jpeg 300w, https:\/\/www.letsportsrock.com\/wp-content\/uploads\/2025\/02\/images-52-1.jpeg 700w\" sizes=\"auto, (max-width: 300px) 100vw, 300px\" \/><\/p>\n<p>Anterior, Adrian Mutu sugerase c\u0103 Borcea, al\u0103turi de al\u021bi doi oameni de afaceri influen\u021bi, ar putea prelua Dinamo \u00een vara anului 2025. Cu toate acestea, Borcea a infirmat aceste specula\u021bii, afirm\u00e2nd c\u0103 nu va reveni \u00een fotbal.<\/p>\n<p>&nbsp;<\/p>\n<p>\u00cen prezent, Dinamo are un sezon remarcabil \u00een Liga 1, ocup\u00e2nd locul 3 \u00een clasament dup\u0103 19 etape, cu 33 de puncte. Antrenorul Zeljko Kopic a declarat c\u0103 obiectivul echipei este clasarea \u00een primele 8 locuri, \u00eens\u0103 forma bun\u0103 a echipei \u00eei motiveaz\u0103 s\u0103 lupte pentru accederea \u00een play-off.<\/p>\n<p>&nbsp;<\/p>\n<p>Astfel, de\u0219i zvonurile privind revenirea lui Cristi Borcea la Dinamo au circulat intens, acesta a clarificat c\u0103 nu are inten\u021bia de a se implica din nou \u00een fotbal, concentr\u00e2ndu-se pe alte aspecte ale vie\u021bii sale.<\/p>\n\n<div style=\"font-size: 0px; height: 0px; line-height: 0px; margin: 0; padding: 0; clear: both;\"><\/div>","protected":false},"excerpt":{"rendered":"<p>\u201eNu m\u0103 voi \u00eentoarce la FC Dinamo Bucure\u0219ti\u201d \u2013 Un alt star al dinamovi\u0219tilor a anun\u021bat oficial c\u0103 nu va reveni pentru sezonul 2025&#8230;&#8230;.. &nbsp; \u00cen decembrie 2024, Cristi Borcea, fostul ac\u021bionar al clubului Dinamo Bucure\u0219ti, a declarat ferm c\u0103 nu inten\u021bioneaz\u0103 s\u0103 revin\u0103 \u00een fotbal, resping\u00e2nd astfel zvonurile privind o posibil\u0103 implicare \u00een conducerea [&hellip;]<\/p>\n","protected":false},"author":9,"featured_media":23083,"comment_status":"open","ping_status":"open","sticky":false,"template":"","format":"standard","meta":{"_jetpack_memberships_contains_paid_content":false,"footnotes":""},"categories":[1],"tags":[419],"class_list":["post-23082","post","type-post","status-publish","format-standard","has-post-thumbnail","hentry","category-uncategorized","tag-fc-dinamo-bucuresti"],"yoast_head":"<!-- This site is optimized with the Yoast SEO plugin v27.5 - https:\/\/yoast.com\/product\/yoast-seo-wordpress\/ -->\n<title>\u201eNu m\u0103 voi \u00eentoarce la FC Dinamo Bucure\u0219ti\u201d \u2013 Un alt star...<\/title>\n<meta name=\"description\" content=\"\u201eNu m\u0103 voi \u00eentoarce la FC Dinamo Bucure\u0219ti\u201d \u2013 Un alt star al dinamovi\u0219tilor a anun\u021bat oficial c\u0103 nu va reveni pentru sezonul 2025........\u00a0\" \/>\n<meta name=\"robots\" content=\"index, follow, max-snippet:-1, max-image-preview:large, max-video-preview:-1\" \/>\n<link rel=\"canonical\" href=\"https:\/\/www.letsportsrock.com\/?p=23082\" \/>\n<meta property=\"og:locale\" content=\"en_US\" \/>\n<meta property=\"og:type\" content=\"article\" \/>\n<meta property=\"og:title\" content=\"\u201eNu m\u0103 voi \u00eentoarce la FC Dinamo Bucure\u0219ti\u201d \u2013 Un alt star...\" \/>\n<meta property=\"og:description\" content=\"\u201eNu m\u0103 voi \u00eentoarce la FC Dinamo Bucure\u0219ti\u201d \u2013 Un alt star al dinamovi\u0219tilor a anun\u021bat oficial c\u0103 nu va reveni pentru sezonul 2025........\u00a0\" \/>\n<meta property=\"og:url\" content=\"https:\/\/www.letsportsrock.com\/?p=23082\" \/>\n<meta property=\"og:site_name\" content=\"letsportsrock\" \/>\n<meta property=\"article:published_time\" content=\"2025-02-10T00:13:07+00:00\" \/>\n<meta property=\"og:image\" content=\"https:\/\/www.letsportsrock.com\/wp-content\/uploads\/2025\/02\/images-54.jpeg\" \/>\n\t<meta property=\"og:image:width\" content=\"688\" \/>\n\t<meta property=\"og:image:height\" content=\"446\" \/>\n\t<meta property=\"og:image:type\" content=\"image\/jpeg\" \/>\n<meta name=\"author\" content=\"Paul Hembaor\" \/>\n<meta name=\"twitter:card\" content=\"summary_large_image\" \/>\n<meta name=\"twitter:label1\" content=\"Written by\" \/>\n\t<meta name=\"twitter:data1\" content=\"Paul Hembaor\" \/>\n\t<meta name=\"twitter:label2\" content=\"Est. reading time\" \/>\n\t<meta name=\"twitter:data2\" content=\"2 minutes\" \/>\n<script type=\"application\/ld+json\" class=\"yoast-schema-graph\">{\"@context\":\"https:\\\/\\\/schema.org\",\"@graph\":[{\"@type\":\"Article\",\"@id\":\"https:\\\/\\\/www.letsportsrock.com\\\/?p=23082#article\",\"isPartOf\":{\"@id\":\"https:\\\/\\\/www.letsportsrock.com\\\/?p=23082\"},\"author\":{\"name\":\"Paul Hembaor\",\"@id\":\"https:\\\/\\\/www.letsportsrock.com\\\/#\\\/schema\\\/person\\\/97aa0f336f5a3ca15a8ec7d78846f045\"},\"headline\":\"\u201eNu m\u0103 voi \u00eentoarce la FC Dinamo Bucure\u0219ti\u201d \u2013 Un alt star al dinamovi\u0219tilor a anun\u021bat oficial c\u0103 nu va reveni pentru sezonul 2025&#8230;&#8230;..\",\"datePublished\":\"2025-02-10T00:13:07+00:00\",\"mainEntityOfPage\":{\"@id\":\"https:\\\/\\\/www.letsportsrock.com\\\/?p=23082\"},\"wordCount\":244,\"commentCount\":0,\"image\":{\"@id\":\"https:\\\/\\\/www.letsportsrock.com\\\/?p=23082#primaryimage\"},\"thumbnailUrl\":\"https:\\\/\\\/www.letsportsrock.com\\\/wp-content\\\/uploads\\\/2025\\\/02\\\/images-54.jpeg\",\"keywords\":[\"Fc Dinamo bucuresti\"],\"inLanguage\":\"en-US\",\"potentialAction\":[{\"@type\":\"CommentAction\",\"name\":\"Comment\",\"target\":[\"https:\\\/\\\/www.letsportsrock.com\\\/?p=23082#respond\"]}]},{\"@type\":\"WebPage\",\"@id\":\"https:\\\/\\\/www.letsportsrock.com\\\/?p=23082\",\"url\":\"https:\\\/\\\/www.letsportsrock.com\\\/?p=23082\",\"name\":\"\u201eNu m\u0103 voi \u00eentoarce la FC Dinamo Bucure\u0219ti\u201d \u2013 Un alt star...\",\"isPartOf\":{\"@id\":\"https:\\\/\\\/www.letsportsrock.com\\\/#website\"},\"primaryImageOfPage\":{\"@id\":\"https:\\\/\\\/www.letsportsrock.com\\\/?p=23082#primaryimage\"},\"image\":{\"@id\":\"https:\\\/\\\/www.letsportsrock.com\\\/?p=23082#primaryimage\"},\"thumbnailUrl\":\"https:\\\/\\\/www.letsportsrock.com\\\/wp-content\\\/uploads\\\/2025\\\/02\\\/images-54.jpeg\",\"datePublished\":\"2025-02-10T00:13:07+00:00\",\"author\":{\"@id\":\"https:\\\/\\\/www.letsportsrock.com\\\/#\\\/schema\\\/person\\\/97aa0f336f5a3ca15a8ec7d78846f045\"},\"description\":\"\u201eNu m\u0103 voi \u00eentoarce la FC Dinamo Bucure\u0219ti\u201d \u2013 Un alt star al dinamovi\u0219tilor a anun\u021bat oficial c\u0103 nu va reveni pentru sezonul 2025........\u00a0\",\"breadcrumb\":{\"@id\":\"https:\\\/\\\/www.letsportsrock.com\\\/?p=23082#breadcrumb\"},\"inLanguage\":\"en-US\",\"potentialAction\":[{\"@type\":\"ReadAction\",\"target\":[\"https:\\\/\\\/www.letsportsrock.com\\\/?p=23082\"]}]},{\"@type\":\"ImageObject\",\"inLanguage\":\"en-US\",\"@id\":\"https:\\\/\\\/www.letsportsrock.com\\\/?p=23082#primaryimage\",\"url\":\"https:\\\/\\\/www.letsportsrock.com\\\/wp-content\\\/uploads\\\/2025\\\/02\\\/images-54.jpeg\",\"contentUrl\":\"https:\\\/\\\/www.letsportsrock.com\\\/wp-content\\\/uploads\\\/2025\\\/02\\\/images-54.jpeg\",\"width\":688,\"height\":446},{\"@type\":\"BreadcrumbList\",\"@id\":\"https:\\\/\\\/www.letsportsrock.com\\\/?p=23082#breadcrumb\",\"itemListElement\":[{\"@type\":\"ListItem\",\"position\":1,\"name\":\"Home\",\"item\":\"https:\\\/\\\/www.letsportsrock.com\\\/\"},{\"@type\":\"ListItem\",\"position\":2,\"name\":\"\u201eNu m\u0103 voi \u00eentoarce la FC Dinamo Bucure\u0219ti\u201d \u2013 Un alt star al dinamovi\u0219tilor a anun\u021bat oficial c\u0103 nu va reveni pentru sezonul 2025&#8230;&#8230;..\"}]},{\"@type\":\"WebSite\",\"@id\":\"https:\\\/\\\/www.letsportsrock.com\\\/#website\",\"url\":\"https:\\\/\\\/www.letsportsrock.com\\\/\",\"name\":\"letsportsrock\",\"description\":\"Sport News and Updates\",\"potentialAction\":[{\"@type\":\"SearchAction\",\"target\":{\"@type\":\"EntryPoint\",\"urlTemplate\":\"https:\\\/\\\/www.letsportsrock.com\\\/?s={search_term_string}\"},\"query-input\":{\"@type\":\"PropertyValueSpecification\",\"valueRequired\":true,\"valueName\":\"search_term_string\"}}],\"inLanguage\":\"en-US\"},{\"@type\":\"Person\",\"@id\":\"https:\\\/\\\/www.letsportsrock.com\\\/#\\\/schema\\\/person\\\/97aa0f336f5a3ca15a8ec7d78846f045\",\"name\":\"Paul Hembaor\",\"image\":{\"@type\":\"ImageObject\",\"inLanguage\":\"en-US\",\"@id\":\"https:\\\/\\\/secure.gravatar.com\\\/avatar\\\/0574929a03c152e8ea7939c31311f9ea2fe2e06139cd71e2d6e698c217219d60?s=96&d=mm&r=g\",\"url\":\"https:\\\/\\\/secure.gravatar.com\\\/avatar\\\/0574929a03c152e8ea7939c31311f9ea2fe2e06139cd71e2d6e698c217219d60?s=96&d=mm&r=g\",\"contentUrl\":\"https:\\\/\\\/secure.gravatar.com\\\/avatar\\\/0574929a03c152e8ea7939c31311f9ea2fe2e06139cd71e2d6e698c217219d60?s=96&d=mm&r=g\",\"caption\":\"Paul Hembaor\"},\"sameAs\":[\"https:\\\/\\\/www.letsportsrock.com\\\/wp-admin\\\/\"],\"url\":\"https:\\\/\\\/www.letsportsrock.com\\\/?author=9\"}]}<\/script>\n<!-- \/ Yoast SEO plugin. -->","yoast_head_json":{"title":"\u201eNu m\u0103 voi \u00eentoarce la FC Dinamo Bucure\u0219ti\u201d \u2013 Un alt star...","description":"\u201eNu m\u0103 voi \u00eentoarce la FC Dinamo Bucure\u0219ti\u201d \u2013 Un alt star al dinamovi\u0219tilor a anun\u021bat oficial c\u0103 nu va reveni pentru sezonul 2025........\u00a0","robots":{"index":"index","follow":"follow","max-snippet":"max-snippet:-1","max-image-preview":"max-image-preview:large","max-video-preview":"max-video-preview:-1"},"canonical":"https:\/\/www.letsportsrock.com\/?p=23082","og_locale":"en_US","og_type":"article","og_title":"\u201eNu m\u0103 voi \u00eentoarce la FC Dinamo Bucure\u0219ti\u201d \u2013 Un alt star...","og_description":"\u201eNu m\u0103 voi \u00eentoarce la FC Dinamo Bucure\u0219ti\u201d \u2013 Un alt star al dinamovi\u0219tilor a anun\u021bat oficial c\u0103 nu va reveni pentru sezonul 2025........\u00a0","og_url":"https:\/\/www.letsportsrock.com\/?p=23082","og_site_name":"letsportsrock","article_published_time":"2025-02-10T00:13:07+00:00","og_image":[{"width":688,"height":446,"url":"https:\/\/www.letsportsrock.com\/wp-content\/uploads\/2025\/02\/images-54.jpeg","type":"image\/jpeg"}],"author":"Paul Hembaor","twitter_card":"summary_large_image","twitter_misc":{"Written by":"Paul Hembaor","Est. reading time":"2 minutes"},"schema":{"@context":"https:\/\/schema.org","@graph":[{"@type":"Article","@id":"https:\/\/www.letsportsrock.com\/?p=23082#article","isPartOf":{"@id":"https:\/\/www.letsportsrock.com\/?p=23082"},"author":{"name":"Paul Hembaor","@id":"https:\/\/www.letsportsrock.com\/#\/schema\/person\/97aa0f336f5a3ca15a8ec7d78846f045"},"headline":"\u201eNu m\u0103 voi \u00eentoarce la FC Dinamo Bucure\u0219ti\u201d \u2013 Un alt star al dinamovi\u0219tilor a anun\u021bat oficial c\u0103 nu va reveni pentru sezonul 2025&#8230;&#8230;..","datePublished":"2025-02-10T00:13:07+00:00","mainEntityOfPage":{"@id":"https:\/\/www.letsportsrock.com\/?p=23082"},"wordCount":244,"commentCount":0,"image":{"@id":"https:\/\/www.letsportsrock.com\/?p=23082#primaryimage"},"thumbnailUrl":"https:\/\/www.letsportsrock.com\/wp-content\/uploads\/2025\/02\/images-54.jpeg","keywords":["Fc Dinamo bucuresti"],"inLanguage":"en-US","potentialAction":[{"@type":"CommentAction","name":"Comment","target":["https:\/\/www.letsportsrock.com\/?p=23082#respond"]}]},{"@type":"WebPage","@id":"https:\/\/www.letsportsrock.com\/?p=23082","url":"https:\/\/www.letsportsrock.com\/?p=23082","name":"\u201eNu m\u0103 voi \u00eentoarce la FC Dinamo Bucure\u0219ti\u201d \u2013 Un alt star...","isPartOf":{"@id":"https:\/\/www.letsportsrock.com\/#website"},"primaryImageOfPage":{"@id":"https:\/\/www.letsportsrock.com\/?p=23082#primaryimage"},"image":{"@id":"https:\/\/www.letsportsrock.com\/?p=23082#primaryimage"},"thumbnailUrl":"https:\/\/www.letsportsrock.com\/wp-content\/uploads\/2025\/02\/images-54.jpeg","datePublished":"2025-02-10T00:13:07+00:00","author":{"@id":"https:\/\/www.letsportsrock.com\/#\/schema\/person\/97aa0f336f5a3ca15a8ec7d78846f045"},"description":"\u201eNu m\u0103 voi \u00eentoarce la FC Dinamo Bucure\u0219ti\u201d \u2013 Un alt star al dinamovi\u0219tilor a anun\u021bat oficial c\u0103 nu va reveni pentru sezonul 2025........\u00a0","breadcrumb":{"@id":"https:\/\/www.letsportsrock.com\/?p=23082#breadcrumb"},"inLanguage":"en-US","potentialAction":[{"@type":"ReadAction","target":["https:\/\/www.letsportsrock.com\/?p=23082"]}]},{"@type":"ImageObject","inLanguage":"en-US","@id":"https:\/\/www.letsportsrock.com\/?p=23082#primaryimage","url":"https:\/\/www.letsportsrock.com\/wp-content\/uploads\/2025\/02\/images-54.jpeg","contentUrl":"https:\/\/www.letsportsrock.com\/wp-content\/uploads\/2025\/02\/images-54.jpeg","width":688,"height":446},{"@type":"BreadcrumbList","@id":"https:\/\/www.letsportsrock.com\/?p=23082#breadcrumb","itemListElement":[{"@type":"ListItem","position":1,"name":"Home","item":"https:\/\/www.letsportsrock.com\/"},{"@type":"ListItem","position":2,"name":"\u201eNu m\u0103 voi \u00eentoarce la FC Dinamo Bucure\u0219ti\u201d \u2013 Un alt star al dinamovi\u0219tilor a anun\u021bat oficial c\u0103 nu va reveni pentru sezonul 2025&#8230;&#8230;.."}]},{"@type":"WebSite","@id":"https:\/\/www.letsportsrock.com\/#website","url":"https:\/\/www.letsportsrock.com\/","name":"letsportsrock","description":"Sport News and Updates","potentialAction":[{"@type":"SearchAction","target":{"@type":"EntryPoint","urlTemplate":"https:\/\/www.letsportsrock.com\/?s={search_term_string}"},"query-input":{"@type":"PropertyValueSpecification","valueRequired":true,"valueName":"search_term_string"}}],"inLanguage":"en-US"},{"@type":"Person","@id":"https:\/\/www.letsportsrock.com\/#\/schema\/person\/97aa0f336f5a3ca15a8ec7d78846f045","name":"Paul Hembaor","image":{"@type":"ImageObject","inLanguage":"en-US","@id":"https:\/\/secure.gravatar.com\/avatar\/0574929a03c152e8ea7939c31311f9ea2fe2e06139cd71e2d6e698c217219d60?s=96&d=mm&r=g","url":"https:\/\/secure.gravatar.com\/avatar\/0574929a03c152e8ea7939c31311f9ea2fe2e06139cd71e2d6e698c217219d60?s=96&d=mm&r=g","contentUrl":"https:\/\/secure.gravatar.com\/avatar\/0574929a03c152e8ea7939c31311f9ea2fe2e06139cd71e2d6e698c217219d60?s=96&d=mm&r=g","caption":"Paul Hembaor"},"sameAs":["https:\/\/www.letsportsrock.com\/wp-admin\/"],"url":"https:\/\/www.letsportsrock.com\/?author=9"}]}},"jetpack_featured_media_url":"https:\/\/www.letsportsrock.com\/wp-content\/uploads\/2025\/02\/images-54.jpeg","jetpack_sharing_enabled":true,"_links":{"self":[{"href":"https:\/\/www.letsportsrock.com\/index.php?rest_route=\/wp\/v2\/posts\/23082","targetHints":{"allow":["GET"]}}],"collection":[{"href":"https:\/\/www.letsportsrock.com\/index.php?rest_route=\/wp\/v2\/posts"}],"about":[{"href":"https:\/\/www.letsportsrock.com\/index.php?rest_route=\/wp\/v2\/types\/post"}],"author":[{"embeddable":true,"href":"https:\/\/www.letsportsrock.com\/index.php?rest_route=\/wp\/v2\/users\/9"}],"replies":[{"embeddable":true,"href":"https:\/\/www.letsportsrock.com\/index.php?rest_route=%2Fwp%2Fv2%2Fcomments&post=23082"}],"version-history":[{"count":1,"href":"https:\/\/www.letsportsrock.com\/index.php?rest_route=\/wp\/v2\/posts\/23082\/revisions"}],"predecessor-version":[{"id":23085,"href":"https:\/\/www.letsportsrock.com\/index.php?rest_route=\/wp\/v2\/posts\/23082\/revisions\/23085"}],"wp:featuredmedia":[{"embeddable":true,"href":"https:\/\/www.letsportsrock.com\/index.php?rest_route=\/wp\/v2\/media\/23083"}],"wp:attachment":[{"href":"https:\/\/www.letsportsrock.com\/index.php?rest_route=%2Fwp%2Fv2%2Fmedia&parent=23082"}],"wp:term":[{"taxonomy":"category","embeddable":true,"href":"https:\/\/www.letsportsrock.com\/index.php?rest_route=%2Fwp%2Fv2%2Fcategories&post=23082"},{"taxonomy":"post_tag","embeddable":true,"href":"https:\/\/www.letsportsrock.com\/index.php?rest_route=%2Fwp%2Fv2%2Ftags&post=23082"}],"curies":[{"name":"wp","href":"https:\/\/api.w.org\/{rel}","templated":true}]}}