{"id":23314,"date":"2025-02-11T05:36:19","date_gmt":"2025-02-11T05:36:19","guid":{"rendered":"https:\/\/www.letsportsrock.com\/?p=23314"},"modified":"2025-02-11T05:36:19","modified_gmt":"2025-02-11T05:36:19","slug":"lovitura-pe-piata-transferurilor-atacantul-cukaricki-mihajlo-cvetkovic-semneaza-un-contract-pe-patru-ani-cu-fc-dinamo-bucuresti-dupa-ce-a","status":"publish","type":"post","link":"https:\/\/www.letsportsrock.com\/?p=23314","title":{"rendered":"Lovitur\u0103 pe pia\u021ba transferurilor: Atacantul Cukari\u010dki, Mihajlo Cvetkovi\u0107, semneaz\u0103 un contract pe patru ani cu FC Dinamo Bucure\u0219ti dup\u0103 ce a\u2026."},"content":{"rendered":"<div class=\"d79db4796efc26332eabfc3f5dafbc76\" data-index=\"1\" style=\"float: none; margin:10px 0 10px 0; text-align:center;\">\n<div class=\"hb-ad-inarticle\">\r\n    <div class=\"hb-ad-inner\"> \r\n    <div class=\"hbagency_cls\"  id=\"hbagency_space_111930\"><\/div><\/div> <\/div>\n<\/div>\n<p>Lovitur\u0103 pe pia\u021ba transferurilor: Atacantul Cukari\u010dki, Mihajlo Cvetkovi\u0107, semneaz\u0103 un contract pe patru ani cu FC Dinamo Bucure\u0219ti dup\u0103 ce a\u2026.<\/p>\n<p>&nbsp;<\/p>\n<p>\u00centr-o mi\u0219care surprinz\u0103toare pe pia\u021ba transferurilor, FC Dinamo Bucure\u0219ti a anun\u021bat semnarea unui contract pe patru ani cu atacantul s\u00e2rb Mihajlo Cvetkovi\u0107, \u00een v\u00e2rst\u0103 de 18 ani, provenit de la clubul \u010cukari\u010dki. Cvetkovi\u0107 a atras aten\u021bia prin performan\u021bele sale remarcabile \u00een SuperLiga Serbiei, unde a stabilit un record pentru cel mai rapid gol din istoria competi\u021biei, marc\u00e2nd dup\u0103 doar nou\u0103 secunde \u00eentr-un meci \u00eempotriva echipei \u017delezni\u010dar Pan\u010devo, pe 4 noiembrie 2024.<\/p>\n<p><img loading=\"lazy\" decoding=\"async\" class=\"alignnone size-medium wp-image-23316\" src=\"https:\/\/www.letsportsrock.com\/wp-content\/uploads\/2025\/02\/images-9-3-300x168-1.jpeg\" alt=\"\" width=\"300\" height=\"168\" \/> <img loading=\"lazy\" decoding=\"async\" class=\"alignnone size-medium wp-image-23317\" src=\"https:\/\/www.letsportsrock.com\/wp-content\/uploads\/2025\/02\/images-66-1-300x169.jpeg\" alt=\"\" width=\"300\" height=\"169\" srcset=\"https:\/\/www.letsportsrock.com\/wp-content\/uploads\/2025\/02\/images-66-1-300x169.jpeg 300w, https:\/\/www.letsportsrock.com\/wp-content\/uploads\/2025\/02\/images-66-1.jpeg 686w\" sizes=\"auto, (max-width: 300px) 100vw, 300px\" \/><\/p>\n<p>T\u00e2n\u0103rul atacant \u0219i-a \u00eenceput cariera la academia \u0160ampion Nais, \u00eenainte de a se al\u0103tura echipei de tineret a clubului \u010cukari\u010dki \u00een 2020. A debutat la echipa de seniori pe 4 septembrie 2023, reu\u0219ind s\u0103 \u00eenscrie un gol important \u00een meciul \u00eempotriva \u017delezni\u010dar Pan\u010devo, care s-a \u00eencheiat la egalitate, 2-2. De-a lungul a 42 de apari\u021bii pentru \u010cukari\u010dki, Cvetkovi\u0107 a \u00eenscris 9 goluri, demonstr\u00e2ndu-\u0219i abilit\u0103\u021bile de finalizator.<\/p>\n<p>&nbsp;<\/p>\n<p>La nivel interna\u021bional, Cvetkovi\u0107 a reprezentat Serbia la categoriile de v\u00e2rst\u0103 U17 \u0219i U19, acumul\u00e2nd 16 selec\u021bii \u0219i 9 goluri pentru U17 \u0219i 3 selec\u021bii cu 2 goluri pentru U19. Participarea sa la Campionatul European U17 din 2023 a fost notabil\u0103, contribuind semnificativ la parcursul echipei p\u00e2n\u0103 \u00een sferturile de final\u0103.<\/p>\n<p>&nbsp;<\/p>\n<p>Transferul la Dinamo Bucure\u0219ti reprezint\u0103 un pas important \u00een cariera lui Cvetkovi\u0107, oferindu-i oportunitatea de a evolua \u00eentr-un campionat nou \u0219i de a contribui la obiectivele ambi\u021bioase ale clubului din \u0218tefan cel Mare. Suporterii dinamovi\u0219ti \u00ee\u0219i pun mari speran\u021be \u00een t\u00e2n\u0103rul atacant s\u00e2rb, a\u0219tept\u00e2ndu-se ca acesta s\u0103 aduc\u0103 un plus de valoare \u00een compartimentul ofensiv al echipei.<\/p>\n\n<div style=\"font-size: 0px; height: 0px; line-height: 0px; margin: 0; padding: 0; clear: both;\"><\/div>","protected":false},"excerpt":{"rendered":"<p>Lovitur\u0103 pe pia\u021ba transferurilor: Atacantul Cukari\u010dki, Mihajlo Cvetkovi\u0107, semneaz\u0103 un contract pe patru ani cu FC Dinamo Bucure\u0219ti dup\u0103 ce a\u2026. &nbsp; \u00centr-o mi\u0219care surprinz\u0103toare pe pia\u021ba transferurilor, FC Dinamo Bucure\u0219ti a anun\u021bat semnarea unui contract pe patru ani cu atacantul s\u00e2rb Mihajlo Cvetkovi\u0107, \u00een v\u00e2rst\u0103 de 18 ani, provenit de la clubul \u010cukari\u010dki. Cvetkovi\u0107 [&hellip;]<\/p>\n","protected":false},"author":9,"featured_media":23315,"comment_status":"open","ping_status":"open","sticky":false,"template":"","format":"standard","meta":{"_jetpack_memberships_contains_paid_content":false,"footnotes":""},"categories":[1],"tags":[419],"class_list":["post-23314","post","type-post","status-publish","format-standard","has-post-thumbnail","hentry","category-uncategorized","tag-fc-dinamo-bucuresti"],"yoast_head":"<!-- This site is optimized with the Yoast SEO plugin v27.4 - https:\/\/yoast.com\/product\/yoast-seo-wordpress\/ -->\n<title>Lovitur\u0103 pe pia\u021ba transferurilor: Atacantul Cukari\u010dki, Mihajlo....<\/title>\n<meta name=\"description\" content=\"HiLovitur\u0103 pe pia\u021ba transferurilor: Atacantul Cukari\u010dki, Mihajlo Cvetkovi\u0107, semneaz\u0103 un contract pe patru ani cu FC Dinamo Bucure\u0219ti dup\u0103 ce a\u2026.\" \/>\n<meta name=\"robots\" content=\"index, follow, max-snippet:-1, max-image-preview:large, max-video-preview:-1\" \/>\n<link rel=\"canonical\" href=\"https:\/\/www.letsportsrock.com\/?p=23314\" \/>\n<meta property=\"og:locale\" content=\"en_US\" \/>\n<meta property=\"og:type\" content=\"article\" \/>\n<meta property=\"og:title\" content=\"Lovitur\u0103 pe pia\u021ba transferurilor: Atacantul Cukari\u010dki, Mihajlo....\" \/>\n<meta property=\"og:description\" content=\"HiLovitur\u0103 pe pia\u021ba transferurilor: Atacantul Cukari\u010dki, Mihajlo Cvetkovi\u0107, semneaz\u0103 un contract pe patru ani cu FC Dinamo Bucure\u0219ti dup\u0103 ce a\u2026.\" \/>\n<meta property=\"og:url\" content=\"https:\/\/www.letsportsrock.com\/?p=23314\" \/>\n<meta property=\"og:site_name\" content=\"letsportsrock\" \/>\n<meta property=\"article:published_time\" content=\"2025-02-11T05:36:19+00:00\" \/>\n<meta property=\"og:image\" content=\"https:\/\/www.letsportsrock.com\/wp-content\/uploads\/2025\/02\/images-65-1.jpeg\" \/>\n\t<meta property=\"og:image:width\" content=\"678\" \/>\n\t<meta property=\"og:image:height\" content=\"452\" \/>\n\t<meta property=\"og:image:type\" content=\"image\/jpeg\" \/>\n<meta name=\"author\" content=\"Paul Hembaor\" \/>\n<meta name=\"twitter:card\" content=\"summary_large_image\" \/>\n<meta name=\"twitter:label1\" content=\"Written by\" \/>\n\t<meta name=\"twitter:data1\" content=\"Paul Hembaor\" \/>\n\t<meta name=\"twitter:label2\" content=\"Est. reading time\" \/>\n\t<meta name=\"twitter:data2\" content=\"2 minutes\" \/>\n<script type=\"application\/ld+json\" class=\"yoast-schema-graph\">{\"@context\":\"https:\\\/\\\/schema.org\",\"@graph\":[{\"@type\":\"Article\",\"@id\":\"https:\\\/\\\/www.letsportsrock.com\\\/?p=23314#article\",\"isPartOf\":{\"@id\":\"https:\\\/\\\/www.letsportsrock.com\\\/?p=23314\"},\"author\":{\"name\":\"Paul Hembaor\",\"@id\":\"https:\\\/\\\/www.letsportsrock.com\\\/#\\\/schema\\\/person\\\/97aa0f336f5a3ca15a8ec7d78846f045\"},\"headline\":\"Lovitur\u0103 pe pia\u021ba transferurilor: Atacantul Cukari\u010dki, Mihajlo Cvetkovi\u0107, semneaz\u0103 un contract pe patru ani cu FC Dinamo Bucure\u0219ti dup\u0103 ce a\u2026.\",\"datePublished\":\"2025-02-11T05:36:19+00:00\",\"mainEntityOfPage\":{\"@id\":\"https:\\\/\\\/www.letsportsrock.com\\\/?p=23314\"},\"wordCount\":324,\"commentCount\":0,\"image\":{\"@id\":\"https:\\\/\\\/www.letsportsrock.com\\\/?p=23314#primaryimage\"},\"thumbnailUrl\":\"https:\\\/\\\/www.letsportsrock.com\\\/wp-content\\\/uploads\\\/2025\\\/02\\\/images-65-1.jpeg\",\"keywords\":[\"Fc Dinamo bucuresti\"],\"inLanguage\":\"en-US\",\"potentialAction\":[{\"@type\":\"CommentAction\",\"name\":\"Comment\",\"target\":[\"https:\\\/\\\/www.letsportsrock.com\\\/?p=23314#respond\"]}]},{\"@type\":\"WebPage\",\"@id\":\"https:\\\/\\\/www.letsportsrock.com\\\/?p=23314\",\"url\":\"https:\\\/\\\/www.letsportsrock.com\\\/?p=23314\",\"name\":\"Lovitur\u0103 pe pia\u021ba transferurilor: Atacantul Cukari\u010dki, Mihajlo....\",\"isPartOf\":{\"@id\":\"https:\\\/\\\/www.letsportsrock.com\\\/#website\"},\"primaryImageOfPage\":{\"@id\":\"https:\\\/\\\/www.letsportsrock.com\\\/?p=23314#primaryimage\"},\"image\":{\"@id\":\"https:\\\/\\\/www.letsportsrock.com\\\/?p=23314#primaryimage\"},\"thumbnailUrl\":\"https:\\\/\\\/www.letsportsrock.com\\\/wp-content\\\/uploads\\\/2025\\\/02\\\/images-65-1.jpeg\",\"datePublished\":\"2025-02-11T05:36:19+00:00\",\"author\":{\"@id\":\"https:\\\/\\\/www.letsportsrock.com\\\/#\\\/schema\\\/person\\\/97aa0f336f5a3ca15a8ec7d78846f045\"},\"description\":\"HiLovitur\u0103 pe pia\u021ba transferurilor: Atacantul Cukari\u010dki, Mihajlo Cvetkovi\u0107, semneaz\u0103 un contract pe patru ani cu FC Dinamo Bucure\u0219ti dup\u0103 ce a\u2026.\",\"breadcrumb\":{\"@id\":\"https:\\\/\\\/www.letsportsrock.com\\\/?p=23314#breadcrumb\"},\"inLanguage\":\"en-US\",\"potentialAction\":[{\"@type\":\"ReadAction\",\"target\":[\"https:\\\/\\\/www.letsportsrock.com\\\/?p=23314\"]}]},{\"@type\":\"ImageObject\",\"inLanguage\":\"en-US\",\"@id\":\"https:\\\/\\\/www.letsportsrock.com\\\/?p=23314#primaryimage\",\"url\":\"https:\\\/\\\/www.letsportsrock.com\\\/wp-content\\\/uploads\\\/2025\\\/02\\\/images-65-1.jpeg\",\"contentUrl\":\"https:\\\/\\\/www.letsportsrock.com\\\/wp-content\\\/uploads\\\/2025\\\/02\\\/images-65-1.jpeg\",\"width\":678,\"height\":452},{\"@type\":\"BreadcrumbList\",\"@id\":\"https:\\\/\\\/www.letsportsrock.com\\\/?p=23314#breadcrumb\",\"itemListElement\":[{\"@type\":\"ListItem\",\"position\":1,\"name\":\"Home\",\"item\":\"https:\\\/\\\/www.letsportsrock.com\\\/\"},{\"@type\":\"ListItem\",\"position\":2,\"name\":\"Lovitur\u0103 pe pia\u021ba transferurilor: Atacantul Cukari\u010dki, Mihajlo Cvetkovi\u0107, semneaz\u0103 un contract pe patru ani cu FC Dinamo Bucure\u0219ti dup\u0103 ce a\u2026.\"}]},{\"@type\":\"WebSite\",\"@id\":\"https:\\\/\\\/www.letsportsrock.com\\\/#website\",\"url\":\"https:\\\/\\\/www.letsportsrock.com\\\/\",\"name\":\"letsportsrock\",\"description\":\"Sport News and Updates\",\"potentialAction\":[{\"@type\":\"SearchAction\",\"target\":{\"@type\":\"EntryPoint\",\"urlTemplate\":\"https:\\\/\\\/www.letsportsrock.com\\\/?s={search_term_string}\"},\"query-input\":{\"@type\":\"PropertyValueSpecification\",\"valueRequired\":true,\"valueName\":\"search_term_string\"}}],\"inLanguage\":\"en-US\"},{\"@type\":\"Person\",\"@id\":\"https:\\\/\\\/www.letsportsrock.com\\\/#\\\/schema\\\/person\\\/97aa0f336f5a3ca15a8ec7d78846f045\",\"name\":\"Paul Hembaor\",\"image\":{\"@type\":\"ImageObject\",\"inLanguage\":\"en-US\",\"@id\":\"https:\\\/\\\/secure.gravatar.com\\\/avatar\\\/0574929a03c152e8ea7939c31311f9ea2fe2e06139cd71e2d6e698c217219d60?s=96&d=mm&r=g\",\"url\":\"https:\\\/\\\/secure.gravatar.com\\\/avatar\\\/0574929a03c152e8ea7939c31311f9ea2fe2e06139cd71e2d6e698c217219d60?s=96&d=mm&r=g\",\"contentUrl\":\"https:\\\/\\\/secure.gravatar.com\\\/avatar\\\/0574929a03c152e8ea7939c31311f9ea2fe2e06139cd71e2d6e698c217219d60?s=96&d=mm&r=g\",\"caption\":\"Paul Hembaor\"},\"sameAs\":[\"https:\\\/\\\/www.letsportsrock.com\\\/wp-admin\\\/\"],\"url\":\"https:\\\/\\\/www.letsportsrock.com\\\/?author=9\"}]}<\/script>\n<!-- \/ Yoast SEO plugin. -->","yoast_head_json":{"title":"Lovitur\u0103 pe pia\u021ba transferurilor: Atacantul Cukari\u010dki, Mihajlo....","description":"HiLovitur\u0103 pe pia\u021ba transferurilor: Atacantul Cukari\u010dki, Mihajlo Cvetkovi\u0107, semneaz\u0103 un contract pe patru ani cu FC Dinamo Bucure\u0219ti dup\u0103 ce a\u2026.","robots":{"index":"index","follow":"follow","max-snippet":"max-snippet:-1","max-image-preview":"max-image-preview:large","max-video-preview":"max-video-preview:-1"},"canonical":"https:\/\/www.letsportsrock.com\/?p=23314","og_locale":"en_US","og_type":"article","og_title":"Lovitur\u0103 pe pia\u021ba transferurilor: Atacantul Cukari\u010dki, Mihajlo....","og_description":"HiLovitur\u0103 pe pia\u021ba transferurilor: Atacantul Cukari\u010dki, Mihajlo Cvetkovi\u0107, semneaz\u0103 un contract pe patru ani cu FC Dinamo Bucure\u0219ti dup\u0103 ce a\u2026.","og_url":"https:\/\/www.letsportsrock.com\/?p=23314","og_site_name":"letsportsrock","article_published_time":"2025-02-11T05:36:19+00:00","og_image":[{"width":678,"height":452,"url":"https:\/\/www.letsportsrock.com\/wp-content\/uploads\/2025\/02\/images-65-1.jpeg","type":"image\/jpeg"}],"author":"Paul Hembaor","twitter_card":"summary_large_image","twitter_misc":{"Written by":"Paul Hembaor","Est. reading time":"2 minutes"},"schema":{"@context":"https:\/\/schema.org","@graph":[{"@type":"Article","@id":"https:\/\/www.letsportsrock.com\/?p=23314#article","isPartOf":{"@id":"https:\/\/www.letsportsrock.com\/?p=23314"},"author":{"name":"Paul Hembaor","@id":"https:\/\/www.letsportsrock.com\/#\/schema\/person\/97aa0f336f5a3ca15a8ec7d78846f045"},"headline":"Lovitur\u0103 pe pia\u021ba transferurilor: Atacantul Cukari\u010dki, Mihajlo Cvetkovi\u0107, semneaz\u0103 un contract pe patru ani cu FC Dinamo Bucure\u0219ti dup\u0103 ce a\u2026.","datePublished":"2025-02-11T05:36:19+00:00","mainEntityOfPage":{"@id":"https:\/\/www.letsportsrock.com\/?p=23314"},"wordCount":324,"commentCount":0,"image":{"@id":"https:\/\/www.letsportsrock.com\/?p=23314#primaryimage"},"thumbnailUrl":"https:\/\/www.letsportsrock.com\/wp-content\/uploads\/2025\/02\/images-65-1.jpeg","keywords":["Fc Dinamo bucuresti"],"inLanguage":"en-US","potentialAction":[{"@type":"CommentAction","name":"Comment","target":["https:\/\/www.letsportsrock.com\/?p=23314#respond"]}]},{"@type":"WebPage","@id":"https:\/\/www.letsportsrock.com\/?p=23314","url":"https:\/\/www.letsportsrock.com\/?p=23314","name":"Lovitur\u0103 pe pia\u021ba transferurilor: Atacantul Cukari\u010dki, Mihajlo....","isPartOf":{"@id":"https:\/\/www.letsportsrock.com\/#website"},"primaryImageOfPage":{"@id":"https:\/\/www.letsportsrock.com\/?p=23314#primaryimage"},"image":{"@id":"https:\/\/www.letsportsrock.com\/?p=23314#primaryimage"},"thumbnailUrl":"https:\/\/www.letsportsrock.com\/wp-content\/uploads\/2025\/02\/images-65-1.jpeg","datePublished":"2025-02-11T05:36:19+00:00","author":{"@id":"https:\/\/www.letsportsrock.com\/#\/schema\/person\/97aa0f336f5a3ca15a8ec7d78846f045"},"description":"HiLovitur\u0103 pe pia\u021ba transferurilor: Atacantul Cukari\u010dki, Mihajlo Cvetkovi\u0107, semneaz\u0103 un contract pe patru ani cu FC Dinamo Bucure\u0219ti dup\u0103 ce a\u2026.","breadcrumb":{"@id":"https:\/\/www.letsportsrock.com\/?p=23314#breadcrumb"},"inLanguage":"en-US","potentialAction":[{"@type":"ReadAction","target":["https:\/\/www.letsportsrock.com\/?p=23314"]}]},{"@type":"ImageObject","inLanguage":"en-US","@id":"https:\/\/www.letsportsrock.com\/?p=23314#primaryimage","url":"https:\/\/www.letsportsrock.com\/wp-content\/uploads\/2025\/02\/images-65-1.jpeg","contentUrl":"https:\/\/www.letsportsrock.com\/wp-content\/uploads\/2025\/02\/images-65-1.jpeg","width":678,"height":452},{"@type":"BreadcrumbList","@id":"https:\/\/www.letsportsrock.com\/?p=23314#breadcrumb","itemListElement":[{"@type":"ListItem","position":1,"name":"Home","item":"https:\/\/www.letsportsrock.com\/"},{"@type":"ListItem","position":2,"name":"Lovitur\u0103 pe pia\u021ba transferurilor: Atacantul Cukari\u010dki, Mihajlo Cvetkovi\u0107, semneaz\u0103 un contract pe patru ani cu FC Dinamo Bucure\u0219ti dup\u0103 ce a\u2026."}]},{"@type":"WebSite","@id":"https:\/\/www.letsportsrock.com\/#website","url":"https:\/\/www.letsportsrock.com\/","name":"letsportsrock","description":"Sport News and Updates","potentialAction":[{"@type":"SearchAction","target":{"@type":"EntryPoint","urlTemplate":"https:\/\/www.letsportsrock.com\/?s={search_term_string}"},"query-input":{"@type":"PropertyValueSpecification","valueRequired":true,"valueName":"search_term_string"}}],"inLanguage":"en-US"},{"@type":"Person","@id":"https:\/\/www.letsportsrock.com\/#\/schema\/person\/97aa0f336f5a3ca15a8ec7d78846f045","name":"Paul Hembaor","image":{"@type":"ImageObject","inLanguage":"en-US","@id":"https:\/\/secure.gravatar.com\/avatar\/0574929a03c152e8ea7939c31311f9ea2fe2e06139cd71e2d6e698c217219d60?s=96&d=mm&r=g","url":"https:\/\/secure.gravatar.com\/avatar\/0574929a03c152e8ea7939c31311f9ea2fe2e06139cd71e2d6e698c217219d60?s=96&d=mm&r=g","contentUrl":"https:\/\/secure.gravatar.com\/avatar\/0574929a03c152e8ea7939c31311f9ea2fe2e06139cd71e2d6e698c217219d60?s=96&d=mm&r=g","caption":"Paul Hembaor"},"sameAs":["https:\/\/www.letsportsrock.com\/wp-admin\/"],"url":"https:\/\/www.letsportsrock.com\/?author=9"}]}},"jetpack_featured_media_url":"https:\/\/www.letsportsrock.com\/wp-content\/uploads\/2025\/02\/images-65-1.jpeg","jetpack_sharing_enabled":true,"_links":{"self":[{"href":"https:\/\/www.letsportsrock.com\/index.php?rest_route=\/wp\/v2\/posts\/23314","targetHints":{"allow":["GET"]}}],"collection":[{"href":"https:\/\/www.letsportsrock.com\/index.php?rest_route=\/wp\/v2\/posts"}],"about":[{"href":"https:\/\/www.letsportsrock.com\/index.php?rest_route=\/wp\/v2\/types\/post"}],"author":[{"embeddable":true,"href":"https:\/\/www.letsportsrock.com\/index.php?rest_route=\/wp\/v2\/users\/9"}],"replies":[{"embeddable":true,"href":"https:\/\/www.letsportsrock.com\/index.php?rest_route=%2Fwp%2Fv2%2Fcomments&post=23314"}],"version-history":[{"count":1,"href":"https:\/\/www.letsportsrock.com\/index.php?rest_route=\/wp\/v2\/posts\/23314\/revisions"}],"predecessor-version":[{"id":23318,"href":"https:\/\/www.letsportsrock.com\/index.php?rest_route=\/wp\/v2\/posts\/23314\/revisions\/23318"}],"wp:featuredmedia":[{"embeddable":true,"href":"https:\/\/www.letsportsrock.com\/index.php?rest_route=\/wp\/v2\/media\/23315"}],"wp:attachment":[{"href":"https:\/\/www.letsportsrock.com\/index.php?rest_route=%2Fwp%2Fv2%2Fmedia&parent=23314"}],"wp:term":[{"taxonomy":"category","embeddable":true,"href":"https:\/\/www.letsportsrock.com\/index.php?rest_route=%2Fwp%2Fv2%2Fcategories&post=23314"},{"taxonomy":"post_tag","embeddable":true,"href":"https:\/\/www.letsportsrock.com\/index.php?rest_route=%2Fwp%2Fv2%2Ftags&post=23314"}],"curies":[{"name":"wp","href":"https:\/\/api.w.org\/{rel}","templated":true}]}}