{"id":23341,"date":"2025-02-11T15:30:59","date_gmt":"2025-02-11T15:30:59","guid":{"rendered":"https:\/\/www.letsportsrock.com\/?p=23341"},"modified":"2025-02-11T15:30:59","modified_gmt":"2025-02-11T15:30:59","slug":"astrit-selmani-isi-prelungeste-contractul-cu-fc-dinamo-bucuresti-si-isi-declara-dragostea-si-devotamentul-fata-de-echipa","status":"publish","type":"post","link":"https:\/\/www.letsportsrock.com\/?p=23341","title":{"rendered":"Astrit Selmani \u00ee\u0219i prelunge\u0219te contractul cu FC Dinamo Bucure\u0219ti \u0219i \u00ee\u0219i declar\u0103 dragostea \u0219i devotamentul fa\u021b\u0103 de echip\u0103\u2026"},"content":{"rendered":"<div class=\"d79db4796efc26332eabfc3f5dafbc76\" data-index=\"1\" style=\"float: none; margin:10px 0 10px 0; text-align:center;\">\n<div class=\"hb-ad-inarticle\">\r\n    <div class=\"hb-ad-inner\"> \r\n    <div class=\"hbagency_cls\"  id=\"hbagency_space_111930\"><\/div><\/div> <\/div>\n<\/div>\n<p dir=\"ltr\">Astrit Selmani \u00ee\u0219i prelunge\u0219te contractul cu FC Dinamo Bucure\u0219ti \u0219i \u00ee\u0219i declar\u0103 dragostea \u0219i devotamentul fa\u021b\u0103 de echip\u0103\u2026<\/p>\n<p dir=\"ltr\">\n<p>Astrit Selmani, atacantul kosovar \u00een v\u00e2rst\u0103 de 27 de ani, a ajuns la un acord cu oficialii clubului Dinamo Bucure\u0219ti pentru prelungirea contractului s\u0103u p\u00e2n\u0103 \u00een 2027. Aceast\u0103 veste reprezint\u0103 un impuls semnificativ pentru echipa antrenat\u0103 de Zeljko Kopic, av\u00e2nd \u00een vedere contribu\u021bia esen\u021bial\u0103 a lui Selmani \u00een actualul sezon.<\/p>\n<p><img loading=\"lazy\" decoding=\"async\" class=\"alignnone size-medium wp-image-23343\" src=\"https:\/\/www.letsportsrock.com\/wp-content\/uploads\/2025\/02\/images-72-1-300x200.jpeg\" alt=\"\" width=\"300\" height=\"200\" srcset=\"https:\/\/www.letsportsrock.com\/wp-content\/uploads\/2025\/02\/images-72-1-300x200.jpeg 300w, https:\/\/www.letsportsrock.com\/wp-content\/uploads\/2025\/02\/images-72-1.jpeg 500w\" sizes=\"auto, (max-width: 300px) 100vw, 300px\" \/><\/p>\n<p>De la sosirea sa la Dinamo \u00een februarie 2024, dup\u0103 desp\u0103r\u021birea de Hapoel Beer Sheva, Selmani a demonstrat o form\u0103 remarcabil\u0103. \u00cen acest sezon, el a devenit cel mai prolific juc\u0103tor din Superliga, cu 9 goluri \u0219i 5 pase decisive, contribuind semnificativ la pozi\u021bionarea echipei pe locul 3 \u00een campionat.<\/p>\n<p>Prelungirea contractului a fost un subiect intens discutat, av\u00e2nd \u00een vedere performan\u021bele sale \u0219i interesul altor cluburi. Dup\u0103 mai multe runde de negocieri, s-a ajuns la un acord care reflect\u0103 at\u00e2t valoarea sa pe teren, c\u00e2t \u0219i angajamentul fa\u021b\u0103 de club.<\/p>\n<p>Prin aceast\u0103 prelungire, Astrit Selmani \u00ee\u0219i reafirm\u0103 devotamentul fa\u021b\u0103 de Dinamo Bucure\u0219ti \u0219i dorin\u021ba de a contribui la succesul echipei \u00een anii urm\u0103tori. Fanii a\u0219teapt\u0103 cu ner\u0103bdare s\u0103-l vad\u0103 continu\u00e2ndu-\u0219i evolu\u021biile impresionante \u0219i s\u0103 joace un rol crucial \u00een atingerea obiectivelor clubului.<\/p>\n\n<div style=\"font-size: 0px; height: 0px; line-height: 0px; margin: 0; padding: 0; clear: both;\"><\/div>","protected":false},"excerpt":{"rendered":"<p>Astrit Selmani \u00ee\u0219i prelunge\u0219te contractul cu FC Dinamo Bucure\u0219ti \u0219i \u00ee\u0219i declar\u0103 dragostea \u0219i devotamentul fa\u021b\u0103 de echip\u0103\u2026 Astrit Selmani, atacantul kosovar \u00een v\u00e2rst\u0103 de 27 de ani, a ajuns la un acord cu oficialii clubului Dinamo Bucure\u0219ti pentru prelungirea contractului s\u0103u p\u00e2n\u0103 \u00een 2027. Aceast\u0103 veste reprezint\u0103 un impuls semnificativ pentru echipa antrenat\u0103 de [&hellip;]<\/p>\n","protected":false},"author":9,"featured_media":23342,"comment_status":"open","ping_status":"open","sticky":false,"template":"","format":"standard","meta":{"_jetpack_memberships_contains_paid_content":false,"footnotes":""},"categories":[1],"tags":[419],"class_list":["post-23341","post","type-post","status-publish","format-standard","has-post-thumbnail","hentry","category-uncategorized","tag-fc-dinamo-bucuresti"],"yoast_head":"<!-- This site is optimized with the Yoast SEO plugin v27.5 - https:\/\/yoast.com\/product\/yoast-seo-wordpress\/ -->\n<title>Astrit Selmani \u00ee\u0219i prelunge\u0219te contractul cu FC Dinamo Bucure\u0219ti...<\/title>\n<meta name=\"description\" content=\"Astrit Selmani \u00ee\u0219i prelunge\u0219te contractul cu FC Dinamo Bucure\u0219ti \u0219i \u00ee\u0219i declar\u0103 dragostea \u0219i devotamentul fa\u021b\u0103 de echip\u0103\u2026\" \/>\n<meta name=\"robots\" content=\"index, follow, max-snippet:-1, max-image-preview:large, max-video-preview:-1\" \/>\n<link rel=\"canonical\" href=\"https:\/\/www.letsportsrock.com\/?p=23341\" \/>\n<meta property=\"og:locale\" content=\"en_US\" \/>\n<meta property=\"og:type\" content=\"article\" \/>\n<meta property=\"og:title\" content=\"Astrit Selmani \u00ee\u0219i prelunge\u0219te contractul cu FC Dinamo Bucure\u0219ti...\" \/>\n<meta property=\"og:description\" content=\"Astrit Selmani \u00ee\u0219i prelunge\u0219te contractul cu FC Dinamo Bucure\u0219ti \u0219i \u00ee\u0219i declar\u0103 dragostea \u0219i devotamentul fa\u021b\u0103 de echip\u0103\u2026\" \/>\n<meta property=\"og:url\" content=\"https:\/\/www.letsportsrock.com\/?p=23341\" \/>\n<meta property=\"og:site_name\" content=\"letsportsrock\" \/>\n<meta property=\"article:published_time\" content=\"2025-02-11T15:30:59+00:00\" \/>\n<meta property=\"og:image\" content=\"https:\/\/www.letsportsrock.com\/wp-content\/uploads\/2025\/02\/images-71-1.jpeg\" \/>\n\t<meta property=\"og:image:width\" content=\"720\" \/>\n\t<meta property=\"og:image:height\" content=\"426\" \/>\n\t<meta property=\"og:image:type\" content=\"image\/jpeg\" \/>\n<meta name=\"author\" content=\"Paul Hembaor\" \/>\n<meta name=\"twitter:card\" content=\"summary_large_image\" \/>\n<meta name=\"twitter:label1\" content=\"Written by\" \/>\n\t<meta name=\"twitter:data1\" content=\"Paul Hembaor\" \/>\n\t<meta name=\"twitter:label2\" content=\"Est. reading time\" \/>\n\t<meta name=\"twitter:data2\" content=\"2 minutes\" \/>\n<script type=\"application\/ld+json\" class=\"yoast-schema-graph\">{\"@context\":\"https:\\\/\\\/schema.org\",\"@graph\":[{\"@type\":\"Article\",\"@id\":\"https:\\\/\\\/www.letsportsrock.com\\\/?p=23341#article\",\"isPartOf\":{\"@id\":\"https:\\\/\\\/www.letsportsrock.com\\\/?p=23341\"},\"author\":{\"name\":\"Paul Hembaor\",\"@id\":\"https:\\\/\\\/www.letsportsrock.com\\\/#\\\/schema\\\/person\\\/97aa0f336f5a3ca15a8ec7d78846f045\"},\"headline\":\"Astrit Selmani \u00ee\u0219i prelunge\u0219te contractul cu FC Dinamo Bucure\u0219ti \u0219i \u00ee\u0219i declar\u0103 dragostea \u0219i devotamentul fa\u021b\u0103 de echip\u0103\u2026\",\"datePublished\":\"2025-02-11T15:30:59+00:00\",\"mainEntityOfPage\":{\"@id\":\"https:\\\/\\\/www.letsportsrock.com\\\/?p=23341\"},\"wordCount\":241,\"commentCount\":0,\"image\":{\"@id\":\"https:\\\/\\\/www.letsportsrock.com\\\/?p=23341#primaryimage\"},\"thumbnailUrl\":\"https:\\\/\\\/www.letsportsrock.com\\\/wp-content\\\/uploads\\\/2025\\\/02\\\/images-71-1.jpeg\",\"keywords\":[\"Fc Dinamo bucuresti\"],\"inLanguage\":\"en-US\",\"potentialAction\":[{\"@type\":\"CommentAction\",\"name\":\"Comment\",\"target\":[\"https:\\\/\\\/www.letsportsrock.com\\\/?p=23341#respond\"]}]},{\"@type\":\"WebPage\",\"@id\":\"https:\\\/\\\/www.letsportsrock.com\\\/?p=23341\",\"url\":\"https:\\\/\\\/www.letsportsrock.com\\\/?p=23341\",\"name\":\"Astrit Selmani \u00ee\u0219i prelunge\u0219te contractul cu FC Dinamo Bucure\u0219ti...\",\"isPartOf\":{\"@id\":\"https:\\\/\\\/www.letsportsrock.com\\\/#website\"},\"primaryImageOfPage\":{\"@id\":\"https:\\\/\\\/www.letsportsrock.com\\\/?p=23341#primaryimage\"},\"image\":{\"@id\":\"https:\\\/\\\/www.letsportsrock.com\\\/?p=23341#primaryimage\"},\"thumbnailUrl\":\"https:\\\/\\\/www.letsportsrock.com\\\/wp-content\\\/uploads\\\/2025\\\/02\\\/images-71-1.jpeg\",\"datePublished\":\"2025-02-11T15:30:59+00:00\",\"author\":{\"@id\":\"https:\\\/\\\/www.letsportsrock.com\\\/#\\\/schema\\\/person\\\/97aa0f336f5a3ca15a8ec7d78846f045\"},\"description\":\"Astrit Selmani \u00ee\u0219i prelunge\u0219te contractul cu FC Dinamo Bucure\u0219ti \u0219i \u00ee\u0219i declar\u0103 dragostea \u0219i devotamentul fa\u021b\u0103 de echip\u0103\u2026\",\"breadcrumb\":{\"@id\":\"https:\\\/\\\/www.letsportsrock.com\\\/?p=23341#breadcrumb\"},\"inLanguage\":\"en-US\",\"potentialAction\":[{\"@type\":\"ReadAction\",\"target\":[\"https:\\\/\\\/www.letsportsrock.com\\\/?p=23341\"]}]},{\"@type\":\"ImageObject\",\"inLanguage\":\"en-US\",\"@id\":\"https:\\\/\\\/www.letsportsrock.com\\\/?p=23341#primaryimage\",\"url\":\"https:\\\/\\\/www.letsportsrock.com\\\/wp-content\\\/uploads\\\/2025\\\/02\\\/images-71-1.jpeg\",\"contentUrl\":\"https:\\\/\\\/www.letsportsrock.com\\\/wp-content\\\/uploads\\\/2025\\\/02\\\/images-71-1.jpeg\",\"width\":720,\"height\":426},{\"@type\":\"BreadcrumbList\",\"@id\":\"https:\\\/\\\/www.letsportsrock.com\\\/?p=23341#breadcrumb\",\"itemListElement\":[{\"@type\":\"ListItem\",\"position\":1,\"name\":\"Home\",\"item\":\"https:\\\/\\\/www.letsportsrock.com\\\/\"},{\"@type\":\"ListItem\",\"position\":2,\"name\":\"Astrit Selmani \u00ee\u0219i prelunge\u0219te contractul cu FC Dinamo Bucure\u0219ti \u0219i \u00ee\u0219i declar\u0103 dragostea \u0219i devotamentul fa\u021b\u0103 de echip\u0103\u2026\"}]},{\"@type\":\"WebSite\",\"@id\":\"https:\\\/\\\/www.letsportsrock.com\\\/#website\",\"url\":\"https:\\\/\\\/www.letsportsrock.com\\\/\",\"name\":\"letsportsrock\",\"description\":\"Sport News and Updates\",\"potentialAction\":[{\"@type\":\"SearchAction\",\"target\":{\"@type\":\"EntryPoint\",\"urlTemplate\":\"https:\\\/\\\/www.letsportsrock.com\\\/?s={search_term_string}\"},\"query-input\":{\"@type\":\"PropertyValueSpecification\",\"valueRequired\":true,\"valueName\":\"search_term_string\"}}],\"inLanguage\":\"en-US\"},{\"@type\":\"Person\",\"@id\":\"https:\\\/\\\/www.letsportsrock.com\\\/#\\\/schema\\\/person\\\/97aa0f336f5a3ca15a8ec7d78846f045\",\"name\":\"Paul Hembaor\",\"image\":{\"@type\":\"ImageObject\",\"inLanguage\":\"en-US\",\"@id\":\"https:\\\/\\\/secure.gravatar.com\\\/avatar\\\/0574929a03c152e8ea7939c31311f9ea2fe2e06139cd71e2d6e698c217219d60?s=96&d=mm&r=g\",\"url\":\"https:\\\/\\\/secure.gravatar.com\\\/avatar\\\/0574929a03c152e8ea7939c31311f9ea2fe2e06139cd71e2d6e698c217219d60?s=96&d=mm&r=g\",\"contentUrl\":\"https:\\\/\\\/secure.gravatar.com\\\/avatar\\\/0574929a03c152e8ea7939c31311f9ea2fe2e06139cd71e2d6e698c217219d60?s=96&d=mm&r=g\",\"caption\":\"Paul Hembaor\"},\"sameAs\":[\"https:\\\/\\\/www.letsportsrock.com\\\/wp-admin\\\/\"],\"url\":\"https:\\\/\\\/www.letsportsrock.com\\\/?author=9\"}]}<\/script>\n<!-- \/ Yoast SEO plugin. -->","yoast_head_json":{"title":"Astrit Selmani \u00ee\u0219i prelunge\u0219te contractul cu FC Dinamo Bucure\u0219ti...","description":"Astrit Selmani \u00ee\u0219i prelunge\u0219te contractul cu FC Dinamo Bucure\u0219ti \u0219i \u00ee\u0219i declar\u0103 dragostea \u0219i devotamentul fa\u021b\u0103 de echip\u0103\u2026","robots":{"index":"index","follow":"follow","max-snippet":"max-snippet:-1","max-image-preview":"max-image-preview:large","max-video-preview":"max-video-preview:-1"},"canonical":"https:\/\/www.letsportsrock.com\/?p=23341","og_locale":"en_US","og_type":"article","og_title":"Astrit Selmani \u00ee\u0219i prelunge\u0219te contractul cu FC Dinamo Bucure\u0219ti...","og_description":"Astrit Selmani \u00ee\u0219i prelunge\u0219te contractul cu FC Dinamo Bucure\u0219ti \u0219i \u00ee\u0219i declar\u0103 dragostea \u0219i devotamentul fa\u021b\u0103 de echip\u0103\u2026","og_url":"https:\/\/www.letsportsrock.com\/?p=23341","og_site_name":"letsportsrock","article_published_time":"2025-02-11T15:30:59+00:00","og_image":[{"width":720,"height":426,"url":"https:\/\/www.letsportsrock.com\/wp-content\/uploads\/2025\/02\/images-71-1.jpeg","type":"image\/jpeg"}],"author":"Paul Hembaor","twitter_card":"summary_large_image","twitter_misc":{"Written by":"Paul Hembaor","Est. reading time":"2 minutes"},"schema":{"@context":"https:\/\/schema.org","@graph":[{"@type":"Article","@id":"https:\/\/www.letsportsrock.com\/?p=23341#article","isPartOf":{"@id":"https:\/\/www.letsportsrock.com\/?p=23341"},"author":{"name":"Paul Hembaor","@id":"https:\/\/www.letsportsrock.com\/#\/schema\/person\/97aa0f336f5a3ca15a8ec7d78846f045"},"headline":"Astrit Selmani \u00ee\u0219i prelunge\u0219te contractul cu FC Dinamo Bucure\u0219ti \u0219i \u00ee\u0219i declar\u0103 dragostea \u0219i devotamentul fa\u021b\u0103 de echip\u0103\u2026","datePublished":"2025-02-11T15:30:59+00:00","mainEntityOfPage":{"@id":"https:\/\/www.letsportsrock.com\/?p=23341"},"wordCount":241,"commentCount":0,"image":{"@id":"https:\/\/www.letsportsrock.com\/?p=23341#primaryimage"},"thumbnailUrl":"https:\/\/www.letsportsrock.com\/wp-content\/uploads\/2025\/02\/images-71-1.jpeg","keywords":["Fc Dinamo bucuresti"],"inLanguage":"en-US","potentialAction":[{"@type":"CommentAction","name":"Comment","target":["https:\/\/www.letsportsrock.com\/?p=23341#respond"]}]},{"@type":"WebPage","@id":"https:\/\/www.letsportsrock.com\/?p=23341","url":"https:\/\/www.letsportsrock.com\/?p=23341","name":"Astrit Selmani \u00ee\u0219i prelunge\u0219te contractul cu FC Dinamo Bucure\u0219ti...","isPartOf":{"@id":"https:\/\/www.letsportsrock.com\/#website"},"primaryImageOfPage":{"@id":"https:\/\/www.letsportsrock.com\/?p=23341#primaryimage"},"image":{"@id":"https:\/\/www.letsportsrock.com\/?p=23341#primaryimage"},"thumbnailUrl":"https:\/\/www.letsportsrock.com\/wp-content\/uploads\/2025\/02\/images-71-1.jpeg","datePublished":"2025-02-11T15:30:59+00:00","author":{"@id":"https:\/\/www.letsportsrock.com\/#\/schema\/person\/97aa0f336f5a3ca15a8ec7d78846f045"},"description":"Astrit Selmani \u00ee\u0219i prelunge\u0219te contractul cu FC Dinamo Bucure\u0219ti \u0219i \u00ee\u0219i declar\u0103 dragostea \u0219i devotamentul fa\u021b\u0103 de echip\u0103\u2026","breadcrumb":{"@id":"https:\/\/www.letsportsrock.com\/?p=23341#breadcrumb"},"inLanguage":"en-US","potentialAction":[{"@type":"ReadAction","target":["https:\/\/www.letsportsrock.com\/?p=23341"]}]},{"@type":"ImageObject","inLanguage":"en-US","@id":"https:\/\/www.letsportsrock.com\/?p=23341#primaryimage","url":"https:\/\/www.letsportsrock.com\/wp-content\/uploads\/2025\/02\/images-71-1.jpeg","contentUrl":"https:\/\/www.letsportsrock.com\/wp-content\/uploads\/2025\/02\/images-71-1.jpeg","width":720,"height":426},{"@type":"BreadcrumbList","@id":"https:\/\/www.letsportsrock.com\/?p=23341#breadcrumb","itemListElement":[{"@type":"ListItem","position":1,"name":"Home","item":"https:\/\/www.letsportsrock.com\/"},{"@type":"ListItem","position":2,"name":"Astrit Selmani \u00ee\u0219i prelunge\u0219te contractul cu FC Dinamo Bucure\u0219ti \u0219i \u00ee\u0219i declar\u0103 dragostea \u0219i devotamentul fa\u021b\u0103 de echip\u0103\u2026"}]},{"@type":"WebSite","@id":"https:\/\/www.letsportsrock.com\/#website","url":"https:\/\/www.letsportsrock.com\/","name":"letsportsrock","description":"Sport News and Updates","potentialAction":[{"@type":"SearchAction","target":{"@type":"EntryPoint","urlTemplate":"https:\/\/www.letsportsrock.com\/?s={search_term_string}"},"query-input":{"@type":"PropertyValueSpecification","valueRequired":true,"valueName":"search_term_string"}}],"inLanguage":"en-US"},{"@type":"Person","@id":"https:\/\/www.letsportsrock.com\/#\/schema\/person\/97aa0f336f5a3ca15a8ec7d78846f045","name":"Paul Hembaor","image":{"@type":"ImageObject","inLanguage":"en-US","@id":"https:\/\/secure.gravatar.com\/avatar\/0574929a03c152e8ea7939c31311f9ea2fe2e06139cd71e2d6e698c217219d60?s=96&d=mm&r=g","url":"https:\/\/secure.gravatar.com\/avatar\/0574929a03c152e8ea7939c31311f9ea2fe2e06139cd71e2d6e698c217219d60?s=96&d=mm&r=g","contentUrl":"https:\/\/secure.gravatar.com\/avatar\/0574929a03c152e8ea7939c31311f9ea2fe2e06139cd71e2d6e698c217219d60?s=96&d=mm&r=g","caption":"Paul Hembaor"},"sameAs":["https:\/\/www.letsportsrock.com\/wp-admin\/"],"url":"https:\/\/www.letsportsrock.com\/?author=9"}]}},"jetpack_featured_media_url":"https:\/\/www.letsportsrock.com\/wp-content\/uploads\/2025\/02\/images-71-1.jpeg","jetpack_sharing_enabled":true,"_links":{"self":[{"href":"https:\/\/www.letsportsrock.com\/index.php?rest_route=\/wp\/v2\/posts\/23341","targetHints":{"allow":["GET"]}}],"collection":[{"href":"https:\/\/www.letsportsrock.com\/index.php?rest_route=\/wp\/v2\/posts"}],"about":[{"href":"https:\/\/www.letsportsrock.com\/index.php?rest_route=\/wp\/v2\/types\/post"}],"author":[{"embeddable":true,"href":"https:\/\/www.letsportsrock.com\/index.php?rest_route=\/wp\/v2\/users\/9"}],"replies":[{"embeddable":true,"href":"https:\/\/www.letsportsrock.com\/index.php?rest_route=%2Fwp%2Fv2%2Fcomments&post=23341"}],"version-history":[{"count":1,"href":"https:\/\/www.letsportsrock.com\/index.php?rest_route=\/wp\/v2\/posts\/23341\/revisions"}],"predecessor-version":[{"id":23344,"href":"https:\/\/www.letsportsrock.com\/index.php?rest_route=\/wp\/v2\/posts\/23341\/revisions\/23344"}],"wp:featuredmedia":[{"embeddable":true,"href":"https:\/\/www.letsportsrock.com\/index.php?rest_route=\/wp\/v2\/media\/23342"}],"wp:attachment":[{"href":"https:\/\/www.letsportsrock.com\/index.php?rest_route=%2Fwp%2Fv2%2Fmedia&parent=23341"}],"wp:term":[{"taxonomy":"category","embeddable":true,"href":"https:\/\/www.letsportsrock.com\/index.php?rest_route=%2Fwp%2Fv2%2Fcategories&post=23341"},{"taxonomy":"post_tag","embeddable":true,"href":"https:\/\/www.letsportsrock.com\/index.php?rest_route=%2Fwp%2Fv2%2Ftags&post=23341"}],"curies":[{"name":"wp","href":"https:\/\/api.w.org\/{rel}","templated":true}]}}