{"id":23345,"date":"2025-02-11T15:41:14","date_gmt":"2025-02-11T15:41:14","guid":{"rendered":"https:\/\/www.letsportsrock.com\/?p=23345"},"modified":"2025-02-11T15:41:14","modified_gmt":"2025-02-11T15:41:14","slug":"ma-intorc-fostul-star-atacant-de-la-fcsb-si-a-reziliat-contractul-cu-al-gharafa-sc-declarand-ca-va-10","status":"publish","type":"post","link":"https:\/\/www.letsportsrock.com\/?p=23345","title":{"rendered":"\u201eM\u0103 \u00eentorc\u201d. Fostul star atacant de la FCSB \u0219i-a reziliat contractul cu Al-Gharafa SC, declar\u00e2nd c\u0103 va\u2026"},"content":{"rendered":"<div class=\"d79db4796efc26332eabfc3f5dafbc76\" data-index=\"1\" style=\"float: none; margin:10px 0 10px 0; text-align:center;\">\n<div class=\"hb-ad-inarticle\">\r\n    <div class=\"hb-ad-inner\"> \r\n    <div class=\"hbagency_cls\"  id=\"hbagency_space_111930\"><\/div><\/div> <\/div>\n<\/div>\n<p dir=\"ltr\">\u201eM\u0103 \u00eentorc\u201d. Fostul star atacant de la FCSB \u0219i-a reziliat contractul cu Al-Gharafa SC, declar\u00e2nd c\u0103 va\u2026<\/p>\n<p dir=\"ltr\">\n<p dir=\"ltr\">Fostul atacant al FCSB, Marko Dugand\u017ei\u0107, \u0219i-a reziliat recent contractul cu Al-Gharafa SC din Qatar \u0219i a anun\u021bat inten\u021bia de a reveni \u00een Europa. \u00centr-o declara\u021bie, Dugand\u017ei\u0107 a afirmat: \u201eM\u0103 \u00eentorc. Am avut o experien\u021b\u0103 interesant\u0103 \u00een Qatar, dar simt c\u0103 este momentul s\u0103 joc din nou la un nivel competitiv \u00een Europa\u201d.<\/p>\n<p dir=\"ltr\"><img loading=\"lazy\" decoding=\"async\" class=\"alignnone size-medium wp-image-23350\" src=\"https:\/\/www.letsportsrock.com\/wp-content\/uploads\/2025\/02\/images-74-1-300x200.jpeg\" alt=\"\" width=\"300\" height=\"200\" srcset=\"https:\/\/www.letsportsrock.com\/wp-content\/uploads\/2025\/02\/images-74-1-300x200.jpeg 300w, https:\/\/www.letsportsrock.com\/wp-content\/uploads\/2025\/02\/images-74-1.jpeg 678w\" sizes=\"auto, (max-width: 300px) 100vw, 300px\" \/><\/p>\n<p dir=\"ltr\">\n<p dir=\"ltr\">\u00cenainte de transferul s\u0103u \u00een Golf, Dugand\u017ei\u0107 a avut un sezon remarcabil la FCSB, fiind unul dintre cei mai eficien\u021bi atacan\u021bi din campionatul rom\u00e2nesc. Cu toate acestea, perioada petrecut\u0103 \u00een Qatar nu a fost la fel de reu\u0219it\u0103, ceea ce l-a determinat s\u0103 caute oportunit\u0103\u021bi \u00eenapoi \u00een Europa.<\/p>\n<p dir=\"ltr\">\n<p dir=\"ltr\">Fanii FCSB sper\u0103 la o posibil\u0103 revenire a lui Dugand\u017ei\u0107, av\u00e2nd \u00een vedere impactul s\u0103u pozitiv anterior \u00een echip\u0103. Totu\u0219i, \u0219i alte cluburi din Liga 1 sau din alte campionate europene ar putea fi interesate de serviciile sale. R\u0103m\u00e2ne de v\u0103zut care va fi urm\u0103toarea destina\u021bie a atacantului croat, \u00eens\u0103 este clar c\u0103 acesta \u00ee\u0219i dore\u0219te s\u0103-\u0219i reafirme valoarea pe terenurile de fotbal europene.<\/p>\n\n<div style=\"font-size: 0px; height: 0px; line-height: 0px; margin: 0; padding: 0; clear: both;\"><\/div>","protected":false},"excerpt":{"rendered":"<p>\u201eM\u0103 \u00eentorc\u201d. Fostul star atacant de la FCSB \u0219i-a reziliat contractul cu Al-Gharafa SC, declar\u00e2nd c\u0103 va\u2026 Fostul atacant al FCSB, Marko Dugand\u017ei\u0107, \u0219i-a reziliat recent contractul cu Al-Gharafa SC din Qatar \u0219i a anun\u021bat inten\u021bia de a reveni \u00een Europa. \u00centr-o declara\u021bie, Dugand\u017ei\u0107 a afirmat: \u201eM\u0103 \u00eentorc. Am avut o experien\u021b\u0103 interesant\u0103 \u00een Qatar, [&hellip;]<\/p>\n","protected":false},"author":9,"featured_media":23347,"comment_status":"open","ping_status":"open","sticky":false,"template":"","format":"standard","meta":{"_jetpack_memberships_contains_paid_content":false,"footnotes":""},"categories":[1],"tags":[419],"class_list":["post-23345","post","type-post","status-publish","format-standard","has-post-thumbnail","hentry","category-uncategorized","tag-fc-dinamo-bucuresti"],"yoast_head":"<!-- This site is optimized with the Yoast SEO plugin v27.5 - https:\/\/yoast.com\/product\/yoast-seo-wordpress\/ -->\n<title>\u201eM\u0103 \u00eentorc\u201d. Fostul star atacant de la FCSB \u0219i-a reziliat contractul.....<\/title>\n<meta name=\"description\" content=\"\u201eM\u0103 \u00eentorc\u201d. Fostul star atacant de la FCSB \u0219i-a reziliat contractul cu Al-Gharafa SC, declar\u00e2nd c\u0103 va\u2026........\" \/>\n<meta name=\"robots\" content=\"index, follow, max-snippet:-1, max-image-preview:large, max-video-preview:-1\" \/>\n<link rel=\"canonical\" href=\"https:\/\/www.letsportsrock.com\/?p=23345\" \/>\n<meta property=\"og:locale\" content=\"en_US\" \/>\n<meta property=\"og:type\" content=\"article\" \/>\n<meta property=\"og:title\" content=\"\u201eM\u0103 \u00eentorc\u201d. Fostul star atacant de la FCSB \u0219i-a reziliat contractul.....\" \/>\n<meta property=\"og:description\" content=\"\u201eM\u0103 \u00eentorc\u201d. Fostul star atacant de la FCSB \u0219i-a reziliat contractul cu Al-Gharafa SC, declar\u00e2nd c\u0103 va\u2026........\" \/>\n<meta property=\"og:url\" content=\"https:\/\/www.letsportsrock.com\/?p=23345\" \/>\n<meta property=\"og:site_name\" content=\"letsportsrock\" \/>\n<meta property=\"article:published_time\" content=\"2025-02-11T15:41:14+00:00\" \/>\n<meta property=\"og:image\" content=\"https:\/\/www.letsportsrock.com\/wp-content\/uploads\/2025\/02\/images-73-1.jpeg\" \/>\n\t<meta property=\"og:image:width\" content=\"739\" \/>\n\t<meta property=\"og:image:height\" content=\"415\" \/>\n\t<meta property=\"og:image:type\" content=\"image\/jpeg\" \/>\n<meta name=\"author\" content=\"Paul Hembaor\" \/>\n<meta name=\"twitter:card\" content=\"summary_large_image\" \/>\n<meta name=\"twitter:label1\" content=\"Written by\" \/>\n\t<meta name=\"twitter:data1\" content=\"Paul Hembaor\" \/>\n\t<meta name=\"twitter:label2\" content=\"Est. reading time\" \/>\n\t<meta name=\"twitter:data2\" content=\"2 minutes\" \/>\n<script type=\"application\/ld+json\" class=\"yoast-schema-graph\">{\"@context\":\"https:\\\/\\\/schema.org\",\"@graph\":[{\"@type\":\"Article\",\"@id\":\"https:\\\/\\\/www.letsportsrock.com\\\/?p=23345#article\",\"isPartOf\":{\"@id\":\"https:\\\/\\\/www.letsportsrock.com\\\/?p=23345\"},\"author\":{\"name\":\"Paul Hembaor\",\"@id\":\"https:\\\/\\\/www.letsportsrock.com\\\/#\\\/schema\\\/person\\\/97aa0f336f5a3ca15a8ec7d78846f045\"},\"headline\":\"\u201eM\u0103 \u00eentorc\u201d. Fostul star atacant de la FCSB \u0219i-a reziliat contractul cu Al-Gharafa SC, declar\u00e2nd c\u0103 va\u2026\",\"datePublished\":\"2025-02-11T15:41:14+00:00\",\"mainEntityOfPage\":{\"@id\":\"https:\\\/\\\/www.letsportsrock.com\\\/?p=23345\"},\"wordCount\":224,\"commentCount\":0,\"image\":{\"@id\":\"https:\\\/\\\/www.letsportsrock.com\\\/?p=23345#primaryimage\"},\"thumbnailUrl\":\"https:\\\/\\\/www.letsportsrock.com\\\/wp-content\\\/uploads\\\/2025\\\/02\\\/images-73-1.jpeg\",\"keywords\":[\"Fc Dinamo bucuresti\"],\"inLanguage\":\"en-US\",\"potentialAction\":[{\"@type\":\"CommentAction\",\"name\":\"Comment\",\"target\":[\"https:\\\/\\\/www.letsportsrock.com\\\/?p=23345#respond\"]}]},{\"@type\":\"WebPage\",\"@id\":\"https:\\\/\\\/www.letsportsrock.com\\\/?p=23345\",\"url\":\"https:\\\/\\\/www.letsportsrock.com\\\/?p=23345\",\"name\":\"\u201eM\u0103 \u00eentorc\u201d. Fostul star atacant de la FCSB \u0219i-a reziliat contractul.....\",\"isPartOf\":{\"@id\":\"https:\\\/\\\/www.letsportsrock.com\\\/#website\"},\"primaryImageOfPage\":{\"@id\":\"https:\\\/\\\/www.letsportsrock.com\\\/?p=23345#primaryimage\"},\"image\":{\"@id\":\"https:\\\/\\\/www.letsportsrock.com\\\/?p=23345#primaryimage\"},\"thumbnailUrl\":\"https:\\\/\\\/www.letsportsrock.com\\\/wp-content\\\/uploads\\\/2025\\\/02\\\/images-73-1.jpeg\",\"datePublished\":\"2025-02-11T15:41:14+00:00\",\"author\":{\"@id\":\"https:\\\/\\\/www.letsportsrock.com\\\/#\\\/schema\\\/person\\\/97aa0f336f5a3ca15a8ec7d78846f045\"},\"description\":\"\u201eM\u0103 \u00eentorc\u201d. Fostul star atacant de la FCSB \u0219i-a reziliat contractul cu Al-Gharafa SC, declar\u00e2nd c\u0103 va\u2026........\",\"breadcrumb\":{\"@id\":\"https:\\\/\\\/www.letsportsrock.com\\\/?p=23345#breadcrumb\"},\"inLanguage\":\"en-US\",\"potentialAction\":[{\"@type\":\"ReadAction\",\"target\":[\"https:\\\/\\\/www.letsportsrock.com\\\/?p=23345\"]}]},{\"@type\":\"ImageObject\",\"inLanguage\":\"en-US\",\"@id\":\"https:\\\/\\\/www.letsportsrock.com\\\/?p=23345#primaryimage\",\"url\":\"https:\\\/\\\/www.letsportsrock.com\\\/wp-content\\\/uploads\\\/2025\\\/02\\\/images-73-1.jpeg\",\"contentUrl\":\"https:\\\/\\\/www.letsportsrock.com\\\/wp-content\\\/uploads\\\/2025\\\/02\\\/images-73-1.jpeg\",\"width\":739,\"height\":415},{\"@type\":\"BreadcrumbList\",\"@id\":\"https:\\\/\\\/www.letsportsrock.com\\\/?p=23345#breadcrumb\",\"itemListElement\":[{\"@type\":\"ListItem\",\"position\":1,\"name\":\"Home\",\"item\":\"https:\\\/\\\/www.letsportsrock.com\\\/\"},{\"@type\":\"ListItem\",\"position\":2,\"name\":\"\u201eM\u0103 \u00eentorc\u201d. Fostul star atacant de la FCSB \u0219i-a reziliat contractul cu Al-Gharafa SC, declar\u00e2nd c\u0103 va\u2026\"}]},{\"@type\":\"WebSite\",\"@id\":\"https:\\\/\\\/www.letsportsrock.com\\\/#website\",\"url\":\"https:\\\/\\\/www.letsportsrock.com\\\/\",\"name\":\"letsportsrock\",\"description\":\"Sport News and Updates\",\"potentialAction\":[{\"@type\":\"SearchAction\",\"target\":{\"@type\":\"EntryPoint\",\"urlTemplate\":\"https:\\\/\\\/www.letsportsrock.com\\\/?s={search_term_string}\"},\"query-input\":{\"@type\":\"PropertyValueSpecification\",\"valueRequired\":true,\"valueName\":\"search_term_string\"}}],\"inLanguage\":\"en-US\"},{\"@type\":\"Person\",\"@id\":\"https:\\\/\\\/www.letsportsrock.com\\\/#\\\/schema\\\/person\\\/97aa0f336f5a3ca15a8ec7d78846f045\",\"name\":\"Paul Hembaor\",\"image\":{\"@type\":\"ImageObject\",\"inLanguage\":\"en-US\",\"@id\":\"https:\\\/\\\/secure.gravatar.com\\\/avatar\\\/0574929a03c152e8ea7939c31311f9ea2fe2e06139cd71e2d6e698c217219d60?s=96&d=mm&r=g\",\"url\":\"https:\\\/\\\/secure.gravatar.com\\\/avatar\\\/0574929a03c152e8ea7939c31311f9ea2fe2e06139cd71e2d6e698c217219d60?s=96&d=mm&r=g\",\"contentUrl\":\"https:\\\/\\\/secure.gravatar.com\\\/avatar\\\/0574929a03c152e8ea7939c31311f9ea2fe2e06139cd71e2d6e698c217219d60?s=96&d=mm&r=g\",\"caption\":\"Paul Hembaor\"},\"sameAs\":[\"https:\\\/\\\/www.letsportsrock.com\\\/wp-admin\\\/\"],\"url\":\"https:\\\/\\\/www.letsportsrock.com\\\/?author=9\"}]}<\/script>\n<!-- \/ Yoast SEO plugin. -->","yoast_head_json":{"title":"\u201eM\u0103 \u00eentorc\u201d. Fostul star atacant de la FCSB \u0219i-a reziliat contractul.....","description":"\u201eM\u0103 \u00eentorc\u201d. Fostul star atacant de la FCSB \u0219i-a reziliat contractul cu Al-Gharafa SC, declar\u00e2nd c\u0103 va\u2026........","robots":{"index":"index","follow":"follow","max-snippet":"max-snippet:-1","max-image-preview":"max-image-preview:large","max-video-preview":"max-video-preview:-1"},"canonical":"https:\/\/www.letsportsrock.com\/?p=23345","og_locale":"en_US","og_type":"article","og_title":"\u201eM\u0103 \u00eentorc\u201d. Fostul star atacant de la FCSB \u0219i-a reziliat contractul.....","og_description":"\u201eM\u0103 \u00eentorc\u201d. Fostul star atacant de la FCSB \u0219i-a reziliat contractul cu Al-Gharafa SC, declar\u00e2nd c\u0103 va\u2026........","og_url":"https:\/\/www.letsportsrock.com\/?p=23345","og_site_name":"letsportsrock","article_published_time":"2025-02-11T15:41:14+00:00","og_image":[{"width":739,"height":415,"url":"https:\/\/www.letsportsrock.com\/wp-content\/uploads\/2025\/02\/images-73-1.jpeg","type":"image\/jpeg"}],"author":"Paul Hembaor","twitter_card":"summary_large_image","twitter_misc":{"Written by":"Paul Hembaor","Est. reading time":"2 minutes"},"schema":{"@context":"https:\/\/schema.org","@graph":[{"@type":"Article","@id":"https:\/\/www.letsportsrock.com\/?p=23345#article","isPartOf":{"@id":"https:\/\/www.letsportsrock.com\/?p=23345"},"author":{"name":"Paul Hembaor","@id":"https:\/\/www.letsportsrock.com\/#\/schema\/person\/97aa0f336f5a3ca15a8ec7d78846f045"},"headline":"\u201eM\u0103 \u00eentorc\u201d. Fostul star atacant de la FCSB \u0219i-a reziliat contractul cu Al-Gharafa SC, declar\u00e2nd c\u0103 va\u2026","datePublished":"2025-02-11T15:41:14+00:00","mainEntityOfPage":{"@id":"https:\/\/www.letsportsrock.com\/?p=23345"},"wordCount":224,"commentCount":0,"image":{"@id":"https:\/\/www.letsportsrock.com\/?p=23345#primaryimage"},"thumbnailUrl":"https:\/\/www.letsportsrock.com\/wp-content\/uploads\/2025\/02\/images-73-1.jpeg","keywords":["Fc Dinamo bucuresti"],"inLanguage":"en-US","potentialAction":[{"@type":"CommentAction","name":"Comment","target":["https:\/\/www.letsportsrock.com\/?p=23345#respond"]}]},{"@type":"WebPage","@id":"https:\/\/www.letsportsrock.com\/?p=23345","url":"https:\/\/www.letsportsrock.com\/?p=23345","name":"\u201eM\u0103 \u00eentorc\u201d. Fostul star atacant de la FCSB \u0219i-a reziliat contractul.....","isPartOf":{"@id":"https:\/\/www.letsportsrock.com\/#website"},"primaryImageOfPage":{"@id":"https:\/\/www.letsportsrock.com\/?p=23345#primaryimage"},"image":{"@id":"https:\/\/www.letsportsrock.com\/?p=23345#primaryimage"},"thumbnailUrl":"https:\/\/www.letsportsrock.com\/wp-content\/uploads\/2025\/02\/images-73-1.jpeg","datePublished":"2025-02-11T15:41:14+00:00","author":{"@id":"https:\/\/www.letsportsrock.com\/#\/schema\/person\/97aa0f336f5a3ca15a8ec7d78846f045"},"description":"\u201eM\u0103 \u00eentorc\u201d. Fostul star atacant de la FCSB \u0219i-a reziliat contractul cu Al-Gharafa SC, declar\u00e2nd c\u0103 va\u2026........","breadcrumb":{"@id":"https:\/\/www.letsportsrock.com\/?p=23345#breadcrumb"},"inLanguage":"en-US","potentialAction":[{"@type":"ReadAction","target":["https:\/\/www.letsportsrock.com\/?p=23345"]}]},{"@type":"ImageObject","inLanguage":"en-US","@id":"https:\/\/www.letsportsrock.com\/?p=23345#primaryimage","url":"https:\/\/www.letsportsrock.com\/wp-content\/uploads\/2025\/02\/images-73-1.jpeg","contentUrl":"https:\/\/www.letsportsrock.com\/wp-content\/uploads\/2025\/02\/images-73-1.jpeg","width":739,"height":415},{"@type":"BreadcrumbList","@id":"https:\/\/www.letsportsrock.com\/?p=23345#breadcrumb","itemListElement":[{"@type":"ListItem","position":1,"name":"Home","item":"https:\/\/www.letsportsrock.com\/"},{"@type":"ListItem","position":2,"name":"\u201eM\u0103 \u00eentorc\u201d. Fostul star atacant de la FCSB \u0219i-a reziliat contractul cu Al-Gharafa SC, declar\u00e2nd c\u0103 va\u2026"}]},{"@type":"WebSite","@id":"https:\/\/www.letsportsrock.com\/#website","url":"https:\/\/www.letsportsrock.com\/","name":"letsportsrock","description":"Sport News and Updates","potentialAction":[{"@type":"SearchAction","target":{"@type":"EntryPoint","urlTemplate":"https:\/\/www.letsportsrock.com\/?s={search_term_string}"},"query-input":{"@type":"PropertyValueSpecification","valueRequired":true,"valueName":"search_term_string"}}],"inLanguage":"en-US"},{"@type":"Person","@id":"https:\/\/www.letsportsrock.com\/#\/schema\/person\/97aa0f336f5a3ca15a8ec7d78846f045","name":"Paul Hembaor","image":{"@type":"ImageObject","inLanguage":"en-US","@id":"https:\/\/secure.gravatar.com\/avatar\/0574929a03c152e8ea7939c31311f9ea2fe2e06139cd71e2d6e698c217219d60?s=96&d=mm&r=g","url":"https:\/\/secure.gravatar.com\/avatar\/0574929a03c152e8ea7939c31311f9ea2fe2e06139cd71e2d6e698c217219d60?s=96&d=mm&r=g","contentUrl":"https:\/\/secure.gravatar.com\/avatar\/0574929a03c152e8ea7939c31311f9ea2fe2e06139cd71e2d6e698c217219d60?s=96&d=mm&r=g","caption":"Paul Hembaor"},"sameAs":["https:\/\/www.letsportsrock.com\/wp-admin\/"],"url":"https:\/\/www.letsportsrock.com\/?author=9"}]}},"jetpack_featured_media_url":"https:\/\/www.letsportsrock.com\/wp-content\/uploads\/2025\/02\/images-73-1.jpeg","jetpack_sharing_enabled":true,"_links":{"self":[{"href":"https:\/\/www.letsportsrock.com\/index.php?rest_route=\/wp\/v2\/posts\/23345","targetHints":{"allow":["GET"]}}],"collection":[{"href":"https:\/\/www.letsportsrock.com\/index.php?rest_route=\/wp\/v2\/posts"}],"about":[{"href":"https:\/\/www.letsportsrock.com\/index.php?rest_route=\/wp\/v2\/types\/post"}],"author":[{"embeddable":true,"href":"https:\/\/www.letsportsrock.com\/index.php?rest_route=\/wp\/v2\/users\/9"}],"replies":[{"embeddable":true,"href":"https:\/\/www.letsportsrock.com\/index.php?rest_route=%2Fwp%2Fv2%2Fcomments&post=23345"}],"version-history":[{"count":1,"href":"https:\/\/www.letsportsrock.com\/index.php?rest_route=\/wp\/v2\/posts\/23345\/revisions"}],"predecessor-version":[{"id":23351,"href":"https:\/\/www.letsportsrock.com\/index.php?rest_route=\/wp\/v2\/posts\/23345\/revisions\/23351"}],"wp:featuredmedia":[{"embeddable":true,"href":"https:\/\/www.letsportsrock.com\/index.php?rest_route=\/wp\/v2\/media\/23347"}],"wp:attachment":[{"href":"https:\/\/www.letsportsrock.com\/index.php?rest_route=%2Fwp%2Fv2%2Fmedia&parent=23345"}],"wp:term":[{"taxonomy":"category","embeddable":true,"href":"https:\/\/www.letsportsrock.com\/index.php?rest_route=%2Fwp%2Fv2%2Fcategories&post=23345"},{"taxonomy":"post_tag","embeddable":true,"href":"https:\/\/www.letsportsrock.com\/index.php?rest_route=%2Fwp%2Fv2%2Ftags&post=23345"}],"curies":[{"name":"wp","href":"https:\/\/api.w.org\/{rel}","templated":true}]}}