{"id":23437,"date":"2025-02-11T23:19:16","date_gmt":"2025-02-11T23:19:16","guid":{"rendered":"https:\/\/www.letsportsrock.com\/?p=23437"},"modified":"2025-02-11T23:19:16","modified_gmt":"2025-02-11T23:19:16","slug":"chiar-acum-starul-de-top-al-fc-dinamo-bucuresti-confirma-ca-vrea-sa-se-intoarca-din-cauza","status":"publish","type":"post","link":"https:\/\/www.letsportsrock.com\/?p=23437","title":{"rendered":"Chiar acum, starul de top al FC Dinamo Bucure\u0219ti confirm\u0103 c\u0103 vrea s\u0103 se \u00eentoarc\u0103 din cauza&#8230;&#8230;."},"content":{"rendered":"<div class=\"d79db4796efc26332eabfc3f5dafbc76\" data-index=\"1\" style=\"float: none; margin:10px 0 10px 0; text-align:center;\">\n<div class=\"hb-ad-inarticle\">\r\n    <div class=\"hb-ad-inner\"> \r\n    <div class=\"hbagency_cls\"  id=\"hbagency_space_111930\"><\/div><\/div> <\/div>\n<\/div>\n<p>Chiar acum, starul de top al FC Dinamo Bucure\u0219ti confirm\u0103 c\u0103 vrea s\u0103 se \u00eentoarc\u0103 din cauza instabilit\u0103\u021bii financiare \u0219i a rezultatelor slabe ale echipei. Dup\u0103 o perioad\u0103 dificil\u0103 \u00een cadrul clubului din \u0218tefan cel Mare, juc\u0103torul \u0219i-a exprimat dorin\u021ba de a reveni la echipa care i-a marcat \u00eenceputurile carierei, consider\u00e2nd c\u0103 o schimbare de scen\u0103 ar putea aduce at\u00e2t lini\u0219te personal\u0103, c\u00e2t \u0219i performan\u021b\u0103 sportiv\u0103.<\/p>\n<p>&nbsp;<\/p>\n<p>\u201e\u00cen ultimele luni, lucrurile s-au schimbat mult \u00een cadrul clubului \u0219i am sim\u021bit c\u0103 nu mai am acela\u0219i sprijin ca \u00eenainte. Instabilitatea financiar\u0103 \u0219i rezultatele sub a\u0219tept\u0103ri au afectat atmosfera echipei. La un moment dat, am ajuns s\u0103 m\u0103 simt dezorientat \u0219i s\u0103 m\u0103 \u00eentreb dac\u0103 mai exist\u0103 un viitor pe termen lung la Dinamo, a\u0219a cum mi-am dorit\u201d, a declarat juc\u0103torul.<\/p>\n<p>&nbsp;<\/p>\n<p>Este bine cunoscut faptul c\u0103 FC Dinamo trece printr-o perioad\u0103 de reconstruc\u021bie, iar schimb\u0103rile constante de antrenori \u0219i lipsa unui proiect solid pe termen lung au influen\u021bat \u00een mod negativ evolu\u021biile echipei. De asemenea, problemele financiare au avut un impact semnificativ asupra moralei juc\u0103torilor, iar acest lucru s-a reflectat \u00een rezultatele din campionat.<\/p>\n<p>&nbsp;<\/p>\n<p>\u201eMi-am dorit mult s\u0103 ajut echipa s\u0103 se redreseze, \u00eens\u0103 realitatea este c\u0103 nu am putut face acest lucru singur. Cred c\u0103 este momentul s\u0103 iau o decizie important\u0103 pentru viitorul meu \u0219i, dac\u0103 va fi posibil, s\u0103 m\u0103 \u00eentorc acolo unde am \u00eencredere c\u0103 voi putea s\u0103 cresc ca fotbalist \u0219i s\u0103 c\u00e2\u0219tig trofee\u201d, a mai ad\u0103ugat starul.<\/p>\n<p>&nbsp;<\/p>\n<p>De\u0219i \u00eenc\u0103 nu se \u0219tie exact care va fi viitorul s\u0103u, este clar c\u0103 juc\u0103torul caut\u0103 o nou\u0103 oportunitate \u00eentr-un mediu mai stabil, unde ambi\u021biile sale s\u0103 poat\u0103 fi atinse.<\/p>\n\n<div style=\"font-size: 0px; height: 0px; line-height: 0px; margin: 0; padding: 0; clear: both;\"><\/div>","protected":false},"excerpt":{"rendered":"<p>Chiar acum, starul de top al FC Dinamo Bucure\u0219ti confirm\u0103 c\u0103 vrea s\u0103 se \u00eentoarc\u0103 din cauza instabilit\u0103\u021bii financiare \u0219i a rezultatelor slabe ale echipei. Dup\u0103 o perioad\u0103 dificil\u0103 \u00een cadrul clubului din \u0218tefan cel Mare, juc\u0103torul \u0219i-a exprimat dorin\u021ba de a reveni la echipa care i-a marcat \u00eenceputurile carierei, consider\u00e2nd c\u0103 o schimbare de [&hellip;]<\/p>\n","protected":false},"author":1,"featured_media":23439,"comment_status":"open","ping_status":"open","sticky":false,"template":"","format":"standard","meta":{"_jetpack_memberships_contains_paid_content":false,"footnotes":""},"categories":[1],"tags":[],"class_list":["post-23437","post","type-post","status-publish","format-standard","has-post-thumbnail","hentry","category-uncategorized"],"yoast_head":"<!-- This site is optimized with the Yoast SEO plugin v27.4 - https:\/\/yoast.com\/product\/yoast-seo-wordpress\/ -->\n<title>Chiar acum, starul de top al FC Dinamo Bucure\u0219ti confirm\u0103 c\u0103 vrea s\u0103 se \u00eentoarc\u0103 din cauza.......<\/title>\n<meta name=\"description\" content=\"Chiar acum, starul de top al FC Dinamo Bucure\u0219ti confirm\u0103 c\u0103 vrea s\u0103 se \u00eentoarc\u0103 din cauza....... ...........\" \/>\n<meta name=\"robots\" content=\"index, follow, max-snippet:-1, max-image-preview:large, max-video-preview:-1\" \/>\n<link rel=\"canonical\" href=\"https:\/\/www.letsportsrock.com\/?p=23437\" \/>\n<meta property=\"og:locale\" content=\"en_US\" \/>\n<meta property=\"og:type\" content=\"article\" \/>\n<meta property=\"og:title\" content=\"Chiar acum, starul de top al FC Dinamo Bucure\u0219ti confirm\u0103 c\u0103 vrea s\u0103 se \u00eentoarc\u0103 din cauza.......\" \/>\n<meta property=\"og:description\" content=\"Chiar acum, starul de top al FC Dinamo Bucure\u0219ti confirm\u0103 c\u0103 vrea s\u0103 se \u00eentoarc\u0103 din cauza....... ...........\" \/>\n<meta property=\"og:url\" content=\"https:\/\/www.letsportsrock.com\/?p=23437\" \/>\n<meta property=\"og:site_name\" content=\"letsportsrock\" \/>\n<meta property=\"article:published_time\" content=\"2025-02-11T23:19:16+00:00\" \/>\n<meta property=\"og:image\" content=\"https:\/\/www.letsportsrock.com\/wp-content\/uploads\/2025\/02\/images-85-1.jpeg\" \/>\n\t<meta property=\"og:image:width\" content=\"440\" \/>\n\t<meta property=\"og:image:height\" content=\"294\" \/>\n\t<meta property=\"og:image:type\" content=\"image\/jpeg\" \/>\n<meta name=\"author\" content=\"letsportsrock\" \/>\n<meta name=\"twitter:card\" content=\"summary_large_image\" \/>\n<meta name=\"twitter:label1\" content=\"Written by\" \/>\n\t<meta name=\"twitter:data1\" content=\"letsportsrock\" \/>\n\t<meta name=\"twitter:label2\" content=\"Est. reading time\" \/>\n\t<meta name=\"twitter:data2\" content=\"2 minutes\" \/>\n<script type=\"application\/ld+json\" class=\"yoast-schema-graph\">{\"@context\":\"https:\\\/\\\/schema.org\",\"@graph\":[{\"@type\":\"Article\",\"@id\":\"https:\\\/\\\/www.letsportsrock.com\\\/?p=23437#article\",\"isPartOf\":{\"@id\":\"https:\\\/\\\/www.letsportsrock.com\\\/?p=23437\"},\"author\":{\"name\":\"letsportsrock\",\"@id\":\"https:\\\/\\\/www.letsportsrock.com\\\/#\\\/schema\\\/person\\\/a454ac24e58b214ddd97e4b5afb0bf01\"},\"headline\":\"Chiar acum, starul de top al FC Dinamo Bucure\u0219ti confirm\u0103 c\u0103 vrea s\u0103 se \u00eentoarc\u0103 din cauza&#8230;&#8230;.\",\"datePublished\":\"2025-02-11T23:19:16+00:00\",\"mainEntityOfPage\":{\"@id\":\"https:\\\/\\\/www.letsportsrock.com\\\/?p=23437\"},\"wordCount\":317,\"commentCount\":0,\"image\":{\"@id\":\"https:\\\/\\\/www.letsportsrock.com\\\/?p=23437#primaryimage\"},\"thumbnailUrl\":\"https:\\\/\\\/www.letsportsrock.com\\\/wp-content\\\/uploads\\\/2025\\\/02\\\/images-85-1.jpeg\",\"inLanguage\":\"en-US\",\"potentialAction\":[{\"@type\":\"CommentAction\",\"name\":\"Comment\",\"target\":[\"https:\\\/\\\/www.letsportsrock.com\\\/?p=23437#respond\"]}]},{\"@type\":\"WebPage\",\"@id\":\"https:\\\/\\\/www.letsportsrock.com\\\/?p=23437\",\"url\":\"https:\\\/\\\/www.letsportsrock.com\\\/?p=23437\",\"name\":\"Chiar acum, starul de top al FC Dinamo Bucure\u0219ti confirm\u0103 c\u0103 vrea s\u0103 se \u00eentoarc\u0103 din cauza.......\",\"isPartOf\":{\"@id\":\"https:\\\/\\\/www.letsportsrock.com\\\/#website\"},\"primaryImageOfPage\":{\"@id\":\"https:\\\/\\\/www.letsportsrock.com\\\/?p=23437#primaryimage\"},\"image\":{\"@id\":\"https:\\\/\\\/www.letsportsrock.com\\\/?p=23437#primaryimage\"},\"thumbnailUrl\":\"https:\\\/\\\/www.letsportsrock.com\\\/wp-content\\\/uploads\\\/2025\\\/02\\\/images-85-1.jpeg\",\"datePublished\":\"2025-02-11T23:19:16+00:00\",\"author\":{\"@id\":\"https:\\\/\\\/www.letsportsrock.com\\\/#\\\/schema\\\/person\\\/a454ac24e58b214ddd97e4b5afb0bf01\"},\"description\":\"Chiar acum, starul de top al FC Dinamo Bucure\u0219ti confirm\u0103 c\u0103 vrea s\u0103 se \u00eentoarc\u0103 din cauza....... ...........\",\"breadcrumb\":{\"@id\":\"https:\\\/\\\/www.letsportsrock.com\\\/?p=23437#breadcrumb\"},\"inLanguage\":\"en-US\",\"potentialAction\":[{\"@type\":\"ReadAction\",\"target\":[\"https:\\\/\\\/www.letsportsrock.com\\\/?p=23437\"]}]},{\"@type\":\"ImageObject\",\"inLanguage\":\"en-US\",\"@id\":\"https:\\\/\\\/www.letsportsrock.com\\\/?p=23437#primaryimage\",\"url\":\"https:\\\/\\\/www.letsportsrock.com\\\/wp-content\\\/uploads\\\/2025\\\/02\\\/images-85-1.jpeg\",\"contentUrl\":\"https:\\\/\\\/www.letsportsrock.com\\\/wp-content\\\/uploads\\\/2025\\\/02\\\/images-85-1.jpeg\",\"width\":440,\"height\":294},{\"@type\":\"BreadcrumbList\",\"@id\":\"https:\\\/\\\/www.letsportsrock.com\\\/?p=23437#breadcrumb\",\"itemListElement\":[{\"@type\":\"ListItem\",\"position\":1,\"name\":\"Home\",\"item\":\"https:\\\/\\\/www.letsportsrock.com\\\/\"},{\"@type\":\"ListItem\",\"position\":2,\"name\":\"Chiar acum, starul de top al FC Dinamo Bucure\u0219ti confirm\u0103 c\u0103 vrea s\u0103 se \u00eentoarc\u0103 din cauza&#8230;&#8230;.\"}]},{\"@type\":\"WebSite\",\"@id\":\"https:\\\/\\\/www.letsportsrock.com\\\/#website\",\"url\":\"https:\\\/\\\/www.letsportsrock.com\\\/\",\"name\":\"letsportsrock\",\"description\":\"Sport News and Updates\",\"potentialAction\":[{\"@type\":\"SearchAction\",\"target\":{\"@type\":\"EntryPoint\",\"urlTemplate\":\"https:\\\/\\\/www.letsportsrock.com\\\/?s={search_term_string}\"},\"query-input\":{\"@type\":\"PropertyValueSpecification\",\"valueRequired\":true,\"valueName\":\"search_term_string\"}}],\"inLanguage\":\"en-US\"},{\"@type\":\"Person\",\"@id\":\"https:\\\/\\\/www.letsportsrock.com\\\/#\\\/schema\\\/person\\\/a454ac24e58b214ddd97e4b5afb0bf01\",\"name\":\"letsportsrock\",\"image\":{\"@type\":\"ImageObject\",\"inLanguage\":\"en-US\",\"@id\":\"https:\\\/\\\/secure.gravatar.com\\\/avatar\\\/f8ef950cbb7574c0bc874094b8d307659bfe2d7aa4a9d26fa6917eff010748f9?s=96&d=mm&r=g\",\"url\":\"https:\\\/\\\/secure.gravatar.com\\\/avatar\\\/f8ef950cbb7574c0bc874094b8d307659bfe2d7aa4a9d26fa6917eff010748f9?s=96&d=mm&r=g\",\"contentUrl\":\"https:\\\/\\\/secure.gravatar.com\\\/avatar\\\/f8ef950cbb7574c0bc874094b8d307659bfe2d7aa4a9d26fa6917eff010748f9?s=96&d=mm&r=g\",\"caption\":\"letsportsrock\"},\"sameAs\":[\"https:\\\/\\\/www.letsportsrock.com\"],\"url\":\"https:\\\/\\\/www.letsportsrock.com\\\/?author=1\"}]}<\/script>\n<!-- \/ Yoast SEO plugin. -->","yoast_head_json":{"title":"Chiar acum, starul de top al FC Dinamo Bucure\u0219ti confirm\u0103 c\u0103 vrea s\u0103 se \u00eentoarc\u0103 din cauza.......","description":"Chiar acum, starul de top al FC Dinamo Bucure\u0219ti confirm\u0103 c\u0103 vrea s\u0103 se \u00eentoarc\u0103 din cauza....... ...........","robots":{"index":"index","follow":"follow","max-snippet":"max-snippet:-1","max-image-preview":"max-image-preview:large","max-video-preview":"max-video-preview:-1"},"canonical":"https:\/\/www.letsportsrock.com\/?p=23437","og_locale":"en_US","og_type":"article","og_title":"Chiar acum, starul de top al FC Dinamo Bucure\u0219ti confirm\u0103 c\u0103 vrea s\u0103 se \u00eentoarc\u0103 din cauza.......","og_description":"Chiar acum, starul de top al FC Dinamo Bucure\u0219ti confirm\u0103 c\u0103 vrea s\u0103 se \u00eentoarc\u0103 din cauza....... ...........","og_url":"https:\/\/www.letsportsrock.com\/?p=23437","og_site_name":"letsportsrock","article_published_time":"2025-02-11T23:19:16+00:00","og_image":[{"width":440,"height":294,"url":"https:\/\/www.letsportsrock.com\/wp-content\/uploads\/2025\/02\/images-85-1.jpeg","type":"image\/jpeg"}],"author":"letsportsrock","twitter_card":"summary_large_image","twitter_misc":{"Written by":"letsportsrock","Est. reading time":"2 minutes"},"schema":{"@context":"https:\/\/schema.org","@graph":[{"@type":"Article","@id":"https:\/\/www.letsportsrock.com\/?p=23437#article","isPartOf":{"@id":"https:\/\/www.letsportsrock.com\/?p=23437"},"author":{"name":"letsportsrock","@id":"https:\/\/www.letsportsrock.com\/#\/schema\/person\/a454ac24e58b214ddd97e4b5afb0bf01"},"headline":"Chiar acum, starul de top al FC Dinamo Bucure\u0219ti confirm\u0103 c\u0103 vrea s\u0103 se \u00eentoarc\u0103 din cauza&#8230;&#8230;.","datePublished":"2025-02-11T23:19:16+00:00","mainEntityOfPage":{"@id":"https:\/\/www.letsportsrock.com\/?p=23437"},"wordCount":317,"commentCount":0,"image":{"@id":"https:\/\/www.letsportsrock.com\/?p=23437#primaryimage"},"thumbnailUrl":"https:\/\/www.letsportsrock.com\/wp-content\/uploads\/2025\/02\/images-85-1.jpeg","inLanguage":"en-US","potentialAction":[{"@type":"CommentAction","name":"Comment","target":["https:\/\/www.letsportsrock.com\/?p=23437#respond"]}]},{"@type":"WebPage","@id":"https:\/\/www.letsportsrock.com\/?p=23437","url":"https:\/\/www.letsportsrock.com\/?p=23437","name":"Chiar acum, starul de top al FC Dinamo Bucure\u0219ti confirm\u0103 c\u0103 vrea s\u0103 se \u00eentoarc\u0103 din cauza.......","isPartOf":{"@id":"https:\/\/www.letsportsrock.com\/#website"},"primaryImageOfPage":{"@id":"https:\/\/www.letsportsrock.com\/?p=23437#primaryimage"},"image":{"@id":"https:\/\/www.letsportsrock.com\/?p=23437#primaryimage"},"thumbnailUrl":"https:\/\/www.letsportsrock.com\/wp-content\/uploads\/2025\/02\/images-85-1.jpeg","datePublished":"2025-02-11T23:19:16+00:00","author":{"@id":"https:\/\/www.letsportsrock.com\/#\/schema\/person\/a454ac24e58b214ddd97e4b5afb0bf01"},"description":"Chiar acum, starul de top al FC Dinamo Bucure\u0219ti confirm\u0103 c\u0103 vrea s\u0103 se \u00eentoarc\u0103 din cauza....... ...........","breadcrumb":{"@id":"https:\/\/www.letsportsrock.com\/?p=23437#breadcrumb"},"inLanguage":"en-US","potentialAction":[{"@type":"ReadAction","target":["https:\/\/www.letsportsrock.com\/?p=23437"]}]},{"@type":"ImageObject","inLanguage":"en-US","@id":"https:\/\/www.letsportsrock.com\/?p=23437#primaryimage","url":"https:\/\/www.letsportsrock.com\/wp-content\/uploads\/2025\/02\/images-85-1.jpeg","contentUrl":"https:\/\/www.letsportsrock.com\/wp-content\/uploads\/2025\/02\/images-85-1.jpeg","width":440,"height":294},{"@type":"BreadcrumbList","@id":"https:\/\/www.letsportsrock.com\/?p=23437#breadcrumb","itemListElement":[{"@type":"ListItem","position":1,"name":"Home","item":"https:\/\/www.letsportsrock.com\/"},{"@type":"ListItem","position":2,"name":"Chiar acum, starul de top al FC Dinamo Bucure\u0219ti confirm\u0103 c\u0103 vrea s\u0103 se \u00eentoarc\u0103 din cauza&#8230;&#8230;."}]},{"@type":"WebSite","@id":"https:\/\/www.letsportsrock.com\/#website","url":"https:\/\/www.letsportsrock.com\/","name":"letsportsrock","description":"Sport News and Updates","potentialAction":[{"@type":"SearchAction","target":{"@type":"EntryPoint","urlTemplate":"https:\/\/www.letsportsrock.com\/?s={search_term_string}"},"query-input":{"@type":"PropertyValueSpecification","valueRequired":true,"valueName":"search_term_string"}}],"inLanguage":"en-US"},{"@type":"Person","@id":"https:\/\/www.letsportsrock.com\/#\/schema\/person\/a454ac24e58b214ddd97e4b5afb0bf01","name":"letsportsrock","image":{"@type":"ImageObject","inLanguage":"en-US","@id":"https:\/\/secure.gravatar.com\/avatar\/f8ef950cbb7574c0bc874094b8d307659bfe2d7aa4a9d26fa6917eff010748f9?s=96&d=mm&r=g","url":"https:\/\/secure.gravatar.com\/avatar\/f8ef950cbb7574c0bc874094b8d307659bfe2d7aa4a9d26fa6917eff010748f9?s=96&d=mm&r=g","contentUrl":"https:\/\/secure.gravatar.com\/avatar\/f8ef950cbb7574c0bc874094b8d307659bfe2d7aa4a9d26fa6917eff010748f9?s=96&d=mm&r=g","caption":"letsportsrock"},"sameAs":["https:\/\/www.letsportsrock.com"],"url":"https:\/\/www.letsportsrock.com\/?author=1"}]}},"jetpack_featured_media_url":"https:\/\/www.letsportsrock.com\/wp-content\/uploads\/2025\/02\/images-85-1.jpeg","jetpack_sharing_enabled":true,"_links":{"self":[{"href":"https:\/\/www.letsportsrock.com\/index.php?rest_route=\/wp\/v2\/posts\/23437","targetHints":{"allow":["GET"]}}],"collection":[{"href":"https:\/\/www.letsportsrock.com\/index.php?rest_route=\/wp\/v2\/posts"}],"about":[{"href":"https:\/\/www.letsportsrock.com\/index.php?rest_route=\/wp\/v2\/types\/post"}],"author":[{"embeddable":true,"href":"https:\/\/www.letsportsrock.com\/index.php?rest_route=\/wp\/v2\/users\/1"}],"replies":[{"embeddable":true,"href":"https:\/\/www.letsportsrock.com\/index.php?rest_route=%2Fwp%2Fv2%2Fcomments&post=23437"}],"version-history":[{"count":1,"href":"https:\/\/www.letsportsrock.com\/index.php?rest_route=\/wp\/v2\/posts\/23437\/revisions"}],"predecessor-version":[{"id":23440,"href":"https:\/\/www.letsportsrock.com\/index.php?rest_route=\/wp\/v2\/posts\/23437\/revisions\/23440"}],"wp:featuredmedia":[{"embeddable":true,"href":"https:\/\/www.letsportsrock.com\/index.php?rest_route=\/wp\/v2\/media\/23439"}],"wp:attachment":[{"href":"https:\/\/www.letsportsrock.com\/index.php?rest_route=%2Fwp%2Fv2%2Fmedia&parent=23437"}],"wp:term":[{"taxonomy":"category","embeddable":true,"href":"https:\/\/www.letsportsrock.com\/index.php?rest_route=%2Fwp%2Fv2%2Fcategories&post=23437"},{"taxonomy":"post_tag","embeddable":true,"href":"https:\/\/www.letsportsrock.com\/index.php?rest_route=%2Fwp%2Fv2%2Ftags&post=23437"}],"curies":[{"name":"wp","href":"https:\/\/api.w.org\/{rel}","templated":true}]}}