{"id":23631,"date":"2025-02-13T06:39:38","date_gmt":"2025-02-13T06:39:38","guid":{"rendered":"https:\/\/www.letsportsrock.com\/?p=23631"},"modified":"2025-02-13T06:39:38","modified_gmt":"2025-02-13T06:39:38","slug":"stiri-de-ultima-ora-starul-echipei-fc-rapid-care-a-condus-echipa-la-victorie-a-ales-sa-nu-se-intoarca-la-club-antrenorul-marius-sumudica-l-a-etichetat","status":"publish","type":"post","link":"https:\/\/www.letsportsrock.com\/?p=23631","title":{"rendered":"\u0218tiri de ultim\u0103 or\u0103: Starul echipei FC Rapid care a condus echipa la victorie a ales s\u0103 nu se \u00eentoarc\u0103 la club&#8230; Antrenorul Marius \u0218umudic\u0103 l-a etichetat&#8230;"},"content":{"rendered":"<div class=\"d79db4796efc26332eabfc3f5dafbc76\" data-index=\"1\" style=\"float: none; margin:10px 0 10px 0; text-align:center;\">\n<div class=\"hb-ad-inarticle\">\r\n    <div class=\"hb-ad-inner\"> \r\n    <div class=\"hbagency_cls\"  id=\"hbagency_space_111930\"><\/div><\/div> <\/div>\n<\/div>\n<p>\u0218tiri de ultim\u0103 or\u0103: Starul echipei FC Rapid care a condus echipa la victorie a ales s\u0103 nu se \u00eentoarc\u0103 la club&#8230; Antrenorul Marius \u0218umudic\u0103 l-a etichetat&#8230;..<\/p>\n<p>Starul echipei FC Rapid Bucure\u0219ti, Aaron Boupendza, care a avut un rol esen\u021bial \u00een succesul recent al echipei, a st\u00e2rnit controverse aleg\u00e2ndu-se s\u0103 nu se \u00eentoarc\u0103 la club. Dup\u0103 ce a ajutat Rapid s\u0103 \u00eenregistreze o victorie cu 1-0 \u00eempotriva echipei Shanghai Port \u00een timpul cantonamentului din Emiratele Arabe Unite, Boupendza a ales s\u0103 nu c\u0103l\u0103toreasc\u0103 \u00eenapoi cu lotul, provoc\u00e2nd frustrare \u00een r\u00e2ndul conducerii \u0219i staff-ului tehnic al clubului.<\/p>\n<p>&nbsp;<\/p>\n<p>Antrenorul Marius \u0218umudic\u0103 nu a ezitat s\u0103-\u0219i exprime nemul\u021bumirea, etichet\u00e2nd decizia lui Boupendza drept lips\u0103 de respect fa\u021b\u0103 de colegii s\u0103i \u0219i fa\u021b\u0103 de club. Acesta a precizat clar c\u0103 un asemenea comportament nu va fi tolerat \u0219i a confirmat c\u0103 juc\u0103torul nu va mai face parte din planurile echipei Rapid. Oficialul Victor Angelescu a sus\u021binut acelea\u0219i idei, subliniind c\u0103 disciplina \u0219i angajamentul sunt esen\u021biale la Rapid Bucure\u0219ti.<\/p>\n<p>&nbsp;<\/p>\n<p>\u00cen ciuda acestui impas, Rapid \u00ee\u0219i continu\u0103 obiectivele \u00een sezonul din Liga I, unde ocup\u0103 momentan locul 12. Clubul a adus un \u00eent\u0103rire \u00een ap\u0103rare prin semnarea cu funda\u0219ul germano-ghanez Christopher Braun, av\u00e2nd speran\u021ba c\u0103 va men\u021bine stabilitatea echipei. De\u0219i plecarea lui Boupendza creeaz\u0103 incertitudine, clubul r\u0103m\u00e2ne hot\u0103r\u00e2t s\u0103 \u00eenainteze \u0219i s\u0103 concureze la cel mai \u00eenalt niv<\/p>\n<p>el.<\/p>\n<p>&nbsp;<\/p>\n\n<div style=\"font-size: 0px; height: 0px; line-height: 0px; margin: 0; padding: 0; clear: both;\"><\/div>","protected":false},"excerpt":{"rendered":"<p>\u0218tiri de ultim\u0103 or\u0103: Starul echipei FC Rapid care a condus echipa la victorie a ales s\u0103 nu se \u00eentoarc\u0103 la club&#8230; Antrenorul Marius \u0218umudic\u0103 l-a etichetat&#8230;.. Starul echipei FC Rapid Bucure\u0219ti, Aaron Boupendza, care a avut un rol esen\u021bial \u00een succesul recent al echipei, a st\u00e2rnit controverse aleg\u00e2ndu-se s\u0103 nu se \u00eentoarc\u0103 la club. [&hellip;]<\/p>\n","protected":false},"author":11,"featured_media":23632,"comment_status":"open","ping_status":"open","sticky":false,"template":"","format":"standard","meta":{"_jetpack_memberships_contains_paid_content":false,"footnotes":""},"categories":[276],"tags":[410],"class_list":["post-23631","post","type-post","status-publish","format-standard","has-post-thumbnail","hentry","category-fcsb","tag-fc-rapid-bucuresti"],"yoast_head":"<!-- This site is optimized with the Yoast SEO plugin v27.4 - https:\/\/yoast.com\/product\/yoast-seo-wordpress\/ -->\n<title>\u0218tiri de ultim\u0103 or\u0103: Starul echipei FC Rapid care a condus<\/title>\n<meta name=\"description\" content=\"\u0218tiri de ultim\u0103 or\u0103: Starul echipei FC Rapid care a condus echipa la victorie a ales s\u0103 nu se \u00eentoarc\u0103 la club...\" \/>\n<meta name=\"robots\" content=\"index, follow, max-snippet:-1, max-image-preview:large, max-video-preview:-1\" \/>\n<link rel=\"canonical\" href=\"https:\/\/www.letsportsrock.com\/?p=23631\" \/>\n<meta property=\"og:locale\" content=\"en_US\" \/>\n<meta property=\"og:type\" content=\"article\" \/>\n<meta property=\"og:title\" content=\"\u0218tiri de ultim\u0103 or\u0103: Starul echipei FC Rapid care a condus\" \/>\n<meta property=\"og:description\" content=\"\u0218tiri de ultim\u0103 or\u0103: Starul echipei FC Rapid care a condus echipa la victorie a ales s\u0103 nu se \u00eentoarc\u0103 la club...\" \/>\n<meta property=\"og:url\" content=\"https:\/\/www.letsportsrock.com\/?p=23631\" \/>\n<meta property=\"og:site_name\" content=\"letsportsrock\" \/>\n<meta property=\"article:published_time\" content=\"2025-02-13T06:39:38+00:00\" \/>\n<meta property=\"og:image\" content=\"https:\/\/www.letsportsrock.com\/wp-content\/uploads\/2025\/02\/images-22-3.jpeg\" \/>\n\t<meta property=\"og:image:width\" content=\"678\" \/>\n\t<meta property=\"og:image:height\" content=\"452\" \/>\n\t<meta property=\"og:image:type\" content=\"image\/jpeg\" \/>\n<meta name=\"author\" content=\"Shughun Ivory\" \/>\n<meta name=\"twitter:card\" content=\"summary_large_image\" \/>\n<meta name=\"twitter:label1\" content=\"Written by\" \/>\n\t<meta name=\"twitter:data1\" content=\"Shughun Ivory\" \/>\n\t<meta name=\"twitter:label2\" content=\"Est. reading time\" \/>\n\t<meta name=\"twitter:data2\" content=\"2 minutes\" \/>\n<script type=\"application\/ld+json\" class=\"yoast-schema-graph\">{\"@context\":\"https:\\\/\\\/schema.org\",\"@graph\":[{\"@type\":\"Article\",\"@id\":\"https:\\\/\\\/www.letsportsrock.com\\\/?p=23631#article\",\"isPartOf\":{\"@id\":\"https:\\\/\\\/www.letsportsrock.com\\\/?p=23631\"},\"author\":{\"name\":\"Shughun Ivory\",\"@id\":\"https:\\\/\\\/www.letsportsrock.com\\\/#\\\/schema\\\/person\\\/674619adef31b09138e9ccd4e2852ee0\"},\"headline\":\"\u0218tiri de ultim\u0103 or\u0103: Starul echipei FC Rapid care a condus echipa la victorie a ales s\u0103 nu se \u00eentoarc\u0103 la club&#8230; Antrenorul Marius \u0218umudic\u0103 l-a etichetat&#8230;\",\"datePublished\":\"2025-02-13T06:39:38+00:00\",\"mainEntityOfPage\":{\"@id\":\"https:\\\/\\\/www.letsportsrock.com\\\/?p=23631\"},\"wordCount\":281,\"commentCount\":0,\"image\":{\"@id\":\"https:\\\/\\\/www.letsportsrock.com\\\/?p=23631#primaryimage\"},\"thumbnailUrl\":\"https:\\\/\\\/www.letsportsrock.com\\\/wp-content\\\/uploads\\\/2025\\\/02\\\/images-22-3.jpeg\",\"keywords\":[\"FC Rapid Bucure\u0219ti\"],\"articleSection\":[\"FCSB\"],\"inLanguage\":\"en-US\",\"potentialAction\":[{\"@type\":\"CommentAction\",\"name\":\"Comment\",\"target\":[\"https:\\\/\\\/www.letsportsrock.com\\\/?p=23631#respond\"]}]},{\"@type\":\"WebPage\",\"@id\":\"https:\\\/\\\/www.letsportsrock.com\\\/?p=23631\",\"url\":\"https:\\\/\\\/www.letsportsrock.com\\\/?p=23631\",\"name\":\"\u0218tiri de ultim\u0103 or\u0103: Starul echipei FC Rapid care a condus\",\"isPartOf\":{\"@id\":\"https:\\\/\\\/www.letsportsrock.com\\\/#website\"},\"primaryImageOfPage\":{\"@id\":\"https:\\\/\\\/www.letsportsrock.com\\\/?p=23631#primaryimage\"},\"image\":{\"@id\":\"https:\\\/\\\/www.letsportsrock.com\\\/?p=23631#primaryimage\"},\"thumbnailUrl\":\"https:\\\/\\\/www.letsportsrock.com\\\/wp-content\\\/uploads\\\/2025\\\/02\\\/images-22-3.jpeg\",\"datePublished\":\"2025-02-13T06:39:38+00:00\",\"author\":{\"@id\":\"https:\\\/\\\/www.letsportsrock.com\\\/#\\\/schema\\\/person\\\/674619adef31b09138e9ccd4e2852ee0\"},\"description\":\"\u0218tiri de ultim\u0103 or\u0103: Starul echipei FC Rapid care a condus echipa la victorie a ales s\u0103 nu se \u00eentoarc\u0103 la club...\",\"breadcrumb\":{\"@id\":\"https:\\\/\\\/www.letsportsrock.com\\\/?p=23631#breadcrumb\"},\"inLanguage\":\"en-US\",\"potentialAction\":[{\"@type\":\"ReadAction\",\"target\":[\"https:\\\/\\\/www.letsportsrock.com\\\/?p=23631\"]}]},{\"@type\":\"ImageObject\",\"inLanguage\":\"en-US\",\"@id\":\"https:\\\/\\\/www.letsportsrock.com\\\/?p=23631#primaryimage\",\"url\":\"https:\\\/\\\/www.letsportsrock.com\\\/wp-content\\\/uploads\\\/2025\\\/02\\\/images-22-3.jpeg\",\"contentUrl\":\"https:\\\/\\\/www.letsportsrock.com\\\/wp-content\\\/uploads\\\/2025\\\/02\\\/images-22-3.jpeg\",\"width\":678,\"height\":452},{\"@type\":\"BreadcrumbList\",\"@id\":\"https:\\\/\\\/www.letsportsrock.com\\\/?p=23631#breadcrumb\",\"itemListElement\":[{\"@type\":\"ListItem\",\"position\":1,\"name\":\"Home\",\"item\":\"https:\\\/\\\/www.letsportsrock.com\\\/\"},{\"@type\":\"ListItem\",\"position\":2,\"name\":\"\u0218tiri de ultim\u0103 or\u0103: Starul echipei FC Rapid care a condus echipa la victorie a ales s\u0103 nu se \u00eentoarc\u0103 la club&#8230; Antrenorul Marius \u0218umudic\u0103 l-a etichetat&#8230;\"}]},{\"@type\":\"WebSite\",\"@id\":\"https:\\\/\\\/www.letsportsrock.com\\\/#website\",\"url\":\"https:\\\/\\\/www.letsportsrock.com\\\/\",\"name\":\"letsportsrock\",\"description\":\"Sport News and Updates\",\"potentialAction\":[{\"@type\":\"SearchAction\",\"target\":{\"@type\":\"EntryPoint\",\"urlTemplate\":\"https:\\\/\\\/www.letsportsrock.com\\\/?s={search_term_string}\"},\"query-input\":{\"@type\":\"PropertyValueSpecification\",\"valueRequired\":true,\"valueName\":\"search_term_string\"}}],\"inLanguage\":\"en-US\"},{\"@type\":\"Person\",\"@id\":\"https:\\\/\\\/www.letsportsrock.com\\\/#\\\/schema\\\/person\\\/674619adef31b09138e9ccd4e2852ee0\",\"name\":\"Shughun Ivory\",\"image\":{\"@type\":\"ImageObject\",\"inLanguage\":\"en-US\",\"@id\":\"https:\\\/\\\/secure.gravatar.com\\\/avatar\\\/0461d8b87ac229159ac526ebabd85108a5009b97923e896e2a506577805f8fc1?s=96&d=mm&r=g\",\"url\":\"https:\\\/\\\/secure.gravatar.com\\\/avatar\\\/0461d8b87ac229159ac526ebabd85108a5009b97923e896e2a506577805f8fc1?s=96&d=mm&r=g\",\"contentUrl\":\"https:\\\/\\\/secure.gravatar.com\\\/avatar\\\/0461d8b87ac229159ac526ebabd85108a5009b97923e896e2a506577805f8fc1?s=96&d=mm&r=g\",\"caption\":\"Shughun Ivory\"},\"sameAs\":[\"http:\\\/\\\/Letsportsrock.com\"],\"url\":\"https:\\\/\\\/www.letsportsrock.com\\\/?author=11\"}]}<\/script>\n<!-- \/ Yoast SEO plugin. -->","yoast_head_json":{"title":"\u0218tiri de ultim\u0103 or\u0103: Starul echipei FC Rapid care a condus","description":"\u0218tiri de ultim\u0103 or\u0103: Starul echipei FC Rapid care a condus echipa la victorie a ales s\u0103 nu se \u00eentoarc\u0103 la club...","robots":{"index":"index","follow":"follow","max-snippet":"max-snippet:-1","max-image-preview":"max-image-preview:large","max-video-preview":"max-video-preview:-1"},"canonical":"https:\/\/www.letsportsrock.com\/?p=23631","og_locale":"en_US","og_type":"article","og_title":"\u0218tiri de ultim\u0103 or\u0103: Starul echipei FC Rapid care a condus","og_description":"\u0218tiri de ultim\u0103 or\u0103: Starul echipei FC Rapid care a condus echipa la victorie a ales s\u0103 nu se \u00eentoarc\u0103 la club...","og_url":"https:\/\/www.letsportsrock.com\/?p=23631","og_site_name":"letsportsrock","article_published_time":"2025-02-13T06:39:38+00:00","og_image":[{"width":678,"height":452,"url":"https:\/\/www.letsportsrock.com\/wp-content\/uploads\/2025\/02\/images-22-3.jpeg","type":"image\/jpeg"}],"author":"Shughun Ivory","twitter_card":"summary_large_image","twitter_misc":{"Written by":"Shughun Ivory","Est. reading time":"2 minutes"},"schema":{"@context":"https:\/\/schema.org","@graph":[{"@type":"Article","@id":"https:\/\/www.letsportsrock.com\/?p=23631#article","isPartOf":{"@id":"https:\/\/www.letsportsrock.com\/?p=23631"},"author":{"name":"Shughun Ivory","@id":"https:\/\/www.letsportsrock.com\/#\/schema\/person\/674619adef31b09138e9ccd4e2852ee0"},"headline":"\u0218tiri de ultim\u0103 or\u0103: Starul echipei FC Rapid care a condus echipa la victorie a ales s\u0103 nu se \u00eentoarc\u0103 la club&#8230; Antrenorul Marius \u0218umudic\u0103 l-a etichetat&#8230;","datePublished":"2025-02-13T06:39:38+00:00","mainEntityOfPage":{"@id":"https:\/\/www.letsportsrock.com\/?p=23631"},"wordCount":281,"commentCount":0,"image":{"@id":"https:\/\/www.letsportsrock.com\/?p=23631#primaryimage"},"thumbnailUrl":"https:\/\/www.letsportsrock.com\/wp-content\/uploads\/2025\/02\/images-22-3.jpeg","keywords":["FC Rapid Bucure\u0219ti"],"articleSection":["FCSB"],"inLanguage":"en-US","potentialAction":[{"@type":"CommentAction","name":"Comment","target":["https:\/\/www.letsportsrock.com\/?p=23631#respond"]}]},{"@type":"WebPage","@id":"https:\/\/www.letsportsrock.com\/?p=23631","url":"https:\/\/www.letsportsrock.com\/?p=23631","name":"\u0218tiri de ultim\u0103 or\u0103: Starul echipei FC Rapid care a condus","isPartOf":{"@id":"https:\/\/www.letsportsrock.com\/#website"},"primaryImageOfPage":{"@id":"https:\/\/www.letsportsrock.com\/?p=23631#primaryimage"},"image":{"@id":"https:\/\/www.letsportsrock.com\/?p=23631#primaryimage"},"thumbnailUrl":"https:\/\/www.letsportsrock.com\/wp-content\/uploads\/2025\/02\/images-22-3.jpeg","datePublished":"2025-02-13T06:39:38+00:00","author":{"@id":"https:\/\/www.letsportsrock.com\/#\/schema\/person\/674619adef31b09138e9ccd4e2852ee0"},"description":"\u0218tiri de ultim\u0103 or\u0103: Starul echipei FC Rapid care a condus echipa la victorie a ales s\u0103 nu se \u00eentoarc\u0103 la club...","breadcrumb":{"@id":"https:\/\/www.letsportsrock.com\/?p=23631#breadcrumb"},"inLanguage":"en-US","potentialAction":[{"@type":"ReadAction","target":["https:\/\/www.letsportsrock.com\/?p=23631"]}]},{"@type":"ImageObject","inLanguage":"en-US","@id":"https:\/\/www.letsportsrock.com\/?p=23631#primaryimage","url":"https:\/\/www.letsportsrock.com\/wp-content\/uploads\/2025\/02\/images-22-3.jpeg","contentUrl":"https:\/\/www.letsportsrock.com\/wp-content\/uploads\/2025\/02\/images-22-3.jpeg","width":678,"height":452},{"@type":"BreadcrumbList","@id":"https:\/\/www.letsportsrock.com\/?p=23631#breadcrumb","itemListElement":[{"@type":"ListItem","position":1,"name":"Home","item":"https:\/\/www.letsportsrock.com\/"},{"@type":"ListItem","position":2,"name":"\u0218tiri de ultim\u0103 or\u0103: Starul echipei FC Rapid care a condus echipa la victorie a ales s\u0103 nu se \u00eentoarc\u0103 la club&#8230; Antrenorul Marius \u0218umudic\u0103 l-a etichetat&#8230;"}]},{"@type":"WebSite","@id":"https:\/\/www.letsportsrock.com\/#website","url":"https:\/\/www.letsportsrock.com\/","name":"letsportsrock","description":"Sport News and Updates","potentialAction":[{"@type":"SearchAction","target":{"@type":"EntryPoint","urlTemplate":"https:\/\/www.letsportsrock.com\/?s={search_term_string}"},"query-input":{"@type":"PropertyValueSpecification","valueRequired":true,"valueName":"search_term_string"}}],"inLanguage":"en-US"},{"@type":"Person","@id":"https:\/\/www.letsportsrock.com\/#\/schema\/person\/674619adef31b09138e9ccd4e2852ee0","name":"Shughun Ivory","image":{"@type":"ImageObject","inLanguage":"en-US","@id":"https:\/\/secure.gravatar.com\/avatar\/0461d8b87ac229159ac526ebabd85108a5009b97923e896e2a506577805f8fc1?s=96&d=mm&r=g","url":"https:\/\/secure.gravatar.com\/avatar\/0461d8b87ac229159ac526ebabd85108a5009b97923e896e2a506577805f8fc1?s=96&d=mm&r=g","contentUrl":"https:\/\/secure.gravatar.com\/avatar\/0461d8b87ac229159ac526ebabd85108a5009b97923e896e2a506577805f8fc1?s=96&d=mm&r=g","caption":"Shughun Ivory"},"sameAs":["http:\/\/Letsportsrock.com"],"url":"https:\/\/www.letsportsrock.com\/?author=11"}]}},"jetpack_featured_media_url":"https:\/\/www.letsportsrock.com\/wp-content\/uploads\/2025\/02\/images-22-3.jpeg","jetpack_sharing_enabled":true,"_links":{"self":[{"href":"https:\/\/www.letsportsrock.com\/index.php?rest_route=\/wp\/v2\/posts\/23631","targetHints":{"allow":["GET"]}}],"collection":[{"href":"https:\/\/www.letsportsrock.com\/index.php?rest_route=\/wp\/v2\/posts"}],"about":[{"href":"https:\/\/www.letsportsrock.com\/index.php?rest_route=\/wp\/v2\/types\/post"}],"author":[{"embeddable":true,"href":"https:\/\/www.letsportsrock.com\/index.php?rest_route=\/wp\/v2\/users\/11"}],"replies":[{"embeddable":true,"href":"https:\/\/www.letsportsrock.com\/index.php?rest_route=%2Fwp%2Fv2%2Fcomments&post=23631"}],"version-history":[{"count":1,"href":"https:\/\/www.letsportsrock.com\/index.php?rest_route=\/wp\/v2\/posts\/23631\/revisions"}],"predecessor-version":[{"id":23633,"href":"https:\/\/www.letsportsrock.com\/index.php?rest_route=\/wp\/v2\/posts\/23631\/revisions\/23633"}],"wp:featuredmedia":[{"embeddable":true,"href":"https:\/\/www.letsportsrock.com\/index.php?rest_route=\/wp\/v2\/media\/23632"}],"wp:attachment":[{"href":"https:\/\/www.letsportsrock.com\/index.php?rest_route=%2Fwp%2Fv2%2Fmedia&parent=23631"}],"wp:term":[{"taxonomy":"category","embeddable":true,"href":"https:\/\/www.letsportsrock.com\/index.php?rest_route=%2Fwp%2Fv2%2Fcategories&post=23631"},{"taxonomy":"post_tag","embeddable":true,"href":"https:\/\/www.letsportsrock.com\/index.php?rest_route=%2Fwp%2Fv2%2Ftags&post=23631"}],"curies":[{"name":"wp","href":"https:\/\/api.w.org\/{rel}","templated":true}]}}