{"id":23678,"date":"2025-02-13T22:17:13","date_gmt":"2025-02-13T22:17:13","guid":{"rendered":"https:\/\/www.letsportsrock.com\/?p=23678"},"modified":"2025-02-13T22:19:39","modified_gmt":"2025-02-13T22:19:39","slug":"sfarsitul-unei-ere-antrenorul-fc-dinamo-bucuresti-si-a-luat-ramas-bun-oficial-de-la-fani-dupa-ce-si-a-confirmat-2","status":"publish","type":"post","link":"https:\/\/www.letsportsrock.com\/?p=23678","title":{"rendered":"Sf\u00e2r\u0219itul unei ere: antrenorul FC Dinamo Bucure\u0219ti \u0219i-a luat r\u0103mas bun oficial de la fani dup\u0103 ce \u0219i-a confirmat\u2026"},"content":{"rendered":"<div class=\"d79db4796efc26332eabfc3f5dafbc76\" data-index=\"1\" style=\"float: none; margin:10px 0 10px 0; text-align:center;\">\n<div class=\"hb-ad-inarticle\">\r\n    <div class=\"hb-ad-inner\"> \r\n    <div class=\"hbagency_cls\"  id=\"hbagency_space_111930\"><\/div><\/div> <\/div>\n<\/div>\n<p>Sf\u00e2r\u0219itul unei ere pentru FC Dinamo Bucure\u0219ti a fost marcat de un moment emo\u021bionant, \u00een care antrenorul echipei, dup\u0103 o perioad\u0103 de colaborare intens\u0103, \u0219i-a confirmat oficial plecarea din func\u021bie \u0219i \u0219i-a luat r\u0103mas bun de la suporteri. Dup\u0103 o perioad\u0103 dificil\u0103, dar \u0219i cu multe realiz\u0103ri, decizia sa de a p\u0103r\u0103si clubul a venit ca urmare a unor schimb\u0103ri strategice \u0219i a unui nou proiect ce vizeaz\u0103 viitorul echipei.<\/p>\n<p>&nbsp;<\/p>\n<p>Antrenorul, care a preluat echipa \u00eentr-o perioad\u0103 complicat\u0103 \u0219i a reu\u0219it s\u0103 o stabilizeze, a avut un impact considerabil asupra clubului \u0219i al suporterilor. De-a lungul mandatului s\u0103u, a adus echipa pe drumul unei jocuri mai consistente \u0219i mai organizate, re\u00eentorc\u00e2ndu-le fanilor speran\u021ba \u0219i \u00eencrederea \u00eentr-un viitor mai bun. Totu\u0219i, \u00een contextul unor rezultate nesatisf\u0103c\u0103toare \u0219i al unei echipe aflate \u00een reconstruc\u021bie, a sim\u021bit c\u0103 este momentul potrivit pentru a \u00eencheia acest capitol.<\/p>\n<p>&nbsp;<\/p>\n<p>\u00cen cadrul unui discurs emo\u021bionant, antrenorul a mul\u021bumit suporterilor pentru \u00eencredere \u0219i loialitate, subliniind c\u0103 va p\u0103stra mereu amintiri frumoase legate de perioada petrecut\u0103 la Dinamo. Suporterii, cu un sentiment amestecat de triste\u021be \u0219i recuno\u0219tin\u021b\u0103, l-au aplaudat \u0219i l-au \u00eencurajat \u00een continuare, con\u0219tien\u021bi de eforturile depuse de acesta pentru a men\u021bine spiritul echipei viu.<\/p>\n<p>&nbsp;<\/p>\n<p>Plecarea sa deschide acum un nou capitol pentru FC Dinamo, iar fanii sper\u0103 ca viitorul antrenor s\u0103 continue s\u0103 construiasc\u0103 pe funda\u021bia l\u0103sat\u0103 de acesta, pentru a aduce clubul \u00eenapoi acolo unde \u00eei este locul, \u00een v\u00e2rful fotbalului rom\u00e2nesc.<\/p>\n\n<div style=\"font-size: 0px; height: 0px; line-height: 0px; margin: 0; padding: 0; clear: both;\"><\/div>","protected":false},"excerpt":{"rendered":"<p>Sf\u00e2r\u0219itul unei ere pentru FC Dinamo Bucure\u0219ti a fost marcat de un moment emo\u021bionant, \u00een care antrenorul echipei, dup\u0103 o perioad\u0103 de colaborare intens\u0103, \u0219i-a confirmat oficial plecarea din func\u021bie \u0219i \u0219i-a luat r\u0103mas bun de la suporteri. Dup\u0103 o perioad\u0103 dificil\u0103, dar \u0219i cu multe realiz\u0103ri, decizia sa de a p\u0103r\u0103si clubul a venit [&hellip;]<\/p>\n","protected":false},"author":1,"featured_media":23682,"comment_status":"open","ping_status":"open","sticky":false,"template":"","format":"standard","meta":{"_jetpack_memberships_contains_paid_content":false,"footnotes":""},"categories":[1],"tags":[],"class_list":["post-23678","post","type-post","status-publish","format-standard","has-post-thumbnail","hentry","category-uncategorized"],"yoast_head":"<!-- This site is optimized with the Yoast SEO plugin v27.5 - https:\/\/yoast.com\/product\/yoast-seo-wordpress\/ -->\n<title>Sf\u00e2r\u0219itul unei ere: antrenorul FC Dinamo Bucure\u0219ti \u0219i-a luat r\u0103mas bun oficial de la fani dup\u0103 ce \u0219i-a confirmat\u2026<\/title>\n<meta name=\"description\" content=\"Sf\u00e2r\u0219itul unei ere: antrenorul FC Dinamo Bucure\u0219ti \u0219i-a luat r\u0103mas bun oficial de la fani dup\u0103 ce \u0219i-a confirmat\u2026\" \/>\n<meta name=\"robots\" content=\"index, follow, max-snippet:-1, max-image-preview:large, max-video-preview:-1\" \/>\n<link rel=\"canonical\" href=\"https:\/\/www.letsportsrock.com\/?p=23678\" \/>\n<meta property=\"og:locale\" content=\"en_US\" \/>\n<meta property=\"og:type\" content=\"article\" \/>\n<meta property=\"og:title\" content=\"Sf\u00e2r\u0219itul unei ere: antrenorul FC Dinamo Bucure\u0219ti \u0219i-a luat r\u0103mas bun oficial de la fani dup\u0103 ce \u0219i-a confirmat\u2026\" \/>\n<meta property=\"og:description\" content=\"Sf\u00e2r\u0219itul unei ere: antrenorul FC Dinamo Bucure\u0219ti \u0219i-a luat r\u0103mas bun oficial de la fani dup\u0103 ce \u0219i-a confirmat\u2026\" \/>\n<meta property=\"og:url\" content=\"https:\/\/www.letsportsrock.com\/?p=23678\" \/>\n<meta property=\"og:site_name\" content=\"letsportsrock\" \/>\n<meta property=\"article:published_time\" content=\"2025-02-13T22:17:13+00:00\" \/>\n<meta property=\"article:modified_time\" content=\"2025-02-13T22:19:39+00:00\" \/>\n<meta property=\"og:image\" content=\"https:\/\/www.letsportsrock.com\/wp-content\/uploads\/2025\/02\/images-2025-02-13T231901.474.jpeg\" \/>\n\t<meta property=\"og:image:width\" content=\"739\" \/>\n\t<meta property=\"og:image:height\" content=\"415\" \/>\n\t<meta property=\"og:image:type\" content=\"image\/jpeg\" \/>\n<meta name=\"author\" content=\"letsportsrock\" \/>\n<meta name=\"twitter:card\" content=\"summary_large_image\" \/>\n<meta name=\"twitter:label1\" content=\"Written by\" \/>\n\t<meta name=\"twitter:data1\" content=\"letsportsrock\" \/>\n\t<meta name=\"twitter:label2\" content=\"Est. reading time\" \/>\n\t<meta name=\"twitter:data2\" content=\"2 minutes\" \/>\n<script type=\"application\/ld+json\" class=\"yoast-schema-graph\">{\"@context\":\"https:\\\/\\\/schema.org\",\"@graph\":[{\"@type\":\"Article\",\"@id\":\"https:\\\/\\\/www.letsportsrock.com\\\/?p=23678#article\",\"isPartOf\":{\"@id\":\"https:\\\/\\\/www.letsportsrock.com\\\/?p=23678\"},\"author\":{\"name\":\"letsportsrock\",\"@id\":\"https:\\\/\\\/www.letsportsrock.com\\\/#\\\/schema\\\/person\\\/a454ac24e58b214ddd97e4b5afb0bf01\"},\"headline\":\"Sf\u00e2r\u0219itul unei ere: antrenorul FC Dinamo Bucure\u0219ti \u0219i-a luat r\u0103mas bun oficial de la fani dup\u0103 ce \u0219i-a confirmat\u2026\",\"datePublished\":\"2025-02-13T22:17:13+00:00\",\"dateModified\":\"2025-02-13T22:19:39+00:00\",\"mainEntityOfPage\":{\"@id\":\"https:\\\/\\\/www.letsportsrock.com\\\/?p=23678\"},\"wordCount\":294,\"commentCount\":0,\"image\":{\"@id\":\"https:\\\/\\\/www.letsportsrock.com\\\/?p=23678#primaryimage\"},\"thumbnailUrl\":\"https:\\\/\\\/www.letsportsrock.com\\\/wp-content\\\/uploads\\\/2025\\\/02\\\/images-2025-02-13T231901.474.jpeg\",\"inLanguage\":\"en-US\",\"potentialAction\":[{\"@type\":\"CommentAction\",\"name\":\"Comment\",\"target\":[\"https:\\\/\\\/www.letsportsrock.com\\\/?p=23678#respond\"]}]},{\"@type\":\"WebPage\",\"@id\":\"https:\\\/\\\/www.letsportsrock.com\\\/?p=23678\",\"url\":\"https:\\\/\\\/www.letsportsrock.com\\\/?p=23678\",\"name\":\"Sf\u00e2r\u0219itul unei ere: antrenorul FC Dinamo Bucure\u0219ti \u0219i-a luat r\u0103mas bun oficial de la fani dup\u0103 ce \u0219i-a confirmat\u2026\",\"isPartOf\":{\"@id\":\"https:\\\/\\\/www.letsportsrock.com\\\/#website\"},\"primaryImageOfPage\":{\"@id\":\"https:\\\/\\\/www.letsportsrock.com\\\/?p=23678#primaryimage\"},\"image\":{\"@id\":\"https:\\\/\\\/www.letsportsrock.com\\\/?p=23678#primaryimage\"},\"thumbnailUrl\":\"https:\\\/\\\/www.letsportsrock.com\\\/wp-content\\\/uploads\\\/2025\\\/02\\\/images-2025-02-13T231901.474.jpeg\",\"datePublished\":\"2025-02-13T22:17:13+00:00\",\"dateModified\":\"2025-02-13T22:19:39+00:00\",\"author\":{\"@id\":\"https:\\\/\\\/www.letsportsrock.com\\\/#\\\/schema\\\/person\\\/a454ac24e58b214ddd97e4b5afb0bf01\"},\"description\":\"Sf\u00e2r\u0219itul unei ere: antrenorul FC Dinamo Bucure\u0219ti \u0219i-a luat r\u0103mas bun oficial de la fani dup\u0103 ce \u0219i-a confirmat\u2026\",\"breadcrumb\":{\"@id\":\"https:\\\/\\\/www.letsportsrock.com\\\/?p=23678#breadcrumb\"},\"inLanguage\":\"en-US\",\"potentialAction\":[{\"@type\":\"ReadAction\",\"target\":[\"https:\\\/\\\/www.letsportsrock.com\\\/?p=23678\"]}]},{\"@type\":\"ImageObject\",\"inLanguage\":\"en-US\",\"@id\":\"https:\\\/\\\/www.letsportsrock.com\\\/?p=23678#primaryimage\",\"url\":\"https:\\\/\\\/www.letsportsrock.com\\\/wp-content\\\/uploads\\\/2025\\\/02\\\/images-2025-02-13T231901.474.jpeg\",\"contentUrl\":\"https:\\\/\\\/www.letsportsrock.com\\\/wp-content\\\/uploads\\\/2025\\\/02\\\/images-2025-02-13T231901.474.jpeg\",\"width\":739,\"height\":415},{\"@type\":\"BreadcrumbList\",\"@id\":\"https:\\\/\\\/www.letsportsrock.com\\\/?p=23678#breadcrumb\",\"itemListElement\":[{\"@type\":\"ListItem\",\"position\":1,\"name\":\"Home\",\"item\":\"https:\\\/\\\/www.letsportsrock.com\\\/\"},{\"@type\":\"ListItem\",\"position\":2,\"name\":\"Sf\u00e2r\u0219itul unei ere: antrenorul FC Dinamo Bucure\u0219ti \u0219i-a luat r\u0103mas bun oficial de la fani dup\u0103 ce \u0219i-a confirmat\u2026\"}]},{\"@type\":\"WebSite\",\"@id\":\"https:\\\/\\\/www.letsportsrock.com\\\/#website\",\"url\":\"https:\\\/\\\/www.letsportsrock.com\\\/\",\"name\":\"letsportsrock\",\"description\":\"Sport News and Updates\",\"potentialAction\":[{\"@type\":\"SearchAction\",\"target\":{\"@type\":\"EntryPoint\",\"urlTemplate\":\"https:\\\/\\\/www.letsportsrock.com\\\/?s={search_term_string}\"},\"query-input\":{\"@type\":\"PropertyValueSpecification\",\"valueRequired\":true,\"valueName\":\"search_term_string\"}}],\"inLanguage\":\"en-US\"},{\"@type\":\"Person\",\"@id\":\"https:\\\/\\\/www.letsportsrock.com\\\/#\\\/schema\\\/person\\\/a454ac24e58b214ddd97e4b5afb0bf01\",\"name\":\"letsportsrock\",\"image\":{\"@type\":\"ImageObject\",\"inLanguage\":\"en-US\",\"@id\":\"https:\\\/\\\/secure.gravatar.com\\\/avatar\\\/f8ef950cbb7574c0bc874094b8d307659bfe2d7aa4a9d26fa6917eff010748f9?s=96&d=mm&r=g\",\"url\":\"https:\\\/\\\/secure.gravatar.com\\\/avatar\\\/f8ef950cbb7574c0bc874094b8d307659bfe2d7aa4a9d26fa6917eff010748f9?s=96&d=mm&r=g\",\"contentUrl\":\"https:\\\/\\\/secure.gravatar.com\\\/avatar\\\/f8ef950cbb7574c0bc874094b8d307659bfe2d7aa4a9d26fa6917eff010748f9?s=96&d=mm&r=g\",\"caption\":\"letsportsrock\"},\"sameAs\":[\"https:\\\/\\\/www.letsportsrock.com\"],\"url\":\"https:\\\/\\\/www.letsportsrock.com\\\/?author=1\"}]}<\/script>\n<!-- \/ Yoast SEO plugin. -->","yoast_head_json":{"title":"Sf\u00e2r\u0219itul unei ere: antrenorul FC Dinamo Bucure\u0219ti \u0219i-a luat r\u0103mas bun oficial de la fani dup\u0103 ce \u0219i-a confirmat\u2026","description":"Sf\u00e2r\u0219itul unei ere: antrenorul FC Dinamo Bucure\u0219ti \u0219i-a luat r\u0103mas bun oficial de la fani dup\u0103 ce \u0219i-a confirmat\u2026","robots":{"index":"index","follow":"follow","max-snippet":"max-snippet:-1","max-image-preview":"max-image-preview:large","max-video-preview":"max-video-preview:-1"},"canonical":"https:\/\/www.letsportsrock.com\/?p=23678","og_locale":"en_US","og_type":"article","og_title":"Sf\u00e2r\u0219itul unei ere: antrenorul FC Dinamo Bucure\u0219ti \u0219i-a luat r\u0103mas bun oficial de la fani dup\u0103 ce \u0219i-a confirmat\u2026","og_description":"Sf\u00e2r\u0219itul unei ere: antrenorul FC Dinamo Bucure\u0219ti \u0219i-a luat r\u0103mas bun oficial de la fani dup\u0103 ce \u0219i-a confirmat\u2026","og_url":"https:\/\/www.letsportsrock.com\/?p=23678","og_site_name":"letsportsrock","article_published_time":"2025-02-13T22:17:13+00:00","article_modified_time":"2025-02-13T22:19:39+00:00","og_image":[{"width":739,"height":415,"url":"https:\/\/www.letsportsrock.com\/wp-content\/uploads\/2025\/02\/images-2025-02-13T231901.474.jpeg","type":"image\/jpeg"}],"author":"letsportsrock","twitter_card":"summary_large_image","twitter_misc":{"Written by":"letsportsrock","Est. reading time":"2 minutes"},"schema":{"@context":"https:\/\/schema.org","@graph":[{"@type":"Article","@id":"https:\/\/www.letsportsrock.com\/?p=23678#article","isPartOf":{"@id":"https:\/\/www.letsportsrock.com\/?p=23678"},"author":{"name":"letsportsrock","@id":"https:\/\/www.letsportsrock.com\/#\/schema\/person\/a454ac24e58b214ddd97e4b5afb0bf01"},"headline":"Sf\u00e2r\u0219itul unei ere: antrenorul FC Dinamo Bucure\u0219ti \u0219i-a luat r\u0103mas bun oficial de la fani dup\u0103 ce \u0219i-a confirmat\u2026","datePublished":"2025-02-13T22:17:13+00:00","dateModified":"2025-02-13T22:19:39+00:00","mainEntityOfPage":{"@id":"https:\/\/www.letsportsrock.com\/?p=23678"},"wordCount":294,"commentCount":0,"image":{"@id":"https:\/\/www.letsportsrock.com\/?p=23678#primaryimage"},"thumbnailUrl":"https:\/\/www.letsportsrock.com\/wp-content\/uploads\/2025\/02\/images-2025-02-13T231901.474.jpeg","inLanguage":"en-US","potentialAction":[{"@type":"CommentAction","name":"Comment","target":["https:\/\/www.letsportsrock.com\/?p=23678#respond"]}]},{"@type":"WebPage","@id":"https:\/\/www.letsportsrock.com\/?p=23678","url":"https:\/\/www.letsportsrock.com\/?p=23678","name":"Sf\u00e2r\u0219itul unei ere: antrenorul FC Dinamo Bucure\u0219ti \u0219i-a luat r\u0103mas bun oficial de la fani dup\u0103 ce \u0219i-a confirmat\u2026","isPartOf":{"@id":"https:\/\/www.letsportsrock.com\/#website"},"primaryImageOfPage":{"@id":"https:\/\/www.letsportsrock.com\/?p=23678#primaryimage"},"image":{"@id":"https:\/\/www.letsportsrock.com\/?p=23678#primaryimage"},"thumbnailUrl":"https:\/\/www.letsportsrock.com\/wp-content\/uploads\/2025\/02\/images-2025-02-13T231901.474.jpeg","datePublished":"2025-02-13T22:17:13+00:00","dateModified":"2025-02-13T22:19:39+00:00","author":{"@id":"https:\/\/www.letsportsrock.com\/#\/schema\/person\/a454ac24e58b214ddd97e4b5afb0bf01"},"description":"Sf\u00e2r\u0219itul unei ere: antrenorul FC Dinamo Bucure\u0219ti \u0219i-a luat r\u0103mas bun oficial de la fani dup\u0103 ce \u0219i-a confirmat\u2026","breadcrumb":{"@id":"https:\/\/www.letsportsrock.com\/?p=23678#breadcrumb"},"inLanguage":"en-US","potentialAction":[{"@type":"ReadAction","target":["https:\/\/www.letsportsrock.com\/?p=23678"]}]},{"@type":"ImageObject","inLanguage":"en-US","@id":"https:\/\/www.letsportsrock.com\/?p=23678#primaryimage","url":"https:\/\/www.letsportsrock.com\/wp-content\/uploads\/2025\/02\/images-2025-02-13T231901.474.jpeg","contentUrl":"https:\/\/www.letsportsrock.com\/wp-content\/uploads\/2025\/02\/images-2025-02-13T231901.474.jpeg","width":739,"height":415},{"@type":"BreadcrumbList","@id":"https:\/\/www.letsportsrock.com\/?p=23678#breadcrumb","itemListElement":[{"@type":"ListItem","position":1,"name":"Home","item":"https:\/\/www.letsportsrock.com\/"},{"@type":"ListItem","position":2,"name":"Sf\u00e2r\u0219itul unei ere: antrenorul FC Dinamo Bucure\u0219ti \u0219i-a luat r\u0103mas bun oficial de la fani dup\u0103 ce \u0219i-a confirmat\u2026"}]},{"@type":"WebSite","@id":"https:\/\/www.letsportsrock.com\/#website","url":"https:\/\/www.letsportsrock.com\/","name":"letsportsrock","description":"Sport News and Updates","potentialAction":[{"@type":"SearchAction","target":{"@type":"EntryPoint","urlTemplate":"https:\/\/www.letsportsrock.com\/?s={search_term_string}"},"query-input":{"@type":"PropertyValueSpecification","valueRequired":true,"valueName":"search_term_string"}}],"inLanguage":"en-US"},{"@type":"Person","@id":"https:\/\/www.letsportsrock.com\/#\/schema\/person\/a454ac24e58b214ddd97e4b5afb0bf01","name":"letsportsrock","image":{"@type":"ImageObject","inLanguage":"en-US","@id":"https:\/\/secure.gravatar.com\/avatar\/f8ef950cbb7574c0bc874094b8d307659bfe2d7aa4a9d26fa6917eff010748f9?s=96&d=mm&r=g","url":"https:\/\/secure.gravatar.com\/avatar\/f8ef950cbb7574c0bc874094b8d307659bfe2d7aa4a9d26fa6917eff010748f9?s=96&d=mm&r=g","contentUrl":"https:\/\/secure.gravatar.com\/avatar\/f8ef950cbb7574c0bc874094b8d307659bfe2d7aa4a9d26fa6917eff010748f9?s=96&d=mm&r=g","caption":"letsportsrock"},"sameAs":["https:\/\/www.letsportsrock.com"],"url":"https:\/\/www.letsportsrock.com\/?author=1"}]}},"jetpack_featured_media_url":"https:\/\/www.letsportsrock.com\/wp-content\/uploads\/2025\/02\/images-2025-02-13T231901.474.jpeg","jetpack_sharing_enabled":true,"_links":{"self":[{"href":"https:\/\/www.letsportsrock.com\/index.php?rest_route=\/wp\/v2\/posts\/23678","targetHints":{"allow":["GET"]}}],"collection":[{"href":"https:\/\/www.letsportsrock.com\/index.php?rest_route=\/wp\/v2\/posts"}],"about":[{"href":"https:\/\/www.letsportsrock.com\/index.php?rest_route=\/wp\/v2\/types\/post"}],"author":[{"embeddable":true,"href":"https:\/\/www.letsportsrock.com\/index.php?rest_route=\/wp\/v2\/users\/1"}],"replies":[{"embeddable":true,"href":"https:\/\/www.letsportsrock.com\/index.php?rest_route=%2Fwp%2Fv2%2Fcomments&post=23678"}],"version-history":[{"count":1,"href":"https:\/\/www.letsportsrock.com\/index.php?rest_route=\/wp\/v2\/posts\/23678\/revisions"}],"predecessor-version":[{"id":23681,"href":"https:\/\/www.letsportsrock.com\/index.php?rest_route=\/wp\/v2\/posts\/23678\/revisions\/23681"}],"wp:featuredmedia":[{"embeddable":true,"href":"https:\/\/www.letsportsrock.com\/index.php?rest_route=\/wp\/v2\/media\/23682"}],"wp:attachment":[{"href":"https:\/\/www.letsportsrock.com\/index.php?rest_route=%2Fwp%2Fv2%2Fmedia&parent=23678"}],"wp:term":[{"taxonomy":"category","embeddable":true,"href":"https:\/\/www.letsportsrock.com\/index.php?rest_route=%2Fwp%2Fv2%2Fcategories&post=23678"},{"taxonomy":"post_tag","embeddable":true,"href":"https:\/\/www.letsportsrock.com\/index.php?rest_route=%2Fwp%2Fv2%2Ftags&post=23678"}],"curies":[{"name":"wp","href":"https:\/\/api.w.org\/{rel}","templated":true}]}}