{"id":23813,"date":"2025-02-15T09:53:58","date_gmt":"2025-02-15T09:53:58","guid":{"rendered":"https:\/\/www.letsportsrock.com\/?p=23813"},"modified":"2025-02-15T09:54:43","modified_gmt":"2025-02-15T09:54:43","slug":"23813","status":"publish","type":"post","link":"https:\/\/www.letsportsrock.com\/?p=23813","title":{"rendered":"\u0218tire de ultim\u0103 or\u0103 \u00een mercato: Atacantul talentat de la Cukari\u010dki, Mihajlo Cvetkovi\u0107, semneaz\u0103 un contract pe patru ani cu FC Dinamo Bucure\u0219ti!"},"content":{"rendered":"<div class=\"d79db4796efc26332eabfc3f5dafbc76\" data-index=\"1\" style=\"float: none; margin:10px 0 10px 0; text-align:center;\">\n<div class=\"hb-ad-inarticle\">\r\n    <div class=\"hb-ad-inner\"> \r\n    <div class=\"hbagency_cls\"  id=\"hbagency_space_111930\"><\/div><\/div> <\/div>\n<\/div>\n<h2>\u0218tire de ultim\u0103 or\u0103 \u00een mercato: Atacantul talentat de la Cukari\u010dki, Mihajlo Cvetkovi\u0107, semneaz\u0103 un contract pe patru ani cu FC Dinamo Bucure\u0219ti!&#8230;..<\/h2>\n<p>&nbsp;<\/p>\n<p>&nbsp;<\/p>\n<p>FC Dinamo Bucure\u0219ti a dat lovitura pe pia\u021ba transferurilor prin achizi\u021bionarea atacantului Mihajlo Cvetkovi\u0107 de la Cukari\u010dki. Juc\u0103torul s\u00e2rb a semnat un contract pe patru ani cu echipa din \u0218tefan cel Mare, fiind considerat o pies\u0103 important\u0103 \u00een strategia clubului pentru viitoarele sezoane.<\/p>\n<p>&nbsp;<\/p>\n<p>Cvetkovi\u0107, \u00een v\u00e2rst\u0103 de 22 de ani, a impresionat \u00een SuperLiga Serbiei prin evolu\u021biile sale constante \u0219i instinctul de golgheter. Oficialii lui Dinamo au urm\u0103rit \u00eendeaproape progresul s\u0103u \u0219i au decis s\u0103 fac\u0103 o ofert\u0103 concret\u0103, convins\u0103 c\u0103 atacantul va aduce un plus de valoare echipei.<\/p>\n<p>&nbsp;<\/p>\n<p>&#8220;Este o oportunitate fantastic\u0103 pentru mine. Dinamo este un club cu tradi\u021bie, iar eu vreau s\u0103 \u00eemi aduc contribu\u021bia \u0219i s\u0103 ajut echipa s\u0103 ob\u021bin\u0103 rezultate c\u00e2t mai bune&#8221;, a declarat Cvetkovi\u0107 la prezentarea oficial\u0103.<\/p>\n<p>&nbsp;<\/p>\n<p>Transferul s\u0103u reprezint\u0103 un pas important at\u00e2t pentru Dinamo, c\u00e2t \u0219i pentru cariera t\u00e2n\u0103rului atacant. Fanii a\u0219teapt\u0103 cu ner\u0103bdare s\u0103 \u00eel vad\u0103 la lucru \u0219i sper\u0103 c\u0103 va deveni un om de baz\u0103 \u00een ofensiva echipei. Cu un atac \u00eembun\u0103t\u0103\u021bit \u0219i un juc\u0103tor de perspectiv\u0103 \u00een lot, Dinamo prive\u0219te cu \u00eencredere spre vi<\/p>\n<p>itor.<\/p>\n<p>&nbsp;<\/p>\n\n<div style=\"font-size: 0px; height: 0px; line-height: 0px; margin: 0; padding: 0; clear: both;\"><\/div>","protected":false},"excerpt":{"rendered":"<p>\u0218tire de ultim\u0103 or\u0103 \u00een mercato: Atacantul talentat de la Cukari\u010dki, Mihajlo Cvetkovi\u0107, semneaz\u0103 un contract pe patru ani cu FC Dinamo Bucure\u0219ti!&#8230;.. &nbsp; &nbsp; FC Dinamo Bucure\u0219ti a dat lovitura pe pia\u021ba transferurilor prin achizi\u021bionarea atacantului Mihajlo Cvetkovi\u0107 de la Cukari\u010dki. Juc\u0103torul s\u00e2rb a semnat un contract pe patru ani cu echipa din \u0218tefan [&hellip;]<\/p>\n","protected":false},"author":11,"featured_media":23814,"comment_status":"open","ping_status":"open","sticky":false,"template":"","format":"standard","meta":{"_jetpack_memberships_contains_paid_content":false,"footnotes":""},"categories":[276],"tags":[],"class_list":["post-23813","post","type-post","status-publish","format-standard","has-post-thumbnail","hentry","category-fcsb"],"yoast_head":"<!-- This site is optimized with the Yoast SEO plugin v27.4 - https:\/\/yoast.com\/product\/yoast-seo-wordpress\/ -->\n<title>\u0218tire de ultim\u0103 or\u0103 \u00een mercato: Atacantul talentat de la<\/title>\n<meta name=\"description\" content=\"\u0218tire de ultim\u0103 or\u0103 \u00een mercato: Atacantul talentat de la Cukari\u010dki, Mihajlo Cvetkovi\u0107, semneaz\u0103 un contract pe patru ani cu FC\" \/>\n<meta name=\"robots\" content=\"index, follow, max-snippet:-1, max-image-preview:large, max-video-preview:-1\" \/>\n<link rel=\"canonical\" href=\"https:\/\/www.letsportsrock.com\/?p=23813\" \/>\n<meta property=\"og:locale\" content=\"en_US\" \/>\n<meta property=\"og:type\" content=\"article\" \/>\n<meta property=\"og:title\" content=\"\u0218tire de ultim\u0103 or\u0103 \u00een mercato: Atacantul talentat de la\" \/>\n<meta property=\"og:description\" content=\"\u0218tire de ultim\u0103 or\u0103 \u00een mercato: Atacantul talentat de la Cukari\u010dki, Mihajlo Cvetkovi\u0107, semneaz\u0103 un contract pe patru ani cu FC\" \/>\n<meta property=\"og:url\" content=\"https:\/\/www.letsportsrock.com\/?p=23813\" \/>\n<meta property=\"og:site_name\" content=\"letsportsrock\" \/>\n<meta property=\"article:published_time\" content=\"2025-02-15T09:53:58+00:00\" \/>\n<meta property=\"article:modified_time\" content=\"2025-02-15T09:54:43+00:00\" \/>\n<meta property=\"og:image\" content=\"https:\/\/www.letsportsrock.com\/wp-content\/uploads\/2025\/02\/images-33-5.jpeg\" \/>\n\t<meta property=\"og:image:width\" content=\"678\" \/>\n\t<meta property=\"og:image:height\" content=\"452\" \/>\n\t<meta property=\"og:image:type\" content=\"image\/jpeg\" \/>\n<meta name=\"author\" content=\"Shughun Ivory\" \/>\n<meta name=\"twitter:card\" content=\"summary_large_image\" \/>\n<meta name=\"twitter:label1\" content=\"Written by\" \/>\n\t<meta name=\"twitter:data1\" content=\"Shughun Ivory\" \/>\n\t<meta name=\"twitter:label2\" content=\"Est. reading time\" \/>\n\t<meta name=\"twitter:data2\" content=\"2 minutes\" \/>\n<script type=\"application\/ld+json\" class=\"yoast-schema-graph\">{\"@context\":\"https:\\\/\\\/schema.org\",\"@graph\":[{\"@type\":\"Article\",\"@id\":\"https:\\\/\\\/www.letsportsrock.com\\\/?p=23813#article\",\"isPartOf\":{\"@id\":\"https:\\\/\\\/www.letsportsrock.com\\\/?p=23813\"},\"author\":{\"name\":\"Shughun Ivory\",\"@id\":\"https:\\\/\\\/www.letsportsrock.com\\\/#\\\/schema\\\/person\\\/674619adef31b09138e9ccd4e2852ee0\"},\"headline\":\"\u0218tire de ultim\u0103 or\u0103 \u00een mercato: Atacantul talentat de la Cukari\u010dki, Mihajlo Cvetkovi\u0107, semneaz\u0103 un contract pe patru ani cu FC Dinamo Bucure\u0219ti!\",\"datePublished\":\"2025-02-15T09:53:58+00:00\",\"dateModified\":\"2025-02-15T09:54:43+00:00\",\"mainEntityOfPage\":{\"@id\":\"https:\\\/\\\/www.letsportsrock.com\\\/?p=23813\"},\"wordCount\":258,\"commentCount\":0,\"image\":{\"@id\":\"https:\\\/\\\/www.letsportsrock.com\\\/?p=23813#primaryimage\"},\"thumbnailUrl\":\"https:\\\/\\\/www.letsportsrock.com\\\/wp-content\\\/uploads\\\/2025\\\/02\\\/images-33-5.jpeg\",\"articleSection\":[\"FCSB\"],\"inLanguage\":\"en-US\",\"potentialAction\":[{\"@type\":\"CommentAction\",\"name\":\"Comment\",\"target\":[\"https:\\\/\\\/www.letsportsrock.com\\\/?p=23813#respond\"]}]},{\"@type\":\"WebPage\",\"@id\":\"https:\\\/\\\/www.letsportsrock.com\\\/?p=23813\",\"url\":\"https:\\\/\\\/www.letsportsrock.com\\\/?p=23813\",\"name\":\"\u0218tire de ultim\u0103 or\u0103 \u00een mercato: Atacantul talentat de la\",\"isPartOf\":{\"@id\":\"https:\\\/\\\/www.letsportsrock.com\\\/#website\"},\"primaryImageOfPage\":{\"@id\":\"https:\\\/\\\/www.letsportsrock.com\\\/?p=23813#primaryimage\"},\"image\":{\"@id\":\"https:\\\/\\\/www.letsportsrock.com\\\/?p=23813#primaryimage\"},\"thumbnailUrl\":\"https:\\\/\\\/www.letsportsrock.com\\\/wp-content\\\/uploads\\\/2025\\\/02\\\/images-33-5.jpeg\",\"datePublished\":\"2025-02-15T09:53:58+00:00\",\"dateModified\":\"2025-02-15T09:54:43+00:00\",\"author\":{\"@id\":\"https:\\\/\\\/www.letsportsrock.com\\\/#\\\/schema\\\/person\\\/674619adef31b09138e9ccd4e2852ee0\"},\"description\":\"\u0218tire de ultim\u0103 or\u0103 \u00een mercato: Atacantul talentat de la Cukari\u010dki, Mihajlo Cvetkovi\u0107, semneaz\u0103 un contract pe patru ani cu FC\",\"breadcrumb\":{\"@id\":\"https:\\\/\\\/www.letsportsrock.com\\\/?p=23813#breadcrumb\"},\"inLanguage\":\"en-US\",\"potentialAction\":[{\"@type\":\"ReadAction\",\"target\":[\"https:\\\/\\\/www.letsportsrock.com\\\/?p=23813\"]}]},{\"@type\":\"ImageObject\",\"inLanguage\":\"en-US\",\"@id\":\"https:\\\/\\\/www.letsportsrock.com\\\/?p=23813#primaryimage\",\"url\":\"https:\\\/\\\/www.letsportsrock.com\\\/wp-content\\\/uploads\\\/2025\\\/02\\\/images-33-5.jpeg\",\"contentUrl\":\"https:\\\/\\\/www.letsportsrock.com\\\/wp-content\\\/uploads\\\/2025\\\/02\\\/images-33-5.jpeg\",\"width\":678,\"height\":452},{\"@type\":\"BreadcrumbList\",\"@id\":\"https:\\\/\\\/www.letsportsrock.com\\\/?p=23813#breadcrumb\",\"itemListElement\":[{\"@type\":\"ListItem\",\"position\":1,\"name\":\"Home\",\"item\":\"https:\\\/\\\/www.letsportsrock.com\\\/\"},{\"@type\":\"ListItem\",\"position\":2,\"name\":\"\u0218tire de ultim\u0103 or\u0103 \u00een mercato: Atacantul talentat de la Cukari\u010dki, Mihajlo Cvetkovi\u0107, semneaz\u0103 un contract pe patru ani cu FC Dinamo Bucure\u0219ti!\"}]},{\"@type\":\"WebSite\",\"@id\":\"https:\\\/\\\/www.letsportsrock.com\\\/#website\",\"url\":\"https:\\\/\\\/www.letsportsrock.com\\\/\",\"name\":\"letsportsrock\",\"description\":\"Sport News and Updates\",\"potentialAction\":[{\"@type\":\"SearchAction\",\"target\":{\"@type\":\"EntryPoint\",\"urlTemplate\":\"https:\\\/\\\/www.letsportsrock.com\\\/?s={search_term_string}\"},\"query-input\":{\"@type\":\"PropertyValueSpecification\",\"valueRequired\":true,\"valueName\":\"search_term_string\"}}],\"inLanguage\":\"en-US\"},{\"@type\":\"Person\",\"@id\":\"https:\\\/\\\/www.letsportsrock.com\\\/#\\\/schema\\\/person\\\/674619adef31b09138e9ccd4e2852ee0\",\"name\":\"Shughun Ivory\",\"image\":{\"@type\":\"ImageObject\",\"inLanguage\":\"en-US\",\"@id\":\"https:\\\/\\\/secure.gravatar.com\\\/avatar\\\/0461d8b87ac229159ac526ebabd85108a5009b97923e896e2a506577805f8fc1?s=96&d=mm&r=g\",\"url\":\"https:\\\/\\\/secure.gravatar.com\\\/avatar\\\/0461d8b87ac229159ac526ebabd85108a5009b97923e896e2a506577805f8fc1?s=96&d=mm&r=g\",\"contentUrl\":\"https:\\\/\\\/secure.gravatar.com\\\/avatar\\\/0461d8b87ac229159ac526ebabd85108a5009b97923e896e2a506577805f8fc1?s=96&d=mm&r=g\",\"caption\":\"Shughun Ivory\"},\"sameAs\":[\"http:\\\/\\\/Letsportsrock.com\"],\"url\":\"https:\\\/\\\/www.letsportsrock.com\\\/?author=11\"}]}<\/script>\n<!-- \/ Yoast SEO plugin. -->","yoast_head_json":{"title":"\u0218tire de ultim\u0103 or\u0103 \u00een mercato: Atacantul talentat de la","description":"\u0218tire de ultim\u0103 or\u0103 \u00een mercato: Atacantul talentat de la Cukari\u010dki, Mihajlo Cvetkovi\u0107, semneaz\u0103 un contract pe patru ani cu FC","robots":{"index":"index","follow":"follow","max-snippet":"max-snippet:-1","max-image-preview":"max-image-preview:large","max-video-preview":"max-video-preview:-1"},"canonical":"https:\/\/www.letsportsrock.com\/?p=23813","og_locale":"en_US","og_type":"article","og_title":"\u0218tire de ultim\u0103 or\u0103 \u00een mercato: Atacantul talentat de la","og_description":"\u0218tire de ultim\u0103 or\u0103 \u00een mercato: Atacantul talentat de la Cukari\u010dki, Mihajlo Cvetkovi\u0107, semneaz\u0103 un contract pe patru ani cu FC","og_url":"https:\/\/www.letsportsrock.com\/?p=23813","og_site_name":"letsportsrock","article_published_time":"2025-02-15T09:53:58+00:00","article_modified_time":"2025-02-15T09:54:43+00:00","og_image":[{"width":678,"height":452,"url":"https:\/\/www.letsportsrock.com\/wp-content\/uploads\/2025\/02\/images-33-5.jpeg","type":"image\/jpeg"}],"author":"Shughun Ivory","twitter_card":"summary_large_image","twitter_misc":{"Written by":"Shughun Ivory","Est. reading time":"2 minutes"},"schema":{"@context":"https:\/\/schema.org","@graph":[{"@type":"Article","@id":"https:\/\/www.letsportsrock.com\/?p=23813#article","isPartOf":{"@id":"https:\/\/www.letsportsrock.com\/?p=23813"},"author":{"name":"Shughun Ivory","@id":"https:\/\/www.letsportsrock.com\/#\/schema\/person\/674619adef31b09138e9ccd4e2852ee0"},"headline":"\u0218tire de ultim\u0103 or\u0103 \u00een mercato: Atacantul talentat de la Cukari\u010dki, Mihajlo Cvetkovi\u0107, semneaz\u0103 un contract pe patru ani cu FC Dinamo Bucure\u0219ti!","datePublished":"2025-02-15T09:53:58+00:00","dateModified":"2025-02-15T09:54:43+00:00","mainEntityOfPage":{"@id":"https:\/\/www.letsportsrock.com\/?p=23813"},"wordCount":258,"commentCount":0,"image":{"@id":"https:\/\/www.letsportsrock.com\/?p=23813#primaryimage"},"thumbnailUrl":"https:\/\/www.letsportsrock.com\/wp-content\/uploads\/2025\/02\/images-33-5.jpeg","articleSection":["FCSB"],"inLanguage":"en-US","potentialAction":[{"@type":"CommentAction","name":"Comment","target":["https:\/\/www.letsportsrock.com\/?p=23813#respond"]}]},{"@type":"WebPage","@id":"https:\/\/www.letsportsrock.com\/?p=23813","url":"https:\/\/www.letsportsrock.com\/?p=23813","name":"\u0218tire de ultim\u0103 or\u0103 \u00een mercato: Atacantul talentat de la","isPartOf":{"@id":"https:\/\/www.letsportsrock.com\/#website"},"primaryImageOfPage":{"@id":"https:\/\/www.letsportsrock.com\/?p=23813#primaryimage"},"image":{"@id":"https:\/\/www.letsportsrock.com\/?p=23813#primaryimage"},"thumbnailUrl":"https:\/\/www.letsportsrock.com\/wp-content\/uploads\/2025\/02\/images-33-5.jpeg","datePublished":"2025-02-15T09:53:58+00:00","dateModified":"2025-02-15T09:54:43+00:00","author":{"@id":"https:\/\/www.letsportsrock.com\/#\/schema\/person\/674619adef31b09138e9ccd4e2852ee0"},"description":"\u0218tire de ultim\u0103 or\u0103 \u00een mercato: Atacantul talentat de la Cukari\u010dki, Mihajlo Cvetkovi\u0107, semneaz\u0103 un contract pe patru ani cu FC","breadcrumb":{"@id":"https:\/\/www.letsportsrock.com\/?p=23813#breadcrumb"},"inLanguage":"en-US","potentialAction":[{"@type":"ReadAction","target":["https:\/\/www.letsportsrock.com\/?p=23813"]}]},{"@type":"ImageObject","inLanguage":"en-US","@id":"https:\/\/www.letsportsrock.com\/?p=23813#primaryimage","url":"https:\/\/www.letsportsrock.com\/wp-content\/uploads\/2025\/02\/images-33-5.jpeg","contentUrl":"https:\/\/www.letsportsrock.com\/wp-content\/uploads\/2025\/02\/images-33-5.jpeg","width":678,"height":452},{"@type":"BreadcrumbList","@id":"https:\/\/www.letsportsrock.com\/?p=23813#breadcrumb","itemListElement":[{"@type":"ListItem","position":1,"name":"Home","item":"https:\/\/www.letsportsrock.com\/"},{"@type":"ListItem","position":2,"name":"\u0218tire de ultim\u0103 or\u0103 \u00een mercato: Atacantul talentat de la Cukari\u010dki, Mihajlo Cvetkovi\u0107, semneaz\u0103 un contract pe patru ani cu FC Dinamo Bucure\u0219ti!"}]},{"@type":"WebSite","@id":"https:\/\/www.letsportsrock.com\/#website","url":"https:\/\/www.letsportsrock.com\/","name":"letsportsrock","description":"Sport News and Updates","potentialAction":[{"@type":"SearchAction","target":{"@type":"EntryPoint","urlTemplate":"https:\/\/www.letsportsrock.com\/?s={search_term_string}"},"query-input":{"@type":"PropertyValueSpecification","valueRequired":true,"valueName":"search_term_string"}}],"inLanguage":"en-US"},{"@type":"Person","@id":"https:\/\/www.letsportsrock.com\/#\/schema\/person\/674619adef31b09138e9ccd4e2852ee0","name":"Shughun Ivory","image":{"@type":"ImageObject","inLanguage":"en-US","@id":"https:\/\/secure.gravatar.com\/avatar\/0461d8b87ac229159ac526ebabd85108a5009b97923e896e2a506577805f8fc1?s=96&d=mm&r=g","url":"https:\/\/secure.gravatar.com\/avatar\/0461d8b87ac229159ac526ebabd85108a5009b97923e896e2a506577805f8fc1?s=96&d=mm&r=g","contentUrl":"https:\/\/secure.gravatar.com\/avatar\/0461d8b87ac229159ac526ebabd85108a5009b97923e896e2a506577805f8fc1?s=96&d=mm&r=g","caption":"Shughun Ivory"},"sameAs":["http:\/\/Letsportsrock.com"],"url":"https:\/\/www.letsportsrock.com\/?author=11"}]}},"jetpack_featured_media_url":"https:\/\/www.letsportsrock.com\/wp-content\/uploads\/2025\/02\/images-33-5.jpeg","jetpack_sharing_enabled":true,"_links":{"self":[{"href":"https:\/\/www.letsportsrock.com\/index.php?rest_route=\/wp\/v2\/posts\/23813","targetHints":{"allow":["GET"]}}],"collection":[{"href":"https:\/\/www.letsportsrock.com\/index.php?rest_route=\/wp\/v2\/posts"}],"about":[{"href":"https:\/\/www.letsportsrock.com\/index.php?rest_route=\/wp\/v2\/types\/post"}],"author":[{"embeddable":true,"href":"https:\/\/www.letsportsrock.com\/index.php?rest_route=\/wp\/v2\/users\/11"}],"replies":[{"embeddable":true,"href":"https:\/\/www.letsportsrock.com\/index.php?rest_route=%2Fwp%2Fv2%2Fcomments&post=23813"}],"version-history":[{"count":2,"href":"https:\/\/www.letsportsrock.com\/index.php?rest_route=\/wp\/v2\/posts\/23813\/revisions"}],"predecessor-version":[{"id":23816,"href":"https:\/\/www.letsportsrock.com\/index.php?rest_route=\/wp\/v2\/posts\/23813\/revisions\/23816"}],"wp:featuredmedia":[{"embeddable":true,"href":"https:\/\/www.letsportsrock.com\/index.php?rest_route=\/wp\/v2\/media\/23814"}],"wp:attachment":[{"href":"https:\/\/www.letsportsrock.com\/index.php?rest_route=%2Fwp%2Fv2%2Fmedia&parent=23813"}],"wp:term":[{"taxonomy":"category","embeddable":true,"href":"https:\/\/www.letsportsrock.com\/index.php?rest_route=%2Fwp%2Fv2%2Fcategories&post=23813"},{"taxonomy":"post_tag","embeddable":true,"href":"https:\/\/www.letsportsrock.com\/index.php?rest_route=%2Fwp%2Fv2%2Ftags&post=23813"}],"curies":[{"name":"wp","href":"https:\/\/api.w.org\/{rel}","templated":true}]}}