{"id":24985,"date":"2025-02-22T21:36:10","date_gmt":"2025-02-22T21:36:10","guid":{"rendered":"https:\/\/www.letsportsrock.com\/?p=24985"},"modified":"2025-02-22T21:36:10","modified_gmt":"2025-02-22T21:36:10","slug":"blocaj-pana-in-2029-rezultatul-neasteptat-pe-care-astrit-selmani-il-semneaza-cu-un-contract-pe-4-ani-cu-fc-dinamo-1948","status":"publish","type":"post","link":"https:\/\/www.letsportsrock.com\/?p=24985","title":{"rendered":"Blocaj p\u00e2n\u0103 \u00een 2029: Rezultatul nea\u0219teptat pe care Astrit Selmani \u00eel semneaz\u0103 cu un contract pe 4 ani cu FC Dinamo 1948\u2026\u2026"},"content":{"rendered":"<div class=\"d79db4796efc26332eabfc3f5dafbc76\" data-index=\"1\" style=\"float: none; margin:10px 0 10px 0; text-align:center;\">\n<div class=\"hb-ad-inarticle\">\r\n    <div class=\"hb-ad-inner\"> \r\n    <div class=\"hbagency_cls\"  id=\"hbagency_space_111930\"><\/div><\/div> <\/div>\n<\/div>\n<p>Blocaj p\u00e2n\u0103 \u00een 2029: Rezultatul nea\u0219teptat pe care Astrit Selmani \u00eel semneaz\u0103 cu un contract pe 4 ani cu FC Dinamo 1948\u2026\u2026<\/p>\n<p>&nbsp;<\/p>\n<p>\u00centr-o evolu\u021bie surprinz\u0103toare, Astrit Selmani, atacantul kosovar \u00een v\u00e2rst\u0103 de 27 de ani, a semnat un contract pe patru ani cu FC Dinamo 1948, asigur\u00e2ndu-\u0219i prezen\u021ba la club p\u00e2n\u0103 \u00een 2029. Aceast\u0103 decizie vine dup\u0103 o perioad\u0103 de incertitudine privind viitorul s\u0103u, av\u00e2nd \u00een vedere c\u0103 anterior, \u00een ianuarie 2025, Selmani declara c\u0103 nu a semnat \u00eenc\u0103 prelungirea contractului \u0219i c\u0103 negocierile erau \u00een impas.<\/p>\n<p><img loading=\"lazy\" decoding=\"async\" class=\"alignnone size-medium wp-image-24987\" src=\"https:\/\/www.letsportsrock.com\/wp-content\/uploads\/2025\/02\/images-2025-02-22T223500.802-300x180.jpeg\" alt=\"\" width=\"300\" height=\"180\" srcset=\"https:\/\/www.letsportsrock.com\/wp-content\/uploads\/2025\/02\/images-2025-02-22T223500.802-300x180.jpeg 300w, https:\/\/www.letsportsrock.com\/wp-content\/uploads\/2025\/02\/images-2025-02-22T223500.802.jpeg 700w\" sizes=\"auto, (max-width: 300px) 100vw, 300px\" \/><\/p>\n<p>Selmani s-a al\u0103turat lui Dinamo \u00een februarie 2024 \u0219i a avut un impact imediat, marc\u00e2nd 9 goluri \u0219i oferind 5 pase decisive \u00een 19 meciuri de campionat \u00een primul s\u0103u sezon. Performan\u021bele sale remarcabile au fost esen\u021biale pentru ascensiunea echipei \u00een clasament. \u00cen ciuda interesului din partea altor cluburi, Selmani a ales s\u0103-\u0219i continue cariera la Dinamo, semn\u00e2nd un nou contract pe termen lung.<\/p>\n<p>&nbsp;<\/p>\n<p>Aceast\u0103 prelungire a contractului reflect\u0103 angajamentul reciproc dintre juc\u0103tor \u0219i club, oferind stabilitate echipei \u0219i asigur\u00e2ndu-i lui Selmani un rol central \u00een planurile de viitor ale lui Dinamo. Fanii a\u0219teapt\u0103 cu ner\u0103bdare s\u0103 vad\u0103 contribu\u021biile sale continue pe teren \u0219i sper\u0103 c\u0103 prezen\u021ba sa va aduce succesul mult dorit \u00een sezoanele urm\u0103toare.<\/p>\n\n<div style=\"font-size: 0px; height: 0px; line-height: 0px; margin: 0; padding: 0; clear: both;\"><\/div>","protected":false},"excerpt":{"rendered":"<p>Blocaj p\u00e2n\u0103 \u00een 2029: Rezultatul nea\u0219teptat pe care Astrit Selmani \u00eel semneaz\u0103 cu un contract pe 4 ani cu FC Dinamo 1948\u2026\u2026 &nbsp; \u00centr-o evolu\u021bie surprinz\u0103toare, Astrit Selmani, atacantul kosovar \u00een v\u00e2rst\u0103 de 27 de ani, a semnat un contract pe patru ani cu FC Dinamo 1948, asigur\u00e2ndu-\u0219i prezen\u021ba la club p\u00e2n\u0103 \u00een 2029. Aceast\u0103 [&hellip;]<\/p>\n","protected":false},"author":9,"featured_media":24986,"comment_status":"open","ping_status":"open","sticky":false,"template":"","format":"standard","meta":{"_jetpack_memberships_contains_paid_content":false,"footnotes":""},"categories":[1],"tags":[419],"class_list":["post-24985","post","type-post","status-publish","format-standard","has-post-thumbnail","hentry","category-uncategorized","tag-fc-dinamo-bucuresti"],"yoast_head":"<!-- This site is optimized with the Yoast SEO plugin v27.5 - https:\/\/yoast.com\/product\/yoast-seo-wordpress\/ -->\n<title>Blocaj p\u00e2n\u0103 \u00een 2029: Rezultatul nea\u0219teptat pe care Astrit...<\/title>\n<meta name=\"description\" content=\"Blocaj p\u00e2n\u0103 \u00een 2029: Rezultatul nea\u0219teptat pe care Astrit Selmani \u00eel semneaz\u0103 cu un contract pe 4 ani cu FC Dinamo 1948\u2026\u2026\" \/>\n<meta name=\"robots\" content=\"index, follow, max-snippet:-1, max-image-preview:large, max-video-preview:-1\" \/>\n<link rel=\"canonical\" href=\"https:\/\/www.letsportsrock.com\/?p=24985\" \/>\n<meta property=\"og:locale\" content=\"en_US\" \/>\n<meta property=\"og:type\" content=\"article\" \/>\n<meta property=\"og:title\" content=\"Blocaj p\u00e2n\u0103 \u00een 2029: Rezultatul nea\u0219teptat pe care Astrit...\" \/>\n<meta property=\"og:description\" content=\"Blocaj p\u00e2n\u0103 \u00een 2029: Rezultatul nea\u0219teptat pe care Astrit Selmani \u00eel semneaz\u0103 cu un contract pe 4 ani cu FC Dinamo 1948\u2026\u2026\" \/>\n<meta property=\"og:url\" content=\"https:\/\/www.letsportsrock.com\/?p=24985\" \/>\n<meta property=\"og:site_name\" content=\"letsportsrock\" \/>\n<meta property=\"article:published_time\" content=\"2025-02-22T21:36:10+00:00\" \/>\n<meta property=\"og:image\" content=\"https:\/\/www.letsportsrock.com\/wp-content\/uploads\/2025\/02\/images-2025-02-22T223446.224.jpeg\" \/>\n\t<meta property=\"og:image:width\" content=\"679\" \/>\n\t<meta property=\"og:image:height\" content=\"452\" \/>\n\t<meta property=\"og:image:type\" content=\"image\/jpeg\" \/>\n<meta name=\"author\" content=\"Paul Hembaor\" \/>\n<meta name=\"twitter:card\" content=\"summary_large_image\" \/>\n<meta name=\"twitter:label1\" content=\"Written by\" \/>\n\t<meta name=\"twitter:data1\" content=\"Paul Hembaor\" \/>\n\t<meta name=\"twitter:label2\" content=\"Est. reading time\" \/>\n\t<meta name=\"twitter:data2\" content=\"2 minutes\" \/>\n<script type=\"application\/ld+json\" class=\"yoast-schema-graph\">{\"@context\":\"https:\\\/\\\/schema.org\",\"@graph\":[{\"@type\":\"Article\",\"@id\":\"https:\\\/\\\/www.letsportsrock.com\\\/?p=24985#article\",\"isPartOf\":{\"@id\":\"https:\\\/\\\/www.letsportsrock.com\\\/?p=24985\"},\"author\":{\"name\":\"Paul Hembaor\",\"@id\":\"https:\\\/\\\/www.letsportsrock.com\\\/#\\\/schema\\\/person\\\/97aa0f336f5a3ca15a8ec7d78846f045\"},\"headline\":\"Blocaj p\u00e2n\u0103 \u00een 2029: Rezultatul nea\u0219teptat pe care Astrit Selmani \u00eel semneaz\u0103 cu un contract pe 4 ani cu FC Dinamo 1948\u2026\u2026\",\"datePublished\":\"2025-02-22T21:36:10+00:00\",\"mainEntityOfPage\":{\"@id\":\"https:\\\/\\\/www.letsportsrock.com\\\/?p=24985\"},\"wordCount\":241,\"commentCount\":0,\"image\":{\"@id\":\"https:\\\/\\\/www.letsportsrock.com\\\/?p=24985#primaryimage\"},\"thumbnailUrl\":\"https:\\\/\\\/www.letsportsrock.com\\\/wp-content\\\/uploads\\\/2025\\\/02\\\/images-2025-02-22T223446.224.jpeg\",\"keywords\":[\"Fc Dinamo bucuresti\"],\"inLanguage\":\"en-US\",\"potentialAction\":[{\"@type\":\"CommentAction\",\"name\":\"Comment\",\"target\":[\"https:\\\/\\\/www.letsportsrock.com\\\/?p=24985#respond\"]}]},{\"@type\":\"WebPage\",\"@id\":\"https:\\\/\\\/www.letsportsrock.com\\\/?p=24985\",\"url\":\"https:\\\/\\\/www.letsportsrock.com\\\/?p=24985\",\"name\":\"Blocaj p\u00e2n\u0103 \u00een 2029: Rezultatul nea\u0219teptat pe care Astrit...\",\"isPartOf\":{\"@id\":\"https:\\\/\\\/www.letsportsrock.com\\\/#website\"},\"primaryImageOfPage\":{\"@id\":\"https:\\\/\\\/www.letsportsrock.com\\\/?p=24985#primaryimage\"},\"image\":{\"@id\":\"https:\\\/\\\/www.letsportsrock.com\\\/?p=24985#primaryimage\"},\"thumbnailUrl\":\"https:\\\/\\\/www.letsportsrock.com\\\/wp-content\\\/uploads\\\/2025\\\/02\\\/images-2025-02-22T223446.224.jpeg\",\"datePublished\":\"2025-02-22T21:36:10+00:00\",\"author\":{\"@id\":\"https:\\\/\\\/www.letsportsrock.com\\\/#\\\/schema\\\/person\\\/97aa0f336f5a3ca15a8ec7d78846f045\"},\"description\":\"Blocaj p\u00e2n\u0103 \u00een 2029: Rezultatul nea\u0219teptat pe care Astrit Selmani \u00eel semneaz\u0103 cu un contract pe 4 ani cu FC Dinamo 1948\u2026\u2026\",\"breadcrumb\":{\"@id\":\"https:\\\/\\\/www.letsportsrock.com\\\/?p=24985#breadcrumb\"},\"inLanguage\":\"en-US\",\"potentialAction\":[{\"@type\":\"ReadAction\",\"target\":[\"https:\\\/\\\/www.letsportsrock.com\\\/?p=24985\"]}]},{\"@type\":\"ImageObject\",\"inLanguage\":\"en-US\",\"@id\":\"https:\\\/\\\/www.letsportsrock.com\\\/?p=24985#primaryimage\",\"url\":\"https:\\\/\\\/www.letsportsrock.com\\\/wp-content\\\/uploads\\\/2025\\\/02\\\/images-2025-02-22T223446.224.jpeg\",\"contentUrl\":\"https:\\\/\\\/www.letsportsrock.com\\\/wp-content\\\/uploads\\\/2025\\\/02\\\/images-2025-02-22T223446.224.jpeg\",\"width\":679,\"height\":452},{\"@type\":\"BreadcrumbList\",\"@id\":\"https:\\\/\\\/www.letsportsrock.com\\\/?p=24985#breadcrumb\",\"itemListElement\":[{\"@type\":\"ListItem\",\"position\":1,\"name\":\"Home\",\"item\":\"https:\\\/\\\/www.letsportsrock.com\\\/\"},{\"@type\":\"ListItem\",\"position\":2,\"name\":\"Blocaj p\u00e2n\u0103 \u00een 2029: Rezultatul nea\u0219teptat pe care Astrit Selmani \u00eel semneaz\u0103 cu un contract pe 4 ani cu FC Dinamo 1948\u2026\u2026\"}]},{\"@type\":\"WebSite\",\"@id\":\"https:\\\/\\\/www.letsportsrock.com\\\/#website\",\"url\":\"https:\\\/\\\/www.letsportsrock.com\\\/\",\"name\":\"letsportsrock\",\"description\":\"Sport News and Updates\",\"potentialAction\":[{\"@type\":\"SearchAction\",\"target\":{\"@type\":\"EntryPoint\",\"urlTemplate\":\"https:\\\/\\\/www.letsportsrock.com\\\/?s={search_term_string}\"},\"query-input\":{\"@type\":\"PropertyValueSpecification\",\"valueRequired\":true,\"valueName\":\"search_term_string\"}}],\"inLanguage\":\"en-US\"},{\"@type\":\"Person\",\"@id\":\"https:\\\/\\\/www.letsportsrock.com\\\/#\\\/schema\\\/person\\\/97aa0f336f5a3ca15a8ec7d78846f045\",\"name\":\"Paul Hembaor\",\"image\":{\"@type\":\"ImageObject\",\"inLanguage\":\"en-US\",\"@id\":\"https:\\\/\\\/secure.gravatar.com\\\/avatar\\\/0574929a03c152e8ea7939c31311f9ea2fe2e06139cd71e2d6e698c217219d60?s=96&d=mm&r=g\",\"url\":\"https:\\\/\\\/secure.gravatar.com\\\/avatar\\\/0574929a03c152e8ea7939c31311f9ea2fe2e06139cd71e2d6e698c217219d60?s=96&d=mm&r=g\",\"contentUrl\":\"https:\\\/\\\/secure.gravatar.com\\\/avatar\\\/0574929a03c152e8ea7939c31311f9ea2fe2e06139cd71e2d6e698c217219d60?s=96&d=mm&r=g\",\"caption\":\"Paul Hembaor\"},\"sameAs\":[\"https:\\\/\\\/www.letsportsrock.com\\\/wp-admin\\\/\"],\"url\":\"https:\\\/\\\/www.letsportsrock.com\\\/?author=9\"}]}<\/script>\n<!-- \/ Yoast SEO plugin. -->","yoast_head_json":{"title":"Blocaj p\u00e2n\u0103 \u00een 2029: Rezultatul nea\u0219teptat pe care Astrit...","description":"Blocaj p\u00e2n\u0103 \u00een 2029: Rezultatul nea\u0219teptat pe care Astrit Selmani \u00eel semneaz\u0103 cu un contract pe 4 ani cu FC Dinamo 1948\u2026\u2026","robots":{"index":"index","follow":"follow","max-snippet":"max-snippet:-1","max-image-preview":"max-image-preview:large","max-video-preview":"max-video-preview:-1"},"canonical":"https:\/\/www.letsportsrock.com\/?p=24985","og_locale":"en_US","og_type":"article","og_title":"Blocaj p\u00e2n\u0103 \u00een 2029: Rezultatul nea\u0219teptat pe care Astrit...","og_description":"Blocaj p\u00e2n\u0103 \u00een 2029: Rezultatul nea\u0219teptat pe care Astrit Selmani \u00eel semneaz\u0103 cu un contract pe 4 ani cu FC Dinamo 1948\u2026\u2026","og_url":"https:\/\/www.letsportsrock.com\/?p=24985","og_site_name":"letsportsrock","article_published_time":"2025-02-22T21:36:10+00:00","og_image":[{"width":679,"height":452,"url":"https:\/\/www.letsportsrock.com\/wp-content\/uploads\/2025\/02\/images-2025-02-22T223446.224.jpeg","type":"image\/jpeg"}],"author":"Paul Hembaor","twitter_card":"summary_large_image","twitter_misc":{"Written by":"Paul Hembaor","Est. reading time":"2 minutes"},"schema":{"@context":"https:\/\/schema.org","@graph":[{"@type":"Article","@id":"https:\/\/www.letsportsrock.com\/?p=24985#article","isPartOf":{"@id":"https:\/\/www.letsportsrock.com\/?p=24985"},"author":{"name":"Paul Hembaor","@id":"https:\/\/www.letsportsrock.com\/#\/schema\/person\/97aa0f336f5a3ca15a8ec7d78846f045"},"headline":"Blocaj p\u00e2n\u0103 \u00een 2029: Rezultatul nea\u0219teptat pe care Astrit Selmani \u00eel semneaz\u0103 cu un contract pe 4 ani cu FC Dinamo 1948\u2026\u2026","datePublished":"2025-02-22T21:36:10+00:00","mainEntityOfPage":{"@id":"https:\/\/www.letsportsrock.com\/?p=24985"},"wordCount":241,"commentCount":0,"image":{"@id":"https:\/\/www.letsportsrock.com\/?p=24985#primaryimage"},"thumbnailUrl":"https:\/\/www.letsportsrock.com\/wp-content\/uploads\/2025\/02\/images-2025-02-22T223446.224.jpeg","keywords":["Fc Dinamo bucuresti"],"inLanguage":"en-US","potentialAction":[{"@type":"CommentAction","name":"Comment","target":["https:\/\/www.letsportsrock.com\/?p=24985#respond"]}]},{"@type":"WebPage","@id":"https:\/\/www.letsportsrock.com\/?p=24985","url":"https:\/\/www.letsportsrock.com\/?p=24985","name":"Blocaj p\u00e2n\u0103 \u00een 2029: Rezultatul nea\u0219teptat pe care Astrit...","isPartOf":{"@id":"https:\/\/www.letsportsrock.com\/#website"},"primaryImageOfPage":{"@id":"https:\/\/www.letsportsrock.com\/?p=24985#primaryimage"},"image":{"@id":"https:\/\/www.letsportsrock.com\/?p=24985#primaryimage"},"thumbnailUrl":"https:\/\/www.letsportsrock.com\/wp-content\/uploads\/2025\/02\/images-2025-02-22T223446.224.jpeg","datePublished":"2025-02-22T21:36:10+00:00","author":{"@id":"https:\/\/www.letsportsrock.com\/#\/schema\/person\/97aa0f336f5a3ca15a8ec7d78846f045"},"description":"Blocaj p\u00e2n\u0103 \u00een 2029: Rezultatul nea\u0219teptat pe care Astrit Selmani \u00eel semneaz\u0103 cu un contract pe 4 ani cu FC Dinamo 1948\u2026\u2026","breadcrumb":{"@id":"https:\/\/www.letsportsrock.com\/?p=24985#breadcrumb"},"inLanguage":"en-US","potentialAction":[{"@type":"ReadAction","target":["https:\/\/www.letsportsrock.com\/?p=24985"]}]},{"@type":"ImageObject","inLanguage":"en-US","@id":"https:\/\/www.letsportsrock.com\/?p=24985#primaryimage","url":"https:\/\/www.letsportsrock.com\/wp-content\/uploads\/2025\/02\/images-2025-02-22T223446.224.jpeg","contentUrl":"https:\/\/www.letsportsrock.com\/wp-content\/uploads\/2025\/02\/images-2025-02-22T223446.224.jpeg","width":679,"height":452},{"@type":"BreadcrumbList","@id":"https:\/\/www.letsportsrock.com\/?p=24985#breadcrumb","itemListElement":[{"@type":"ListItem","position":1,"name":"Home","item":"https:\/\/www.letsportsrock.com\/"},{"@type":"ListItem","position":2,"name":"Blocaj p\u00e2n\u0103 \u00een 2029: Rezultatul nea\u0219teptat pe care Astrit Selmani \u00eel semneaz\u0103 cu un contract pe 4 ani cu FC Dinamo 1948\u2026\u2026"}]},{"@type":"WebSite","@id":"https:\/\/www.letsportsrock.com\/#website","url":"https:\/\/www.letsportsrock.com\/","name":"letsportsrock","description":"Sport News and Updates","potentialAction":[{"@type":"SearchAction","target":{"@type":"EntryPoint","urlTemplate":"https:\/\/www.letsportsrock.com\/?s={search_term_string}"},"query-input":{"@type":"PropertyValueSpecification","valueRequired":true,"valueName":"search_term_string"}}],"inLanguage":"en-US"},{"@type":"Person","@id":"https:\/\/www.letsportsrock.com\/#\/schema\/person\/97aa0f336f5a3ca15a8ec7d78846f045","name":"Paul Hembaor","image":{"@type":"ImageObject","inLanguage":"en-US","@id":"https:\/\/secure.gravatar.com\/avatar\/0574929a03c152e8ea7939c31311f9ea2fe2e06139cd71e2d6e698c217219d60?s=96&d=mm&r=g","url":"https:\/\/secure.gravatar.com\/avatar\/0574929a03c152e8ea7939c31311f9ea2fe2e06139cd71e2d6e698c217219d60?s=96&d=mm&r=g","contentUrl":"https:\/\/secure.gravatar.com\/avatar\/0574929a03c152e8ea7939c31311f9ea2fe2e06139cd71e2d6e698c217219d60?s=96&d=mm&r=g","caption":"Paul Hembaor"},"sameAs":["https:\/\/www.letsportsrock.com\/wp-admin\/"],"url":"https:\/\/www.letsportsrock.com\/?author=9"}]}},"jetpack_featured_media_url":"https:\/\/www.letsportsrock.com\/wp-content\/uploads\/2025\/02\/images-2025-02-22T223446.224.jpeg","jetpack_sharing_enabled":true,"_links":{"self":[{"href":"https:\/\/www.letsportsrock.com\/index.php?rest_route=\/wp\/v2\/posts\/24985","targetHints":{"allow":["GET"]}}],"collection":[{"href":"https:\/\/www.letsportsrock.com\/index.php?rest_route=\/wp\/v2\/posts"}],"about":[{"href":"https:\/\/www.letsportsrock.com\/index.php?rest_route=\/wp\/v2\/types\/post"}],"author":[{"embeddable":true,"href":"https:\/\/www.letsportsrock.com\/index.php?rest_route=\/wp\/v2\/users\/9"}],"replies":[{"embeddable":true,"href":"https:\/\/www.letsportsrock.com\/index.php?rest_route=%2Fwp%2Fv2%2Fcomments&post=24985"}],"version-history":[{"count":1,"href":"https:\/\/www.letsportsrock.com\/index.php?rest_route=\/wp\/v2\/posts\/24985\/revisions"}],"predecessor-version":[{"id":24988,"href":"https:\/\/www.letsportsrock.com\/index.php?rest_route=\/wp\/v2\/posts\/24985\/revisions\/24988"}],"wp:featuredmedia":[{"embeddable":true,"href":"https:\/\/www.letsportsrock.com\/index.php?rest_route=\/wp\/v2\/media\/24986"}],"wp:attachment":[{"href":"https:\/\/www.letsportsrock.com\/index.php?rest_route=%2Fwp%2Fv2%2Fmedia&parent=24985"}],"wp:term":[{"taxonomy":"category","embeddable":true,"href":"https:\/\/www.letsportsrock.com\/index.php?rest_route=%2Fwp%2Fv2%2Fcategories&post=24985"},{"taxonomy":"post_tag","embeddable":true,"href":"https:\/\/www.letsportsrock.com\/index.php?rest_route=%2Fwp%2Fv2%2Ftags&post=24985"}],"curies":[{"name":"wp","href":"https:\/\/api.w.org\/{rel}","templated":true}]}}