{"id":25198,"date":"2025-02-23T22:44:53","date_gmt":"2025-02-23T22:44:53","guid":{"rendered":"https:\/\/www.letsportsrock.com\/?p=25198"},"modified":"2025-02-23T22:44:53","modified_gmt":"2025-02-23T22:44:53","slug":"intorcerea-mea-starul-fcsb-dennis-alibec-si-a-reziliat-contractul-cu-fcv-farul-constanta-declarand-ca-va-face","status":"publish","type":"post","link":"https:\/\/www.letsportsrock.com\/?p=25198","title":{"rendered":"\u201c\u00centorcerea mea!!\u201d Starul FCSB, Dennis Alibec, \u0219i-a reziliat contractul cu FCV Farul Constan\u021ba, declar\u00e2nd c\u0103 va face \u2026\u2026\u2026\u2026."},"content":{"rendered":"<div class=\"d79db4796efc26332eabfc3f5dafbc76\" data-index=\"1\" style=\"float: none; margin:10px 0 10px 0; text-align:center;\">\n<div class=\"hb-ad-inarticle\">\r\n    <div class=\"hb-ad-inner\"> \r\n    <div class=\"hbagency_cls\"  id=\"hbagency_space_111930\"><\/div><\/div> <\/div>\n<\/div>\n<p>\u201c\u00centorcerea mea!!\u201d Starul FCSB, Dennis Alibec, \u0219i-a reziliat contractul cu FCV Farul Constan\u021ba, declar\u00e2nd c\u0103 va face&#8230;..<\/p>\n<p>&nbsp;<\/p>\n<p>Dennis Alibec, unul dintre cei mai talenta\u021bi atacan\u021bi rom\u00e2ni ai ultimului deceniu, \u0219i-a reziliat contractul cu FCV Farul Constan\u021ba, l\u0103s\u00e2nd loc specula\u021biilor despre viitorul s\u0103u. Decizia sa vine \u00eentr-un moment surprinz\u0103tor, mai ales c\u0103 echipa lui Gic\u0103 Hagi se lupt\u0103 pentru un loc frunta\u0219 \u00een Superliga Rom\u00e2niei.<\/p>\n<p><img loading=\"lazy\" decoding=\"async\" class=\"alignnone size-medium wp-image-25200\" src=\"https:\/\/www.letsportsrock.com\/wp-content\/uploads\/2025\/02\/images-2025-02-23T234329.317-300x221.jpeg\" alt=\"\" width=\"300\" height=\"221\" srcset=\"https:\/\/www.letsportsrock.com\/wp-content\/uploads\/2025\/02\/images-2025-02-23T234329.317-300x221.jpeg 300w, https:\/\/www.letsportsrock.com\/wp-content\/uploads\/2025\/02\/images-2025-02-23T234329.317.jpeg 646w\" sizes=\"auto, (max-width: 300px) 100vw, 300px\" \/><\/p>\n<p>\u00centr-o declara\u021bie scurt\u0103, dar plin\u0103 de entuziasm, Alibec a spus: \u201e\u00centoarcerea mea!!\u201d, l\u0103s\u00e2nd s\u0103 se \u00een\u021beleag\u0103 c\u0103 urmeaz\u0103 un pas important \u00een cariera sa. Multe voci din fotbalul rom\u00e2nesc sus\u021bin c\u0103 ar putea reveni la FCSB, echip\u0103 la care a mai evoluat \u00een trecut \u0219i unde a avut unele dintre cele mai bune presta\u021bii ale carierei.<\/p>\n<p>&nbsp;<\/p>\n<p>Fanii ro\u0219-alba\u0219trilor au reac\u021bionat imediat pe re\u021belele sociale, cer\u00e2ndu-i patronului Gigi Becali s\u0103-l readuc\u0103 la echip\u0103. Totu\u0219i, exist\u0103 \u0219i posibilitatea unui transfer \u00een str\u0103in\u0103tate, av\u00e2nd \u00een vedere c\u0103 Alibec a mai avut experien\u021be \u00een Turcia \u0219i \u00een \u021b\u0103rile arabe.<\/p>\n<p>&nbsp;<\/p>\n<p>Indiferent de alegerea sa, cert este c\u0103 Alibec r\u0103m\u00e2ne un atacant valoros, iar decizia sa final\u0103 va avea un impact semnificativ asupra sezonului actual. R\u0103m\u00e2ne de v\u0103zut dac\u0103 \u201e\u00eentoarcerea\u201d sa \u00eenseamn\u0103 revenirea la FCSB sau o nou\u0103 provocare \u00een afara Rom\u00e2niei.<\/p>\n\n<div style=\"font-size: 0px; height: 0px; line-height: 0px; margin: 0; padding: 0; clear: both;\"><\/div>","protected":false},"excerpt":{"rendered":"<p>\u201c\u00centorcerea mea!!\u201d Starul FCSB, Dennis Alibec, \u0219i-a reziliat contractul cu FCV Farul Constan\u021ba, declar\u00e2nd c\u0103 va face&#8230;.. &nbsp; Dennis Alibec, unul dintre cei mai talenta\u021bi atacan\u021bi rom\u00e2ni ai ultimului deceniu, \u0219i-a reziliat contractul cu FCV Farul Constan\u021ba, l\u0103s\u00e2nd loc specula\u021biilor despre viitorul s\u0103u. Decizia sa vine \u00eentr-un moment surprinz\u0103tor, mai ales c\u0103 echipa lui Gic\u0103 [&hellip;]<\/p>\n","protected":false},"author":9,"featured_media":25199,"comment_status":"open","ping_status":"open","sticky":false,"template":"","format":"standard","meta":{"_jetpack_memberships_contains_paid_content":false,"footnotes":""},"categories":[276],"tags":[264],"class_list":["post-25198","post","type-post","status-publish","format-standard","has-post-thumbnail","hentry","category-fcsb","tag-fcsb"],"yoast_head":"<!-- This site is optimized with the Yoast SEO plugin v27.4 - https:\/\/yoast.com\/product\/yoast-seo-wordpress\/ -->\n<title>\u201c\u00centorcerea mea!!\u201d Starul FCSB, Dennis Alibec, \u0219i-a reziliat...<\/title>\n<meta name=\"description\" content=\"\u201c\u00centorcerea mea!!\u201d Starul FCSB, Dennis Alibec, \u0219i-a reziliat contractul cu FCV Farul Constan\u021ba, declar\u00e2nd c\u0103 va face.....\u00a0\" \/>\n<meta name=\"robots\" content=\"index, follow, max-snippet:-1, max-image-preview:large, max-video-preview:-1\" \/>\n<link rel=\"canonical\" href=\"https:\/\/www.letsportsrock.com\/?p=25198\" \/>\n<meta property=\"og:locale\" content=\"en_US\" \/>\n<meta property=\"og:type\" content=\"article\" \/>\n<meta property=\"og:title\" content=\"\u201c\u00centorcerea mea!!\u201d Starul FCSB, Dennis Alibec, \u0219i-a reziliat...\" \/>\n<meta property=\"og:description\" content=\"\u201c\u00centorcerea mea!!\u201d Starul FCSB, Dennis Alibec, \u0219i-a reziliat contractul cu FCV Farul Constan\u021ba, declar\u00e2nd c\u0103 va face.....\u00a0\" \/>\n<meta property=\"og:url\" content=\"https:\/\/www.letsportsrock.com\/?p=25198\" \/>\n<meta property=\"og:site_name\" content=\"letsportsrock\" \/>\n<meta property=\"article:published_time\" content=\"2025-02-23T22:44:53+00:00\" \/>\n<meta property=\"og:image\" content=\"https:\/\/www.letsportsrock.com\/wp-content\/uploads\/2025\/02\/images-2025-02-23T234306.563.jpeg\" \/>\n\t<meta property=\"og:image:width\" content=\"739\" \/>\n\t<meta property=\"og:image:height\" content=\"415\" \/>\n\t<meta property=\"og:image:type\" content=\"image\/jpeg\" \/>\n<meta name=\"author\" content=\"Paul Hembaor\" \/>\n<meta name=\"twitter:card\" content=\"summary_large_image\" \/>\n<meta name=\"twitter:label1\" content=\"Written by\" \/>\n\t<meta name=\"twitter:data1\" content=\"Paul Hembaor\" \/>\n\t<meta name=\"twitter:label2\" content=\"Est. reading time\" \/>\n\t<meta name=\"twitter:data2\" content=\"2 minutes\" \/>\n<script type=\"application\/ld+json\" class=\"yoast-schema-graph\">{\"@context\":\"https:\\\/\\\/schema.org\",\"@graph\":[{\"@type\":\"Article\",\"@id\":\"https:\\\/\\\/www.letsportsrock.com\\\/?p=25198#article\",\"isPartOf\":{\"@id\":\"https:\\\/\\\/www.letsportsrock.com\\\/?p=25198\"},\"author\":{\"name\":\"Paul Hembaor\",\"@id\":\"https:\\\/\\\/www.letsportsrock.com\\\/#\\\/schema\\\/person\\\/97aa0f336f5a3ca15a8ec7d78846f045\"},\"headline\":\"\u201c\u00centorcerea mea!!\u201d Starul FCSB, Dennis Alibec, \u0219i-a reziliat contractul cu FCV Farul Constan\u021ba, declar\u00e2nd c\u0103 va face \u2026\u2026\u2026\u2026.\",\"datePublished\":\"2025-02-23T22:44:53+00:00\",\"mainEntityOfPage\":{\"@id\":\"https:\\\/\\\/www.letsportsrock.com\\\/?p=25198\"},\"wordCount\":258,\"commentCount\":0,\"image\":{\"@id\":\"https:\\\/\\\/www.letsportsrock.com\\\/?p=25198#primaryimage\"},\"thumbnailUrl\":\"https:\\\/\\\/www.letsportsrock.com\\\/wp-content\\\/uploads\\\/2025\\\/02\\\/images-2025-02-23T234306.563.jpeg\",\"keywords\":[\"FCSB\"],\"articleSection\":[\"FCSB\"],\"inLanguage\":\"en-US\",\"potentialAction\":[{\"@type\":\"CommentAction\",\"name\":\"Comment\",\"target\":[\"https:\\\/\\\/www.letsportsrock.com\\\/?p=25198#respond\"]}]},{\"@type\":\"WebPage\",\"@id\":\"https:\\\/\\\/www.letsportsrock.com\\\/?p=25198\",\"url\":\"https:\\\/\\\/www.letsportsrock.com\\\/?p=25198\",\"name\":\"\u201c\u00centorcerea mea!!\u201d Starul FCSB, Dennis Alibec, \u0219i-a reziliat...\",\"isPartOf\":{\"@id\":\"https:\\\/\\\/www.letsportsrock.com\\\/#website\"},\"primaryImageOfPage\":{\"@id\":\"https:\\\/\\\/www.letsportsrock.com\\\/?p=25198#primaryimage\"},\"image\":{\"@id\":\"https:\\\/\\\/www.letsportsrock.com\\\/?p=25198#primaryimage\"},\"thumbnailUrl\":\"https:\\\/\\\/www.letsportsrock.com\\\/wp-content\\\/uploads\\\/2025\\\/02\\\/images-2025-02-23T234306.563.jpeg\",\"datePublished\":\"2025-02-23T22:44:53+00:00\",\"author\":{\"@id\":\"https:\\\/\\\/www.letsportsrock.com\\\/#\\\/schema\\\/person\\\/97aa0f336f5a3ca15a8ec7d78846f045\"},\"description\":\"\u201c\u00centorcerea mea!!\u201d Starul FCSB, Dennis Alibec, \u0219i-a reziliat contractul cu FCV Farul Constan\u021ba, declar\u00e2nd c\u0103 va face.....\u00a0\",\"breadcrumb\":{\"@id\":\"https:\\\/\\\/www.letsportsrock.com\\\/?p=25198#breadcrumb\"},\"inLanguage\":\"en-US\",\"potentialAction\":[{\"@type\":\"ReadAction\",\"target\":[\"https:\\\/\\\/www.letsportsrock.com\\\/?p=25198\"]}]},{\"@type\":\"ImageObject\",\"inLanguage\":\"en-US\",\"@id\":\"https:\\\/\\\/www.letsportsrock.com\\\/?p=25198#primaryimage\",\"url\":\"https:\\\/\\\/www.letsportsrock.com\\\/wp-content\\\/uploads\\\/2025\\\/02\\\/images-2025-02-23T234306.563.jpeg\",\"contentUrl\":\"https:\\\/\\\/www.letsportsrock.com\\\/wp-content\\\/uploads\\\/2025\\\/02\\\/images-2025-02-23T234306.563.jpeg\",\"width\":739,\"height\":415},{\"@type\":\"BreadcrumbList\",\"@id\":\"https:\\\/\\\/www.letsportsrock.com\\\/?p=25198#breadcrumb\",\"itemListElement\":[{\"@type\":\"ListItem\",\"position\":1,\"name\":\"Home\",\"item\":\"https:\\\/\\\/www.letsportsrock.com\\\/\"},{\"@type\":\"ListItem\",\"position\":2,\"name\":\"\u201c\u00centorcerea mea!!\u201d Starul FCSB, Dennis Alibec, \u0219i-a reziliat contractul cu FCV Farul Constan\u021ba, declar\u00e2nd c\u0103 va face \u2026\u2026\u2026\u2026.\"}]},{\"@type\":\"WebSite\",\"@id\":\"https:\\\/\\\/www.letsportsrock.com\\\/#website\",\"url\":\"https:\\\/\\\/www.letsportsrock.com\\\/\",\"name\":\"letsportsrock\",\"description\":\"Sport News and Updates\",\"potentialAction\":[{\"@type\":\"SearchAction\",\"target\":{\"@type\":\"EntryPoint\",\"urlTemplate\":\"https:\\\/\\\/www.letsportsrock.com\\\/?s={search_term_string}\"},\"query-input\":{\"@type\":\"PropertyValueSpecification\",\"valueRequired\":true,\"valueName\":\"search_term_string\"}}],\"inLanguage\":\"en-US\"},{\"@type\":\"Person\",\"@id\":\"https:\\\/\\\/www.letsportsrock.com\\\/#\\\/schema\\\/person\\\/97aa0f336f5a3ca15a8ec7d78846f045\",\"name\":\"Paul Hembaor\",\"image\":{\"@type\":\"ImageObject\",\"inLanguage\":\"en-US\",\"@id\":\"https:\\\/\\\/secure.gravatar.com\\\/avatar\\\/0574929a03c152e8ea7939c31311f9ea2fe2e06139cd71e2d6e698c217219d60?s=96&d=mm&r=g\",\"url\":\"https:\\\/\\\/secure.gravatar.com\\\/avatar\\\/0574929a03c152e8ea7939c31311f9ea2fe2e06139cd71e2d6e698c217219d60?s=96&d=mm&r=g\",\"contentUrl\":\"https:\\\/\\\/secure.gravatar.com\\\/avatar\\\/0574929a03c152e8ea7939c31311f9ea2fe2e06139cd71e2d6e698c217219d60?s=96&d=mm&r=g\",\"caption\":\"Paul Hembaor\"},\"sameAs\":[\"https:\\\/\\\/www.letsportsrock.com\\\/wp-admin\\\/\"],\"url\":\"https:\\\/\\\/www.letsportsrock.com\\\/?author=9\"}]}<\/script>\n<!-- \/ Yoast SEO plugin. -->","yoast_head_json":{"title":"\u201c\u00centorcerea mea!!\u201d Starul FCSB, Dennis Alibec, \u0219i-a reziliat...","description":"\u201c\u00centorcerea mea!!\u201d Starul FCSB, Dennis Alibec, \u0219i-a reziliat contractul cu FCV Farul Constan\u021ba, declar\u00e2nd c\u0103 va face.....\u00a0","robots":{"index":"index","follow":"follow","max-snippet":"max-snippet:-1","max-image-preview":"max-image-preview:large","max-video-preview":"max-video-preview:-1"},"canonical":"https:\/\/www.letsportsrock.com\/?p=25198","og_locale":"en_US","og_type":"article","og_title":"\u201c\u00centorcerea mea!!\u201d Starul FCSB, Dennis Alibec, \u0219i-a reziliat...","og_description":"\u201c\u00centorcerea mea!!\u201d Starul FCSB, Dennis Alibec, \u0219i-a reziliat contractul cu FCV Farul Constan\u021ba, declar\u00e2nd c\u0103 va face.....\u00a0","og_url":"https:\/\/www.letsportsrock.com\/?p=25198","og_site_name":"letsportsrock","article_published_time":"2025-02-23T22:44:53+00:00","og_image":[{"width":739,"height":415,"url":"https:\/\/www.letsportsrock.com\/wp-content\/uploads\/2025\/02\/images-2025-02-23T234306.563.jpeg","type":"image\/jpeg"}],"author":"Paul Hembaor","twitter_card":"summary_large_image","twitter_misc":{"Written by":"Paul Hembaor","Est. reading time":"2 minutes"},"schema":{"@context":"https:\/\/schema.org","@graph":[{"@type":"Article","@id":"https:\/\/www.letsportsrock.com\/?p=25198#article","isPartOf":{"@id":"https:\/\/www.letsportsrock.com\/?p=25198"},"author":{"name":"Paul Hembaor","@id":"https:\/\/www.letsportsrock.com\/#\/schema\/person\/97aa0f336f5a3ca15a8ec7d78846f045"},"headline":"\u201c\u00centorcerea mea!!\u201d Starul FCSB, Dennis Alibec, \u0219i-a reziliat contractul cu FCV Farul Constan\u021ba, declar\u00e2nd c\u0103 va face \u2026\u2026\u2026\u2026.","datePublished":"2025-02-23T22:44:53+00:00","mainEntityOfPage":{"@id":"https:\/\/www.letsportsrock.com\/?p=25198"},"wordCount":258,"commentCount":0,"image":{"@id":"https:\/\/www.letsportsrock.com\/?p=25198#primaryimage"},"thumbnailUrl":"https:\/\/www.letsportsrock.com\/wp-content\/uploads\/2025\/02\/images-2025-02-23T234306.563.jpeg","keywords":["FCSB"],"articleSection":["FCSB"],"inLanguage":"en-US","potentialAction":[{"@type":"CommentAction","name":"Comment","target":["https:\/\/www.letsportsrock.com\/?p=25198#respond"]}]},{"@type":"WebPage","@id":"https:\/\/www.letsportsrock.com\/?p=25198","url":"https:\/\/www.letsportsrock.com\/?p=25198","name":"\u201c\u00centorcerea mea!!\u201d Starul FCSB, Dennis Alibec, \u0219i-a reziliat...","isPartOf":{"@id":"https:\/\/www.letsportsrock.com\/#website"},"primaryImageOfPage":{"@id":"https:\/\/www.letsportsrock.com\/?p=25198#primaryimage"},"image":{"@id":"https:\/\/www.letsportsrock.com\/?p=25198#primaryimage"},"thumbnailUrl":"https:\/\/www.letsportsrock.com\/wp-content\/uploads\/2025\/02\/images-2025-02-23T234306.563.jpeg","datePublished":"2025-02-23T22:44:53+00:00","author":{"@id":"https:\/\/www.letsportsrock.com\/#\/schema\/person\/97aa0f336f5a3ca15a8ec7d78846f045"},"description":"\u201c\u00centorcerea mea!!\u201d Starul FCSB, Dennis Alibec, \u0219i-a reziliat contractul cu FCV Farul Constan\u021ba, declar\u00e2nd c\u0103 va face.....\u00a0","breadcrumb":{"@id":"https:\/\/www.letsportsrock.com\/?p=25198#breadcrumb"},"inLanguage":"en-US","potentialAction":[{"@type":"ReadAction","target":["https:\/\/www.letsportsrock.com\/?p=25198"]}]},{"@type":"ImageObject","inLanguage":"en-US","@id":"https:\/\/www.letsportsrock.com\/?p=25198#primaryimage","url":"https:\/\/www.letsportsrock.com\/wp-content\/uploads\/2025\/02\/images-2025-02-23T234306.563.jpeg","contentUrl":"https:\/\/www.letsportsrock.com\/wp-content\/uploads\/2025\/02\/images-2025-02-23T234306.563.jpeg","width":739,"height":415},{"@type":"BreadcrumbList","@id":"https:\/\/www.letsportsrock.com\/?p=25198#breadcrumb","itemListElement":[{"@type":"ListItem","position":1,"name":"Home","item":"https:\/\/www.letsportsrock.com\/"},{"@type":"ListItem","position":2,"name":"\u201c\u00centorcerea mea!!\u201d Starul FCSB, Dennis Alibec, \u0219i-a reziliat contractul cu FCV Farul Constan\u021ba, declar\u00e2nd c\u0103 va face \u2026\u2026\u2026\u2026."}]},{"@type":"WebSite","@id":"https:\/\/www.letsportsrock.com\/#website","url":"https:\/\/www.letsportsrock.com\/","name":"letsportsrock","description":"Sport News and Updates","potentialAction":[{"@type":"SearchAction","target":{"@type":"EntryPoint","urlTemplate":"https:\/\/www.letsportsrock.com\/?s={search_term_string}"},"query-input":{"@type":"PropertyValueSpecification","valueRequired":true,"valueName":"search_term_string"}}],"inLanguage":"en-US"},{"@type":"Person","@id":"https:\/\/www.letsportsrock.com\/#\/schema\/person\/97aa0f336f5a3ca15a8ec7d78846f045","name":"Paul Hembaor","image":{"@type":"ImageObject","inLanguage":"en-US","@id":"https:\/\/secure.gravatar.com\/avatar\/0574929a03c152e8ea7939c31311f9ea2fe2e06139cd71e2d6e698c217219d60?s=96&d=mm&r=g","url":"https:\/\/secure.gravatar.com\/avatar\/0574929a03c152e8ea7939c31311f9ea2fe2e06139cd71e2d6e698c217219d60?s=96&d=mm&r=g","contentUrl":"https:\/\/secure.gravatar.com\/avatar\/0574929a03c152e8ea7939c31311f9ea2fe2e06139cd71e2d6e698c217219d60?s=96&d=mm&r=g","caption":"Paul Hembaor"},"sameAs":["https:\/\/www.letsportsrock.com\/wp-admin\/"],"url":"https:\/\/www.letsportsrock.com\/?author=9"}]}},"jetpack_featured_media_url":"https:\/\/www.letsportsrock.com\/wp-content\/uploads\/2025\/02\/images-2025-02-23T234306.563.jpeg","jetpack_sharing_enabled":true,"_links":{"self":[{"href":"https:\/\/www.letsportsrock.com\/index.php?rest_route=\/wp\/v2\/posts\/25198","targetHints":{"allow":["GET"]}}],"collection":[{"href":"https:\/\/www.letsportsrock.com\/index.php?rest_route=\/wp\/v2\/posts"}],"about":[{"href":"https:\/\/www.letsportsrock.com\/index.php?rest_route=\/wp\/v2\/types\/post"}],"author":[{"embeddable":true,"href":"https:\/\/www.letsportsrock.com\/index.php?rest_route=\/wp\/v2\/users\/9"}],"replies":[{"embeddable":true,"href":"https:\/\/www.letsportsrock.com\/index.php?rest_route=%2Fwp%2Fv2%2Fcomments&post=25198"}],"version-history":[{"count":1,"href":"https:\/\/www.letsportsrock.com\/index.php?rest_route=\/wp\/v2\/posts\/25198\/revisions"}],"predecessor-version":[{"id":25201,"href":"https:\/\/www.letsportsrock.com\/index.php?rest_route=\/wp\/v2\/posts\/25198\/revisions\/25201"}],"wp:featuredmedia":[{"embeddable":true,"href":"https:\/\/www.letsportsrock.com\/index.php?rest_route=\/wp\/v2\/media\/25199"}],"wp:attachment":[{"href":"https:\/\/www.letsportsrock.com\/index.php?rest_route=%2Fwp%2Fv2%2Fmedia&parent=25198"}],"wp:term":[{"taxonomy":"category","embeddable":true,"href":"https:\/\/www.letsportsrock.com\/index.php?rest_route=%2Fwp%2Fv2%2Fcategories&post=25198"},{"taxonomy":"post_tag","embeddable":true,"href":"https:\/\/www.letsportsrock.com\/index.php?rest_route=%2Fwp%2Fv2%2Ftags&post=25198"}],"curies":[{"name":"wp","href":"https:\/\/api.w.org\/{rel}","templated":true}]}}