{"id":25215,"date":"2025-02-24T00:59:27","date_gmt":"2025-02-24T00:59:27","guid":{"rendered":"https:\/\/www.letsportsrock.com\/?p=25215"},"modified":"2025-02-24T00:59:27","modified_gmt":"2025-02-24T00:59:27","slug":"confirmat-tinta-principala-a-lui-dinamo-bucuresti-a-fost-in-sfarsit-semnata-si-prezentata","status":"publish","type":"post","link":"https:\/\/www.letsportsrock.com\/?p=25215","title":{"rendered":"CONFIRMAT!!! \u021ainta principal\u0103 a lui Dinamo Bucure\u0219ti a fost \u00een sf\u00e2r\u0219it semnat\u0103 \u0219i prezentat\u0103\u2026"},"content":{"rendered":"<div class=\"d79db4796efc26332eabfc3f5dafbc76\" data-index=\"1\" style=\"float: none; margin:10px 0 10px 0; text-align:center;\">\n<div class=\"hb-ad-inarticle\">\r\n    <div class=\"hb-ad-inner\"> \r\n    <div class=\"hbagency_cls\"  id=\"hbagency_space_111930\"><\/div><\/div> <\/div>\n<\/div>\n<p>CONFIRMAT!!! \u021ainta principal\u0103 a lui Dinamo Bucure\u0219ti a fost \u00een sf\u00e2r\u0219it semnat\u0103 \u0219i prezentat\u0103\u2026<\/p>\n<p>&nbsp;<\/p>\n<p>Dinamo Bucure\u0219ti a dat o lovitur\u0103 de propor\u021bii pe pia\u021ba transferurilor, anun\u021b\u00e2nd semnarea t\u00e2n\u0103rului atacant nigerian, Godwin Udosen, pentru suma record de 98 de milioane de dolari. La doar 19 ani, Udosen este considerat unul dintre cele mai promi\u021b\u0103toare talente ale fotbalului african, remarc\u00e2ndu-se prin driblinguri spectaculoase, viziune de joc excep\u021bional\u0103 \u0219i abilitatea de a marca goluri decisive. N\u0103scut \u00een Lagos, Nigeria, el \u0219i-a \u00eenceput cariera la o academie local\u0103, evolu\u00e2nd ulterior la un club de top din \u021bara sa natal\u0103, unde a atras aten\u021bia scouterilor europeni.<\/p>\n<p><img loading=\"lazy\" decoding=\"async\" class=\"alignnone size-medium wp-image-25218\" src=\"https:\/\/www.letsportsrock.com\/wp-content\/uploads\/2025\/02\/images-2025-02-24T015823.298-300x180.jpeg\" alt=\"\" width=\"300\" height=\"180\" srcset=\"https:\/\/www.letsportsrock.com\/wp-content\/uploads\/2025\/02\/images-2025-02-24T015823.298-300x180.jpeg 300w, https:\/\/www.letsportsrock.com\/wp-content\/uploads\/2025\/02\/images-2025-02-24T015823.298.jpeg 715w\" sizes=\"auto, (max-width: 300px) 100vw, 300px\" \/><\/p>\n<p>Aceast\u0103 achizi\u021bie subliniaz\u0103 ambi\u021bia clubului Dinamo de a se reafirma ca o for\u021b\u0103 dominant\u0103 \u00een fotbalul rom\u00e2nesc \u0219i european, dup\u0103 o perioad\u0103 de provoc\u0103ri \u0219i concuren\u021b\u0103 acerb\u0103 cu rivali precum CFR Cluj \u0219i FCSB. Directorul tehnic al clubului l-a descris pe Udosen drept un &#8220;talent genera\u021bional&#8221;, exprim\u00e2nd \u00eencrederea c\u0103 t\u00e2n\u0103rul atacant va deveni o pies\u0103 central\u0103 \u00een echipa &#8220;c\u00e2inilor ro\u0219ii&#8221;.<\/p>\n<p>&nbsp;<\/p>\n<p>Transferul lui Udosen nu reprezint\u0103 doar o investi\u021bie \u00een performan\u021ba sportiv\u0103, ci \u0219i \u00een poten\u021bialul de marketing \u0219i cre\u0219terea vizibilit\u0103\u021bii globale a clubului. Fanii a\u0219teapt\u0103 cu ner\u0103bdare debutul s\u0103u, sper\u00e2nd c\u0103 va aduce un suflu nou \u0219i va contribui semnificativ la succesul echipei \u00een competi\u021biile viitoare.<\/p>\n\n<div style=\"font-size: 0px; height: 0px; line-height: 0px; margin: 0; padding: 0; clear: both;\"><\/div>","protected":false},"excerpt":{"rendered":"<p>CONFIRMAT!!! \u021ainta principal\u0103 a lui Dinamo Bucure\u0219ti a fost \u00een sf\u00e2r\u0219it semnat\u0103 \u0219i prezentat\u0103\u2026 &nbsp; Dinamo Bucure\u0219ti a dat o lovitur\u0103 de propor\u021bii pe pia\u021ba transferurilor, anun\u021b\u00e2nd semnarea t\u00e2n\u0103rului atacant nigerian, Godwin Udosen, pentru suma record de 98 de milioane de dolari. La doar 19 ani, Udosen este considerat unul dintre cele mai promi\u021b\u0103toare talente [&hellip;]<\/p>\n","protected":false},"author":9,"featured_media":25217,"comment_status":"open","ping_status":"open","sticky":false,"template":"","format":"standard","meta":{"_jetpack_memberships_contains_paid_content":false,"footnotes":""},"categories":[1],"tags":[419],"class_list":["post-25215","post","type-post","status-publish","format-standard","has-post-thumbnail","hentry","category-uncategorized","tag-fc-dinamo-bucuresti"],"yoast_head":"<!-- This site is optimized with the Yoast SEO plugin v27.4 - https:\/\/yoast.com\/product\/yoast-seo-wordpress\/ -->\n<title>CONFIRMAT!!! \u021ainta principal\u0103 a lui Dinamo Bucure\u0219ti a...<\/title>\n<meta name=\"description\" content=\"CONFIRMAT!!! \u021ainta principal\u0103 a lui Dinamo Bucure\u0219ti a fost \u00een sf\u00e2r\u0219it semnat\u0103 \u0219i prezentat\u0103\u2026......................\" \/>\n<meta name=\"robots\" content=\"index, follow, max-snippet:-1, max-image-preview:large, max-video-preview:-1\" \/>\n<link rel=\"canonical\" href=\"https:\/\/www.letsportsrock.com\/?p=25215\" \/>\n<meta property=\"og:locale\" content=\"en_US\" \/>\n<meta property=\"og:type\" content=\"article\" \/>\n<meta property=\"og:title\" content=\"CONFIRMAT!!! \u021ainta principal\u0103 a lui Dinamo Bucure\u0219ti a...\" \/>\n<meta property=\"og:description\" content=\"CONFIRMAT!!! \u021ainta principal\u0103 a lui Dinamo Bucure\u0219ti a fost \u00een sf\u00e2r\u0219it semnat\u0103 \u0219i prezentat\u0103\u2026......................\" \/>\n<meta property=\"og:url\" content=\"https:\/\/www.letsportsrock.com\/?p=25215\" \/>\n<meta property=\"og:site_name\" content=\"letsportsrock\" \/>\n<meta property=\"article:published_time\" content=\"2025-02-24T00:59:27+00:00\" \/>\n<meta property=\"og:image\" content=\"https:\/\/www.letsportsrock.com\/wp-content\/uploads\/2025\/02\/images-2025-02-24T015733.653.jpeg\" \/>\n\t<meta property=\"og:image:width\" content=\"275\" \/>\n\t<meta property=\"og:image:height\" content=\"183\" \/>\n\t<meta property=\"og:image:type\" content=\"image\/jpeg\" \/>\n<meta name=\"author\" content=\"Paul Hembaor\" \/>\n<meta name=\"twitter:card\" content=\"summary_large_image\" \/>\n<meta name=\"twitter:label1\" content=\"Written by\" \/>\n\t<meta name=\"twitter:data1\" content=\"Paul Hembaor\" \/>\n\t<meta name=\"twitter:label2\" content=\"Est. reading time\" \/>\n\t<meta name=\"twitter:data2\" content=\"2 minutes\" \/>\n<script type=\"application\/ld+json\" class=\"yoast-schema-graph\">{\"@context\":\"https:\\\/\\\/schema.org\",\"@graph\":[{\"@type\":\"Article\",\"@id\":\"https:\\\/\\\/www.letsportsrock.com\\\/?p=25215#article\",\"isPartOf\":{\"@id\":\"https:\\\/\\\/www.letsportsrock.com\\\/?p=25215\"},\"author\":{\"name\":\"Paul Hembaor\",\"@id\":\"https:\\\/\\\/www.letsportsrock.com\\\/#\\\/schema\\\/person\\\/97aa0f336f5a3ca15a8ec7d78846f045\"},\"headline\":\"CONFIRMAT!!! \u021ainta principal\u0103 a lui Dinamo Bucure\u0219ti a fost \u00een sf\u00e2r\u0219it semnat\u0103 \u0219i prezentat\u0103\u2026\",\"datePublished\":\"2025-02-24T00:59:27+00:00\",\"mainEntityOfPage\":{\"@id\":\"https:\\\/\\\/www.letsportsrock.com\\\/?p=25215\"},\"wordCount\":259,\"commentCount\":0,\"image\":{\"@id\":\"https:\\\/\\\/www.letsportsrock.com\\\/?p=25215#primaryimage\"},\"thumbnailUrl\":\"https:\\\/\\\/www.letsportsrock.com\\\/wp-content\\\/uploads\\\/2025\\\/02\\\/images-2025-02-24T015733.653.jpeg\",\"keywords\":[\"Fc Dinamo bucuresti\"],\"inLanguage\":\"en-US\",\"potentialAction\":[{\"@type\":\"CommentAction\",\"name\":\"Comment\",\"target\":[\"https:\\\/\\\/www.letsportsrock.com\\\/?p=25215#respond\"]}]},{\"@type\":\"WebPage\",\"@id\":\"https:\\\/\\\/www.letsportsrock.com\\\/?p=25215\",\"url\":\"https:\\\/\\\/www.letsportsrock.com\\\/?p=25215\",\"name\":\"CONFIRMAT!!! \u021ainta principal\u0103 a lui Dinamo Bucure\u0219ti a...\",\"isPartOf\":{\"@id\":\"https:\\\/\\\/www.letsportsrock.com\\\/#website\"},\"primaryImageOfPage\":{\"@id\":\"https:\\\/\\\/www.letsportsrock.com\\\/?p=25215#primaryimage\"},\"image\":{\"@id\":\"https:\\\/\\\/www.letsportsrock.com\\\/?p=25215#primaryimage\"},\"thumbnailUrl\":\"https:\\\/\\\/www.letsportsrock.com\\\/wp-content\\\/uploads\\\/2025\\\/02\\\/images-2025-02-24T015733.653.jpeg\",\"datePublished\":\"2025-02-24T00:59:27+00:00\",\"author\":{\"@id\":\"https:\\\/\\\/www.letsportsrock.com\\\/#\\\/schema\\\/person\\\/97aa0f336f5a3ca15a8ec7d78846f045\"},\"description\":\"CONFIRMAT!!! \u021ainta principal\u0103 a lui Dinamo Bucure\u0219ti a fost \u00een sf\u00e2r\u0219it semnat\u0103 \u0219i prezentat\u0103\u2026......................\",\"breadcrumb\":{\"@id\":\"https:\\\/\\\/www.letsportsrock.com\\\/?p=25215#breadcrumb\"},\"inLanguage\":\"en-US\",\"potentialAction\":[{\"@type\":\"ReadAction\",\"target\":[\"https:\\\/\\\/www.letsportsrock.com\\\/?p=25215\"]}]},{\"@type\":\"ImageObject\",\"inLanguage\":\"en-US\",\"@id\":\"https:\\\/\\\/www.letsportsrock.com\\\/?p=25215#primaryimage\",\"url\":\"https:\\\/\\\/www.letsportsrock.com\\\/wp-content\\\/uploads\\\/2025\\\/02\\\/images-2025-02-24T015733.653.jpeg\",\"contentUrl\":\"https:\\\/\\\/www.letsportsrock.com\\\/wp-content\\\/uploads\\\/2025\\\/02\\\/images-2025-02-24T015733.653.jpeg\",\"width\":275,\"height\":183},{\"@type\":\"BreadcrumbList\",\"@id\":\"https:\\\/\\\/www.letsportsrock.com\\\/?p=25215#breadcrumb\",\"itemListElement\":[{\"@type\":\"ListItem\",\"position\":1,\"name\":\"Home\",\"item\":\"https:\\\/\\\/www.letsportsrock.com\\\/\"},{\"@type\":\"ListItem\",\"position\":2,\"name\":\"CONFIRMAT!!! \u021ainta principal\u0103 a lui Dinamo Bucure\u0219ti a fost \u00een sf\u00e2r\u0219it semnat\u0103 \u0219i prezentat\u0103\u2026\"}]},{\"@type\":\"WebSite\",\"@id\":\"https:\\\/\\\/www.letsportsrock.com\\\/#website\",\"url\":\"https:\\\/\\\/www.letsportsrock.com\\\/\",\"name\":\"letsportsrock\",\"description\":\"Sport News and Updates\",\"potentialAction\":[{\"@type\":\"SearchAction\",\"target\":{\"@type\":\"EntryPoint\",\"urlTemplate\":\"https:\\\/\\\/www.letsportsrock.com\\\/?s={search_term_string}\"},\"query-input\":{\"@type\":\"PropertyValueSpecification\",\"valueRequired\":true,\"valueName\":\"search_term_string\"}}],\"inLanguage\":\"en-US\"},{\"@type\":\"Person\",\"@id\":\"https:\\\/\\\/www.letsportsrock.com\\\/#\\\/schema\\\/person\\\/97aa0f336f5a3ca15a8ec7d78846f045\",\"name\":\"Paul Hembaor\",\"image\":{\"@type\":\"ImageObject\",\"inLanguage\":\"en-US\",\"@id\":\"https:\\\/\\\/secure.gravatar.com\\\/avatar\\\/0574929a03c152e8ea7939c31311f9ea2fe2e06139cd71e2d6e698c217219d60?s=96&d=mm&r=g\",\"url\":\"https:\\\/\\\/secure.gravatar.com\\\/avatar\\\/0574929a03c152e8ea7939c31311f9ea2fe2e06139cd71e2d6e698c217219d60?s=96&d=mm&r=g\",\"contentUrl\":\"https:\\\/\\\/secure.gravatar.com\\\/avatar\\\/0574929a03c152e8ea7939c31311f9ea2fe2e06139cd71e2d6e698c217219d60?s=96&d=mm&r=g\",\"caption\":\"Paul Hembaor\"},\"sameAs\":[\"https:\\\/\\\/www.letsportsrock.com\\\/wp-admin\\\/\"],\"url\":\"https:\\\/\\\/www.letsportsrock.com\\\/?author=9\"}]}<\/script>\n<!-- \/ Yoast SEO plugin. -->","yoast_head_json":{"title":"CONFIRMAT!!! \u021ainta principal\u0103 a lui Dinamo Bucure\u0219ti a...","description":"CONFIRMAT!!! \u021ainta principal\u0103 a lui Dinamo Bucure\u0219ti a fost \u00een sf\u00e2r\u0219it semnat\u0103 \u0219i prezentat\u0103\u2026......................","robots":{"index":"index","follow":"follow","max-snippet":"max-snippet:-1","max-image-preview":"max-image-preview:large","max-video-preview":"max-video-preview:-1"},"canonical":"https:\/\/www.letsportsrock.com\/?p=25215","og_locale":"en_US","og_type":"article","og_title":"CONFIRMAT!!! \u021ainta principal\u0103 a lui Dinamo Bucure\u0219ti a...","og_description":"CONFIRMAT!!! \u021ainta principal\u0103 a lui Dinamo Bucure\u0219ti a fost \u00een sf\u00e2r\u0219it semnat\u0103 \u0219i prezentat\u0103\u2026......................","og_url":"https:\/\/www.letsportsrock.com\/?p=25215","og_site_name":"letsportsrock","article_published_time":"2025-02-24T00:59:27+00:00","og_image":[{"width":275,"height":183,"url":"https:\/\/www.letsportsrock.com\/wp-content\/uploads\/2025\/02\/images-2025-02-24T015733.653.jpeg","type":"image\/jpeg"}],"author":"Paul Hembaor","twitter_card":"summary_large_image","twitter_misc":{"Written by":"Paul Hembaor","Est. reading time":"2 minutes"},"schema":{"@context":"https:\/\/schema.org","@graph":[{"@type":"Article","@id":"https:\/\/www.letsportsrock.com\/?p=25215#article","isPartOf":{"@id":"https:\/\/www.letsportsrock.com\/?p=25215"},"author":{"name":"Paul Hembaor","@id":"https:\/\/www.letsportsrock.com\/#\/schema\/person\/97aa0f336f5a3ca15a8ec7d78846f045"},"headline":"CONFIRMAT!!! \u021ainta principal\u0103 a lui Dinamo Bucure\u0219ti a fost \u00een sf\u00e2r\u0219it semnat\u0103 \u0219i prezentat\u0103\u2026","datePublished":"2025-02-24T00:59:27+00:00","mainEntityOfPage":{"@id":"https:\/\/www.letsportsrock.com\/?p=25215"},"wordCount":259,"commentCount":0,"image":{"@id":"https:\/\/www.letsportsrock.com\/?p=25215#primaryimage"},"thumbnailUrl":"https:\/\/www.letsportsrock.com\/wp-content\/uploads\/2025\/02\/images-2025-02-24T015733.653.jpeg","keywords":["Fc Dinamo bucuresti"],"inLanguage":"en-US","potentialAction":[{"@type":"CommentAction","name":"Comment","target":["https:\/\/www.letsportsrock.com\/?p=25215#respond"]}]},{"@type":"WebPage","@id":"https:\/\/www.letsportsrock.com\/?p=25215","url":"https:\/\/www.letsportsrock.com\/?p=25215","name":"CONFIRMAT!!! \u021ainta principal\u0103 a lui Dinamo Bucure\u0219ti a...","isPartOf":{"@id":"https:\/\/www.letsportsrock.com\/#website"},"primaryImageOfPage":{"@id":"https:\/\/www.letsportsrock.com\/?p=25215#primaryimage"},"image":{"@id":"https:\/\/www.letsportsrock.com\/?p=25215#primaryimage"},"thumbnailUrl":"https:\/\/www.letsportsrock.com\/wp-content\/uploads\/2025\/02\/images-2025-02-24T015733.653.jpeg","datePublished":"2025-02-24T00:59:27+00:00","author":{"@id":"https:\/\/www.letsportsrock.com\/#\/schema\/person\/97aa0f336f5a3ca15a8ec7d78846f045"},"description":"CONFIRMAT!!! \u021ainta principal\u0103 a lui Dinamo Bucure\u0219ti a fost \u00een sf\u00e2r\u0219it semnat\u0103 \u0219i prezentat\u0103\u2026......................","breadcrumb":{"@id":"https:\/\/www.letsportsrock.com\/?p=25215#breadcrumb"},"inLanguage":"en-US","potentialAction":[{"@type":"ReadAction","target":["https:\/\/www.letsportsrock.com\/?p=25215"]}]},{"@type":"ImageObject","inLanguage":"en-US","@id":"https:\/\/www.letsportsrock.com\/?p=25215#primaryimage","url":"https:\/\/www.letsportsrock.com\/wp-content\/uploads\/2025\/02\/images-2025-02-24T015733.653.jpeg","contentUrl":"https:\/\/www.letsportsrock.com\/wp-content\/uploads\/2025\/02\/images-2025-02-24T015733.653.jpeg","width":275,"height":183},{"@type":"BreadcrumbList","@id":"https:\/\/www.letsportsrock.com\/?p=25215#breadcrumb","itemListElement":[{"@type":"ListItem","position":1,"name":"Home","item":"https:\/\/www.letsportsrock.com\/"},{"@type":"ListItem","position":2,"name":"CONFIRMAT!!! \u021ainta principal\u0103 a lui Dinamo Bucure\u0219ti a fost \u00een sf\u00e2r\u0219it semnat\u0103 \u0219i prezentat\u0103\u2026"}]},{"@type":"WebSite","@id":"https:\/\/www.letsportsrock.com\/#website","url":"https:\/\/www.letsportsrock.com\/","name":"letsportsrock","description":"Sport News and Updates","potentialAction":[{"@type":"SearchAction","target":{"@type":"EntryPoint","urlTemplate":"https:\/\/www.letsportsrock.com\/?s={search_term_string}"},"query-input":{"@type":"PropertyValueSpecification","valueRequired":true,"valueName":"search_term_string"}}],"inLanguage":"en-US"},{"@type":"Person","@id":"https:\/\/www.letsportsrock.com\/#\/schema\/person\/97aa0f336f5a3ca15a8ec7d78846f045","name":"Paul Hembaor","image":{"@type":"ImageObject","inLanguage":"en-US","@id":"https:\/\/secure.gravatar.com\/avatar\/0574929a03c152e8ea7939c31311f9ea2fe2e06139cd71e2d6e698c217219d60?s=96&d=mm&r=g","url":"https:\/\/secure.gravatar.com\/avatar\/0574929a03c152e8ea7939c31311f9ea2fe2e06139cd71e2d6e698c217219d60?s=96&d=mm&r=g","contentUrl":"https:\/\/secure.gravatar.com\/avatar\/0574929a03c152e8ea7939c31311f9ea2fe2e06139cd71e2d6e698c217219d60?s=96&d=mm&r=g","caption":"Paul Hembaor"},"sameAs":["https:\/\/www.letsportsrock.com\/wp-admin\/"],"url":"https:\/\/www.letsportsrock.com\/?author=9"}]}},"jetpack_featured_media_url":"https:\/\/www.letsportsrock.com\/wp-content\/uploads\/2025\/02\/images-2025-02-24T015733.653.jpeg","jetpack_sharing_enabled":true,"_links":{"self":[{"href":"https:\/\/www.letsportsrock.com\/index.php?rest_route=\/wp\/v2\/posts\/25215","targetHints":{"allow":["GET"]}}],"collection":[{"href":"https:\/\/www.letsportsrock.com\/index.php?rest_route=\/wp\/v2\/posts"}],"about":[{"href":"https:\/\/www.letsportsrock.com\/index.php?rest_route=\/wp\/v2\/types\/post"}],"author":[{"embeddable":true,"href":"https:\/\/www.letsportsrock.com\/index.php?rest_route=\/wp\/v2\/users\/9"}],"replies":[{"embeddable":true,"href":"https:\/\/www.letsportsrock.com\/index.php?rest_route=%2Fwp%2Fv2%2Fcomments&post=25215"}],"version-history":[{"count":1,"href":"https:\/\/www.letsportsrock.com\/index.php?rest_route=\/wp\/v2\/posts\/25215\/revisions"}],"predecessor-version":[{"id":25219,"href":"https:\/\/www.letsportsrock.com\/index.php?rest_route=\/wp\/v2\/posts\/25215\/revisions\/25219"}],"wp:featuredmedia":[{"embeddable":true,"href":"https:\/\/www.letsportsrock.com\/index.php?rest_route=\/wp\/v2\/media\/25217"}],"wp:attachment":[{"href":"https:\/\/www.letsportsrock.com\/index.php?rest_route=%2Fwp%2Fv2%2Fmedia&parent=25215"}],"wp:term":[{"taxonomy":"category","embeddable":true,"href":"https:\/\/www.letsportsrock.com\/index.php?rest_route=%2Fwp%2Fv2%2Fcategories&post=25215"},{"taxonomy":"post_tag","embeddable":true,"href":"https:\/\/www.letsportsrock.com\/index.php?rest_route=%2Fwp%2Fv2%2Ftags&post=25215"}],"curies":[{"name":"wp","href":"https:\/\/api.w.org\/{rel}","templated":true}]}}