{"id":25819,"date":"2025-02-27T00:47:25","date_gmt":"2025-02-27T00:47:25","guid":{"rendered":"https:\/\/www.letsportsrock.com\/?p=25819"},"modified":"2025-02-27T00:47:25","modified_gmt":"2025-02-27T00:47:25","slug":"intorcerea-mea-starul-fcsb-dennis-alibec-si-a-reziliat-contractul-cu-fcv-farul-constanta-declarand-ca-va-face-2","status":"publish","type":"post","link":"https:\/\/www.letsportsrock.com\/?p=25819","title":{"rendered":"\u201c\u00centorcerea mea!!\u201d Starul FCSB, Dennis Alibec, \u0219i-a reziliat contractul cu FCV Farul Constan\u021ba, declar\u00e2nd c\u0103 va face \u2026"},"content":{"rendered":"<div class=\"d79db4796efc26332eabfc3f5dafbc76\" data-index=\"1\" style=\"float: none; margin:10px 0 10px 0; text-align:center;\">\n<div class=\"hb-ad-inarticle\">\r\n    <div class=\"hb-ad-inner\"> \r\n    <div class=\"hbagency_cls\"  id=\"hbagency_space_111930\"><\/div><\/div> <\/div>\n<\/div>\n<p>\u201c\u00centorcerea mea!!\u201d Starul FCSB, Dennis Alibec, \u0219i-a reziliat contractul cu FCV Farul Constan\u021ba, declar\u00e2nd c\u0103 va face \u2026<\/p>\n<p>&nbsp;<\/p>\n<p>\u00cen decembrie 2024, Denis Alibec, atacantul \u00een v\u00e2rst\u0103 de 33 de ani de la Farul Constan\u021ba, a fost subiectul unor specula\u021bii privind o posibil\u0103 revenire la FCSB, dup\u0103 ce finan\u021batorul Gigi Becali \u0219i-a exprimat interesul pentru un transfer \u00een perioada de iarn\u0103. Cu toate acestea, Alibec a declarat ferm c\u0103 nu inten\u021bioneaz\u0103 s\u0103 p\u0103r\u0103seasc\u0103 Farul, subliniind c\u0103 &#8220;aici este casa mea&#8221; \u0219i c\u0103 dore\u0219te s\u0103 continue la clubul const\u0103n\u021bean.<\/p>\n<p><img loading=\"lazy\" decoding=\"async\" class=\"alignnone size-medium wp-image-25821\" src=\"https:\/\/www.letsportsrock.com\/wp-content\/uploads\/2025\/02\/images-2025-02-27T014615.946-300x169.jpeg\" alt=\"\" width=\"300\" height=\"169\" srcset=\"https:\/\/www.letsportsrock.com\/wp-content\/uploads\/2025\/02\/images-2025-02-27T014615.946-300x169.jpeg 300w, https:\/\/www.letsportsrock.com\/wp-content\/uploads\/2025\/02\/images-2025-02-27T014615.946.jpeg 686w\" sizes=\"auto, (max-width: 300px) 100vw, 300px\" \/><\/p>\n<p>Pre\u0219edintele Farului, Gic\u0103 Popescu, a confirmat deschiderea clubului pentru discu\u021bii \u00een cazul unei oferte concrete din partea FCSB, men\u021bion\u00e2nd c\u0103 &#8220;\u00eentotdeauna a existat deschidere s\u0103 ascult\u0103m oferte \u0219i s\u0103 negociem oferte pentru juc\u0103torii no\u0219tri&#8221;.<\/p>\n<p>&nbsp;<\/p>\n<p>\u00cen ciuda interesului manifestat de FCSB, Alibec a reiterat c\u0103 nu a fost contactat oficial \u0219i c\u0103 prefer\u0103 s\u0103 r\u0103m\u00e2n\u0103 la Farul, unde se simte acas\u0103.<\/p>\n<p>&nbsp;<\/p>\n<p>P\u00e2n\u0103 \u00een prezent, nu au fost anun\u021bate oficial modific\u0103ri \u00een contractul lui Denis Alibec cu Farul Constan\u021ba.<\/p>\n\n<div style=\"font-size: 0px; height: 0px; line-height: 0px; margin: 0; padding: 0; clear: both;\"><\/div>","protected":false},"excerpt":{"rendered":"<p>\u201c\u00centorcerea mea!!\u201d Starul FCSB, Dennis Alibec, \u0219i-a reziliat contractul cu FCV Farul Constan\u021ba, declar\u00e2nd c\u0103 va face \u2026 &nbsp; \u00cen decembrie 2024, Denis Alibec, atacantul \u00een v\u00e2rst\u0103 de 33 de ani de la Farul Constan\u021ba, a fost subiectul unor specula\u021bii privind o posibil\u0103 revenire la FCSB, dup\u0103 ce finan\u021batorul Gigi Becali \u0219i-a exprimat interesul pentru [&hellip;]<\/p>\n","protected":false},"author":9,"featured_media":25820,"comment_status":"open","ping_status":"open","sticky":false,"template":"","format":"standard","meta":{"_jetpack_memberships_contains_paid_content":false,"footnotes":""},"categories":[276],"tags":[264],"class_list":["post-25819","post","type-post","status-publish","format-standard","has-post-thumbnail","hentry","category-fcsb","tag-fcsb"],"yoast_head":"<!-- This site is optimized with the Yoast SEO plugin v27.4 - https:\/\/yoast.com\/product\/yoast-seo-wordpress\/ -->\n<title>\u201c\u00centorcerea mea!!\u201d Starul FCSB, Dennis Alibec, \u0219i-a reziliat...<\/title>\n<meta name=\"description\" content=\"\u201c\u00centorcerea mea!!\u201d Starul FCSB, Dennis Alibec, \u0219i-a reziliat contractul cu FCV Farul Constan\u021ba, declar\u00e2nd c\u0103 va face \u2026\" \/>\n<meta name=\"robots\" content=\"index, follow, max-snippet:-1, max-image-preview:large, max-video-preview:-1\" \/>\n<link rel=\"canonical\" href=\"https:\/\/www.letsportsrock.com\/?p=25819\" \/>\n<meta property=\"og:locale\" content=\"en_US\" \/>\n<meta property=\"og:type\" content=\"article\" \/>\n<meta property=\"og:title\" content=\"\u201c\u00centorcerea mea!!\u201d Starul FCSB, Dennis Alibec, \u0219i-a reziliat...\" \/>\n<meta property=\"og:description\" content=\"\u201c\u00centorcerea mea!!\u201d Starul FCSB, Dennis Alibec, \u0219i-a reziliat contractul cu FCV Farul Constan\u021ba, declar\u00e2nd c\u0103 va face \u2026\" \/>\n<meta property=\"og:url\" content=\"https:\/\/www.letsportsrock.com\/?p=25819\" \/>\n<meta property=\"og:site_name\" content=\"letsportsrock\" \/>\n<meta property=\"article:published_time\" content=\"2025-02-27T00:47:25+00:00\" \/>\n<meta property=\"og:image\" content=\"https:\/\/www.letsportsrock.com\/wp-content\/uploads\/2025\/02\/images-2025-02-27T014602.816.jpeg\" \/>\n\t<meta property=\"og:image:width\" content=\"739\" \/>\n\t<meta property=\"og:image:height\" content=\"415\" \/>\n\t<meta property=\"og:image:type\" content=\"image\/jpeg\" \/>\n<meta name=\"author\" content=\"Paul Hembaor\" \/>\n<meta name=\"twitter:card\" content=\"summary_large_image\" \/>\n<meta name=\"twitter:label1\" content=\"Written by\" \/>\n\t<meta name=\"twitter:data1\" content=\"Paul Hembaor\" \/>\n\t<meta name=\"twitter:label2\" content=\"Est. reading time\" \/>\n\t<meta name=\"twitter:data2\" content=\"2 minutes\" \/>\n<script type=\"application\/ld+json\" class=\"yoast-schema-graph\">{\"@context\":\"https:\\\/\\\/schema.org\",\"@graph\":[{\"@type\":\"Article\",\"@id\":\"https:\\\/\\\/www.letsportsrock.com\\\/?p=25819#article\",\"isPartOf\":{\"@id\":\"https:\\\/\\\/www.letsportsrock.com\\\/?p=25819\"},\"author\":{\"name\":\"Paul Hembaor\",\"@id\":\"https:\\\/\\\/www.letsportsrock.com\\\/#\\\/schema\\\/person\\\/97aa0f336f5a3ca15a8ec7d78846f045\"},\"headline\":\"\u201c\u00centorcerea mea!!\u201d Starul FCSB, Dennis Alibec, \u0219i-a reziliat contractul cu FCV Farul Constan\u021ba, declar\u00e2nd c\u0103 va face \u2026\",\"datePublished\":\"2025-02-27T00:47:25+00:00\",\"mainEntityOfPage\":{\"@id\":\"https:\\\/\\\/www.letsportsrock.com\\\/?p=25819\"},\"wordCount\":208,\"commentCount\":0,\"image\":{\"@id\":\"https:\\\/\\\/www.letsportsrock.com\\\/?p=25819#primaryimage\"},\"thumbnailUrl\":\"https:\\\/\\\/www.letsportsrock.com\\\/wp-content\\\/uploads\\\/2025\\\/02\\\/images-2025-02-27T014602.816.jpeg\",\"keywords\":[\"FCSB\"],\"articleSection\":[\"FCSB\"],\"inLanguage\":\"en-US\",\"potentialAction\":[{\"@type\":\"CommentAction\",\"name\":\"Comment\",\"target\":[\"https:\\\/\\\/www.letsportsrock.com\\\/?p=25819#respond\"]}]},{\"@type\":\"WebPage\",\"@id\":\"https:\\\/\\\/www.letsportsrock.com\\\/?p=25819\",\"url\":\"https:\\\/\\\/www.letsportsrock.com\\\/?p=25819\",\"name\":\"\u201c\u00centorcerea mea!!\u201d Starul FCSB, Dennis Alibec, \u0219i-a reziliat...\",\"isPartOf\":{\"@id\":\"https:\\\/\\\/www.letsportsrock.com\\\/#website\"},\"primaryImageOfPage\":{\"@id\":\"https:\\\/\\\/www.letsportsrock.com\\\/?p=25819#primaryimage\"},\"image\":{\"@id\":\"https:\\\/\\\/www.letsportsrock.com\\\/?p=25819#primaryimage\"},\"thumbnailUrl\":\"https:\\\/\\\/www.letsportsrock.com\\\/wp-content\\\/uploads\\\/2025\\\/02\\\/images-2025-02-27T014602.816.jpeg\",\"datePublished\":\"2025-02-27T00:47:25+00:00\",\"author\":{\"@id\":\"https:\\\/\\\/www.letsportsrock.com\\\/#\\\/schema\\\/person\\\/97aa0f336f5a3ca15a8ec7d78846f045\"},\"description\":\"\u201c\u00centorcerea mea!!\u201d Starul FCSB, Dennis Alibec, \u0219i-a reziliat contractul cu FCV Farul Constan\u021ba, declar\u00e2nd c\u0103 va face \u2026\",\"breadcrumb\":{\"@id\":\"https:\\\/\\\/www.letsportsrock.com\\\/?p=25819#breadcrumb\"},\"inLanguage\":\"en-US\",\"potentialAction\":[{\"@type\":\"ReadAction\",\"target\":[\"https:\\\/\\\/www.letsportsrock.com\\\/?p=25819\"]}]},{\"@type\":\"ImageObject\",\"inLanguage\":\"en-US\",\"@id\":\"https:\\\/\\\/www.letsportsrock.com\\\/?p=25819#primaryimage\",\"url\":\"https:\\\/\\\/www.letsportsrock.com\\\/wp-content\\\/uploads\\\/2025\\\/02\\\/images-2025-02-27T014602.816.jpeg\",\"contentUrl\":\"https:\\\/\\\/www.letsportsrock.com\\\/wp-content\\\/uploads\\\/2025\\\/02\\\/images-2025-02-27T014602.816.jpeg\",\"width\":739,\"height\":415},{\"@type\":\"BreadcrumbList\",\"@id\":\"https:\\\/\\\/www.letsportsrock.com\\\/?p=25819#breadcrumb\",\"itemListElement\":[{\"@type\":\"ListItem\",\"position\":1,\"name\":\"Home\",\"item\":\"https:\\\/\\\/www.letsportsrock.com\\\/\"},{\"@type\":\"ListItem\",\"position\":2,\"name\":\"\u201c\u00centorcerea mea!!\u201d Starul FCSB, Dennis Alibec, \u0219i-a reziliat contractul cu FCV Farul Constan\u021ba, declar\u00e2nd c\u0103 va face \u2026\"}]},{\"@type\":\"WebSite\",\"@id\":\"https:\\\/\\\/www.letsportsrock.com\\\/#website\",\"url\":\"https:\\\/\\\/www.letsportsrock.com\\\/\",\"name\":\"letsportsrock\",\"description\":\"Sport News and Updates\",\"potentialAction\":[{\"@type\":\"SearchAction\",\"target\":{\"@type\":\"EntryPoint\",\"urlTemplate\":\"https:\\\/\\\/www.letsportsrock.com\\\/?s={search_term_string}\"},\"query-input\":{\"@type\":\"PropertyValueSpecification\",\"valueRequired\":true,\"valueName\":\"search_term_string\"}}],\"inLanguage\":\"en-US\"},{\"@type\":\"Person\",\"@id\":\"https:\\\/\\\/www.letsportsrock.com\\\/#\\\/schema\\\/person\\\/97aa0f336f5a3ca15a8ec7d78846f045\",\"name\":\"Paul Hembaor\",\"image\":{\"@type\":\"ImageObject\",\"inLanguage\":\"en-US\",\"@id\":\"https:\\\/\\\/secure.gravatar.com\\\/avatar\\\/0574929a03c152e8ea7939c31311f9ea2fe2e06139cd71e2d6e698c217219d60?s=96&d=mm&r=g\",\"url\":\"https:\\\/\\\/secure.gravatar.com\\\/avatar\\\/0574929a03c152e8ea7939c31311f9ea2fe2e06139cd71e2d6e698c217219d60?s=96&d=mm&r=g\",\"contentUrl\":\"https:\\\/\\\/secure.gravatar.com\\\/avatar\\\/0574929a03c152e8ea7939c31311f9ea2fe2e06139cd71e2d6e698c217219d60?s=96&d=mm&r=g\",\"caption\":\"Paul Hembaor\"},\"sameAs\":[\"https:\\\/\\\/www.letsportsrock.com\\\/wp-admin\\\/\"],\"url\":\"https:\\\/\\\/www.letsportsrock.com\\\/?author=9\"}]}<\/script>\n<!-- \/ Yoast SEO plugin. -->","yoast_head_json":{"title":"\u201c\u00centorcerea mea!!\u201d Starul FCSB, Dennis Alibec, \u0219i-a reziliat...","description":"\u201c\u00centorcerea mea!!\u201d Starul FCSB, Dennis Alibec, \u0219i-a reziliat contractul cu FCV Farul Constan\u021ba, declar\u00e2nd c\u0103 va face \u2026","robots":{"index":"index","follow":"follow","max-snippet":"max-snippet:-1","max-image-preview":"max-image-preview:large","max-video-preview":"max-video-preview:-1"},"canonical":"https:\/\/www.letsportsrock.com\/?p=25819","og_locale":"en_US","og_type":"article","og_title":"\u201c\u00centorcerea mea!!\u201d Starul FCSB, Dennis Alibec, \u0219i-a reziliat...","og_description":"\u201c\u00centorcerea mea!!\u201d Starul FCSB, Dennis Alibec, \u0219i-a reziliat contractul cu FCV Farul Constan\u021ba, declar\u00e2nd c\u0103 va face \u2026","og_url":"https:\/\/www.letsportsrock.com\/?p=25819","og_site_name":"letsportsrock","article_published_time":"2025-02-27T00:47:25+00:00","og_image":[{"width":739,"height":415,"url":"https:\/\/www.letsportsrock.com\/wp-content\/uploads\/2025\/02\/images-2025-02-27T014602.816.jpeg","type":"image\/jpeg"}],"author":"Paul Hembaor","twitter_card":"summary_large_image","twitter_misc":{"Written by":"Paul Hembaor","Est. reading time":"2 minutes"},"schema":{"@context":"https:\/\/schema.org","@graph":[{"@type":"Article","@id":"https:\/\/www.letsportsrock.com\/?p=25819#article","isPartOf":{"@id":"https:\/\/www.letsportsrock.com\/?p=25819"},"author":{"name":"Paul Hembaor","@id":"https:\/\/www.letsportsrock.com\/#\/schema\/person\/97aa0f336f5a3ca15a8ec7d78846f045"},"headline":"\u201c\u00centorcerea mea!!\u201d Starul FCSB, Dennis Alibec, \u0219i-a reziliat contractul cu FCV Farul Constan\u021ba, declar\u00e2nd c\u0103 va face \u2026","datePublished":"2025-02-27T00:47:25+00:00","mainEntityOfPage":{"@id":"https:\/\/www.letsportsrock.com\/?p=25819"},"wordCount":208,"commentCount":0,"image":{"@id":"https:\/\/www.letsportsrock.com\/?p=25819#primaryimage"},"thumbnailUrl":"https:\/\/www.letsportsrock.com\/wp-content\/uploads\/2025\/02\/images-2025-02-27T014602.816.jpeg","keywords":["FCSB"],"articleSection":["FCSB"],"inLanguage":"en-US","potentialAction":[{"@type":"CommentAction","name":"Comment","target":["https:\/\/www.letsportsrock.com\/?p=25819#respond"]}]},{"@type":"WebPage","@id":"https:\/\/www.letsportsrock.com\/?p=25819","url":"https:\/\/www.letsportsrock.com\/?p=25819","name":"\u201c\u00centorcerea mea!!\u201d Starul FCSB, Dennis Alibec, \u0219i-a reziliat...","isPartOf":{"@id":"https:\/\/www.letsportsrock.com\/#website"},"primaryImageOfPage":{"@id":"https:\/\/www.letsportsrock.com\/?p=25819#primaryimage"},"image":{"@id":"https:\/\/www.letsportsrock.com\/?p=25819#primaryimage"},"thumbnailUrl":"https:\/\/www.letsportsrock.com\/wp-content\/uploads\/2025\/02\/images-2025-02-27T014602.816.jpeg","datePublished":"2025-02-27T00:47:25+00:00","author":{"@id":"https:\/\/www.letsportsrock.com\/#\/schema\/person\/97aa0f336f5a3ca15a8ec7d78846f045"},"description":"\u201c\u00centorcerea mea!!\u201d Starul FCSB, Dennis Alibec, \u0219i-a reziliat contractul cu FCV Farul Constan\u021ba, declar\u00e2nd c\u0103 va face \u2026","breadcrumb":{"@id":"https:\/\/www.letsportsrock.com\/?p=25819#breadcrumb"},"inLanguage":"en-US","potentialAction":[{"@type":"ReadAction","target":["https:\/\/www.letsportsrock.com\/?p=25819"]}]},{"@type":"ImageObject","inLanguage":"en-US","@id":"https:\/\/www.letsportsrock.com\/?p=25819#primaryimage","url":"https:\/\/www.letsportsrock.com\/wp-content\/uploads\/2025\/02\/images-2025-02-27T014602.816.jpeg","contentUrl":"https:\/\/www.letsportsrock.com\/wp-content\/uploads\/2025\/02\/images-2025-02-27T014602.816.jpeg","width":739,"height":415},{"@type":"BreadcrumbList","@id":"https:\/\/www.letsportsrock.com\/?p=25819#breadcrumb","itemListElement":[{"@type":"ListItem","position":1,"name":"Home","item":"https:\/\/www.letsportsrock.com\/"},{"@type":"ListItem","position":2,"name":"\u201c\u00centorcerea mea!!\u201d Starul FCSB, Dennis Alibec, \u0219i-a reziliat contractul cu FCV Farul Constan\u021ba, declar\u00e2nd c\u0103 va face \u2026"}]},{"@type":"WebSite","@id":"https:\/\/www.letsportsrock.com\/#website","url":"https:\/\/www.letsportsrock.com\/","name":"letsportsrock","description":"Sport News and Updates","potentialAction":[{"@type":"SearchAction","target":{"@type":"EntryPoint","urlTemplate":"https:\/\/www.letsportsrock.com\/?s={search_term_string}"},"query-input":{"@type":"PropertyValueSpecification","valueRequired":true,"valueName":"search_term_string"}}],"inLanguage":"en-US"},{"@type":"Person","@id":"https:\/\/www.letsportsrock.com\/#\/schema\/person\/97aa0f336f5a3ca15a8ec7d78846f045","name":"Paul Hembaor","image":{"@type":"ImageObject","inLanguage":"en-US","@id":"https:\/\/secure.gravatar.com\/avatar\/0574929a03c152e8ea7939c31311f9ea2fe2e06139cd71e2d6e698c217219d60?s=96&d=mm&r=g","url":"https:\/\/secure.gravatar.com\/avatar\/0574929a03c152e8ea7939c31311f9ea2fe2e06139cd71e2d6e698c217219d60?s=96&d=mm&r=g","contentUrl":"https:\/\/secure.gravatar.com\/avatar\/0574929a03c152e8ea7939c31311f9ea2fe2e06139cd71e2d6e698c217219d60?s=96&d=mm&r=g","caption":"Paul Hembaor"},"sameAs":["https:\/\/www.letsportsrock.com\/wp-admin\/"],"url":"https:\/\/www.letsportsrock.com\/?author=9"}]}},"jetpack_featured_media_url":"https:\/\/www.letsportsrock.com\/wp-content\/uploads\/2025\/02\/images-2025-02-27T014602.816.jpeg","jetpack_sharing_enabled":true,"_links":{"self":[{"href":"https:\/\/www.letsportsrock.com\/index.php?rest_route=\/wp\/v2\/posts\/25819","targetHints":{"allow":["GET"]}}],"collection":[{"href":"https:\/\/www.letsportsrock.com\/index.php?rest_route=\/wp\/v2\/posts"}],"about":[{"href":"https:\/\/www.letsportsrock.com\/index.php?rest_route=\/wp\/v2\/types\/post"}],"author":[{"embeddable":true,"href":"https:\/\/www.letsportsrock.com\/index.php?rest_route=\/wp\/v2\/users\/9"}],"replies":[{"embeddable":true,"href":"https:\/\/www.letsportsrock.com\/index.php?rest_route=%2Fwp%2Fv2%2Fcomments&post=25819"}],"version-history":[{"count":1,"href":"https:\/\/www.letsportsrock.com\/index.php?rest_route=\/wp\/v2\/posts\/25819\/revisions"}],"predecessor-version":[{"id":25822,"href":"https:\/\/www.letsportsrock.com\/index.php?rest_route=\/wp\/v2\/posts\/25819\/revisions\/25822"}],"wp:featuredmedia":[{"embeddable":true,"href":"https:\/\/www.letsportsrock.com\/index.php?rest_route=\/wp\/v2\/media\/25820"}],"wp:attachment":[{"href":"https:\/\/www.letsportsrock.com\/index.php?rest_route=%2Fwp%2Fv2%2Fmedia&parent=25819"}],"wp:term":[{"taxonomy":"category","embeddable":true,"href":"https:\/\/www.letsportsrock.com\/index.php?rest_route=%2Fwp%2Fv2%2Fcategories&post=25819"},{"taxonomy":"post_tag","embeddable":true,"href":"https:\/\/www.letsportsrock.com\/index.php?rest_route=%2Fwp%2Fv2%2Ftags&post=25819"}],"curies":[{"name":"wp","href":"https:\/\/api.w.org\/{rel}","templated":true}]}}