{"id":26192,"date":"2025-03-01T00:28:08","date_gmt":"2025-03-01T00:28:08","guid":{"rendered":"https:\/\/www.letsportsrock.com\/?p=26192"},"modified":"2025-03-01T00:28:08","modified_gmt":"2025-03-01T00:28:08","slug":"fcsb-a-anuntat-echipa-de-start-pentru-derby-ul-impotriva-rapidului-programat-duminica-2-martie-2025-de-la-ora-2000-pe-arena","status":"publish","type":"post","link":"https:\/\/www.letsportsrock.com\/?p=26192","title":{"rendered":"FCSB a anun\u021bat echipa de start pentru derby-ul \u00eempotriva Rapidului, programat duminic\u0103, 2 martie 2025, de la ora 20:00, pe Arena&#8230;&#8230;."},"content":{"rendered":"<div class=\"d79db4796efc26332eabfc3f5dafbc76\" data-index=\"1\" style=\"float: none; margin:10px 0 10px 0; text-align:center;\">\n<div class=\"hb-ad-inarticle\">\r\n    <div class=\"hb-ad-inner\"> \r\n    <div class=\"hbagency_cls\"  id=\"hbagency_space_111930\"><\/div><\/div> <\/div>\n<\/div>\n<p>FCSB a anun\u021bat echipa de start pentru derby-ul \u00eempotriva Rapidului, programat duminic\u0103, 2 martie 2025, de la ora 20:00, pe Arena&#8230;&#8230;.<\/p>\n<p>&nbsp;<\/p>\n<p>FCSB a anun\u021bat echipa de start pentru derby-ul \u00eempotriva Rapidului, programat duminic\u0103, 2 martie 2025, de la ora 20:00, pe Arena Na\u021bional\u0103. Patronul Gigi Becali a dezv\u0103luit c\u0103 forma\u021bia va fi similar\u0103 cu cea planificat\u0103 pentru meciul din optimile Europa League \u00eempotriva lui Lyon, cu excep\u021bia lui Valentin Cre\u021bu, care este suspendat \u00een competi\u021bia european\u0103.<\/p>\n<p><img loading=\"lazy\" decoding=\"async\" class=\"alignnone size-medium wp-image-26195\" src=\"https:\/\/www.letsportsrock.com\/wp-content\/uploads\/2025\/03\/images-2025-03-01T012649.651-300x180.jpeg\" alt=\"\" width=\"300\" height=\"180\" srcset=\"https:\/\/www.letsportsrock.com\/wp-content\/uploads\/2025\/03\/images-2025-03-01T012649.651-300x180.jpeg 300w, https:\/\/www.letsportsrock.com\/wp-content\/uploads\/2025\/03\/images-2025-03-01T012649.651.jpeg 700w\" sizes=\"auto, (max-width: 300px) 100vw, 300px\" \/><\/p>\n<p>Astfel, echipa probabil\u0103 pentru meciul cu Rapid este: T\u00e2rnovanu \u2013 V. Cre\u021bu, Ngezana, M. Popescu, Radunovic \u2013 Chiriche\u0219, \u0218ut \u2013 Miculescu, Cisotti, T\u0103nase \u2013 Gheorghi\u021b\u0103. \u00cen partida contra lui Lyon, forma\u021bia va suferi modific\u0103ri \u00een linia defensiv\u0103, unde M. Popescu va fi mutat pe postul de funda\u0219 dreapta, iar Dawa va intra \u00een centrul ap\u0103r\u0103rii, al\u0103turi de Ngezana. Astfel, echipa pentru meciul european ar putea ar\u0103ta astfel: T\u00e2rnovanu \u2013 M. Popescu, Ngezana, Dawa, Radunovic \u2013 Chiriche\u0219, \u0218ut \u2013 Miculescu, Cisotti, T\u0103nase \u2013 Gheorghi\u021b\u0103.<\/p>\n<p>&nbsp;<\/p>\n<p>Gigi Becali a subliniat c\u0103 echipa care va juca \u00eempotriva Rapidului va fi cea mai bun\u0103 disponibil\u0103 \u0219i c\u0103 aceea\u0219i formul\u0103 va fi utilizat\u0103 \u0219i \u00een confruntarea cu Lyon, cu excep\u021bia modific\u0103rilor impuse de suspend\u0103ri. Acesta a men\u021bionat c\u0103 este posibil s\u0103 schimbe funda\u0219ii centrali \u00een meciul european, av\u00e2nd \u00een vedere absen\u021ba lui Cre\u021bu.<\/p>\n<p>&nbsp;<\/p>\n<p>Derby-ul dintre Rapid \u0219i FCSB este a\u0219teptat cu mare interes, fiind unul dintre cele mai importante meciuri din fotbalul rom\u00e2nesc. Ambele echipe se afl\u0103 \u00een form\u0103 bun\u0103, iar partida promite un spectacol fotbalistic de Cali tate.<\/p>\n\n<div style=\"font-size: 0px; height: 0px; line-height: 0px; margin: 0; padding: 0; clear: both;\"><\/div>","protected":false},"excerpt":{"rendered":"<p>FCSB a anun\u021bat echipa de start pentru derby-ul \u00eempotriva Rapidului, programat duminic\u0103, 2 martie 2025, de la ora 20:00, pe Arena&#8230;&#8230;. &nbsp; FCSB a anun\u021bat echipa de start pentru derby-ul \u00eempotriva Rapidului, programat duminic\u0103, 2 martie 2025, de la ora 20:00, pe Arena Na\u021bional\u0103. Patronul Gigi Becali a dezv\u0103luit c\u0103 forma\u021bia va fi similar\u0103 cu [&hellip;]<\/p>\n","protected":false},"author":9,"featured_media":26194,"comment_status":"open","ping_status":"open","sticky":false,"template":"","format":"standard","meta":{"_jetpack_memberships_contains_paid_content":false,"footnotes":""},"categories":[276],"tags":[264],"class_list":["post-26192","post","type-post","status-publish","format-standard","has-post-thumbnail","hentry","category-fcsb","tag-fcsb"],"yoast_head":"<!-- This site is optimized with the Yoast SEO plugin v27.4 - https:\/\/yoast.com\/product\/yoast-seo-wordpress\/ -->\n<title>FCSB a anun\u021bat echipa de start pentru derby-ul \u00eempotriva.......<\/title>\n<meta name=\"description\" content=\"FCSB a anun\u021bat echipa de start pentru derby-ul \u00eempotriva Rapidului, programat duminic\u0103, 2 martie 2025, de la ora 20:00, pe Arena.......\" \/>\n<meta name=\"robots\" content=\"index, follow, max-snippet:-1, max-image-preview:large, max-video-preview:-1\" \/>\n<link rel=\"canonical\" href=\"https:\/\/www.letsportsrock.com\/?p=26192\" \/>\n<meta property=\"og:locale\" content=\"en_US\" \/>\n<meta property=\"og:type\" content=\"article\" \/>\n<meta property=\"og:title\" content=\"FCSB a anun\u021bat echipa de start pentru derby-ul \u00eempotriva.......\" \/>\n<meta property=\"og:description\" content=\"FCSB a anun\u021bat echipa de start pentru derby-ul \u00eempotriva Rapidului, programat duminic\u0103, 2 martie 2025, de la ora 20:00, pe Arena.......\" \/>\n<meta property=\"og:url\" content=\"https:\/\/www.letsportsrock.com\/?p=26192\" \/>\n<meta property=\"og:site_name\" content=\"letsportsrock\" \/>\n<meta property=\"article:published_time\" content=\"2025-03-01T00:28:08+00:00\" \/>\n<meta property=\"og:image\" content=\"https:\/\/www.letsportsrock.com\/wp-content\/uploads\/2025\/03\/images-2025-03-01T012626.906.jpeg\" \/>\n\t<meta property=\"og:image:width\" content=\"726\" \/>\n\t<meta property=\"og:image:height\" content=\"422\" \/>\n\t<meta property=\"og:image:type\" content=\"image\/jpeg\" \/>\n<meta name=\"author\" content=\"Paul Hembaor\" \/>\n<meta name=\"twitter:card\" content=\"summary_large_image\" \/>\n<meta name=\"twitter:label1\" content=\"Written by\" \/>\n\t<meta name=\"twitter:data1\" content=\"Paul Hembaor\" \/>\n\t<meta name=\"twitter:label2\" content=\"Est. reading time\" \/>\n\t<meta name=\"twitter:data2\" content=\"2 minutes\" \/>\n<script type=\"application\/ld+json\" class=\"yoast-schema-graph\">{\"@context\":\"https:\\\/\\\/schema.org\",\"@graph\":[{\"@type\":\"Article\",\"@id\":\"https:\\\/\\\/www.letsportsrock.com\\\/?p=26192#article\",\"isPartOf\":{\"@id\":\"https:\\\/\\\/www.letsportsrock.com\\\/?p=26192\"},\"author\":{\"name\":\"Paul Hembaor\",\"@id\":\"https:\\\/\\\/www.letsportsrock.com\\\/#\\\/schema\\\/person\\\/97aa0f336f5a3ca15a8ec7d78846f045\"},\"headline\":\"FCSB a anun\u021bat echipa de start pentru derby-ul \u00eempotriva Rapidului, programat duminic\u0103, 2 martie 2025, de la ora 20:00, pe Arena&#8230;&#8230;.\",\"datePublished\":\"2025-03-01T00:28:08+00:00\",\"mainEntityOfPage\":{\"@id\":\"https:\\\/\\\/www.letsportsrock.com\\\/?p=26192\"},\"wordCount\":287,\"commentCount\":0,\"image\":{\"@id\":\"https:\\\/\\\/www.letsportsrock.com\\\/?p=26192#primaryimage\"},\"thumbnailUrl\":\"https:\\\/\\\/www.letsportsrock.com\\\/wp-content\\\/uploads\\\/2025\\\/03\\\/images-2025-03-01T012626.906.jpeg\",\"keywords\":[\"FCSB\"],\"articleSection\":[\"FCSB\"],\"inLanguage\":\"en-US\",\"potentialAction\":[{\"@type\":\"CommentAction\",\"name\":\"Comment\",\"target\":[\"https:\\\/\\\/www.letsportsrock.com\\\/?p=26192#respond\"]}]},{\"@type\":\"WebPage\",\"@id\":\"https:\\\/\\\/www.letsportsrock.com\\\/?p=26192\",\"url\":\"https:\\\/\\\/www.letsportsrock.com\\\/?p=26192\",\"name\":\"FCSB a anun\u021bat echipa de start pentru derby-ul \u00eempotriva.......\",\"isPartOf\":{\"@id\":\"https:\\\/\\\/www.letsportsrock.com\\\/#website\"},\"primaryImageOfPage\":{\"@id\":\"https:\\\/\\\/www.letsportsrock.com\\\/?p=26192#primaryimage\"},\"image\":{\"@id\":\"https:\\\/\\\/www.letsportsrock.com\\\/?p=26192#primaryimage\"},\"thumbnailUrl\":\"https:\\\/\\\/www.letsportsrock.com\\\/wp-content\\\/uploads\\\/2025\\\/03\\\/images-2025-03-01T012626.906.jpeg\",\"datePublished\":\"2025-03-01T00:28:08+00:00\",\"author\":{\"@id\":\"https:\\\/\\\/www.letsportsrock.com\\\/#\\\/schema\\\/person\\\/97aa0f336f5a3ca15a8ec7d78846f045\"},\"description\":\"FCSB a anun\u021bat echipa de start pentru derby-ul \u00eempotriva Rapidului, programat duminic\u0103, 2 martie 2025, de la ora 20:00, pe Arena.......\",\"breadcrumb\":{\"@id\":\"https:\\\/\\\/www.letsportsrock.com\\\/?p=26192#breadcrumb\"},\"inLanguage\":\"en-US\",\"potentialAction\":[{\"@type\":\"ReadAction\",\"target\":[\"https:\\\/\\\/www.letsportsrock.com\\\/?p=26192\"]}]},{\"@type\":\"ImageObject\",\"inLanguage\":\"en-US\",\"@id\":\"https:\\\/\\\/www.letsportsrock.com\\\/?p=26192#primaryimage\",\"url\":\"https:\\\/\\\/www.letsportsrock.com\\\/wp-content\\\/uploads\\\/2025\\\/03\\\/images-2025-03-01T012626.906.jpeg\",\"contentUrl\":\"https:\\\/\\\/www.letsportsrock.com\\\/wp-content\\\/uploads\\\/2025\\\/03\\\/images-2025-03-01T012626.906.jpeg\",\"width\":726,\"height\":422},{\"@type\":\"BreadcrumbList\",\"@id\":\"https:\\\/\\\/www.letsportsrock.com\\\/?p=26192#breadcrumb\",\"itemListElement\":[{\"@type\":\"ListItem\",\"position\":1,\"name\":\"Home\",\"item\":\"https:\\\/\\\/www.letsportsrock.com\\\/\"},{\"@type\":\"ListItem\",\"position\":2,\"name\":\"FCSB a anun\u021bat echipa de start pentru derby-ul \u00eempotriva Rapidului, programat duminic\u0103, 2 martie 2025, de la ora 20:00, pe Arena&#8230;&#8230;.\"}]},{\"@type\":\"WebSite\",\"@id\":\"https:\\\/\\\/www.letsportsrock.com\\\/#website\",\"url\":\"https:\\\/\\\/www.letsportsrock.com\\\/\",\"name\":\"letsportsrock\",\"description\":\"Sport News and Updates\",\"potentialAction\":[{\"@type\":\"SearchAction\",\"target\":{\"@type\":\"EntryPoint\",\"urlTemplate\":\"https:\\\/\\\/www.letsportsrock.com\\\/?s={search_term_string}\"},\"query-input\":{\"@type\":\"PropertyValueSpecification\",\"valueRequired\":true,\"valueName\":\"search_term_string\"}}],\"inLanguage\":\"en-US\"},{\"@type\":\"Person\",\"@id\":\"https:\\\/\\\/www.letsportsrock.com\\\/#\\\/schema\\\/person\\\/97aa0f336f5a3ca15a8ec7d78846f045\",\"name\":\"Paul Hembaor\",\"image\":{\"@type\":\"ImageObject\",\"inLanguage\":\"en-US\",\"@id\":\"https:\\\/\\\/secure.gravatar.com\\\/avatar\\\/0574929a03c152e8ea7939c31311f9ea2fe2e06139cd71e2d6e698c217219d60?s=96&d=mm&r=g\",\"url\":\"https:\\\/\\\/secure.gravatar.com\\\/avatar\\\/0574929a03c152e8ea7939c31311f9ea2fe2e06139cd71e2d6e698c217219d60?s=96&d=mm&r=g\",\"contentUrl\":\"https:\\\/\\\/secure.gravatar.com\\\/avatar\\\/0574929a03c152e8ea7939c31311f9ea2fe2e06139cd71e2d6e698c217219d60?s=96&d=mm&r=g\",\"caption\":\"Paul Hembaor\"},\"sameAs\":[\"https:\\\/\\\/www.letsportsrock.com\\\/wp-admin\\\/\"],\"url\":\"https:\\\/\\\/www.letsportsrock.com\\\/?author=9\"}]}<\/script>\n<!-- \/ Yoast SEO plugin. -->","yoast_head_json":{"title":"FCSB a anun\u021bat echipa de start pentru derby-ul \u00eempotriva.......","description":"FCSB a anun\u021bat echipa de start pentru derby-ul \u00eempotriva Rapidului, programat duminic\u0103, 2 martie 2025, de la ora 20:00, pe Arena.......","robots":{"index":"index","follow":"follow","max-snippet":"max-snippet:-1","max-image-preview":"max-image-preview:large","max-video-preview":"max-video-preview:-1"},"canonical":"https:\/\/www.letsportsrock.com\/?p=26192","og_locale":"en_US","og_type":"article","og_title":"FCSB a anun\u021bat echipa de start pentru derby-ul \u00eempotriva.......","og_description":"FCSB a anun\u021bat echipa de start pentru derby-ul \u00eempotriva Rapidului, programat duminic\u0103, 2 martie 2025, de la ora 20:00, pe Arena.......","og_url":"https:\/\/www.letsportsrock.com\/?p=26192","og_site_name":"letsportsrock","article_published_time":"2025-03-01T00:28:08+00:00","og_image":[{"width":726,"height":422,"url":"https:\/\/www.letsportsrock.com\/wp-content\/uploads\/2025\/03\/images-2025-03-01T012626.906.jpeg","type":"image\/jpeg"}],"author":"Paul Hembaor","twitter_card":"summary_large_image","twitter_misc":{"Written by":"Paul Hembaor","Est. reading time":"2 minutes"},"schema":{"@context":"https:\/\/schema.org","@graph":[{"@type":"Article","@id":"https:\/\/www.letsportsrock.com\/?p=26192#article","isPartOf":{"@id":"https:\/\/www.letsportsrock.com\/?p=26192"},"author":{"name":"Paul Hembaor","@id":"https:\/\/www.letsportsrock.com\/#\/schema\/person\/97aa0f336f5a3ca15a8ec7d78846f045"},"headline":"FCSB a anun\u021bat echipa de start pentru derby-ul \u00eempotriva Rapidului, programat duminic\u0103, 2 martie 2025, de la ora 20:00, pe Arena&#8230;&#8230;.","datePublished":"2025-03-01T00:28:08+00:00","mainEntityOfPage":{"@id":"https:\/\/www.letsportsrock.com\/?p=26192"},"wordCount":287,"commentCount":0,"image":{"@id":"https:\/\/www.letsportsrock.com\/?p=26192#primaryimage"},"thumbnailUrl":"https:\/\/www.letsportsrock.com\/wp-content\/uploads\/2025\/03\/images-2025-03-01T012626.906.jpeg","keywords":["FCSB"],"articleSection":["FCSB"],"inLanguage":"en-US","potentialAction":[{"@type":"CommentAction","name":"Comment","target":["https:\/\/www.letsportsrock.com\/?p=26192#respond"]}]},{"@type":"WebPage","@id":"https:\/\/www.letsportsrock.com\/?p=26192","url":"https:\/\/www.letsportsrock.com\/?p=26192","name":"FCSB a anun\u021bat echipa de start pentru derby-ul \u00eempotriva.......","isPartOf":{"@id":"https:\/\/www.letsportsrock.com\/#website"},"primaryImageOfPage":{"@id":"https:\/\/www.letsportsrock.com\/?p=26192#primaryimage"},"image":{"@id":"https:\/\/www.letsportsrock.com\/?p=26192#primaryimage"},"thumbnailUrl":"https:\/\/www.letsportsrock.com\/wp-content\/uploads\/2025\/03\/images-2025-03-01T012626.906.jpeg","datePublished":"2025-03-01T00:28:08+00:00","author":{"@id":"https:\/\/www.letsportsrock.com\/#\/schema\/person\/97aa0f336f5a3ca15a8ec7d78846f045"},"description":"FCSB a anun\u021bat echipa de start pentru derby-ul \u00eempotriva Rapidului, programat duminic\u0103, 2 martie 2025, de la ora 20:00, pe Arena.......","breadcrumb":{"@id":"https:\/\/www.letsportsrock.com\/?p=26192#breadcrumb"},"inLanguage":"en-US","potentialAction":[{"@type":"ReadAction","target":["https:\/\/www.letsportsrock.com\/?p=26192"]}]},{"@type":"ImageObject","inLanguage":"en-US","@id":"https:\/\/www.letsportsrock.com\/?p=26192#primaryimage","url":"https:\/\/www.letsportsrock.com\/wp-content\/uploads\/2025\/03\/images-2025-03-01T012626.906.jpeg","contentUrl":"https:\/\/www.letsportsrock.com\/wp-content\/uploads\/2025\/03\/images-2025-03-01T012626.906.jpeg","width":726,"height":422},{"@type":"BreadcrumbList","@id":"https:\/\/www.letsportsrock.com\/?p=26192#breadcrumb","itemListElement":[{"@type":"ListItem","position":1,"name":"Home","item":"https:\/\/www.letsportsrock.com\/"},{"@type":"ListItem","position":2,"name":"FCSB a anun\u021bat echipa de start pentru derby-ul \u00eempotriva Rapidului, programat duminic\u0103, 2 martie 2025, de la ora 20:00, pe Arena&#8230;&#8230;."}]},{"@type":"WebSite","@id":"https:\/\/www.letsportsrock.com\/#website","url":"https:\/\/www.letsportsrock.com\/","name":"letsportsrock","description":"Sport News and Updates","potentialAction":[{"@type":"SearchAction","target":{"@type":"EntryPoint","urlTemplate":"https:\/\/www.letsportsrock.com\/?s={search_term_string}"},"query-input":{"@type":"PropertyValueSpecification","valueRequired":true,"valueName":"search_term_string"}}],"inLanguage":"en-US"},{"@type":"Person","@id":"https:\/\/www.letsportsrock.com\/#\/schema\/person\/97aa0f336f5a3ca15a8ec7d78846f045","name":"Paul Hembaor","image":{"@type":"ImageObject","inLanguage":"en-US","@id":"https:\/\/secure.gravatar.com\/avatar\/0574929a03c152e8ea7939c31311f9ea2fe2e06139cd71e2d6e698c217219d60?s=96&d=mm&r=g","url":"https:\/\/secure.gravatar.com\/avatar\/0574929a03c152e8ea7939c31311f9ea2fe2e06139cd71e2d6e698c217219d60?s=96&d=mm&r=g","contentUrl":"https:\/\/secure.gravatar.com\/avatar\/0574929a03c152e8ea7939c31311f9ea2fe2e06139cd71e2d6e698c217219d60?s=96&d=mm&r=g","caption":"Paul Hembaor"},"sameAs":["https:\/\/www.letsportsrock.com\/wp-admin\/"],"url":"https:\/\/www.letsportsrock.com\/?author=9"}]}},"jetpack_featured_media_url":"https:\/\/www.letsportsrock.com\/wp-content\/uploads\/2025\/03\/images-2025-03-01T012626.906.jpeg","jetpack_sharing_enabled":true,"_links":{"self":[{"href":"https:\/\/www.letsportsrock.com\/index.php?rest_route=\/wp\/v2\/posts\/26192","targetHints":{"allow":["GET"]}}],"collection":[{"href":"https:\/\/www.letsportsrock.com\/index.php?rest_route=\/wp\/v2\/posts"}],"about":[{"href":"https:\/\/www.letsportsrock.com\/index.php?rest_route=\/wp\/v2\/types\/post"}],"author":[{"embeddable":true,"href":"https:\/\/www.letsportsrock.com\/index.php?rest_route=\/wp\/v2\/users\/9"}],"replies":[{"embeddable":true,"href":"https:\/\/www.letsportsrock.com\/index.php?rest_route=%2Fwp%2Fv2%2Fcomments&post=26192"}],"version-history":[{"count":1,"href":"https:\/\/www.letsportsrock.com\/index.php?rest_route=\/wp\/v2\/posts\/26192\/revisions"}],"predecessor-version":[{"id":26196,"href":"https:\/\/www.letsportsrock.com\/index.php?rest_route=\/wp\/v2\/posts\/26192\/revisions\/26196"}],"wp:featuredmedia":[{"embeddable":true,"href":"https:\/\/www.letsportsrock.com\/index.php?rest_route=\/wp\/v2\/media\/26194"}],"wp:attachment":[{"href":"https:\/\/www.letsportsrock.com\/index.php?rest_route=%2Fwp%2Fv2%2Fmedia&parent=26192"}],"wp:term":[{"taxonomy":"category","embeddable":true,"href":"https:\/\/www.letsportsrock.com\/index.php?rest_route=%2Fwp%2Fv2%2Fcategories&post=26192"},{"taxonomy":"post_tag","embeddable":true,"href":"https:\/\/www.letsportsrock.com\/index.php?rest_route=%2Fwp%2Fv2%2Ftags&post=26192"}],"curies":[{"name":"wp","href":"https:\/\/api.w.org\/{rel}","templated":true}]}}