{"id":26328,"date":"2025-03-01T12:37:53","date_gmt":"2025-03-01T12:37:53","guid":{"rendered":"https:\/\/www.letsportsrock.com\/?p=26328"},"modified":"2025-03-01T12:37:53","modified_gmt":"2025-03-01T12:37:53","slug":"andrei-nicolescu-a-dat-cartile-pe-fata-despre-asocierea-dintre-cs-dinamo-si-fc-dinamo-am-discutat-la-federatie-2","status":"publish","type":"post","link":"https:\/\/www.letsportsrock.com\/?p=26328","title":{"rendered":"Andrei Nicolescu a dat c\u0103r\u0163ile pe fa\u0163\u0103 despre asocierea dintre CS Dinamo \u015fi FC Dinamo: \u201eAm discutat la Federa\u021bie\u201d&#8230;.."},"content":{"rendered":"<div class=\"d79db4796efc26332eabfc3f5dafbc76\" data-index=\"1\" style=\"float: none; margin:10px 0 10px 0; text-align:center;\">\n<div class=\"hb-ad-inarticle\">\r\n    <div class=\"hb-ad-inner\"> \r\n    <div class=\"hbagency_cls\"  id=\"hbagency_space_111930\"><\/div><\/div> <\/div>\n<\/div>\n<h2>Andrei Nicolescu a dat c\u0103r\u0163ile pe fa\u0163\u0103 despre asocierea dintre CS Dinamo \u015fi FC Dinamo: \u201eAm discutat la Federa\u021bie\u201d&#8230;&#8230;&#8230;&#8230;.<\/h2>\n<p>&nbsp;<\/p>\n<p>Andrei Nicolescu a vorbit deschis despre colaborarea dintre CS Dinamo \u0219i FC Dinamo, oferind clarific\u0103ri asupra discu\u021biilor \u00een desf\u0103\u0219urare. El a confirmat c\u0103 au avut loc \u00eent\u00e2lniri la Federa\u021bie, suger\u00e2nd posibile evolu\u021bii \u00een rela\u021bia dintre cele dou\u0103 entit\u0103\u021bi.<\/p>\n<p>&nbsp;<\/p>\n<p>Leg\u0103tura dintre CS Dinamo, clubul sus\u021binut de stat, \u0219i FC Dinamo, echipa de fotbal de\u021binut\u0103 privat, a fost un subiect controversat printre suporteri \u0219i oficiali. De-a lungul anilor, rela\u021bia lor a fost marcat\u0103 de incertitudine, iar \u00eencerc\u0103rile de apropiere s-au lovit de obstacole juridice \u0219i administrative.<\/p>\n<p><img loading=\"lazy\" decoding=\"async\" class=\"alignnone size-medium wp-image-26310\" src=\"https:\/\/www.letsportsrock.com\/wp-content\/uploads\/2025\/03\/images-2025-03-01T104829.648-300x200.jpeg\" alt=\"\" width=\"300\" height=\"200\" srcset=\"https:\/\/www.letsportsrock.com\/wp-content\/uploads\/2025\/03\/images-2025-03-01T104829.648-300x200.jpeg 300w, https:\/\/www.letsportsrock.com\/wp-content\/uploads\/2025\/03\/images-2025-03-01T104829.648.jpeg 679w\" sizes=\"auto, (max-width: 300px) 100vw, 300px\" \/><\/p>\n<p>Declara\u021bia lui Nicolescu sugereaz\u0103 c\u0103 ar putea exista progrese, \u00eentruc\u00e2t discu\u021biile purtate la Federa\u021bie indic\u0103 o \u00eencercare oficial\u0103 de a clarifica sau consolida aceast\u0103 rela\u021bie. De\u0219i detaliile sunt \u00eenc\u0103 limitate, transparen\u021ba sa cu privire la negocieri arat\u0103 o dorin\u021b\u0103 de a g\u0103si un teren comun.<\/p>\n<p>&nbsp;<\/p>\n<p>Pentru suporterii lui Dinamo, aceast\u0103 veste ar putea aduce speran\u021ba unei colabor\u0103ri mai str\u00e2nse, care s\u0103 rezolve disputele legate de identitate, infrastructur\u0103 \u0219i branding. Totu\u0219i, provoc\u0103rile persist\u0103, iar rezultatul final va depinde de negocierile viitoare \u0219i de deciziile institu\u021bio<\/p>\n<p>nale.<\/p>\n<p>&nbsp;<\/p>\n<p>&nbsp;<\/p>\n<p>&nbsp;<\/p>\n<p>&nbsp;<\/p>\n\n<div style=\"font-size: 0px; height: 0px; line-height: 0px; margin: 0; padding: 0; clear: both;\"><\/div>","protected":false},"excerpt":{"rendered":"<p>Andrei Nicolescu a dat c\u0103r\u0163ile pe fa\u0163\u0103 despre asocierea dintre CS Dinamo \u015fi FC Dinamo: \u201eAm discutat la Federa\u021bie\u201d&#8230;&#8230;&#8230;&#8230;. &nbsp; Andrei Nicolescu a vorbit deschis despre colaborarea dintre CS Dinamo \u0219i FC Dinamo, oferind clarific\u0103ri asupra discu\u021biilor \u00een desf\u0103\u0219urare. El a confirmat c\u0103 au avut loc \u00eent\u00e2lniri la Federa\u021bie, suger\u00e2nd posibile evolu\u021bii \u00een rela\u021bia dintre [&hellip;]<\/p>\n","protected":false},"author":11,"featured_media":26310,"comment_status":"open","ping_status":"open","sticky":false,"template":"","format":"standard","meta":{"_jetpack_memberships_contains_paid_content":false,"footnotes":""},"categories":[1],"tags":[],"class_list":["post-26328","post","type-post","status-publish","format-standard","has-post-thumbnail","hentry","category-uncategorized"],"yoast_head":"<!-- This site is optimized with the Yoast SEO plugin v27.4 - https:\/\/yoast.com\/product\/yoast-seo-wordpress\/ -->\n<title>Andrei Nicolescu a dat c\u0103r\u0163ile pe fa\u0163\u0103 despre asocierea dintr<\/title>\n<meta name=\"description\" content=\"Andrei Nicolescu a dat c\u0103r\u0163ile pe fa\u0163\u0103 despre asocierea dintre CS Dinamo \u015fi FC Dinamo: \u201eAm discutat la Federa\u021bie\u201d.....\" \/>\n<meta name=\"robots\" content=\"index, follow, max-snippet:-1, max-image-preview:large, max-video-preview:-1\" \/>\n<link rel=\"canonical\" href=\"https:\/\/www.letsportsrock.com\/?p=26328\" \/>\n<meta property=\"og:locale\" content=\"en_US\" \/>\n<meta property=\"og:type\" content=\"article\" \/>\n<meta property=\"og:title\" content=\"Andrei Nicolescu a dat c\u0103r\u0163ile pe fa\u0163\u0103 despre asocierea dintr\" \/>\n<meta property=\"og:description\" content=\"Andrei Nicolescu a dat c\u0103r\u0163ile pe fa\u0163\u0103 despre asocierea dintre CS Dinamo \u015fi FC Dinamo: \u201eAm discutat la Federa\u021bie\u201d.....\" \/>\n<meta property=\"og:url\" content=\"https:\/\/www.letsportsrock.com\/?p=26328\" \/>\n<meta property=\"og:site_name\" content=\"letsportsrock\" \/>\n<meta property=\"article:published_time\" content=\"2025-03-01T12:37:53+00:00\" \/>\n<meta property=\"og:image\" content=\"https:\/\/www.letsportsrock.com\/wp-content\/uploads\/2025\/03\/images-2025-03-01T104829.648.jpeg\" \/>\n\t<meta property=\"og:image:width\" content=\"679\" \/>\n\t<meta property=\"og:image:height\" content=\"452\" \/>\n\t<meta property=\"og:image:type\" content=\"image\/jpeg\" \/>\n<meta name=\"author\" content=\"Shughun Ivory\" \/>\n<meta name=\"twitter:card\" content=\"summary_large_image\" \/>\n<meta name=\"twitter:label1\" content=\"Written by\" \/>\n\t<meta name=\"twitter:data1\" content=\"Shughun Ivory\" \/>\n\t<meta name=\"twitter:label2\" content=\"Est. reading time\" \/>\n\t<meta name=\"twitter:data2\" content=\"2 minutes\" \/>\n<script type=\"application\/ld+json\" class=\"yoast-schema-graph\">{\"@context\":\"https:\\\/\\\/schema.org\",\"@graph\":[{\"@type\":\"Article\",\"@id\":\"https:\\\/\\\/www.letsportsrock.com\\\/?p=26328#article\",\"isPartOf\":{\"@id\":\"https:\\\/\\\/www.letsportsrock.com\\\/?p=26328\"},\"author\":{\"name\":\"Shughun Ivory\",\"@id\":\"https:\\\/\\\/www.letsportsrock.com\\\/#\\\/schema\\\/person\\\/674619adef31b09138e9ccd4e2852ee0\"},\"headline\":\"Andrei Nicolescu a dat c\u0103r\u0163ile pe fa\u0163\u0103 despre asocierea dintre CS Dinamo \u015fi FC Dinamo: \u201eAm discutat la Federa\u021bie\u201d&#8230;..\",\"datePublished\":\"2025-03-01T12:37:53+00:00\",\"mainEntityOfPage\":{\"@id\":\"https:\\\/\\\/www.letsportsrock.com\\\/?p=26328\"},\"wordCount\":248,\"commentCount\":0,\"image\":{\"@id\":\"https:\\\/\\\/www.letsportsrock.com\\\/?p=26328#primaryimage\"},\"thumbnailUrl\":\"https:\\\/\\\/www.letsportsrock.com\\\/wp-content\\\/uploads\\\/2025\\\/03\\\/images-2025-03-01T104829.648.jpeg\",\"inLanguage\":\"en-US\",\"potentialAction\":[{\"@type\":\"CommentAction\",\"name\":\"Comment\",\"target\":[\"https:\\\/\\\/www.letsportsrock.com\\\/?p=26328#respond\"]}]},{\"@type\":\"WebPage\",\"@id\":\"https:\\\/\\\/www.letsportsrock.com\\\/?p=26328\",\"url\":\"https:\\\/\\\/www.letsportsrock.com\\\/?p=26328\",\"name\":\"Andrei Nicolescu a dat c\u0103r\u0163ile pe fa\u0163\u0103 despre asocierea dintr\",\"isPartOf\":{\"@id\":\"https:\\\/\\\/www.letsportsrock.com\\\/#website\"},\"primaryImageOfPage\":{\"@id\":\"https:\\\/\\\/www.letsportsrock.com\\\/?p=26328#primaryimage\"},\"image\":{\"@id\":\"https:\\\/\\\/www.letsportsrock.com\\\/?p=26328#primaryimage\"},\"thumbnailUrl\":\"https:\\\/\\\/www.letsportsrock.com\\\/wp-content\\\/uploads\\\/2025\\\/03\\\/images-2025-03-01T104829.648.jpeg\",\"datePublished\":\"2025-03-01T12:37:53+00:00\",\"author\":{\"@id\":\"https:\\\/\\\/www.letsportsrock.com\\\/#\\\/schema\\\/person\\\/674619adef31b09138e9ccd4e2852ee0\"},\"description\":\"Andrei Nicolescu a dat c\u0103r\u0163ile pe fa\u0163\u0103 despre asocierea dintre CS Dinamo \u015fi FC Dinamo: \u201eAm discutat la Federa\u021bie\u201d.....\",\"breadcrumb\":{\"@id\":\"https:\\\/\\\/www.letsportsrock.com\\\/?p=26328#breadcrumb\"},\"inLanguage\":\"en-US\",\"potentialAction\":[{\"@type\":\"ReadAction\",\"target\":[\"https:\\\/\\\/www.letsportsrock.com\\\/?p=26328\"]}]},{\"@type\":\"ImageObject\",\"inLanguage\":\"en-US\",\"@id\":\"https:\\\/\\\/www.letsportsrock.com\\\/?p=26328#primaryimage\",\"url\":\"https:\\\/\\\/www.letsportsrock.com\\\/wp-content\\\/uploads\\\/2025\\\/03\\\/images-2025-03-01T104829.648.jpeg\",\"contentUrl\":\"https:\\\/\\\/www.letsportsrock.com\\\/wp-content\\\/uploads\\\/2025\\\/03\\\/images-2025-03-01T104829.648.jpeg\",\"width\":679,\"height\":452},{\"@type\":\"BreadcrumbList\",\"@id\":\"https:\\\/\\\/www.letsportsrock.com\\\/?p=26328#breadcrumb\",\"itemListElement\":[{\"@type\":\"ListItem\",\"position\":1,\"name\":\"Home\",\"item\":\"https:\\\/\\\/www.letsportsrock.com\\\/\"},{\"@type\":\"ListItem\",\"position\":2,\"name\":\"Andrei Nicolescu a dat c\u0103r\u0163ile pe fa\u0163\u0103 despre asocierea dintre CS Dinamo \u015fi FC Dinamo: \u201eAm discutat la Federa\u021bie\u201d&#8230;..\"}]},{\"@type\":\"WebSite\",\"@id\":\"https:\\\/\\\/www.letsportsrock.com\\\/#website\",\"url\":\"https:\\\/\\\/www.letsportsrock.com\\\/\",\"name\":\"letsportsrock\",\"description\":\"Sport News and Updates\",\"potentialAction\":[{\"@type\":\"SearchAction\",\"target\":{\"@type\":\"EntryPoint\",\"urlTemplate\":\"https:\\\/\\\/www.letsportsrock.com\\\/?s={search_term_string}\"},\"query-input\":{\"@type\":\"PropertyValueSpecification\",\"valueRequired\":true,\"valueName\":\"search_term_string\"}}],\"inLanguage\":\"en-US\"},{\"@type\":\"Person\",\"@id\":\"https:\\\/\\\/www.letsportsrock.com\\\/#\\\/schema\\\/person\\\/674619adef31b09138e9ccd4e2852ee0\",\"name\":\"Shughun Ivory\",\"image\":{\"@type\":\"ImageObject\",\"inLanguage\":\"en-US\",\"@id\":\"https:\\\/\\\/secure.gravatar.com\\\/avatar\\\/0461d8b87ac229159ac526ebabd85108a5009b97923e896e2a506577805f8fc1?s=96&d=mm&r=g\",\"url\":\"https:\\\/\\\/secure.gravatar.com\\\/avatar\\\/0461d8b87ac229159ac526ebabd85108a5009b97923e896e2a506577805f8fc1?s=96&d=mm&r=g\",\"contentUrl\":\"https:\\\/\\\/secure.gravatar.com\\\/avatar\\\/0461d8b87ac229159ac526ebabd85108a5009b97923e896e2a506577805f8fc1?s=96&d=mm&r=g\",\"caption\":\"Shughun Ivory\"},\"sameAs\":[\"http:\\\/\\\/Letsportsrock.com\"],\"url\":\"https:\\\/\\\/www.letsportsrock.com\\\/?author=11\"}]}<\/script>\n<!-- \/ Yoast SEO plugin. -->","yoast_head_json":{"title":"Andrei Nicolescu a dat c\u0103r\u0163ile pe fa\u0163\u0103 despre asocierea dintr","description":"Andrei Nicolescu a dat c\u0103r\u0163ile pe fa\u0163\u0103 despre asocierea dintre CS Dinamo \u015fi FC Dinamo: \u201eAm discutat la Federa\u021bie\u201d.....","robots":{"index":"index","follow":"follow","max-snippet":"max-snippet:-1","max-image-preview":"max-image-preview:large","max-video-preview":"max-video-preview:-1"},"canonical":"https:\/\/www.letsportsrock.com\/?p=26328","og_locale":"en_US","og_type":"article","og_title":"Andrei Nicolescu a dat c\u0103r\u0163ile pe fa\u0163\u0103 despre asocierea dintr","og_description":"Andrei Nicolescu a dat c\u0103r\u0163ile pe fa\u0163\u0103 despre asocierea dintre CS Dinamo \u015fi FC Dinamo: \u201eAm discutat la Federa\u021bie\u201d.....","og_url":"https:\/\/www.letsportsrock.com\/?p=26328","og_site_name":"letsportsrock","article_published_time":"2025-03-01T12:37:53+00:00","og_image":[{"width":679,"height":452,"url":"https:\/\/www.letsportsrock.com\/wp-content\/uploads\/2025\/03\/images-2025-03-01T104829.648.jpeg","type":"image\/jpeg"}],"author":"Shughun Ivory","twitter_card":"summary_large_image","twitter_misc":{"Written by":"Shughun Ivory","Est. reading time":"2 minutes"},"schema":{"@context":"https:\/\/schema.org","@graph":[{"@type":"Article","@id":"https:\/\/www.letsportsrock.com\/?p=26328#article","isPartOf":{"@id":"https:\/\/www.letsportsrock.com\/?p=26328"},"author":{"name":"Shughun Ivory","@id":"https:\/\/www.letsportsrock.com\/#\/schema\/person\/674619adef31b09138e9ccd4e2852ee0"},"headline":"Andrei Nicolescu a dat c\u0103r\u0163ile pe fa\u0163\u0103 despre asocierea dintre CS Dinamo \u015fi FC Dinamo: \u201eAm discutat la Federa\u021bie\u201d&#8230;..","datePublished":"2025-03-01T12:37:53+00:00","mainEntityOfPage":{"@id":"https:\/\/www.letsportsrock.com\/?p=26328"},"wordCount":248,"commentCount":0,"image":{"@id":"https:\/\/www.letsportsrock.com\/?p=26328#primaryimage"},"thumbnailUrl":"https:\/\/www.letsportsrock.com\/wp-content\/uploads\/2025\/03\/images-2025-03-01T104829.648.jpeg","inLanguage":"en-US","potentialAction":[{"@type":"CommentAction","name":"Comment","target":["https:\/\/www.letsportsrock.com\/?p=26328#respond"]}]},{"@type":"WebPage","@id":"https:\/\/www.letsportsrock.com\/?p=26328","url":"https:\/\/www.letsportsrock.com\/?p=26328","name":"Andrei Nicolescu a dat c\u0103r\u0163ile pe fa\u0163\u0103 despre asocierea dintr","isPartOf":{"@id":"https:\/\/www.letsportsrock.com\/#website"},"primaryImageOfPage":{"@id":"https:\/\/www.letsportsrock.com\/?p=26328#primaryimage"},"image":{"@id":"https:\/\/www.letsportsrock.com\/?p=26328#primaryimage"},"thumbnailUrl":"https:\/\/www.letsportsrock.com\/wp-content\/uploads\/2025\/03\/images-2025-03-01T104829.648.jpeg","datePublished":"2025-03-01T12:37:53+00:00","author":{"@id":"https:\/\/www.letsportsrock.com\/#\/schema\/person\/674619adef31b09138e9ccd4e2852ee0"},"description":"Andrei Nicolescu a dat c\u0103r\u0163ile pe fa\u0163\u0103 despre asocierea dintre CS Dinamo \u015fi FC Dinamo: \u201eAm discutat la Federa\u021bie\u201d.....","breadcrumb":{"@id":"https:\/\/www.letsportsrock.com\/?p=26328#breadcrumb"},"inLanguage":"en-US","potentialAction":[{"@type":"ReadAction","target":["https:\/\/www.letsportsrock.com\/?p=26328"]}]},{"@type":"ImageObject","inLanguage":"en-US","@id":"https:\/\/www.letsportsrock.com\/?p=26328#primaryimage","url":"https:\/\/www.letsportsrock.com\/wp-content\/uploads\/2025\/03\/images-2025-03-01T104829.648.jpeg","contentUrl":"https:\/\/www.letsportsrock.com\/wp-content\/uploads\/2025\/03\/images-2025-03-01T104829.648.jpeg","width":679,"height":452},{"@type":"BreadcrumbList","@id":"https:\/\/www.letsportsrock.com\/?p=26328#breadcrumb","itemListElement":[{"@type":"ListItem","position":1,"name":"Home","item":"https:\/\/www.letsportsrock.com\/"},{"@type":"ListItem","position":2,"name":"Andrei Nicolescu a dat c\u0103r\u0163ile pe fa\u0163\u0103 despre asocierea dintre CS Dinamo \u015fi FC Dinamo: \u201eAm discutat la Federa\u021bie\u201d&#8230;.."}]},{"@type":"WebSite","@id":"https:\/\/www.letsportsrock.com\/#website","url":"https:\/\/www.letsportsrock.com\/","name":"letsportsrock","description":"Sport News and Updates","potentialAction":[{"@type":"SearchAction","target":{"@type":"EntryPoint","urlTemplate":"https:\/\/www.letsportsrock.com\/?s={search_term_string}"},"query-input":{"@type":"PropertyValueSpecification","valueRequired":true,"valueName":"search_term_string"}}],"inLanguage":"en-US"},{"@type":"Person","@id":"https:\/\/www.letsportsrock.com\/#\/schema\/person\/674619adef31b09138e9ccd4e2852ee0","name":"Shughun Ivory","image":{"@type":"ImageObject","inLanguage":"en-US","@id":"https:\/\/secure.gravatar.com\/avatar\/0461d8b87ac229159ac526ebabd85108a5009b97923e896e2a506577805f8fc1?s=96&d=mm&r=g","url":"https:\/\/secure.gravatar.com\/avatar\/0461d8b87ac229159ac526ebabd85108a5009b97923e896e2a506577805f8fc1?s=96&d=mm&r=g","contentUrl":"https:\/\/secure.gravatar.com\/avatar\/0461d8b87ac229159ac526ebabd85108a5009b97923e896e2a506577805f8fc1?s=96&d=mm&r=g","caption":"Shughun Ivory"},"sameAs":["http:\/\/Letsportsrock.com"],"url":"https:\/\/www.letsportsrock.com\/?author=11"}]}},"jetpack_featured_media_url":"https:\/\/www.letsportsrock.com\/wp-content\/uploads\/2025\/03\/images-2025-03-01T104829.648.jpeg","jetpack_sharing_enabled":true,"_links":{"self":[{"href":"https:\/\/www.letsportsrock.com\/index.php?rest_route=\/wp\/v2\/posts\/26328","targetHints":{"allow":["GET"]}}],"collection":[{"href":"https:\/\/www.letsportsrock.com\/index.php?rest_route=\/wp\/v2\/posts"}],"about":[{"href":"https:\/\/www.letsportsrock.com\/index.php?rest_route=\/wp\/v2\/types\/post"}],"author":[{"embeddable":true,"href":"https:\/\/www.letsportsrock.com\/index.php?rest_route=\/wp\/v2\/users\/11"}],"replies":[{"embeddable":true,"href":"https:\/\/www.letsportsrock.com\/index.php?rest_route=%2Fwp%2Fv2%2Fcomments&post=26328"}],"version-history":[{"count":2,"href":"https:\/\/www.letsportsrock.com\/index.php?rest_route=\/wp\/v2\/posts\/26328\/revisions"}],"predecessor-version":[{"id":26330,"href":"https:\/\/www.letsportsrock.com\/index.php?rest_route=\/wp\/v2\/posts\/26328\/revisions\/26330"}],"wp:featuredmedia":[{"embeddable":true,"href":"https:\/\/www.letsportsrock.com\/index.php?rest_route=\/wp\/v2\/media\/26310"}],"wp:attachment":[{"href":"https:\/\/www.letsportsrock.com\/index.php?rest_route=%2Fwp%2Fv2%2Fmedia&parent=26328"}],"wp:term":[{"taxonomy":"category","embeddable":true,"href":"https:\/\/www.letsportsrock.com\/index.php?rest_route=%2Fwp%2Fv2%2Fcategories&post=26328"},{"taxonomy":"post_tag","embeddable":true,"href":"https:\/\/www.letsportsrock.com\/index.php?rest_route=%2Fwp%2Fv2%2Ftags&post=26328"}],"curies":[{"name":"wp","href":"https:\/\/api.w.org\/{rel}","templated":true}]}}