{"id":26942,"date":"2025-03-04T01:12:58","date_gmt":"2025-03-04T01:12:58","guid":{"rendered":"https:\/\/www.letsportsrock.com\/?p=26942"},"modified":"2025-03-04T01:12:58","modified_gmt":"2025-03-04T01:12:58","slug":"fcsb-a-anuntat-echipa-de-start-pentru-derby-ul-impotriva-rapidului-programat-duminica-2-martie-2025-de-la-ora-2000-pe-arena-3","status":"publish","type":"post","link":"https:\/\/www.letsportsrock.com\/?p=26942","title":{"rendered":"FCSB a anun\u021bat echipa de start pentru derby-ul \u00eempotriva Rapidului, programat duminic\u0103, 2 martie 2025, de la ora 20:00, pe Arena&#8230;&#8230;."},"content":{"rendered":"<div class=\"d79db4796efc26332eabfc3f5dafbc76\" data-index=\"1\" style=\"float: none; margin:10px 0 10px 0; text-align:center;\">\n<div class=\"hb-ad-inarticle\">\r\n    <div class=\"hb-ad-inner\"> \r\n    <div class=\"hbagency_cls\"  id=\"hbagency_space_111930\"><\/div><\/div> <\/div>\n<\/div>\n<p>FCSB a anun\u021bat echipa de start pentru derby-ul \u00eempotriva Rapidului, programat duminic\u0103, 2 martie 2025, de la ora 20:00, pe Arena&#8230;&#8230;.<\/p>\n<p>&nbsp;<\/p>\n<p>FCSB a anun\u021bat echipa de start pentru derby-ul \u00eempotriva Rapidului, programat duminic\u0103, 2 martie 2025, de la ora 20:00, pe Arena Na\u021bional\u0103 din Bucure\u0219ti. Patronul Gigi Becali a dezv\u0103luit formula de start, men\u021bion\u00e2nd dou\u0103 posibile variante \u00een func\u021bie de configura\u021bia liniei de mijloc.<\/p>\n<p><img loading=\"lazy\" decoding=\"async\" class=\"alignnone size-medium wp-image-26944\" src=\"https:\/\/www.letsportsrock.com\/wp-content\/uploads\/2025\/03\/images-21-300x200.jpeg\" alt=\"\" width=\"300\" height=\"200\" srcset=\"https:\/\/www.letsportsrock.com\/wp-content\/uploads\/2025\/03\/images-21-300x200.jpeg 300w, https:\/\/www.letsportsrock.com\/wp-content\/uploads\/2025\/03\/images-21.jpeg 679w\" sizes=\"auto, (max-width: 300px) 100vw, 300px\" \/><\/p>\n<p>\u00cen ambele variante, linia defensiv\u0103 \u0219i atacul r\u0103m\u00e2n constante:<\/p>\n<p>&nbsp;<\/p>\n<p>Funda\u0219i: Valentin Cre\u021bu (dreapta), Mihai Popescu \u0219i Joyskim Dawa (centru), Risto Radunovic (st\u00e2nga)<\/p>\n<p>&nbsp;<\/p>\n<p>Mijloca\u0219i ofensivi: Florin T\u0103nase, Juri Cisotti \u0219i David Miculescu<\/p>\n<p>Diferen\u021ba \u00eentre cele dou\u0103 variante propuse de Becali const\u0103 \u00een cuplul de la mijlocul terenului:<\/p>\n<p>&nbsp;<\/p>\n<p>1. Varianta 1: Vlad Chiriche\u0219 \u0219i Adrian \u0218ut<\/p>\n<p>2. Varianta 2: Adrian \u0218ut \u0219i Florin T\u0103nase<\/p>\n<p>&nbsp;<\/p>\n<p>Becali a explicat c\u0103 prezen\u021ba lui Chiriche\u0219 \u00een primul &#8220;11&#8221; depinde de importan\u021ba meciului \u0219i de gestionarea efortului juc\u0103torului, av\u00e2nd \u00een vedere programul \u00eenc\u0103rcat al echipei. El a men\u021bionat c\u0103 Rapid ar putea adopta o tactic\u0103 defensiv\u0103, ceea ce influen\u021beaz\u0103 decizia privind titularizarea lui Chiriche\u0219.<\/p>\n<p>&nbsp;<\/p>\n<p>Este de remarcat \u0219i revenirea lui Florin T\u0103nase, care s-a ref\u0103cut dup\u0103 o accidentare suferit\u0103 \u00een meciul cu PAOK Salonic din Europa League, fiind acum apt pentru derby-ul cu Rapid.<\/p>\n<p>&nbsp;<\/p>\n<p>Astfel, FCSB se preg\u0103te\u0219te s\u0103 abordeze derby-ul cu Rapid cu o formul\u0103 competitiv\u0103, adaptat\u0103 at\u00e2t tacticii adversarului, c\u00e2t \u0219i gestion\u0103rii eficiente a lotului \u00een contextul.<\/p>\n\n<div style=\"font-size: 0px; height: 0px; line-height: 0px; margin: 0; padding: 0; clear: both;\"><\/div>","protected":false},"excerpt":{"rendered":"<p>FCSB a anun\u021bat echipa de start pentru derby-ul \u00eempotriva Rapidului, programat duminic\u0103, 2 martie 2025, de la ora 20:00, pe Arena&#8230;&#8230;. &nbsp; FCSB a anun\u021bat echipa de start pentru derby-ul \u00eempotriva Rapidului, programat duminic\u0103, 2 martie 2025, de la ora 20:00, pe Arena Na\u021bional\u0103 din Bucure\u0219ti. Patronul Gigi Becali a dezv\u0103luit formula de start, men\u021bion\u00e2nd [&hellip;]<\/p>\n","protected":false},"author":9,"featured_media":26943,"comment_status":"open","ping_status":"open","sticky":false,"template":"","format":"standard","meta":{"_jetpack_memberships_contains_paid_content":false,"footnotes":""},"categories":[276],"tags":[264],"class_list":["post-26942","post","type-post","status-publish","format-standard","has-post-thumbnail","hentry","category-fcsb","tag-fcsb"],"yoast_head":"<!-- This site is optimized with the Yoast SEO plugin v27.4 - https:\/\/yoast.com\/product\/yoast-seo-wordpress\/ -->\n<title>FCSB a anun\u021bat echipa de start pentru derby-ul \u00eempotriva...<\/title>\n<meta name=\"description\" content=\"FCSB a anun\u021bat echipa de start pentru derby-ul \u00eempotriva Rapidului, programat duminic\u0103, 2 martie 2025, de la ora 20:00, pe Arena.......\" \/>\n<meta name=\"robots\" content=\"index, follow, max-snippet:-1, max-image-preview:large, max-video-preview:-1\" \/>\n<link rel=\"canonical\" href=\"https:\/\/www.letsportsrock.com\/?p=26942\" \/>\n<meta property=\"og:locale\" content=\"en_US\" \/>\n<meta property=\"og:type\" content=\"article\" \/>\n<meta property=\"og:title\" content=\"FCSB a anun\u021bat echipa de start pentru derby-ul \u00eempotriva...\" \/>\n<meta property=\"og:description\" content=\"FCSB a anun\u021bat echipa de start pentru derby-ul \u00eempotriva Rapidului, programat duminic\u0103, 2 martie 2025, de la ora 20:00, pe Arena.......\" \/>\n<meta property=\"og:url\" content=\"https:\/\/www.letsportsrock.com\/?p=26942\" \/>\n<meta property=\"og:site_name\" content=\"letsportsrock\" \/>\n<meta property=\"article:published_time\" content=\"2025-03-04T01:12:58+00:00\" \/>\n<meta property=\"og:image\" content=\"https:\/\/www.letsportsrock.com\/wp-content\/uploads\/2025\/03\/PWMzOTcxYjk3MDY5MDlkMDZmNzY1ZjE2YjJkZGJiOTEx.thumb_.jpg\" \/>\n\t<meta property=\"og:image:width\" content=\"700\" \/>\n\t<meta property=\"og:image:height\" content=\"420\" \/>\n\t<meta property=\"og:image:type\" content=\"image\/jpeg\" \/>\n<meta name=\"author\" content=\"Paul Hembaor\" \/>\n<meta name=\"twitter:card\" content=\"summary_large_image\" \/>\n<meta name=\"twitter:label1\" content=\"Written by\" \/>\n\t<meta name=\"twitter:data1\" content=\"Paul Hembaor\" \/>\n\t<meta name=\"twitter:label2\" content=\"Est. reading time\" \/>\n\t<meta name=\"twitter:data2\" content=\"2 minutes\" \/>\n<script type=\"application\/ld+json\" class=\"yoast-schema-graph\">{\"@context\":\"https:\\\/\\\/schema.org\",\"@graph\":[{\"@type\":\"Article\",\"@id\":\"https:\\\/\\\/www.letsportsrock.com\\\/?p=26942#article\",\"isPartOf\":{\"@id\":\"https:\\\/\\\/www.letsportsrock.com\\\/?p=26942\"},\"author\":{\"name\":\"Paul Hembaor\",\"@id\":\"https:\\\/\\\/www.letsportsrock.com\\\/#\\\/schema\\\/person\\\/97aa0f336f5a3ca15a8ec7d78846f045\"},\"headline\":\"FCSB a anun\u021bat echipa de start pentru derby-ul \u00eempotriva Rapidului, programat duminic\u0103, 2 martie 2025, de la ora 20:00, pe Arena&#8230;&#8230;.\",\"datePublished\":\"2025-03-04T01:12:58+00:00\",\"mainEntityOfPage\":{\"@id\":\"https:\\\/\\\/www.letsportsrock.com\\\/?p=26942\"},\"wordCount\":273,\"commentCount\":0,\"image\":{\"@id\":\"https:\\\/\\\/www.letsportsrock.com\\\/?p=26942#primaryimage\"},\"thumbnailUrl\":\"https:\\\/\\\/www.letsportsrock.com\\\/wp-content\\\/uploads\\\/2025\\\/03\\\/PWMzOTcxYjk3MDY5MDlkMDZmNzY1ZjE2YjJkZGJiOTEx.thumb_.jpg\",\"keywords\":[\"FCSB\"],\"articleSection\":[\"FCSB\"],\"inLanguage\":\"en-US\",\"potentialAction\":[{\"@type\":\"CommentAction\",\"name\":\"Comment\",\"target\":[\"https:\\\/\\\/www.letsportsrock.com\\\/?p=26942#respond\"]}]},{\"@type\":\"WebPage\",\"@id\":\"https:\\\/\\\/www.letsportsrock.com\\\/?p=26942\",\"url\":\"https:\\\/\\\/www.letsportsrock.com\\\/?p=26942\",\"name\":\"FCSB a anun\u021bat echipa de start pentru derby-ul \u00eempotriva...\",\"isPartOf\":{\"@id\":\"https:\\\/\\\/www.letsportsrock.com\\\/#website\"},\"primaryImageOfPage\":{\"@id\":\"https:\\\/\\\/www.letsportsrock.com\\\/?p=26942#primaryimage\"},\"image\":{\"@id\":\"https:\\\/\\\/www.letsportsrock.com\\\/?p=26942#primaryimage\"},\"thumbnailUrl\":\"https:\\\/\\\/www.letsportsrock.com\\\/wp-content\\\/uploads\\\/2025\\\/03\\\/PWMzOTcxYjk3MDY5MDlkMDZmNzY1ZjE2YjJkZGJiOTEx.thumb_.jpg\",\"datePublished\":\"2025-03-04T01:12:58+00:00\",\"author\":{\"@id\":\"https:\\\/\\\/www.letsportsrock.com\\\/#\\\/schema\\\/person\\\/97aa0f336f5a3ca15a8ec7d78846f045\"},\"description\":\"FCSB a anun\u021bat echipa de start pentru derby-ul \u00eempotriva Rapidului, programat duminic\u0103, 2 martie 2025, de la ora 20:00, pe Arena.......\",\"breadcrumb\":{\"@id\":\"https:\\\/\\\/www.letsportsrock.com\\\/?p=26942#breadcrumb\"},\"inLanguage\":\"en-US\",\"potentialAction\":[{\"@type\":\"ReadAction\",\"target\":[\"https:\\\/\\\/www.letsportsrock.com\\\/?p=26942\"]}]},{\"@type\":\"ImageObject\",\"inLanguage\":\"en-US\",\"@id\":\"https:\\\/\\\/www.letsportsrock.com\\\/?p=26942#primaryimage\",\"url\":\"https:\\\/\\\/www.letsportsrock.com\\\/wp-content\\\/uploads\\\/2025\\\/03\\\/PWMzOTcxYjk3MDY5MDlkMDZmNzY1ZjE2YjJkZGJiOTEx.thumb_.jpg\",\"contentUrl\":\"https:\\\/\\\/www.letsportsrock.com\\\/wp-content\\\/uploads\\\/2025\\\/03\\\/PWMzOTcxYjk3MDY5MDlkMDZmNzY1ZjE2YjJkZGJiOTEx.thumb_.jpg\",\"width\":700,\"height\":420},{\"@type\":\"BreadcrumbList\",\"@id\":\"https:\\\/\\\/www.letsportsrock.com\\\/?p=26942#breadcrumb\",\"itemListElement\":[{\"@type\":\"ListItem\",\"position\":1,\"name\":\"Home\",\"item\":\"https:\\\/\\\/www.letsportsrock.com\\\/\"},{\"@type\":\"ListItem\",\"position\":2,\"name\":\"FCSB a anun\u021bat echipa de start pentru derby-ul \u00eempotriva Rapidului, programat duminic\u0103, 2 martie 2025, de la ora 20:00, pe Arena&#8230;&#8230;.\"}]},{\"@type\":\"WebSite\",\"@id\":\"https:\\\/\\\/www.letsportsrock.com\\\/#website\",\"url\":\"https:\\\/\\\/www.letsportsrock.com\\\/\",\"name\":\"letsportsrock\",\"description\":\"Sport News and Updates\",\"potentialAction\":[{\"@type\":\"SearchAction\",\"target\":{\"@type\":\"EntryPoint\",\"urlTemplate\":\"https:\\\/\\\/www.letsportsrock.com\\\/?s={search_term_string}\"},\"query-input\":{\"@type\":\"PropertyValueSpecification\",\"valueRequired\":true,\"valueName\":\"search_term_string\"}}],\"inLanguage\":\"en-US\"},{\"@type\":\"Person\",\"@id\":\"https:\\\/\\\/www.letsportsrock.com\\\/#\\\/schema\\\/person\\\/97aa0f336f5a3ca15a8ec7d78846f045\",\"name\":\"Paul Hembaor\",\"image\":{\"@type\":\"ImageObject\",\"inLanguage\":\"en-US\",\"@id\":\"https:\\\/\\\/secure.gravatar.com\\\/avatar\\\/0574929a03c152e8ea7939c31311f9ea2fe2e06139cd71e2d6e698c217219d60?s=96&d=mm&r=g\",\"url\":\"https:\\\/\\\/secure.gravatar.com\\\/avatar\\\/0574929a03c152e8ea7939c31311f9ea2fe2e06139cd71e2d6e698c217219d60?s=96&d=mm&r=g\",\"contentUrl\":\"https:\\\/\\\/secure.gravatar.com\\\/avatar\\\/0574929a03c152e8ea7939c31311f9ea2fe2e06139cd71e2d6e698c217219d60?s=96&d=mm&r=g\",\"caption\":\"Paul Hembaor\"},\"sameAs\":[\"https:\\\/\\\/www.letsportsrock.com\\\/wp-admin\\\/\"],\"url\":\"https:\\\/\\\/www.letsportsrock.com\\\/?author=9\"}]}<\/script>\n<!-- \/ Yoast SEO plugin. -->","yoast_head_json":{"title":"FCSB a anun\u021bat echipa de start pentru derby-ul \u00eempotriva...","description":"FCSB a anun\u021bat echipa de start pentru derby-ul \u00eempotriva Rapidului, programat duminic\u0103, 2 martie 2025, de la ora 20:00, pe Arena.......","robots":{"index":"index","follow":"follow","max-snippet":"max-snippet:-1","max-image-preview":"max-image-preview:large","max-video-preview":"max-video-preview:-1"},"canonical":"https:\/\/www.letsportsrock.com\/?p=26942","og_locale":"en_US","og_type":"article","og_title":"FCSB a anun\u021bat echipa de start pentru derby-ul \u00eempotriva...","og_description":"FCSB a anun\u021bat echipa de start pentru derby-ul \u00eempotriva Rapidului, programat duminic\u0103, 2 martie 2025, de la ora 20:00, pe Arena.......","og_url":"https:\/\/www.letsportsrock.com\/?p=26942","og_site_name":"letsportsrock","article_published_time":"2025-03-04T01:12:58+00:00","og_image":[{"width":700,"height":420,"url":"https:\/\/www.letsportsrock.com\/wp-content\/uploads\/2025\/03\/PWMzOTcxYjk3MDY5MDlkMDZmNzY1ZjE2YjJkZGJiOTEx.thumb_.jpg","type":"image\/jpeg"}],"author":"Paul Hembaor","twitter_card":"summary_large_image","twitter_misc":{"Written by":"Paul Hembaor","Est. reading time":"2 minutes"},"schema":{"@context":"https:\/\/schema.org","@graph":[{"@type":"Article","@id":"https:\/\/www.letsportsrock.com\/?p=26942#article","isPartOf":{"@id":"https:\/\/www.letsportsrock.com\/?p=26942"},"author":{"name":"Paul Hembaor","@id":"https:\/\/www.letsportsrock.com\/#\/schema\/person\/97aa0f336f5a3ca15a8ec7d78846f045"},"headline":"FCSB a anun\u021bat echipa de start pentru derby-ul \u00eempotriva Rapidului, programat duminic\u0103, 2 martie 2025, de la ora 20:00, pe Arena&#8230;&#8230;.","datePublished":"2025-03-04T01:12:58+00:00","mainEntityOfPage":{"@id":"https:\/\/www.letsportsrock.com\/?p=26942"},"wordCount":273,"commentCount":0,"image":{"@id":"https:\/\/www.letsportsrock.com\/?p=26942#primaryimage"},"thumbnailUrl":"https:\/\/www.letsportsrock.com\/wp-content\/uploads\/2025\/03\/PWMzOTcxYjk3MDY5MDlkMDZmNzY1ZjE2YjJkZGJiOTEx.thumb_.jpg","keywords":["FCSB"],"articleSection":["FCSB"],"inLanguage":"en-US","potentialAction":[{"@type":"CommentAction","name":"Comment","target":["https:\/\/www.letsportsrock.com\/?p=26942#respond"]}]},{"@type":"WebPage","@id":"https:\/\/www.letsportsrock.com\/?p=26942","url":"https:\/\/www.letsportsrock.com\/?p=26942","name":"FCSB a anun\u021bat echipa de start pentru derby-ul \u00eempotriva...","isPartOf":{"@id":"https:\/\/www.letsportsrock.com\/#website"},"primaryImageOfPage":{"@id":"https:\/\/www.letsportsrock.com\/?p=26942#primaryimage"},"image":{"@id":"https:\/\/www.letsportsrock.com\/?p=26942#primaryimage"},"thumbnailUrl":"https:\/\/www.letsportsrock.com\/wp-content\/uploads\/2025\/03\/PWMzOTcxYjk3MDY5MDlkMDZmNzY1ZjE2YjJkZGJiOTEx.thumb_.jpg","datePublished":"2025-03-04T01:12:58+00:00","author":{"@id":"https:\/\/www.letsportsrock.com\/#\/schema\/person\/97aa0f336f5a3ca15a8ec7d78846f045"},"description":"FCSB a anun\u021bat echipa de start pentru derby-ul \u00eempotriva Rapidului, programat duminic\u0103, 2 martie 2025, de la ora 20:00, pe Arena.......","breadcrumb":{"@id":"https:\/\/www.letsportsrock.com\/?p=26942#breadcrumb"},"inLanguage":"en-US","potentialAction":[{"@type":"ReadAction","target":["https:\/\/www.letsportsrock.com\/?p=26942"]}]},{"@type":"ImageObject","inLanguage":"en-US","@id":"https:\/\/www.letsportsrock.com\/?p=26942#primaryimage","url":"https:\/\/www.letsportsrock.com\/wp-content\/uploads\/2025\/03\/PWMzOTcxYjk3MDY5MDlkMDZmNzY1ZjE2YjJkZGJiOTEx.thumb_.jpg","contentUrl":"https:\/\/www.letsportsrock.com\/wp-content\/uploads\/2025\/03\/PWMzOTcxYjk3MDY5MDlkMDZmNzY1ZjE2YjJkZGJiOTEx.thumb_.jpg","width":700,"height":420},{"@type":"BreadcrumbList","@id":"https:\/\/www.letsportsrock.com\/?p=26942#breadcrumb","itemListElement":[{"@type":"ListItem","position":1,"name":"Home","item":"https:\/\/www.letsportsrock.com\/"},{"@type":"ListItem","position":2,"name":"FCSB a anun\u021bat echipa de start pentru derby-ul \u00eempotriva Rapidului, programat duminic\u0103, 2 martie 2025, de la ora 20:00, pe Arena&#8230;&#8230;."}]},{"@type":"WebSite","@id":"https:\/\/www.letsportsrock.com\/#website","url":"https:\/\/www.letsportsrock.com\/","name":"letsportsrock","description":"Sport News and Updates","potentialAction":[{"@type":"SearchAction","target":{"@type":"EntryPoint","urlTemplate":"https:\/\/www.letsportsrock.com\/?s={search_term_string}"},"query-input":{"@type":"PropertyValueSpecification","valueRequired":true,"valueName":"search_term_string"}}],"inLanguage":"en-US"},{"@type":"Person","@id":"https:\/\/www.letsportsrock.com\/#\/schema\/person\/97aa0f336f5a3ca15a8ec7d78846f045","name":"Paul Hembaor","image":{"@type":"ImageObject","inLanguage":"en-US","@id":"https:\/\/secure.gravatar.com\/avatar\/0574929a03c152e8ea7939c31311f9ea2fe2e06139cd71e2d6e698c217219d60?s=96&d=mm&r=g","url":"https:\/\/secure.gravatar.com\/avatar\/0574929a03c152e8ea7939c31311f9ea2fe2e06139cd71e2d6e698c217219d60?s=96&d=mm&r=g","contentUrl":"https:\/\/secure.gravatar.com\/avatar\/0574929a03c152e8ea7939c31311f9ea2fe2e06139cd71e2d6e698c217219d60?s=96&d=mm&r=g","caption":"Paul Hembaor"},"sameAs":["https:\/\/www.letsportsrock.com\/wp-admin\/"],"url":"https:\/\/www.letsportsrock.com\/?author=9"}]}},"jetpack_featured_media_url":"https:\/\/www.letsportsrock.com\/wp-content\/uploads\/2025\/03\/PWMzOTcxYjk3MDY5MDlkMDZmNzY1ZjE2YjJkZGJiOTEx.thumb_.jpg","jetpack_sharing_enabled":true,"_links":{"self":[{"href":"https:\/\/www.letsportsrock.com\/index.php?rest_route=\/wp\/v2\/posts\/26942","targetHints":{"allow":["GET"]}}],"collection":[{"href":"https:\/\/www.letsportsrock.com\/index.php?rest_route=\/wp\/v2\/posts"}],"about":[{"href":"https:\/\/www.letsportsrock.com\/index.php?rest_route=\/wp\/v2\/types\/post"}],"author":[{"embeddable":true,"href":"https:\/\/www.letsportsrock.com\/index.php?rest_route=\/wp\/v2\/users\/9"}],"replies":[{"embeddable":true,"href":"https:\/\/www.letsportsrock.com\/index.php?rest_route=%2Fwp%2Fv2%2Fcomments&post=26942"}],"version-history":[{"count":1,"href":"https:\/\/www.letsportsrock.com\/index.php?rest_route=\/wp\/v2\/posts\/26942\/revisions"}],"predecessor-version":[{"id":26945,"href":"https:\/\/www.letsportsrock.com\/index.php?rest_route=\/wp\/v2\/posts\/26942\/revisions\/26945"}],"wp:featuredmedia":[{"embeddable":true,"href":"https:\/\/www.letsportsrock.com\/index.php?rest_route=\/wp\/v2\/media\/26943"}],"wp:attachment":[{"href":"https:\/\/www.letsportsrock.com\/index.php?rest_route=%2Fwp%2Fv2%2Fmedia&parent=26942"}],"wp:term":[{"taxonomy":"category","embeddable":true,"href":"https:\/\/www.letsportsrock.com\/index.php?rest_route=%2Fwp%2Fv2%2Fcategories&post=26942"},{"taxonomy":"post_tag","embeddable":true,"href":"https:\/\/www.letsportsrock.com\/index.php?rest_route=%2Fwp%2Fv2%2Ftags&post=26942"}],"curies":[{"name":"wp","href":"https:\/\/api.w.org\/{rel}","templated":true}]}}