{"id":26951,"date":"2025-03-04T01:31:16","date_gmt":"2025-03-04T01:31:16","guid":{"rendered":"https:\/\/www.letsportsrock.com\/?p=26951"},"modified":"2025-03-04T01:31:16","modified_gmt":"2025-03-04T01:31:16","slug":"nu-ma-voi-intoarce-la-fc-dinamo-bucuresti-un-alt-star-al-dinamovistilor-a-anuntat-oficial-ca-nu-va-reveni-pentru-sezonul-2025-3","status":"publish","type":"post","link":"https:\/\/www.letsportsrock.com\/?p=26951","title":{"rendered":"\u201eNu m\u0103 voi \u00eentoarce la FC Dinamo Bucure\u0219ti\u201d \u2013 Un alt star al dinamovi\u0219tilor a anun\u021bat oficial c\u0103 nu va reveni pentru sezonul 2025&#8230;"},"content":{"rendered":"<div class=\"d79db4796efc26332eabfc3f5dafbc76\" data-index=\"1\" style=\"float: none; margin:10px 0 10px 0; text-align:center;\">\n<div class=\"hb-ad-inarticle\">\r\n    <div class=\"hb-ad-inner\"> \r\n    <div class=\"hbagency_cls\"  id=\"hbagency_space_111930\"><\/div><\/div> <\/div>\n<\/div>\n<p>\u201eNu m\u0103 voi \u00eentoarce la FC Dinamo Bucure\u0219ti\u201d \u2013 Un alt star al dinamovi\u0219tilor a anun\u021bat oficial c\u0103 nu va reveni pentru sezonul 2025&#8230;<\/p>\n<p>&nbsp;<\/p>\n<p>\u00cen ultimele luni, mai mul\u021bi juc\u0103tori importan\u021bi ai echipei Dinamo Bucure\u0219ti au anun\u021bat c\u0103 nu vor reveni pentru sezonul 2025. Un exemplu notabil este funda\u0219ul central Josue Homawoo, \u00een v\u00e2rst\u0103 de 27 de ani, care \u0219i-a exprimat dorin\u021ba de a p\u0103r\u0103si clubul dup\u0103 ce a primit o ofert\u0103 financiar\u0103 avantajoas\u0103 din Turcia. Antrenorul Zeljko Kopic a confirmat situa\u021bia, men\u021bion\u00e2nd c\u0103 Homawoo \u0219i-a manifestat inten\u021bia de a pleca \u00eenc\u0103 din cantonamentul din Turcia, iar clubul \u00eencearc\u0103 s\u0103 gestioneze aceast\u0103 situa\u021bie delicat\u0103.<\/p>\n<p><img loading=\"lazy\" decoding=\"async\" class=\"alignnone size-medium wp-image-26953\" src=\"https:\/\/www.letsportsrock.com\/wp-content\/uploads\/2025\/03\/images-24-300x200.jpeg\" alt=\"\" width=\"300\" height=\"200\" srcset=\"https:\/\/www.letsportsrock.com\/wp-content\/uploads\/2025\/03\/images-24-300x200.jpeg 300w, https:\/\/www.letsportsrock.com\/wp-content\/uploads\/2025\/03\/images-24.jpeg 678w\" sizes=\"auto, (max-width: 300px) 100vw, 300px\" \/><\/p>\n<p>De asemenea, Ricardo Grigore, un alt juc\u0103tor format la academia lui Dinamo, a p\u0103r\u0103sit echipa \u00een vara anului 2024 pentru a semna un contract pe un an cu forma\u021bia spaniol\u0103 CD Eldense din Segunda Divisi\u00f3n. Cu toate acestea, Grigore a fost eliberat din contract \u00een februarie 2025, ceea ce sugereaz\u0103 c\u0103 nu va reveni la Dinamo pentru sezonul urm\u0103tor.<\/p>\n<p>&nbsp;<\/p>\n<p>\u00cen plus, clubul se confrunt\u0103 cu posibile plec\u0103ri ale altor juc\u0103tori cheie, precum Astrit Selmani, Eddy Gnahore \u0219i Hakim Abdallah, ale c\u0103ror contracte expir\u0103 \u00een var\u0103. Aceast\u0103 situa\u021bie ridic\u0103 \u00eengrijor\u0103ri privind stabilitatea \u0219i competitivitatea echipei \u00een sezonul 2025.<\/p>\n<p>&nbsp;<\/p>\n<p>Aceste plec\u0103ri subliniaz\u0103 provoc\u0103rile pe care Dinamo Bucure\u0219ti le va \u00eent\u00e2mpina \u00een men\u021binerea unui lot competitiv pentru sezonul viitor, fiind necesare strategii eficiente de transferuri \u0219i reten\u021bie a juc\u0103torilor pentru a asigura performan\u021be solide \u00een competi\u021biile viitorul.<\/p>\n\n<div style=\"font-size: 0px; height: 0px; line-height: 0px; margin: 0; padding: 0; clear: both;\"><\/div>","protected":false},"excerpt":{"rendered":"<p>\u201eNu m\u0103 voi \u00eentoarce la FC Dinamo Bucure\u0219ti\u201d \u2013 Un alt star al dinamovi\u0219tilor a anun\u021bat oficial c\u0103 nu va reveni pentru sezonul 2025&#8230; &nbsp; \u00cen ultimele luni, mai mul\u021bi juc\u0103tori importan\u021bi ai echipei Dinamo Bucure\u0219ti au anun\u021bat c\u0103 nu vor reveni pentru sezonul 2025. Un exemplu notabil este funda\u0219ul central Josue Homawoo, \u00een v\u00e2rst\u0103 [&hellip;]<\/p>\n","protected":false},"author":9,"featured_media":26952,"comment_status":"open","ping_status":"open","sticky":false,"template":"","format":"standard","meta":{"_jetpack_memberships_contains_paid_content":false,"footnotes":""},"categories":[1],"tags":[419],"class_list":["post-26951","post","type-post","status-publish","format-standard","has-post-thumbnail","hentry","category-uncategorized","tag-fc-dinamo-bucuresti"],"yoast_head":"<!-- This site is optimized with the Yoast SEO plugin v27.5 - https:\/\/yoast.com\/product\/yoast-seo-wordpress\/ -->\n<title>\u201eNu m\u0103 voi \u00eentoarce la FC Dinamo Bucure\u0219ti\u201d \u2013 Un alt star al...<\/title>\n<meta name=\"description\" content=\"\u201eNu m\u0103 voi \u00eentoarce la FC Dinamo Bucure\u0219ti\u201d \u2013 Un alt star al dinamovi\u0219tilor a anun\u021bat oficial c\u0103 nu va reveni pentru sezonul 2025...\" \/>\n<meta name=\"robots\" content=\"index, follow, max-snippet:-1, max-image-preview:large, max-video-preview:-1\" \/>\n<link rel=\"canonical\" href=\"https:\/\/www.letsportsrock.com\/?p=26951\" \/>\n<meta property=\"og:locale\" content=\"en_US\" \/>\n<meta property=\"og:type\" content=\"article\" \/>\n<meta property=\"og:title\" content=\"\u201eNu m\u0103 voi \u00eentoarce la FC Dinamo Bucure\u0219ti\u201d \u2013 Un alt star al...\" \/>\n<meta property=\"og:description\" content=\"\u201eNu m\u0103 voi \u00eentoarce la FC Dinamo Bucure\u0219ti\u201d \u2013 Un alt star al dinamovi\u0219tilor a anun\u021bat oficial c\u0103 nu va reveni pentru sezonul 2025...\" \/>\n<meta property=\"og:url\" content=\"https:\/\/www.letsportsrock.com\/?p=26951\" \/>\n<meta property=\"og:site_name\" content=\"letsportsrock\" \/>\n<meta property=\"article:published_time\" content=\"2025-03-04T01:31:16+00:00\" \/>\n<meta property=\"og:image\" content=\"https:\/\/www.letsportsrock.com\/wp-content\/uploads\/2025\/03\/https___www.prosport.ro_wp-content_uploads_2025_03_Ianis-Stoica-anunt-despre-transferul-la-Dinamo-din-vara.-Ce-a-spus-chiar-dupa-meciul-cu-\u201ecainii-1400x1049-1.webp\" \/>\n\t<meta property=\"og:image:width\" content=\"1280\" \/>\n\t<meta property=\"og:image:height\" content=\"720\" \/>\n\t<meta property=\"og:image:type\" content=\"image\/webp\" \/>\n<meta name=\"author\" content=\"Paul Hembaor\" \/>\n<meta name=\"twitter:card\" content=\"summary_large_image\" \/>\n<meta name=\"twitter:label1\" content=\"Written by\" \/>\n\t<meta name=\"twitter:data1\" content=\"Paul Hembaor\" \/>\n\t<meta name=\"twitter:label2\" content=\"Est. reading time\" \/>\n\t<meta name=\"twitter:data2\" content=\"2 minutes\" \/>\n<script type=\"application\/ld+json\" class=\"yoast-schema-graph\">{\"@context\":\"https:\\\/\\\/schema.org\",\"@graph\":[{\"@type\":\"Article\",\"@id\":\"https:\\\/\\\/www.letsportsrock.com\\\/?p=26951#article\",\"isPartOf\":{\"@id\":\"https:\\\/\\\/www.letsportsrock.com\\\/?p=26951\"},\"author\":{\"name\":\"Paul Hembaor\",\"@id\":\"https:\\\/\\\/www.letsportsrock.com\\\/#\\\/schema\\\/person\\\/97aa0f336f5a3ca15a8ec7d78846f045\"},\"headline\":\"\u201eNu m\u0103 voi \u00eentoarce la FC Dinamo Bucure\u0219ti\u201d \u2013 Un alt star al dinamovi\u0219tilor a anun\u021bat oficial c\u0103 nu va reveni pentru sezonul 2025&#8230;\",\"datePublished\":\"2025-03-04T01:31:16+00:00\",\"mainEntityOfPage\":{\"@id\":\"https:\\\/\\\/www.letsportsrock.com\\\/?p=26951\"},\"wordCount\":297,\"commentCount\":0,\"image\":{\"@id\":\"https:\\\/\\\/www.letsportsrock.com\\\/?p=26951#primaryimage\"},\"thumbnailUrl\":\"https:\\\/\\\/www.letsportsrock.com\\\/wp-content\\\/uploads\\\/2025\\\/03\\\/https___www.prosport.ro_wp-content_uploads_2025_03_Ianis-Stoica-anunt-despre-transferul-la-Dinamo-din-vara.-Ce-a-spus-chiar-dupa-meciul-cu-\u201ecainii-1400x1049-1.webp\",\"keywords\":[\"Fc Dinamo bucuresti\"],\"inLanguage\":\"en-US\",\"potentialAction\":[{\"@type\":\"CommentAction\",\"name\":\"Comment\",\"target\":[\"https:\\\/\\\/www.letsportsrock.com\\\/?p=26951#respond\"]}]},{\"@type\":\"WebPage\",\"@id\":\"https:\\\/\\\/www.letsportsrock.com\\\/?p=26951\",\"url\":\"https:\\\/\\\/www.letsportsrock.com\\\/?p=26951\",\"name\":\"\u201eNu m\u0103 voi \u00eentoarce la FC Dinamo Bucure\u0219ti\u201d \u2013 Un alt star al...\",\"isPartOf\":{\"@id\":\"https:\\\/\\\/www.letsportsrock.com\\\/#website\"},\"primaryImageOfPage\":{\"@id\":\"https:\\\/\\\/www.letsportsrock.com\\\/?p=26951#primaryimage\"},\"image\":{\"@id\":\"https:\\\/\\\/www.letsportsrock.com\\\/?p=26951#primaryimage\"},\"thumbnailUrl\":\"https:\\\/\\\/www.letsportsrock.com\\\/wp-content\\\/uploads\\\/2025\\\/03\\\/https___www.prosport.ro_wp-content_uploads_2025_03_Ianis-Stoica-anunt-despre-transferul-la-Dinamo-din-vara.-Ce-a-spus-chiar-dupa-meciul-cu-\u201ecainii-1400x1049-1.webp\",\"datePublished\":\"2025-03-04T01:31:16+00:00\",\"author\":{\"@id\":\"https:\\\/\\\/www.letsportsrock.com\\\/#\\\/schema\\\/person\\\/97aa0f336f5a3ca15a8ec7d78846f045\"},\"description\":\"\u201eNu m\u0103 voi \u00eentoarce la FC Dinamo Bucure\u0219ti\u201d \u2013 Un alt star al dinamovi\u0219tilor a anun\u021bat oficial c\u0103 nu va reveni pentru sezonul 2025...\",\"breadcrumb\":{\"@id\":\"https:\\\/\\\/www.letsportsrock.com\\\/?p=26951#breadcrumb\"},\"inLanguage\":\"en-US\",\"potentialAction\":[{\"@type\":\"ReadAction\",\"target\":[\"https:\\\/\\\/www.letsportsrock.com\\\/?p=26951\"]}]},{\"@type\":\"ImageObject\",\"inLanguage\":\"en-US\",\"@id\":\"https:\\\/\\\/www.letsportsrock.com\\\/?p=26951#primaryimage\",\"url\":\"https:\\\/\\\/www.letsportsrock.com\\\/wp-content\\\/uploads\\\/2025\\\/03\\\/https___www.prosport.ro_wp-content_uploads_2025_03_Ianis-Stoica-anunt-despre-transferul-la-Dinamo-din-vara.-Ce-a-spus-chiar-dupa-meciul-cu-\u201ecainii-1400x1049-1.webp\",\"contentUrl\":\"https:\\\/\\\/www.letsportsrock.com\\\/wp-content\\\/uploads\\\/2025\\\/03\\\/https___www.prosport.ro_wp-content_uploads_2025_03_Ianis-Stoica-anunt-despre-transferul-la-Dinamo-din-vara.-Ce-a-spus-chiar-dupa-meciul-cu-\u201ecainii-1400x1049-1.webp\",\"width\":1280,\"height\":720},{\"@type\":\"BreadcrumbList\",\"@id\":\"https:\\\/\\\/www.letsportsrock.com\\\/?p=26951#breadcrumb\",\"itemListElement\":[{\"@type\":\"ListItem\",\"position\":1,\"name\":\"Home\",\"item\":\"https:\\\/\\\/www.letsportsrock.com\\\/\"},{\"@type\":\"ListItem\",\"position\":2,\"name\":\"\u201eNu m\u0103 voi \u00eentoarce la FC Dinamo Bucure\u0219ti\u201d \u2013 Un alt star al dinamovi\u0219tilor a anun\u021bat oficial c\u0103 nu va reveni pentru sezonul 2025&#8230;\"}]},{\"@type\":\"WebSite\",\"@id\":\"https:\\\/\\\/www.letsportsrock.com\\\/#website\",\"url\":\"https:\\\/\\\/www.letsportsrock.com\\\/\",\"name\":\"letsportsrock\",\"description\":\"Sport News and Updates\",\"potentialAction\":[{\"@type\":\"SearchAction\",\"target\":{\"@type\":\"EntryPoint\",\"urlTemplate\":\"https:\\\/\\\/www.letsportsrock.com\\\/?s={search_term_string}\"},\"query-input\":{\"@type\":\"PropertyValueSpecification\",\"valueRequired\":true,\"valueName\":\"search_term_string\"}}],\"inLanguage\":\"en-US\"},{\"@type\":\"Person\",\"@id\":\"https:\\\/\\\/www.letsportsrock.com\\\/#\\\/schema\\\/person\\\/97aa0f336f5a3ca15a8ec7d78846f045\",\"name\":\"Paul Hembaor\",\"image\":{\"@type\":\"ImageObject\",\"inLanguage\":\"en-US\",\"@id\":\"https:\\\/\\\/secure.gravatar.com\\\/avatar\\\/0574929a03c152e8ea7939c31311f9ea2fe2e06139cd71e2d6e698c217219d60?s=96&d=mm&r=g\",\"url\":\"https:\\\/\\\/secure.gravatar.com\\\/avatar\\\/0574929a03c152e8ea7939c31311f9ea2fe2e06139cd71e2d6e698c217219d60?s=96&d=mm&r=g\",\"contentUrl\":\"https:\\\/\\\/secure.gravatar.com\\\/avatar\\\/0574929a03c152e8ea7939c31311f9ea2fe2e06139cd71e2d6e698c217219d60?s=96&d=mm&r=g\",\"caption\":\"Paul Hembaor\"},\"sameAs\":[\"https:\\\/\\\/www.letsportsrock.com\\\/wp-admin\\\/\"],\"url\":\"https:\\\/\\\/www.letsportsrock.com\\\/?author=9\"}]}<\/script>\n<!-- \/ Yoast SEO plugin. -->","yoast_head_json":{"title":"\u201eNu m\u0103 voi \u00eentoarce la FC Dinamo Bucure\u0219ti\u201d \u2013 Un alt star al...","description":"\u201eNu m\u0103 voi \u00eentoarce la FC Dinamo Bucure\u0219ti\u201d \u2013 Un alt star al dinamovi\u0219tilor a anun\u021bat oficial c\u0103 nu va reveni pentru sezonul 2025...","robots":{"index":"index","follow":"follow","max-snippet":"max-snippet:-1","max-image-preview":"max-image-preview:large","max-video-preview":"max-video-preview:-1"},"canonical":"https:\/\/www.letsportsrock.com\/?p=26951","og_locale":"en_US","og_type":"article","og_title":"\u201eNu m\u0103 voi \u00eentoarce la FC Dinamo Bucure\u0219ti\u201d \u2013 Un alt star al...","og_description":"\u201eNu m\u0103 voi \u00eentoarce la FC Dinamo Bucure\u0219ti\u201d \u2013 Un alt star al dinamovi\u0219tilor a anun\u021bat oficial c\u0103 nu va reveni pentru sezonul 2025...","og_url":"https:\/\/www.letsportsrock.com\/?p=26951","og_site_name":"letsportsrock","article_published_time":"2025-03-04T01:31:16+00:00","og_image":[{"width":1280,"height":720,"url":"https:\/\/www.letsportsrock.com\/wp-content\/uploads\/2025\/03\/https___www.prosport.ro_wp-content_uploads_2025_03_Ianis-Stoica-anunt-despre-transferul-la-Dinamo-din-vara.-Ce-a-spus-chiar-dupa-meciul-cu-\u201ecainii-1400x1049-1.webp","type":"image\/webp"}],"author":"Paul Hembaor","twitter_card":"summary_large_image","twitter_misc":{"Written by":"Paul Hembaor","Est. reading time":"2 minutes"},"schema":{"@context":"https:\/\/schema.org","@graph":[{"@type":"Article","@id":"https:\/\/www.letsportsrock.com\/?p=26951#article","isPartOf":{"@id":"https:\/\/www.letsportsrock.com\/?p=26951"},"author":{"name":"Paul Hembaor","@id":"https:\/\/www.letsportsrock.com\/#\/schema\/person\/97aa0f336f5a3ca15a8ec7d78846f045"},"headline":"\u201eNu m\u0103 voi \u00eentoarce la FC Dinamo Bucure\u0219ti\u201d \u2013 Un alt star al dinamovi\u0219tilor a anun\u021bat oficial c\u0103 nu va reveni pentru sezonul 2025&#8230;","datePublished":"2025-03-04T01:31:16+00:00","mainEntityOfPage":{"@id":"https:\/\/www.letsportsrock.com\/?p=26951"},"wordCount":297,"commentCount":0,"image":{"@id":"https:\/\/www.letsportsrock.com\/?p=26951#primaryimage"},"thumbnailUrl":"https:\/\/www.letsportsrock.com\/wp-content\/uploads\/2025\/03\/https___www.prosport.ro_wp-content_uploads_2025_03_Ianis-Stoica-anunt-despre-transferul-la-Dinamo-din-vara.-Ce-a-spus-chiar-dupa-meciul-cu-\u201ecainii-1400x1049-1.webp","keywords":["Fc Dinamo bucuresti"],"inLanguage":"en-US","potentialAction":[{"@type":"CommentAction","name":"Comment","target":["https:\/\/www.letsportsrock.com\/?p=26951#respond"]}]},{"@type":"WebPage","@id":"https:\/\/www.letsportsrock.com\/?p=26951","url":"https:\/\/www.letsportsrock.com\/?p=26951","name":"\u201eNu m\u0103 voi \u00eentoarce la FC Dinamo Bucure\u0219ti\u201d \u2013 Un alt star al...","isPartOf":{"@id":"https:\/\/www.letsportsrock.com\/#website"},"primaryImageOfPage":{"@id":"https:\/\/www.letsportsrock.com\/?p=26951#primaryimage"},"image":{"@id":"https:\/\/www.letsportsrock.com\/?p=26951#primaryimage"},"thumbnailUrl":"https:\/\/www.letsportsrock.com\/wp-content\/uploads\/2025\/03\/https___www.prosport.ro_wp-content_uploads_2025_03_Ianis-Stoica-anunt-despre-transferul-la-Dinamo-din-vara.-Ce-a-spus-chiar-dupa-meciul-cu-\u201ecainii-1400x1049-1.webp","datePublished":"2025-03-04T01:31:16+00:00","author":{"@id":"https:\/\/www.letsportsrock.com\/#\/schema\/person\/97aa0f336f5a3ca15a8ec7d78846f045"},"description":"\u201eNu m\u0103 voi \u00eentoarce la FC Dinamo Bucure\u0219ti\u201d \u2013 Un alt star al dinamovi\u0219tilor a anun\u021bat oficial c\u0103 nu va reveni pentru sezonul 2025...","breadcrumb":{"@id":"https:\/\/www.letsportsrock.com\/?p=26951#breadcrumb"},"inLanguage":"en-US","potentialAction":[{"@type":"ReadAction","target":["https:\/\/www.letsportsrock.com\/?p=26951"]}]},{"@type":"ImageObject","inLanguage":"en-US","@id":"https:\/\/www.letsportsrock.com\/?p=26951#primaryimage","url":"https:\/\/www.letsportsrock.com\/wp-content\/uploads\/2025\/03\/https___www.prosport.ro_wp-content_uploads_2025_03_Ianis-Stoica-anunt-despre-transferul-la-Dinamo-din-vara.-Ce-a-spus-chiar-dupa-meciul-cu-\u201ecainii-1400x1049-1.webp","contentUrl":"https:\/\/www.letsportsrock.com\/wp-content\/uploads\/2025\/03\/https___www.prosport.ro_wp-content_uploads_2025_03_Ianis-Stoica-anunt-despre-transferul-la-Dinamo-din-vara.-Ce-a-spus-chiar-dupa-meciul-cu-\u201ecainii-1400x1049-1.webp","width":1280,"height":720},{"@type":"BreadcrumbList","@id":"https:\/\/www.letsportsrock.com\/?p=26951#breadcrumb","itemListElement":[{"@type":"ListItem","position":1,"name":"Home","item":"https:\/\/www.letsportsrock.com\/"},{"@type":"ListItem","position":2,"name":"\u201eNu m\u0103 voi \u00eentoarce la FC Dinamo Bucure\u0219ti\u201d \u2013 Un alt star al dinamovi\u0219tilor a anun\u021bat oficial c\u0103 nu va reveni pentru sezonul 2025&#8230;"}]},{"@type":"WebSite","@id":"https:\/\/www.letsportsrock.com\/#website","url":"https:\/\/www.letsportsrock.com\/","name":"letsportsrock","description":"Sport News and Updates","potentialAction":[{"@type":"SearchAction","target":{"@type":"EntryPoint","urlTemplate":"https:\/\/www.letsportsrock.com\/?s={search_term_string}"},"query-input":{"@type":"PropertyValueSpecification","valueRequired":true,"valueName":"search_term_string"}}],"inLanguage":"en-US"},{"@type":"Person","@id":"https:\/\/www.letsportsrock.com\/#\/schema\/person\/97aa0f336f5a3ca15a8ec7d78846f045","name":"Paul Hembaor","image":{"@type":"ImageObject","inLanguage":"en-US","@id":"https:\/\/secure.gravatar.com\/avatar\/0574929a03c152e8ea7939c31311f9ea2fe2e06139cd71e2d6e698c217219d60?s=96&d=mm&r=g","url":"https:\/\/secure.gravatar.com\/avatar\/0574929a03c152e8ea7939c31311f9ea2fe2e06139cd71e2d6e698c217219d60?s=96&d=mm&r=g","contentUrl":"https:\/\/secure.gravatar.com\/avatar\/0574929a03c152e8ea7939c31311f9ea2fe2e06139cd71e2d6e698c217219d60?s=96&d=mm&r=g","caption":"Paul Hembaor"},"sameAs":["https:\/\/www.letsportsrock.com\/wp-admin\/"],"url":"https:\/\/www.letsportsrock.com\/?author=9"}]}},"jetpack_featured_media_url":"https:\/\/www.letsportsrock.com\/wp-content\/uploads\/2025\/03\/https___www.prosport.ro_wp-content_uploads_2025_03_Ianis-Stoica-anunt-despre-transferul-la-Dinamo-din-vara.-Ce-a-spus-chiar-dupa-meciul-cu-\u201ecainii-1400x1049-1.webp","jetpack_sharing_enabled":true,"_links":{"self":[{"href":"https:\/\/www.letsportsrock.com\/index.php?rest_route=\/wp\/v2\/posts\/26951","targetHints":{"allow":["GET"]}}],"collection":[{"href":"https:\/\/www.letsportsrock.com\/index.php?rest_route=\/wp\/v2\/posts"}],"about":[{"href":"https:\/\/www.letsportsrock.com\/index.php?rest_route=\/wp\/v2\/types\/post"}],"author":[{"embeddable":true,"href":"https:\/\/www.letsportsrock.com\/index.php?rest_route=\/wp\/v2\/users\/9"}],"replies":[{"embeddable":true,"href":"https:\/\/www.letsportsrock.com\/index.php?rest_route=%2Fwp%2Fv2%2Fcomments&post=26951"}],"version-history":[{"count":1,"href":"https:\/\/www.letsportsrock.com\/index.php?rest_route=\/wp\/v2\/posts\/26951\/revisions"}],"predecessor-version":[{"id":26954,"href":"https:\/\/www.letsportsrock.com\/index.php?rest_route=\/wp\/v2\/posts\/26951\/revisions\/26954"}],"wp:featuredmedia":[{"embeddable":true,"href":"https:\/\/www.letsportsrock.com\/index.php?rest_route=\/wp\/v2\/media\/26952"}],"wp:attachment":[{"href":"https:\/\/www.letsportsrock.com\/index.php?rest_route=%2Fwp%2Fv2%2Fmedia&parent=26951"}],"wp:term":[{"taxonomy":"category","embeddable":true,"href":"https:\/\/www.letsportsrock.com\/index.php?rest_route=%2Fwp%2Fv2%2Fcategories&post=26951"},{"taxonomy":"post_tag","embeddable":true,"href":"https:\/\/www.letsportsrock.com\/index.php?rest_route=%2Fwp%2Fv2%2Ftags&post=26951"}],"curies":[{"name":"wp","href":"https:\/\/api.w.org\/{rel}","templated":true}]}}