{"id":26965,"date":"2025-03-04T01:44:49","date_gmt":"2025-03-04T01:44:49","guid":{"rendered":"https:\/\/www.letsportsrock.com\/?p=26965"},"modified":"2025-03-04T01:44:49","modified_gmt":"2025-03-04T01:44:49","slug":"dinamo-bucuresti-anunta-oficial-vanzarea-a-patru-jucatori-din-club-si-semnarea-a-doi-mijlocasi-talentati-de-la-fc-3","status":"publish","type":"post","link":"https:\/\/www.letsportsrock.com\/?p=26965","title":{"rendered":"Dinamo Bucure\u0219ti anun\u021b\u0103 oficial v\u00e2nzarea a patru juc\u0103tori din club \u0219i semnarea a doi mijloca\u0219i talenta\u021bi de la FC\u2026"},"content":{"rendered":"<div class=\"d79db4796efc26332eabfc3f5dafbc76\" data-index=\"1\" style=\"float: none; margin:10px 0 10px 0; text-align:center;\">\n<div class=\"hb-ad-inarticle\">\r\n    <div class=\"hb-ad-inner\"> \r\n    <div class=\"hbagency_cls\"  id=\"hbagency_space_111930\"><\/div><\/div> <\/div>\n<\/div>\n<p>Dinamo Bucure\u0219ti anun\u021b\u0103 oficial v\u00e2nzarea a patru juc\u0103tori din club \u0219i semnarea a doi mijloca\u0219i talenta\u021bi de la FC\u2026<\/p>\n<p>&nbsp;<\/p>\n<p>Dinamo Bucure\u0219ti a anun\u021bat oficial transferul a patru juc\u0103tori tineri c\u0103tre alte cluburi, sub form\u0103 de \u00eemprumut pentru sezonul competi\u021bional 2024-2025. Portarul Denis Oncescu (20 de ani) va evolua la FC Arge\u0219 \u00een Liga a II-a, funda\u0219ul dreapta David Irimia (18 ani) la FC Metaloglobus, tot \u00een Liga a II-a, iar funda\u0219ul st\u00e2nga Vlad Serafim (18 ani) \u0219i mijloca\u0219ul ofensiv Darius Gavril\u0103 (17 ani) vor juca pentru CS Tunari \u00een Liga a III-a.<\/p>\n<p><img loading=\"lazy\" decoding=\"async\" class=\"alignnone size-full wp-image-26967\" src=\"https:\/\/www.letsportsrock.com\/wp-content\/uploads\/2025\/03\/images-30.jpeg\" alt=\"\" width=\"290\" height=\"174\" \/><\/p>\n<p>\u00cen ceea ce prive\u0219te achizi\u021biile, Dinamo a \u00eencheiat recent transferurile mijloca\u0219ilor croat Domagoj Pavi\u010di\u0107 \u0219i francez Eddy Gnahor\u00e9, al\u0103turi de mijloca\u0219ul ofensiv moldovean Petru Neagu. De asemenea, clubul este \u00een discu\u021bii avansate pentru semnarea contractului cu atacantul bulgar Georgi Milanov, juc\u0103tor cu peste 40 de selec\u021bii \u00een echipa na\u021bional\u0103 a Bulgariei.<\/p>\n<p>&nbsp;<\/p>\n<p>Totodat\u0103, Dinamo a adoptat o nou\u0103 strategie de recrutare, orient\u00e2ndu-se c\u0103tre pia\u021ba african\u0103. Astfel, clubul a ajuns la un acord cu trei fotbali\u0219ti nigerieni de 18 ani, doi mijloca\u0219i de band\u0103 \u0219i un atacant, care au ajuns deja la Bucure\u0219ti \u0219i urmeaz\u0103 s\u0103 fie prezenta\u021bi oficial. Ace\u0219ti juc\u0103tori au fost selecta\u021bi \u00een urma unui turneu desf\u0103\u0219urat la \u00eenceputul anului 2024 \u00een Abuja, capitala Nigeriei.<\/p>\n<p>&nbsp;<\/p>\n<p>Aceste mut\u0103ri reflect\u0103 eforturile clubului de a-\u0219i \u00eent\u0103ri lotul \u0219i de a promova tineri talenta\u021bi, \u00een vederea \u00eembun\u0103t\u0103\u021birii performan\u021belor \u00een sezonul actual.<\/p>\n\n<div style=\"font-size: 0px; height: 0px; line-height: 0px; margin: 0; padding: 0; clear: both;\"><\/div>","protected":false},"excerpt":{"rendered":"<p>Dinamo Bucure\u0219ti anun\u021b\u0103 oficial v\u00e2nzarea a patru juc\u0103tori din club \u0219i semnarea a doi mijloca\u0219i talenta\u021bi de la FC\u2026 &nbsp; Dinamo Bucure\u0219ti a anun\u021bat oficial transferul a patru juc\u0103tori tineri c\u0103tre alte cluburi, sub form\u0103 de \u00eemprumut pentru sezonul competi\u021bional 2024-2025. Portarul Denis Oncescu (20 de ani) va evolua la FC Arge\u0219 \u00een Liga a [&hellip;]<\/p>\n","protected":false},"author":9,"featured_media":26966,"comment_status":"open","ping_status":"open","sticky":false,"template":"","format":"standard","meta":{"_jetpack_memberships_contains_paid_content":false,"footnotes":""},"categories":[1],"tags":[419],"class_list":["post-26965","post","type-post","status-publish","format-standard","has-post-thumbnail","hentry","category-uncategorized","tag-fc-dinamo-bucuresti"],"yoast_head":"<!-- This site is optimized with the Yoast SEO plugin v27.4 - https:\/\/yoast.com\/product\/yoast-seo-wordpress\/ -->\n<title>Dinamo Bucure\u0219ti anun\u021b\u0103 oficial v\u00e2nzarea a patru juc\u0103tori din...<\/title>\n<meta name=\"description\" content=\"Dinamo Bucure\u0219ti anun\u021b\u0103 oficial v\u00e2nzarea a patru juc\u0103tori din club \u0219i semnarea a doi mijloca\u0219i talenta\u021bi de la FC\u2026\" \/>\n<meta name=\"robots\" content=\"index, follow, max-snippet:-1, max-image-preview:large, max-video-preview:-1\" \/>\n<link rel=\"canonical\" href=\"https:\/\/www.letsportsrock.com\/?p=26965\" \/>\n<meta property=\"og:locale\" content=\"en_US\" \/>\n<meta property=\"og:type\" content=\"article\" \/>\n<meta property=\"og:title\" content=\"Dinamo Bucure\u0219ti anun\u021b\u0103 oficial v\u00e2nzarea a patru juc\u0103tori din...\" \/>\n<meta property=\"og:description\" content=\"Dinamo Bucure\u0219ti anun\u021b\u0103 oficial v\u00e2nzarea a patru juc\u0103tori din club \u0219i semnarea a doi mijloca\u0219i talenta\u021bi de la FC\u2026\" \/>\n<meta property=\"og:url\" content=\"https:\/\/www.letsportsrock.com\/?p=26965\" \/>\n<meta property=\"og:site_name\" content=\"letsportsrock\" \/>\n<meta property=\"article:published_time\" content=\"2025-03-04T01:44:49+00:00\" \/>\n<meta property=\"og:image\" content=\"https:\/\/www.letsportsrock.com\/wp-content\/uploads\/2025\/03\/images-29.jpeg\" \/>\n\t<meta property=\"og:image:width\" content=\"739\" \/>\n\t<meta property=\"og:image:height\" content=\"415\" \/>\n\t<meta property=\"og:image:type\" content=\"image\/jpeg\" \/>\n<meta name=\"author\" content=\"Paul Hembaor\" \/>\n<meta name=\"twitter:card\" content=\"summary_large_image\" \/>\n<meta name=\"twitter:label1\" content=\"Written by\" \/>\n\t<meta name=\"twitter:data1\" content=\"Paul Hembaor\" \/>\n\t<meta name=\"twitter:label2\" content=\"Est. reading time\" \/>\n\t<meta name=\"twitter:data2\" content=\"2 minutes\" \/>\n<script type=\"application\/ld+json\" class=\"yoast-schema-graph\">{\"@context\":\"https:\\\/\\\/schema.org\",\"@graph\":[{\"@type\":\"Article\",\"@id\":\"https:\\\/\\\/www.letsportsrock.com\\\/?p=26965#article\",\"isPartOf\":{\"@id\":\"https:\\\/\\\/www.letsportsrock.com\\\/?p=26965\"},\"author\":{\"name\":\"Paul Hembaor\",\"@id\":\"https:\\\/\\\/www.letsportsrock.com\\\/#\\\/schema\\\/person\\\/97aa0f336f5a3ca15a8ec7d78846f045\"},\"headline\":\"Dinamo Bucure\u0219ti anun\u021b\u0103 oficial v\u00e2nzarea a patru juc\u0103tori din club \u0219i semnarea a doi mijloca\u0219i talenta\u021bi de la FC\u2026\",\"datePublished\":\"2025-03-04T01:44:49+00:00\",\"mainEntityOfPage\":{\"@id\":\"https:\\\/\\\/www.letsportsrock.com\\\/?p=26965\"},\"wordCount\":291,\"commentCount\":0,\"image\":{\"@id\":\"https:\\\/\\\/www.letsportsrock.com\\\/?p=26965#primaryimage\"},\"thumbnailUrl\":\"https:\\\/\\\/www.letsportsrock.com\\\/wp-content\\\/uploads\\\/2025\\\/03\\\/images-29.jpeg\",\"keywords\":[\"Fc Dinamo bucuresti\"],\"inLanguage\":\"en-US\",\"potentialAction\":[{\"@type\":\"CommentAction\",\"name\":\"Comment\",\"target\":[\"https:\\\/\\\/www.letsportsrock.com\\\/?p=26965#respond\"]}]},{\"@type\":\"WebPage\",\"@id\":\"https:\\\/\\\/www.letsportsrock.com\\\/?p=26965\",\"url\":\"https:\\\/\\\/www.letsportsrock.com\\\/?p=26965\",\"name\":\"Dinamo Bucure\u0219ti anun\u021b\u0103 oficial v\u00e2nzarea a patru juc\u0103tori din...\",\"isPartOf\":{\"@id\":\"https:\\\/\\\/www.letsportsrock.com\\\/#website\"},\"primaryImageOfPage\":{\"@id\":\"https:\\\/\\\/www.letsportsrock.com\\\/?p=26965#primaryimage\"},\"image\":{\"@id\":\"https:\\\/\\\/www.letsportsrock.com\\\/?p=26965#primaryimage\"},\"thumbnailUrl\":\"https:\\\/\\\/www.letsportsrock.com\\\/wp-content\\\/uploads\\\/2025\\\/03\\\/images-29.jpeg\",\"datePublished\":\"2025-03-04T01:44:49+00:00\",\"author\":{\"@id\":\"https:\\\/\\\/www.letsportsrock.com\\\/#\\\/schema\\\/person\\\/97aa0f336f5a3ca15a8ec7d78846f045\"},\"description\":\"Dinamo Bucure\u0219ti anun\u021b\u0103 oficial v\u00e2nzarea a patru juc\u0103tori din club \u0219i semnarea a doi mijloca\u0219i talenta\u021bi de la FC\u2026\",\"breadcrumb\":{\"@id\":\"https:\\\/\\\/www.letsportsrock.com\\\/?p=26965#breadcrumb\"},\"inLanguage\":\"en-US\",\"potentialAction\":[{\"@type\":\"ReadAction\",\"target\":[\"https:\\\/\\\/www.letsportsrock.com\\\/?p=26965\"]}]},{\"@type\":\"ImageObject\",\"inLanguage\":\"en-US\",\"@id\":\"https:\\\/\\\/www.letsportsrock.com\\\/?p=26965#primaryimage\",\"url\":\"https:\\\/\\\/www.letsportsrock.com\\\/wp-content\\\/uploads\\\/2025\\\/03\\\/images-29.jpeg\",\"contentUrl\":\"https:\\\/\\\/www.letsportsrock.com\\\/wp-content\\\/uploads\\\/2025\\\/03\\\/images-29.jpeg\",\"width\":739,\"height\":415},{\"@type\":\"BreadcrumbList\",\"@id\":\"https:\\\/\\\/www.letsportsrock.com\\\/?p=26965#breadcrumb\",\"itemListElement\":[{\"@type\":\"ListItem\",\"position\":1,\"name\":\"Home\",\"item\":\"https:\\\/\\\/www.letsportsrock.com\\\/\"},{\"@type\":\"ListItem\",\"position\":2,\"name\":\"Dinamo Bucure\u0219ti anun\u021b\u0103 oficial v\u00e2nzarea a patru juc\u0103tori din club \u0219i semnarea a doi mijloca\u0219i talenta\u021bi de la FC\u2026\"}]},{\"@type\":\"WebSite\",\"@id\":\"https:\\\/\\\/www.letsportsrock.com\\\/#website\",\"url\":\"https:\\\/\\\/www.letsportsrock.com\\\/\",\"name\":\"letsportsrock\",\"description\":\"Sport News and Updates\",\"potentialAction\":[{\"@type\":\"SearchAction\",\"target\":{\"@type\":\"EntryPoint\",\"urlTemplate\":\"https:\\\/\\\/www.letsportsrock.com\\\/?s={search_term_string}\"},\"query-input\":{\"@type\":\"PropertyValueSpecification\",\"valueRequired\":true,\"valueName\":\"search_term_string\"}}],\"inLanguage\":\"en-US\"},{\"@type\":\"Person\",\"@id\":\"https:\\\/\\\/www.letsportsrock.com\\\/#\\\/schema\\\/person\\\/97aa0f336f5a3ca15a8ec7d78846f045\",\"name\":\"Paul Hembaor\",\"image\":{\"@type\":\"ImageObject\",\"inLanguage\":\"en-US\",\"@id\":\"https:\\\/\\\/secure.gravatar.com\\\/avatar\\\/0574929a03c152e8ea7939c31311f9ea2fe2e06139cd71e2d6e698c217219d60?s=96&d=mm&r=g\",\"url\":\"https:\\\/\\\/secure.gravatar.com\\\/avatar\\\/0574929a03c152e8ea7939c31311f9ea2fe2e06139cd71e2d6e698c217219d60?s=96&d=mm&r=g\",\"contentUrl\":\"https:\\\/\\\/secure.gravatar.com\\\/avatar\\\/0574929a03c152e8ea7939c31311f9ea2fe2e06139cd71e2d6e698c217219d60?s=96&d=mm&r=g\",\"caption\":\"Paul Hembaor\"},\"sameAs\":[\"https:\\\/\\\/www.letsportsrock.com\\\/wp-admin\\\/\"],\"url\":\"https:\\\/\\\/www.letsportsrock.com\\\/?author=9\"}]}<\/script>\n<!-- \/ Yoast SEO plugin. -->","yoast_head_json":{"title":"Dinamo Bucure\u0219ti anun\u021b\u0103 oficial v\u00e2nzarea a patru juc\u0103tori din...","description":"Dinamo Bucure\u0219ti anun\u021b\u0103 oficial v\u00e2nzarea a patru juc\u0103tori din club \u0219i semnarea a doi mijloca\u0219i talenta\u021bi de la FC\u2026","robots":{"index":"index","follow":"follow","max-snippet":"max-snippet:-1","max-image-preview":"max-image-preview:large","max-video-preview":"max-video-preview:-1"},"canonical":"https:\/\/www.letsportsrock.com\/?p=26965","og_locale":"en_US","og_type":"article","og_title":"Dinamo Bucure\u0219ti anun\u021b\u0103 oficial v\u00e2nzarea a patru juc\u0103tori din...","og_description":"Dinamo Bucure\u0219ti anun\u021b\u0103 oficial v\u00e2nzarea a patru juc\u0103tori din club \u0219i semnarea a doi mijloca\u0219i talenta\u021bi de la FC\u2026","og_url":"https:\/\/www.letsportsrock.com\/?p=26965","og_site_name":"letsportsrock","article_published_time":"2025-03-04T01:44:49+00:00","og_image":[{"width":739,"height":415,"url":"https:\/\/www.letsportsrock.com\/wp-content\/uploads\/2025\/03\/images-29.jpeg","type":"image\/jpeg"}],"author":"Paul Hembaor","twitter_card":"summary_large_image","twitter_misc":{"Written by":"Paul Hembaor","Est. reading time":"2 minutes"},"schema":{"@context":"https:\/\/schema.org","@graph":[{"@type":"Article","@id":"https:\/\/www.letsportsrock.com\/?p=26965#article","isPartOf":{"@id":"https:\/\/www.letsportsrock.com\/?p=26965"},"author":{"name":"Paul Hembaor","@id":"https:\/\/www.letsportsrock.com\/#\/schema\/person\/97aa0f336f5a3ca15a8ec7d78846f045"},"headline":"Dinamo Bucure\u0219ti anun\u021b\u0103 oficial v\u00e2nzarea a patru juc\u0103tori din club \u0219i semnarea a doi mijloca\u0219i talenta\u021bi de la FC\u2026","datePublished":"2025-03-04T01:44:49+00:00","mainEntityOfPage":{"@id":"https:\/\/www.letsportsrock.com\/?p=26965"},"wordCount":291,"commentCount":0,"image":{"@id":"https:\/\/www.letsportsrock.com\/?p=26965#primaryimage"},"thumbnailUrl":"https:\/\/www.letsportsrock.com\/wp-content\/uploads\/2025\/03\/images-29.jpeg","keywords":["Fc Dinamo bucuresti"],"inLanguage":"en-US","potentialAction":[{"@type":"CommentAction","name":"Comment","target":["https:\/\/www.letsportsrock.com\/?p=26965#respond"]}]},{"@type":"WebPage","@id":"https:\/\/www.letsportsrock.com\/?p=26965","url":"https:\/\/www.letsportsrock.com\/?p=26965","name":"Dinamo Bucure\u0219ti anun\u021b\u0103 oficial v\u00e2nzarea a patru juc\u0103tori din...","isPartOf":{"@id":"https:\/\/www.letsportsrock.com\/#website"},"primaryImageOfPage":{"@id":"https:\/\/www.letsportsrock.com\/?p=26965#primaryimage"},"image":{"@id":"https:\/\/www.letsportsrock.com\/?p=26965#primaryimage"},"thumbnailUrl":"https:\/\/www.letsportsrock.com\/wp-content\/uploads\/2025\/03\/images-29.jpeg","datePublished":"2025-03-04T01:44:49+00:00","author":{"@id":"https:\/\/www.letsportsrock.com\/#\/schema\/person\/97aa0f336f5a3ca15a8ec7d78846f045"},"description":"Dinamo Bucure\u0219ti anun\u021b\u0103 oficial v\u00e2nzarea a patru juc\u0103tori din club \u0219i semnarea a doi mijloca\u0219i talenta\u021bi de la FC\u2026","breadcrumb":{"@id":"https:\/\/www.letsportsrock.com\/?p=26965#breadcrumb"},"inLanguage":"en-US","potentialAction":[{"@type":"ReadAction","target":["https:\/\/www.letsportsrock.com\/?p=26965"]}]},{"@type":"ImageObject","inLanguage":"en-US","@id":"https:\/\/www.letsportsrock.com\/?p=26965#primaryimage","url":"https:\/\/www.letsportsrock.com\/wp-content\/uploads\/2025\/03\/images-29.jpeg","contentUrl":"https:\/\/www.letsportsrock.com\/wp-content\/uploads\/2025\/03\/images-29.jpeg","width":739,"height":415},{"@type":"BreadcrumbList","@id":"https:\/\/www.letsportsrock.com\/?p=26965#breadcrumb","itemListElement":[{"@type":"ListItem","position":1,"name":"Home","item":"https:\/\/www.letsportsrock.com\/"},{"@type":"ListItem","position":2,"name":"Dinamo Bucure\u0219ti anun\u021b\u0103 oficial v\u00e2nzarea a patru juc\u0103tori din club \u0219i semnarea a doi mijloca\u0219i talenta\u021bi de la FC\u2026"}]},{"@type":"WebSite","@id":"https:\/\/www.letsportsrock.com\/#website","url":"https:\/\/www.letsportsrock.com\/","name":"letsportsrock","description":"Sport News and Updates","potentialAction":[{"@type":"SearchAction","target":{"@type":"EntryPoint","urlTemplate":"https:\/\/www.letsportsrock.com\/?s={search_term_string}"},"query-input":{"@type":"PropertyValueSpecification","valueRequired":true,"valueName":"search_term_string"}}],"inLanguage":"en-US"},{"@type":"Person","@id":"https:\/\/www.letsportsrock.com\/#\/schema\/person\/97aa0f336f5a3ca15a8ec7d78846f045","name":"Paul Hembaor","image":{"@type":"ImageObject","inLanguage":"en-US","@id":"https:\/\/secure.gravatar.com\/avatar\/0574929a03c152e8ea7939c31311f9ea2fe2e06139cd71e2d6e698c217219d60?s=96&d=mm&r=g","url":"https:\/\/secure.gravatar.com\/avatar\/0574929a03c152e8ea7939c31311f9ea2fe2e06139cd71e2d6e698c217219d60?s=96&d=mm&r=g","contentUrl":"https:\/\/secure.gravatar.com\/avatar\/0574929a03c152e8ea7939c31311f9ea2fe2e06139cd71e2d6e698c217219d60?s=96&d=mm&r=g","caption":"Paul Hembaor"},"sameAs":["https:\/\/www.letsportsrock.com\/wp-admin\/"],"url":"https:\/\/www.letsportsrock.com\/?author=9"}]}},"jetpack_featured_media_url":"https:\/\/www.letsportsrock.com\/wp-content\/uploads\/2025\/03\/images-29.jpeg","jetpack_sharing_enabled":true,"_links":{"self":[{"href":"https:\/\/www.letsportsrock.com\/index.php?rest_route=\/wp\/v2\/posts\/26965","targetHints":{"allow":["GET"]}}],"collection":[{"href":"https:\/\/www.letsportsrock.com\/index.php?rest_route=\/wp\/v2\/posts"}],"about":[{"href":"https:\/\/www.letsportsrock.com\/index.php?rest_route=\/wp\/v2\/types\/post"}],"author":[{"embeddable":true,"href":"https:\/\/www.letsportsrock.com\/index.php?rest_route=\/wp\/v2\/users\/9"}],"replies":[{"embeddable":true,"href":"https:\/\/www.letsportsrock.com\/index.php?rest_route=%2Fwp%2Fv2%2Fcomments&post=26965"}],"version-history":[{"count":1,"href":"https:\/\/www.letsportsrock.com\/index.php?rest_route=\/wp\/v2\/posts\/26965\/revisions"}],"predecessor-version":[{"id":26968,"href":"https:\/\/www.letsportsrock.com\/index.php?rest_route=\/wp\/v2\/posts\/26965\/revisions\/26968"}],"wp:featuredmedia":[{"embeddable":true,"href":"https:\/\/www.letsportsrock.com\/index.php?rest_route=\/wp\/v2\/media\/26966"}],"wp:attachment":[{"href":"https:\/\/www.letsportsrock.com\/index.php?rest_route=%2Fwp%2Fv2%2Fmedia&parent=26965"}],"wp:term":[{"taxonomy":"category","embeddable":true,"href":"https:\/\/www.letsportsrock.com\/index.php?rest_route=%2Fwp%2Fv2%2Fcategories&post=26965"},{"taxonomy":"post_tag","embeddable":true,"href":"https:\/\/www.letsportsrock.com\/index.php?rest_route=%2Fwp%2Fv2%2Ftags&post=26965"}],"curies":[{"name":"wp","href":"https:\/\/api.w.org\/{rel}","templated":true}]}}