{"id":27397,"date":"2025-03-05T21:55:52","date_gmt":"2025-03-05T21:55:52","guid":{"rendered":"https:\/\/www.letsportsrock.com\/?p=27397"},"modified":"2025-03-05T21:55:52","modified_gmt":"2025-03-05T21:55:52","slug":"exclusiv-fc-dinamo-se-pregateste-sa-semneze-un-transfer-de-la-rapid-bucuresti-care-va-soca-fotbalul-romanesc-10","status":"publish","type":"post","link":"https:\/\/www.letsportsrock.com\/?p=27397","title":{"rendered":"Exclusiv: FC Dinamo se preg\u0103te\u0219te s\u0103 semneze un transfer de la Rapid Bucure\u0219ti care va \u0219oca fotbalul rom\u00e2nesc!\u2026"},"content":{"rendered":"<div class=\"d79db4796efc26332eabfc3f5dafbc76\" data-index=\"1\" style=\"float: none; margin:10px 0 10px 0; text-align:center;\">\n<div class=\"hb-ad-inarticle\">\r\n    <div class=\"hb-ad-inner\"> \r\n    <div class=\"hbagency_cls\"  id=\"hbagency_space_111930\"><\/div><\/div> <\/div>\n<\/div>\n<p>Exclusiv: FC Dinamo se preg\u0103te\u0219te s\u0103 semneze un transfer de la Rapid Bucure\u0219ti care va \u0219oca fotbalul rom\u00e2nesc!\u2026<\/p>\n<p>&nbsp;<\/p>\n<p>\u00cen ultimele luni, au existat specula\u021bii privind un posibil transfer \u00eentre rivalele bucure\u0219tene, Dinamo \u0219i Rapid, care ar putea surprinde lumea fotbalului rom\u00e2nesc. Conform informa\u021biilor disponibile, Dinamo \u0219i-a manifestat interesul pentru t\u00e2n\u0103rul portar al Rapidului, Bogdan Ungureanu, \u00een v\u00e2rst\u0103 de 17 ani. Acesta a avut ocazia s\u0103 apere poarta giule\u0219tenilor sub conducerea antrenorului interimar Bogdan Lobon\u021b, fiind considerat o mare speran\u021b\u0103 pentru viitor.<\/p>\n<p><img loading=\"lazy\" decoding=\"async\" class=\"alignnone size-medium wp-image-27401\" src=\"https:\/\/www.letsportsrock.com\/wp-content\/uploads\/2025\/03\/images-80-300x180.jpeg\" alt=\"\" width=\"300\" height=\"180\" srcset=\"https:\/\/www.letsportsrock.com\/wp-content\/uploads\/2025\/03\/images-80-300x180.jpeg 300w, https:\/\/www.letsportsrock.com\/wp-content\/uploads\/2025\/03\/images-80.jpeg 700w\" sizes=\"auto, (max-width: 300px) 100vw, 300px\" \/><\/p>\n<p>Necesitatea unui nou portar la Dinamo a ap\u0103rut \u00een urma accident\u0103rii titularului Adnan Golubovic, care a suferit o ruptur\u0103 par\u021bial\u0103 de ligament \u00eencruci\u0219at posterior la genunchiul drept, \u00een meciul contra CFR Cluj. Din cauza acestei accident\u0103ri, Golubovic este a\u0219teptat s\u0103 lipseasc\u0103 de pe teren pentru aproximativ opt s\u0103pt\u0103m\u00e2ni, ceea ce a determinat conducerea dinamovist\u0103 s\u0103 caute solu\u021bii pentru postul de portar.<\/p>\n<p>&nbsp;<\/p>\n<p>Pe lista scurt\u0103 a lui Dinamo se afl\u0103 trei portari tineri: Bogdan Ungureanu de la Rapid, Alexandru Borbei de la Lecce (21 de ani) \u0219i Alessandro Russo de la Sassuolo (23 de ani). Dintre ace\u0219tia, Ungureanu reprezint\u0103 o variant\u0103 atractiv\u0103 datorit\u0103 poten\u021bialului s\u0103u \u0219i a experien\u021bei acumulate \u00een Superliga.<\/p>\n<p>&nbsp;<\/p>\n<p>Un astfel de transfer ar fi cu adev\u0103rat surprinz\u0103tor, av\u00e2nd \u00een vedere rivalitatea istoric\u0103 dintre cele dou\u0103 cluburi bucure\u0219tene. Totu\u0219i, p\u00e2n\u0103 la confirmarea oficial\u0103, aceste informa\u021bii r\u0103m\u00e2n la nivel de specula\u021bii, iar fanii ambelor echipe a\u0219teapt\u0103 cu interes evolu\u021bia negocierilor \u00een perioada de mercato.<\/p>\n\n<div style=\"font-size: 0px; height: 0px; line-height: 0px; margin: 0; padding: 0; clear: both;\"><\/div>","protected":false},"excerpt":{"rendered":"<p>Exclusiv: FC Dinamo se preg\u0103te\u0219te s\u0103 semneze un transfer de la Rapid Bucure\u0219ti care va \u0219oca fotbalul rom\u00e2nesc!\u2026 &nbsp; \u00cen ultimele luni, au existat specula\u021bii privind un posibil transfer \u00eentre rivalele bucure\u0219tene, Dinamo \u0219i Rapid, care ar putea surprinde lumea fotbalului rom\u00e2nesc. Conform informa\u021biilor disponibile, Dinamo \u0219i-a manifestat interesul pentru t\u00e2n\u0103rul portar al Rapidului, Bogdan [&hellip;]<\/p>\n","protected":false},"author":9,"featured_media":27399,"comment_status":"open","ping_status":"open","sticky":false,"template":"","format":"standard","meta":{"_jetpack_memberships_contains_paid_content":false,"footnotes":""},"categories":[1],"tags":[419],"class_list":["post-27397","post","type-post","status-publish","format-standard","has-post-thumbnail","hentry","category-uncategorized","tag-fc-dinamo-bucuresti"],"yoast_head":"<!-- This site is optimized with the Yoast SEO plugin v27.4 - https:\/\/yoast.com\/product\/yoast-seo-wordpress\/ -->\n<title>Exclusiv: FC Dinamo se preg\u0103te\u0219te s\u0103 semneze un transfer de la\u2026<\/title>\n<meta name=\"description\" content=\"Exclusiv: FC Dinamo se preg\u0103te\u0219te s\u0103 semneze un transfer de la Rapid Bucure\u0219ti care va \u0219oca fotbalul rom\u00e2nesc!\u2026\" \/>\n<meta name=\"robots\" content=\"index, follow, max-snippet:-1, max-image-preview:large, max-video-preview:-1\" \/>\n<link rel=\"canonical\" href=\"https:\/\/www.letsportsrock.com\/?p=27397\" \/>\n<meta property=\"og:locale\" content=\"en_US\" \/>\n<meta property=\"og:type\" content=\"article\" \/>\n<meta property=\"og:title\" content=\"Exclusiv: FC Dinamo se preg\u0103te\u0219te s\u0103 semneze un transfer de la\u2026\" \/>\n<meta property=\"og:description\" content=\"Exclusiv: FC Dinamo se preg\u0103te\u0219te s\u0103 semneze un transfer de la Rapid Bucure\u0219ti care va \u0219oca fotbalul rom\u00e2nesc!\u2026\" \/>\n<meta property=\"og:url\" content=\"https:\/\/www.letsportsrock.com\/?p=27397\" \/>\n<meta property=\"og:site_name\" content=\"letsportsrock\" \/>\n<meta property=\"article:published_time\" content=\"2025-03-05T21:55:52+00:00\" \/>\n<meta property=\"og:image\" content=\"https:\/\/www.letsportsrock.com\/wp-content\/uploads\/2025\/03\/images-79.jpeg\" \/>\n\t<meta property=\"og:image:width\" content=\"739\" \/>\n\t<meta property=\"og:image:height\" content=\"415\" \/>\n\t<meta property=\"og:image:type\" content=\"image\/jpeg\" \/>\n<meta name=\"author\" content=\"Paul Hembaor\" \/>\n<meta name=\"twitter:card\" content=\"summary_large_image\" \/>\n<meta name=\"twitter:label1\" content=\"Written by\" \/>\n\t<meta name=\"twitter:data1\" content=\"Paul Hembaor\" \/>\n\t<meta name=\"twitter:label2\" content=\"Est. reading time\" \/>\n\t<meta name=\"twitter:data2\" content=\"2 minutes\" \/>\n<script type=\"application\/ld+json\" class=\"yoast-schema-graph\">{\"@context\":\"https:\\\/\\\/schema.org\",\"@graph\":[{\"@type\":\"Article\",\"@id\":\"https:\\\/\\\/www.letsportsrock.com\\\/?p=27397#article\",\"isPartOf\":{\"@id\":\"https:\\\/\\\/www.letsportsrock.com\\\/?p=27397\"},\"author\":{\"name\":\"Paul Hembaor\",\"@id\":\"https:\\\/\\\/www.letsportsrock.com\\\/#\\\/schema\\\/person\\\/97aa0f336f5a3ca15a8ec7d78846f045\"},\"headline\":\"Exclusiv: FC Dinamo se preg\u0103te\u0219te s\u0103 semneze un transfer de la Rapid Bucure\u0219ti care va \u0219oca fotbalul rom\u00e2nesc!\u2026\",\"datePublished\":\"2025-03-05T21:55:52+00:00\",\"mainEntityOfPage\":{\"@id\":\"https:\\\/\\\/www.letsportsrock.com\\\/?p=27397\"},\"wordCount\":295,\"commentCount\":0,\"image\":{\"@id\":\"https:\\\/\\\/www.letsportsrock.com\\\/?p=27397#primaryimage\"},\"thumbnailUrl\":\"https:\\\/\\\/www.letsportsrock.com\\\/wp-content\\\/uploads\\\/2025\\\/03\\\/images-79.jpeg\",\"keywords\":[\"Fc Dinamo bucuresti\"],\"inLanguage\":\"en-US\",\"potentialAction\":[{\"@type\":\"CommentAction\",\"name\":\"Comment\",\"target\":[\"https:\\\/\\\/www.letsportsrock.com\\\/?p=27397#respond\"]}]},{\"@type\":\"WebPage\",\"@id\":\"https:\\\/\\\/www.letsportsrock.com\\\/?p=27397\",\"url\":\"https:\\\/\\\/www.letsportsrock.com\\\/?p=27397\",\"name\":\"Exclusiv: FC Dinamo se preg\u0103te\u0219te s\u0103 semneze un transfer de la\u2026\",\"isPartOf\":{\"@id\":\"https:\\\/\\\/www.letsportsrock.com\\\/#website\"},\"primaryImageOfPage\":{\"@id\":\"https:\\\/\\\/www.letsportsrock.com\\\/?p=27397#primaryimage\"},\"image\":{\"@id\":\"https:\\\/\\\/www.letsportsrock.com\\\/?p=27397#primaryimage\"},\"thumbnailUrl\":\"https:\\\/\\\/www.letsportsrock.com\\\/wp-content\\\/uploads\\\/2025\\\/03\\\/images-79.jpeg\",\"datePublished\":\"2025-03-05T21:55:52+00:00\",\"author\":{\"@id\":\"https:\\\/\\\/www.letsportsrock.com\\\/#\\\/schema\\\/person\\\/97aa0f336f5a3ca15a8ec7d78846f045\"},\"description\":\"Exclusiv: FC Dinamo se preg\u0103te\u0219te s\u0103 semneze un transfer de la Rapid Bucure\u0219ti care va \u0219oca fotbalul rom\u00e2nesc!\u2026\",\"breadcrumb\":{\"@id\":\"https:\\\/\\\/www.letsportsrock.com\\\/?p=27397#breadcrumb\"},\"inLanguage\":\"en-US\",\"potentialAction\":[{\"@type\":\"ReadAction\",\"target\":[\"https:\\\/\\\/www.letsportsrock.com\\\/?p=27397\"]}]},{\"@type\":\"ImageObject\",\"inLanguage\":\"en-US\",\"@id\":\"https:\\\/\\\/www.letsportsrock.com\\\/?p=27397#primaryimage\",\"url\":\"https:\\\/\\\/www.letsportsrock.com\\\/wp-content\\\/uploads\\\/2025\\\/03\\\/images-79.jpeg\",\"contentUrl\":\"https:\\\/\\\/www.letsportsrock.com\\\/wp-content\\\/uploads\\\/2025\\\/03\\\/images-79.jpeg\",\"width\":739,\"height\":415},{\"@type\":\"BreadcrumbList\",\"@id\":\"https:\\\/\\\/www.letsportsrock.com\\\/?p=27397#breadcrumb\",\"itemListElement\":[{\"@type\":\"ListItem\",\"position\":1,\"name\":\"Home\",\"item\":\"https:\\\/\\\/www.letsportsrock.com\\\/\"},{\"@type\":\"ListItem\",\"position\":2,\"name\":\"Exclusiv: FC Dinamo se preg\u0103te\u0219te s\u0103 semneze un transfer de la Rapid Bucure\u0219ti care va \u0219oca fotbalul rom\u00e2nesc!\u2026\"}]},{\"@type\":\"WebSite\",\"@id\":\"https:\\\/\\\/www.letsportsrock.com\\\/#website\",\"url\":\"https:\\\/\\\/www.letsportsrock.com\\\/\",\"name\":\"letsportsrock\",\"description\":\"Sport News and Updates\",\"potentialAction\":[{\"@type\":\"SearchAction\",\"target\":{\"@type\":\"EntryPoint\",\"urlTemplate\":\"https:\\\/\\\/www.letsportsrock.com\\\/?s={search_term_string}\"},\"query-input\":{\"@type\":\"PropertyValueSpecification\",\"valueRequired\":true,\"valueName\":\"search_term_string\"}}],\"inLanguage\":\"en-US\"},{\"@type\":\"Person\",\"@id\":\"https:\\\/\\\/www.letsportsrock.com\\\/#\\\/schema\\\/person\\\/97aa0f336f5a3ca15a8ec7d78846f045\",\"name\":\"Paul Hembaor\",\"image\":{\"@type\":\"ImageObject\",\"inLanguage\":\"en-US\",\"@id\":\"https:\\\/\\\/secure.gravatar.com\\\/avatar\\\/0574929a03c152e8ea7939c31311f9ea2fe2e06139cd71e2d6e698c217219d60?s=96&d=mm&r=g\",\"url\":\"https:\\\/\\\/secure.gravatar.com\\\/avatar\\\/0574929a03c152e8ea7939c31311f9ea2fe2e06139cd71e2d6e698c217219d60?s=96&d=mm&r=g\",\"contentUrl\":\"https:\\\/\\\/secure.gravatar.com\\\/avatar\\\/0574929a03c152e8ea7939c31311f9ea2fe2e06139cd71e2d6e698c217219d60?s=96&d=mm&r=g\",\"caption\":\"Paul Hembaor\"},\"sameAs\":[\"https:\\\/\\\/www.letsportsrock.com\\\/wp-admin\\\/\"],\"url\":\"https:\\\/\\\/www.letsportsrock.com\\\/?author=9\"}]}<\/script>\n<!-- \/ Yoast SEO plugin. -->","yoast_head_json":{"title":"Exclusiv: FC Dinamo se preg\u0103te\u0219te s\u0103 semneze un transfer de la\u2026","description":"Exclusiv: FC Dinamo se preg\u0103te\u0219te s\u0103 semneze un transfer de la Rapid Bucure\u0219ti care va \u0219oca fotbalul rom\u00e2nesc!\u2026","robots":{"index":"index","follow":"follow","max-snippet":"max-snippet:-1","max-image-preview":"max-image-preview:large","max-video-preview":"max-video-preview:-1"},"canonical":"https:\/\/www.letsportsrock.com\/?p=27397","og_locale":"en_US","og_type":"article","og_title":"Exclusiv: FC Dinamo se preg\u0103te\u0219te s\u0103 semneze un transfer de la\u2026","og_description":"Exclusiv: FC Dinamo se preg\u0103te\u0219te s\u0103 semneze un transfer de la Rapid Bucure\u0219ti care va \u0219oca fotbalul rom\u00e2nesc!\u2026","og_url":"https:\/\/www.letsportsrock.com\/?p=27397","og_site_name":"letsportsrock","article_published_time":"2025-03-05T21:55:52+00:00","og_image":[{"width":739,"height":415,"url":"https:\/\/www.letsportsrock.com\/wp-content\/uploads\/2025\/03\/images-79.jpeg","type":"image\/jpeg"}],"author":"Paul Hembaor","twitter_card":"summary_large_image","twitter_misc":{"Written by":"Paul Hembaor","Est. reading time":"2 minutes"},"schema":{"@context":"https:\/\/schema.org","@graph":[{"@type":"Article","@id":"https:\/\/www.letsportsrock.com\/?p=27397#article","isPartOf":{"@id":"https:\/\/www.letsportsrock.com\/?p=27397"},"author":{"name":"Paul Hembaor","@id":"https:\/\/www.letsportsrock.com\/#\/schema\/person\/97aa0f336f5a3ca15a8ec7d78846f045"},"headline":"Exclusiv: FC Dinamo se preg\u0103te\u0219te s\u0103 semneze un transfer de la Rapid Bucure\u0219ti care va \u0219oca fotbalul rom\u00e2nesc!\u2026","datePublished":"2025-03-05T21:55:52+00:00","mainEntityOfPage":{"@id":"https:\/\/www.letsportsrock.com\/?p=27397"},"wordCount":295,"commentCount":0,"image":{"@id":"https:\/\/www.letsportsrock.com\/?p=27397#primaryimage"},"thumbnailUrl":"https:\/\/www.letsportsrock.com\/wp-content\/uploads\/2025\/03\/images-79.jpeg","keywords":["Fc Dinamo bucuresti"],"inLanguage":"en-US","potentialAction":[{"@type":"CommentAction","name":"Comment","target":["https:\/\/www.letsportsrock.com\/?p=27397#respond"]}]},{"@type":"WebPage","@id":"https:\/\/www.letsportsrock.com\/?p=27397","url":"https:\/\/www.letsportsrock.com\/?p=27397","name":"Exclusiv: FC Dinamo se preg\u0103te\u0219te s\u0103 semneze un transfer de la\u2026","isPartOf":{"@id":"https:\/\/www.letsportsrock.com\/#website"},"primaryImageOfPage":{"@id":"https:\/\/www.letsportsrock.com\/?p=27397#primaryimage"},"image":{"@id":"https:\/\/www.letsportsrock.com\/?p=27397#primaryimage"},"thumbnailUrl":"https:\/\/www.letsportsrock.com\/wp-content\/uploads\/2025\/03\/images-79.jpeg","datePublished":"2025-03-05T21:55:52+00:00","author":{"@id":"https:\/\/www.letsportsrock.com\/#\/schema\/person\/97aa0f336f5a3ca15a8ec7d78846f045"},"description":"Exclusiv: FC Dinamo se preg\u0103te\u0219te s\u0103 semneze un transfer de la Rapid Bucure\u0219ti care va \u0219oca fotbalul rom\u00e2nesc!\u2026","breadcrumb":{"@id":"https:\/\/www.letsportsrock.com\/?p=27397#breadcrumb"},"inLanguage":"en-US","potentialAction":[{"@type":"ReadAction","target":["https:\/\/www.letsportsrock.com\/?p=27397"]}]},{"@type":"ImageObject","inLanguage":"en-US","@id":"https:\/\/www.letsportsrock.com\/?p=27397#primaryimage","url":"https:\/\/www.letsportsrock.com\/wp-content\/uploads\/2025\/03\/images-79.jpeg","contentUrl":"https:\/\/www.letsportsrock.com\/wp-content\/uploads\/2025\/03\/images-79.jpeg","width":739,"height":415},{"@type":"BreadcrumbList","@id":"https:\/\/www.letsportsrock.com\/?p=27397#breadcrumb","itemListElement":[{"@type":"ListItem","position":1,"name":"Home","item":"https:\/\/www.letsportsrock.com\/"},{"@type":"ListItem","position":2,"name":"Exclusiv: FC Dinamo se preg\u0103te\u0219te s\u0103 semneze un transfer de la Rapid Bucure\u0219ti care va \u0219oca fotbalul rom\u00e2nesc!\u2026"}]},{"@type":"WebSite","@id":"https:\/\/www.letsportsrock.com\/#website","url":"https:\/\/www.letsportsrock.com\/","name":"letsportsrock","description":"Sport News and Updates","potentialAction":[{"@type":"SearchAction","target":{"@type":"EntryPoint","urlTemplate":"https:\/\/www.letsportsrock.com\/?s={search_term_string}"},"query-input":{"@type":"PropertyValueSpecification","valueRequired":true,"valueName":"search_term_string"}}],"inLanguage":"en-US"},{"@type":"Person","@id":"https:\/\/www.letsportsrock.com\/#\/schema\/person\/97aa0f336f5a3ca15a8ec7d78846f045","name":"Paul Hembaor","image":{"@type":"ImageObject","inLanguage":"en-US","@id":"https:\/\/secure.gravatar.com\/avatar\/0574929a03c152e8ea7939c31311f9ea2fe2e06139cd71e2d6e698c217219d60?s=96&d=mm&r=g","url":"https:\/\/secure.gravatar.com\/avatar\/0574929a03c152e8ea7939c31311f9ea2fe2e06139cd71e2d6e698c217219d60?s=96&d=mm&r=g","contentUrl":"https:\/\/secure.gravatar.com\/avatar\/0574929a03c152e8ea7939c31311f9ea2fe2e06139cd71e2d6e698c217219d60?s=96&d=mm&r=g","caption":"Paul Hembaor"},"sameAs":["https:\/\/www.letsportsrock.com\/wp-admin\/"],"url":"https:\/\/www.letsportsrock.com\/?author=9"}]}},"jetpack_featured_media_url":"https:\/\/www.letsportsrock.com\/wp-content\/uploads\/2025\/03\/images-79.jpeg","jetpack_sharing_enabled":true,"_links":{"self":[{"href":"https:\/\/www.letsportsrock.com\/index.php?rest_route=\/wp\/v2\/posts\/27397","targetHints":{"allow":["GET"]}}],"collection":[{"href":"https:\/\/www.letsportsrock.com\/index.php?rest_route=\/wp\/v2\/posts"}],"about":[{"href":"https:\/\/www.letsportsrock.com\/index.php?rest_route=\/wp\/v2\/types\/post"}],"author":[{"embeddable":true,"href":"https:\/\/www.letsportsrock.com\/index.php?rest_route=\/wp\/v2\/users\/9"}],"replies":[{"embeddable":true,"href":"https:\/\/www.letsportsrock.com\/index.php?rest_route=%2Fwp%2Fv2%2Fcomments&post=27397"}],"version-history":[{"count":1,"href":"https:\/\/www.letsportsrock.com\/index.php?rest_route=\/wp\/v2\/posts\/27397\/revisions"}],"predecessor-version":[{"id":27403,"href":"https:\/\/www.letsportsrock.com\/index.php?rest_route=\/wp\/v2\/posts\/27397\/revisions\/27403"}],"wp:featuredmedia":[{"embeddable":true,"href":"https:\/\/www.letsportsrock.com\/index.php?rest_route=\/wp\/v2\/media\/27399"}],"wp:attachment":[{"href":"https:\/\/www.letsportsrock.com\/index.php?rest_route=%2Fwp%2Fv2%2Fmedia&parent=27397"}],"wp:term":[{"taxonomy":"category","embeddable":true,"href":"https:\/\/www.letsportsrock.com\/index.php?rest_route=%2Fwp%2Fv2%2Fcategories&post=27397"},{"taxonomy":"post_tag","embeddable":true,"href":"https:\/\/www.letsportsrock.com\/index.php?rest_route=%2Fwp%2Fv2%2Ftags&post=27397"}],"curies":[{"name":"wp","href":"https:\/\/api.w.org\/{rel}","templated":true}]}}