{"id":27404,"date":"2025-03-05T21:59:49","date_gmt":"2025-03-05T21:59:49","guid":{"rendered":"https:\/\/www.letsportsrock.com\/?p=27404"},"modified":"2025-03-05T21:59:49","modified_gmt":"2025-03-05T21:59:49","slug":"presedintele-fc-dinamo-bucuresti-andrei-nicolescu-si-a-reziliat-contractul-din-cauza-2","status":"publish","type":"post","link":"https:\/\/www.letsportsrock.com\/?p=27404","title":{"rendered":"\u201cPre\u0219edintele FC Dinamo Bucure\u0219ti, Andrei Nicolescu, \u0219i-a reziliat contractul din cauza\u2026\u201d"},"content":{"rendered":"<div class=\"d79db4796efc26332eabfc3f5dafbc76\" data-index=\"1\" style=\"float: none; margin:10px 0 10px 0; text-align:center;\">\n<div class=\"hb-ad-inarticle\">\r\n    <div class=\"hb-ad-inner\"> \r\n    <div class=\"hbagency_cls\"  id=\"hbagency_space_111930\"><\/div><\/div> <\/div>\n<\/div>\n<p>\u201cPre\u0219edintele FC Dinamo Bucure\u0219ti, Andrei Nicolescu, \u0219i-a reziliat contractul din cauza\u2026\u201d<\/p>\n<p>&nbsp;<\/p>\n<p>Pre\u0219edintele FC Dinamo Bucure\u0219ti, Andrei Nicolescu, \u0219i-a reziliat contractul din cauza unor ne\u00een\u021belegeri interne \u0219i a problemelor financiare cu care se confrunt\u0103 clubul. Decizia a fost luat\u0103 de comun acord cu conducerea administrativ\u0103, pe fondul tensiunilor legate de strategia de redresare a echipei \u0219i de gestionarea bugetului.<\/p>\n<p><img loading=\"lazy\" decoding=\"async\" class=\"alignnone size-medium wp-image-27406\" src=\"https:\/\/www.letsportsrock.com\/wp-content\/uploads\/2025\/03\/images-82-300x168.jpeg\" alt=\"\" width=\"300\" height=\"168\" srcset=\"https:\/\/www.letsportsrock.com\/wp-content\/uploads\/2025\/03\/images-82-300x168.jpeg 300w, https:\/\/www.letsportsrock.com\/wp-content\/uploads\/2025\/03\/images-82.jpeg 739w\" sizes=\"auto, (max-width: 300px) 100vw, 300px\" \/><\/p>\n<p>\u00cen ultimele luni, Dinamo a trecut printr-o perioad\u0103 dificil\u0103, cu rezultate sportive modeste \u0219i dificult\u0103\u021bi \u00een atragerea investitorilor. Nicolescu a \u00eencercat s\u0103 implementeze m\u0103suri pentru stabilizarea financiar\u0103 a clubului, \u00eens\u0103 lipsa unui consens cu ceilal\u021bi factori de decizie a dus la desp\u0103r\u021bire. Surse din interiorul clubului sugereaz\u0103 c\u0103 divergen\u021bele privind politica de transferuri \u0219i viitorul antrenorului echipei au contribuit, de asemenea, la aceast\u0103 decizie.<\/p>\n<p>&nbsp;<\/p>\n<p>Fanii lui Dinamo, deja nemul\u021bumi\u021bi de situa\u021bia clubului, privesc aceast\u0103 schimbare cu \u00eengrijorare, tem\u00e2ndu-se de un nou episod de instabilitate. \u00cen perioada urm\u0103toare, conducerea clubului va trebui s\u0103 g\u0103seasc\u0103 rapid un \u00eenlocuitor pentru Nicolescu, capabil s\u0103 gestioneze at\u00e2t aspectele financiare, c\u00e2t \u0219i pe cele sportive, pentru a redresa echipa aflat\u0103 \u00eentr-un moment critic.<\/p>\n\n<div style=\"font-size: 0px; height: 0px; line-height: 0px; margin: 0; padding: 0; clear: both;\"><\/div>","protected":false},"excerpt":{"rendered":"<p>\u201cPre\u0219edintele FC Dinamo Bucure\u0219ti, Andrei Nicolescu, \u0219i-a reziliat contractul din cauza\u2026\u201d &nbsp; Pre\u0219edintele FC Dinamo Bucure\u0219ti, Andrei Nicolescu, \u0219i-a reziliat contractul din cauza unor ne\u00een\u021belegeri interne \u0219i a problemelor financiare cu care se confrunt\u0103 clubul. Decizia a fost luat\u0103 de comun acord cu conducerea administrativ\u0103, pe fondul tensiunilor legate de strategia de redresare a echipei [&hellip;]<\/p>\n","protected":false},"author":9,"featured_media":27405,"comment_status":"open","ping_status":"open","sticky":false,"template":"","format":"standard","meta":{"_jetpack_memberships_contains_paid_content":false,"footnotes":""},"categories":[1],"tags":[419],"class_list":["post-27404","post","type-post","status-publish","format-standard","has-post-thumbnail","hentry","category-uncategorized","tag-fc-dinamo-bucuresti"],"yoast_head":"<!-- This site is optimized with the Yoast SEO plugin v27.5 - https:\/\/yoast.com\/product\/yoast-seo-wordpress\/ -->\n<title>\u201cPre\u0219edintele FC Dinamo Bucure\u0219ti, Andrei Nicolescu, \u0219i-a...<\/title>\n<meta name=\"description\" content=\"\u201cPre\u0219edintele FC Dinamo Bucure\u0219ti, Andrei Nicolescu, \u0219i-a reziliat contractul din cauza\u2026..........................\" \/>\n<meta name=\"robots\" content=\"index, follow, max-snippet:-1, max-image-preview:large, max-video-preview:-1\" \/>\n<link rel=\"canonical\" href=\"https:\/\/www.letsportsrock.com\/?p=27404\" \/>\n<meta property=\"og:locale\" content=\"en_US\" \/>\n<meta property=\"og:type\" content=\"article\" \/>\n<meta property=\"og:title\" content=\"\u201cPre\u0219edintele FC Dinamo Bucure\u0219ti, Andrei Nicolescu, \u0219i-a...\" \/>\n<meta property=\"og:description\" content=\"\u201cPre\u0219edintele FC Dinamo Bucure\u0219ti, Andrei Nicolescu, \u0219i-a reziliat contractul din cauza\u2026..........................\" \/>\n<meta property=\"og:url\" content=\"https:\/\/www.letsportsrock.com\/?p=27404\" \/>\n<meta property=\"og:site_name\" content=\"letsportsrock\" \/>\n<meta property=\"article:published_time\" content=\"2025-03-05T21:59:49+00:00\" \/>\n<meta property=\"og:image\" content=\"https:\/\/www.letsportsrock.com\/wp-content\/uploads\/2025\/03\/images-81.jpeg\" \/>\n\t<meta property=\"og:image:width\" content=\"678\" \/>\n\t<meta property=\"og:image:height\" content=\"452\" \/>\n\t<meta property=\"og:image:type\" content=\"image\/jpeg\" \/>\n<meta name=\"author\" content=\"Paul Hembaor\" \/>\n<meta name=\"twitter:card\" content=\"summary_large_image\" \/>\n<meta name=\"twitter:label1\" content=\"Written by\" \/>\n\t<meta name=\"twitter:data1\" content=\"Paul Hembaor\" \/>\n\t<meta name=\"twitter:label2\" content=\"Est. reading time\" \/>\n\t<meta name=\"twitter:data2\" content=\"2 minutes\" \/>\n<script type=\"application\/ld+json\" class=\"yoast-schema-graph\">{\"@context\":\"https:\\\/\\\/schema.org\",\"@graph\":[{\"@type\":\"Article\",\"@id\":\"https:\\\/\\\/www.letsportsrock.com\\\/?p=27404#article\",\"isPartOf\":{\"@id\":\"https:\\\/\\\/www.letsportsrock.com\\\/?p=27404\"},\"author\":{\"name\":\"Paul Hembaor\",\"@id\":\"https:\\\/\\\/www.letsportsrock.com\\\/#\\\/schema\\\/person\\\/97aa0f336f5a3ca15a8ec7d78846f045\"},\"headline\":\"\u201cPre\u0219edintele FC Dinamo Bucure\u0219ti, Andrei Nicolescu, \u0219i-a reziliat contractul din cauza\u2026\u201d\",\"datePublished\":\"2025-03-05T21:59:49+00:00\",\"mainEntityOfPage\":{\"@id\":\"https:\\\/\\\/www.letsportsrock.com\\\/?p=27404\"},\"wordCount\":210,\"commentCount\":0,\"image\":{\"@id\":\"https:\\\/\\\/www.letsportsrock.com\\\/?p=27404#primaryimage\"},\"thumbnailUrl\":\"https:\\\/\\\/www.letsportsrock.com\\\/wp-content\\\/uploads\\\/2025\\\/03\\\/images-81.jpeg\",\"keywords\":[\"Fc Dinamo bucuresti\"],\"inLanguage\":\"en-US\",\"potentialAction\":[{\"@type\":\"CommentAction\",\"name\":\"Comment\",\"target\":[\"https:\\\/\\\/www.letsportsrock.com\\\/?p=27404#respond\"]}]},{\"@type\":\"WebPage\",\"@id\":\"https:\\\/\\\/www.letsportsrock.com\\\/?p=27404\",\"url\":\"https:\\\/\\\/www.letsportsrock.com\\\/?p=27404\",\"name\":\"\u201cPre\u0219edintele FC Dinamo Bucure\u0219ti, Andrei Nicolescu, \u0219i-a...\",\"isPartOf\":{\"@id\":\"https:\\\/\\\/www.letsportsrock.com\\\/#website\"},\"primaryImageOfPage\":{\"@id\":\"https:\\\/\\\/www.letsportsrock.com\\\/?p=27404#primaryimage\"},\"image\":{\"@id\":\"https:\\\/\\\/www.letsportsrock.com\\\/?p=27404#primaryimage\"},\"thumbnailUrl\":\"https:\\\/\\\/www.letsportsrock.com\\\/wp-content\\\/uploads\\\/2025\\\/03\\\/images-81.jpeg\",\"datePublished\":\"2025-03-05T21:59:49+00:00\",\"author\":{\"@id\":\"https:\\\/\\\/www.letsportsrock.com\\\/#\\\/schema\\\/person\\\/97aa0f336f5a3ca15a8ec7d78846f045\"},\"description\":\"\u201cPre\u0219edintele FC Dinamo Bucure\u0219ti, Andrei Nicolescu, \u0219i-a reziliat contractul din cauza\u2026..........................\",\"breadcrumb\":{\"@id\":\"https:\\\/\\\/www.letsportsrock.com\\\/?p=27404#breadcrumb\"},\"inLanguage\":\"en-US\",\"potentialAction\":[{\"@type\":\"ReadAction\",\"target\":[\"https:\\\/\\\/www.letsportsrock.com\\\/?p=27404\"]}]},{\"@type\":\"ImageObject\",\"inLanguage\":\"en-US\",\"@id\":\"https:\\\/\\\/www.letsportsrock.com\\\/?p=27404#primaryimage\",\"url\":\"https:\\\/\\\/www.letsportsrock.com\\\/wp-content\\\/uploads\\\/2025\\\/03\\\/images-81.jpeg\",\"contentUrl\":\"https:\\\/\\\/www.letsportsrock.com\\\/wp-content\\\/uploads\\\/2025\\\/03\\\/images-81.jpeg\",\"width\":678,\"height\":452},{\"@type\":\"BreadcrumbList\",\"@id\":\"https:\\\/\\\/www.letsportsrock.com\\\/?p=27404#breadcrumb\",\"itemListElement\":[{\"@type\":\"ListItem\",\"position\":1,\"name\":\"Home\",\"item\":\"https:\\\/\\\/www.letsportsrock.com\\\/\"},{\"@type\":\"ListItem\",\"position\":2,\"name\":\"\u201cPre\u0219edintele FC Dinamo Bucure\u0219ti, Andrei Nicolescu, \u0219i-a reziliat contractul din cauza\u2026\u201d\"}]},{\"@type\":\"WebSite\",\"@id\":\"https:\\\/\\\/www.letsportsrock.com\\\/#website\",\"url\":\"https:\\\/\\\/www.letsportsrock.com\\\/\",\"name\":\"letsportsrock\",\"description\":\"Sport News and Updates\",\"potentialAction\":[{\"@type\":\"SearchAction\",\"target\":{\"@type\":\"EntryPoint\",\"urlTemplate\":\"https:\\\/\\\/www.letsportsrock.com\\\/?s={search_term_string}\"},\"query-input\":{\"@type\":\"PropertyValueSpecification\",\"valueRequired\":true,\"valueName\":\"search_term_string\"}}],\"inLanguage\":\"en-US\"},{\"@type\":\"Person\",\"@id\":\"https:\\\/\\\/www.letsportsrock.com\\\/#\\\/schema\\\/person\\\/97aa0f336f5a3ca15a8ec7d78846f045\",\"name\":\"Paul Hembaor\",\"image\":{\"@type\":\"ImageObject\",\"inLanguage\":\"en-US\",\"@id\":\"https:\\\/\\\/secure.gravatar.com\\\/avatar\\\/0574929a03c152e8ea7939c31311f9ea2fe2e06139cd71e2d6e698c217219d60?s=96&d=mm&r=g\",\"url\":\"https:\\\/\\\/secure.gravatar.com\\\/avatar\\\/0574929a03c152e8ea7939c31311f9ea2fe2e06139cd71e2d6e698c217219d60?s=96&d=mm&r=g\",\"contentUrl\":\"https:\\\/\\\/secure.gravatar.com\\\/avatar\\\/0574929a03c152e8ea7939c31311f9ea2fe2e06139cd71e2d6e698c217219d60?s=96&d=mm&r=g\",\"caption\":\"Paul Hembaor\"},\"sameAs\":[\"https:\\\/\\\/www.letsportsrock.com\\\/wp-admin\\\/\"],\"url\":\"https:\\\/\\\/www.letsportsrock.com\\\/?author=9\"}]}<\/script>\n<!-- \/ Yoast SEO plugin. -->","yoast_head_json":{"title":"\u201cPre\u0219edintele FC Dinamo Bucure\u0219ti, Andrei Nicolescu, \u0219i-a...","description":"\u201cPre\u0219edintele FC Dinamo Bucure\u0219ti, Andrei Nicolescu, \u0219i-a reziliat contractul din cauza\u2026..........................","robots":{"index":"index","follow":"follow","max-snippet":"max-snippet:-1","max-image-preview":"max-image-preview:large","max-video-preview":"max-video-preview:-1"},"canonical":"https:\/\/www.letsportsrock.com\/?p=27404","og_locale":"en_US","og_type":"article","og_title":"\u201cPre\u0219edintele FC Dinamo Bucure\u0219ti, Andrei Nicolescu, \u0219i-a...","og_description":"\u201cPre\u0219edintele FC Dinamo Bucure\u0219ti, Andrei Nicolescu, \u0219i-a reziliat contractul din cauza\u2026..........................","og_url":"https:\/\/www.letsportsrock.com\/?p=27404","og_site_name":"letsportsrock","article_published_time":"2025-03-05T21:59:49+00:00","og_image":[{"width":678,"height":452,"url":"https:\/\/www.letsportsrock.com\/wp-content\/uploads\/2025\/03\/images-81.jpeg","type":"image\/jpeg"}],"author":"Paul Hembaor","twitter_card":"summary_large_image","twitter_misc":{"Written by":"Paul Hembaor","Est. reading time":"2 minutes"},"schema":{"@context":"https:\/\/schema.org","@graph":[{"@type":"Article","@id":"https:\/\/www.letsportsrock.com\/?p=27404#article","isPartOf":{"@id":"https:\/\/www.letsportsrock.com\/?p=27404"},"author":{"name":"Paul Hembaor","@id":"https:\/\/www.letsportsrock.com\/#\/schema\/person\/97aa0f336f5a3ca15a8ec7d78846f045"},"headline":"\u201cPre\u0219edintele FC Dinamo Bucure\u0219ti, Andrei Nicolescu, \u0219i-a reziliat contractul din cauza\u2026\u201d","datePublished":"2025-03-05T21:59:49+00:00","mainEntityOfPage":{"@id":"https:\/\/www.letsportsrock.com\/?p=27404"},"wordCount":210,"commentCount":0,"image":{"@id":"https:\/\/www.letsportsrock.com\/?p=27404#primaryimage"},"thumbnailUrl":"https:\/\/www.letsportsrock.com\/wp-content\/uploads\/2025\/03\/images-81.jpeg","keywords":["Fc Dinamo bucuresti"],"inLanguage":"en-US","potentialAction":[{"@type":"CommentAction","name":"Comment","target":["https:\/\/www.letsportsrock.com\/?p=27404#respond"]}]},{"@type":"WebPage","@id":"https:\/\/www.letsportsrock.com\/?p=27404","url":"https:\/\/www.letsportsrock.com\/?p=27404","name":"\u201cPre\u0219edintele FC Dinamo Bucure\u0219ti, Andrei Nicolescu, \u0219i-a...","isPartOf":{"@id":"https:\/\/www.letsportsrock.com\/#website"},"primaryImageOfPage":{"@id":"https:\/\/www.letsportsrock.com\/?p=27404#primaryimage"},"image":{"@id":"https:\/\/www.letsportsrock.com\/?p=27404#primaryimage"},"thumbnailUrl":"https:\/\/www.letsportsrock.com\/wp-content\/uploads\/2025\/03\/images-81.jpeg","datePublished":"2025-03-05T21:59:49+00:00","author":{"@id":"https:\/\/www.letsportsrock.com\/#\/schema\/person\/97aa0f336f5a3ca15a8ec7d78846f045"},"description":"\u201cPre\u0219edintele FC Dinamo Bucure\u0219ti, Andrei Nicolescu, \u0219i-a reziliat contractul din cauza\u2026..........................","breadcrumb":{"@id":"https:\/\/www.letsportsrock.com\/?p=27404#breadcrumb"},"inLanguage":"en-US","potentialAction":[{"@type":"ReadAction","target":["https:\/\/www.letsportsrock.com\/?p=27404"]}]},{"@type":"ImageObject","inLanguage":"en-US","@id":"https:\/\/www.letsportsrock.com\/?p=27404#primaryimage","url":"https:\/\/www.letsportsrock.com\/wp-content\/uploads\/2025\/03\/images-81.jpeg","contentUrl":"https:\/\/www.letsportsrock.com\/wp-content\/uploads\/2025\/03\/images-81.jpeg","width":678,"height":452},{"@type":"BreadcrumbList","@id":"https:\/\/www.letsportsrock.com\/?p=27404#breadcrumb","itemListElement":[{"@type":"ListItem","position":1,"name":"Home","item":"https:\/\/www.letsportsrock.com\/"},{"@type":"ListItem","position":2,"name":"\u201cPre\u0219edintele FC Dinamo Bucure\u0219ti, Andrei Nicolescu, \u0219i-a reziliat contractul din cauza\u2026\u201d"}]},{"@type":"WebSite","@id":"https:\/\/www.letsportsrock.com\/#website","url":"https:\/\/www.letsportsrock.com\/","name":"letsportsrock","description":"Sport News and Updates","potentialAction":[{"@type":"SearchAction","target":{"@type":"EntryPoint","urlTemplate":"https:\/\/www.letsportsrock.com\/?s={search_term_string}"},"query-input":{"@type":"PropertyValueSpecification","valueRequired":true,"valueName":"search_term_string"}}],"inLanguage":"en-US"},{"@type":"Person","@id":"https:\/\/www.letsportsrock.com\/#\/schema\/person\/97aa0f336f5a3ca15a8ec7d78846f045","name":"Paul Hembaor","image":{"@type":"ImageObject","inLanguage":"en-US","@id":"https:\/\/secure.gravatar.com\/avatar\/0574929a03c152e8ea7939c31311f9ea2fe2e06139cd71e2d6e698c217219d60?s=96&d=mm&r=g","url":"https:\/\/secure.gravatar.com\/avatar\/0574929a03c152e8ea7939c31311f9ea2fe2e06139cd71e2d6e698c217219d60?s=96&d=mm&r=g","contentUrl":"https:\/\/secure.gravatar.com\/avatar\/0574929a03c152e8ea7939c31311f9ea2fe2e06139cd71e2d6e698c217219d60?s=96&d=mm&r=g","caption":"Paul Hembaor"},"sameAs":["https:\/\/www.letsportsrock.com\/wp-admin\/"],"url":"https:\/\/www.letsportsrock.com\/?author=9"}]}},"jetpack_featured_media_url":"https:\/\/www.letsportsrock.com\/wp-content\/uploads\/2025\/03\/images-81.jpeg","jetpack_sharing_enabled":true,"_links":{"self":[{"href":"https:\/\/www.letsportsrock.com\/index.php?rest_route=\/wp\/v2\/posts\/27404","targetHints":{"allow":["GET"]}}],"collection":[{"href":"https:\/\/www.letsportsrock.com\/index.php?rest_route=\/wp\/v2\/posts"}],"about":[{"href":"https:\/\/www.letsportsrock.com\/index.php?rest_route=\/wp\/v2\/types\/post"}],"author":[{"embeddable":true,"href":"https:\/\/www.letsportsrock.com\/index.php?rest_route=\/wp\/v2\/users\/9"}],"replies":[{"embeddable":true,"href":"https:\/\/www.letsportsrock.com\/index.php?rest_route=%2Fwp%2Fv2%2Fcomments&post=27404"}],"version-history":[{"count":1,"href":"https:\/\/www.letsportsrock.com\/index.php?rest_route=\/wp\/v2\/posts\/27404\/revisions"}],"predecessor-version":[{"id":27407,"href":"https:\/\/www.letsportsrock.com\/index.php?rest_route=\/wp\/v2\/posts\/27404\/revisions\/27407"}],"wp:featuredmedia":[{"embeddable":true,"href":"https:\/\/www.letsportsrock.com\/index.php?rest_route=\/wp\/v2\/media\/27405"}],"wp:attachment":[{"href":"https:\/\/www.letsportsrock.com\/index.php?rest_route=%2Fwp%2Fv2%2Fmedia&parent=27404"}],"wp:term":[{"taxonomy":"category","embeddable":true,"href":"https:\/\/www.letsportsrock.com\/index.php?rest_route=%2Fwp%2Fv2%2Fcategories&post=27404"},{"taxonomy":"post_tag","embeddable":true,"href":"https:\/\/www.letsportsrock.com\/index.php?rest_route=%2Fwp%2Fv2%2Ftags&post=27404"}],"curies":[{"name":"wp","href":"https:\/\/api.w.org\/{rel}","templated":true}]}}