{"id":27635,"date":"2025-03-06T22:23:35","date_gmt":"2025-03-06T22:23:35","guid":{"rendered":"https:\/\/www.letsportsrock.com\/?p=27635"},"modified":"2025-03-06T22:23:35","modified_gmt":"2025-03-06T22:23:35","slug":"in-sfarsit-dinamo-a-reusit-transferul-unui-extrema-talentat-de-la-un-rival-din-liga-1-2","status":"publish","type":"post","link":"https:\/\/www.letsportsrock.com\/?p=27635","title":{"rendered":"\u00cen sf\u00e2r\u0219it!!! Dinamo a reu\u0219it transferul unui extrem\u0103 talentat de la un rival din Liga 1.\u2026"},"content":{"rendered":"<div class=\"d79db4796efc26332eabfc3f5dafbc76\" data-index=\"1\" style=\"float: none; margin:10px 0 10px 0; text-align:center;\">\n<div class=\"hb-ad-inarticle\">\r\n    <div class=\"hb-ad-inner\"> \r\n    <div class=\"hbagency_cls\"  id=\"hbagency_space_111930\"><\/div><\/div> <\/div>\n<\/div>\n<p>\u00cen sf\u00e2r\u0219it!!! Dinamo a reu\u0219it transferul unui extrem\u0103 talentat de la un rival din Liga 1.\u2026<\/p>\n<p>&nbsp;<\/p>\n<p>Dinamo Bucure\u0219ti a realizat un transfer important, aduc\u00e2ndu-l pe atacantul Alexandru Pop, \u00een v\u00e2rst\u0103 de 24 de ani, de la O\u021belul Gala\u021bi. N\u0103scut \u00een Buenos Aires, Argentina, Pop este un juc\u0103tor versatil, capabil s\u0103 evolueze at\u00e2t ca atacant central, c\u00e2t \u0219i ca extrem\u0103 st\u00e2ng\u0103, oferind astfel multiple op\u021biuni \u00een ofensiva echipei din \u0218tefan cel Mare.<\/p>\n<p><img loading=\"lazy\" decoding=\"async\" class=\"alignnone size-medium wp-image-27641\" src=\"https:\/\/www.letsportsrock.com\/wp-content\/uploads\/2025\/03\/images-92-300x169.jpeg\" alt=\"\" width=\"300\" height=\"169\" srcset=\"https:\/\/www.letsportsrock.com\/wp-content\/uploads\/2025\/03\/images-92-300x169.jpeg 300w, https:\/\/www.letsportsrock.com\/wp-content\/uploads\/2025\/03\/images-92.jpeg 678w\" sizes=\"auto, (max-width: 300px) 100vw, 300px\" \/><\/p>\n<p>Pentru a-\u0219i asigura serviciile lui Pop, Dinamo a pl\u0103tit suma de 125.000 de euro c\u0103tre O\u021belul Gala\u021bi. Conform Transfermarkt, juc\u0103torul are o cot\u0103 de pia\u021b\u0103 de 1,2 milioane de euro, ceea ce \u00eel situeaz\u0103 printre cei mai valoro\u0219i fotbali\u0219ti din lotul dinamovist.<\/p>\n<p>&nbsp;<\/p>\n<p>\u00cen sezonul precedent, Alexandru Pop a avut evolu\u021bii remarcabile \u00een tricoul O\u021belului, contribuind semnificativ la parcursul echipei \u00een Liga 1. Prin aceast\u0103 achizi\u021bie, Dinamo \u00ee\u0219i propune s\u0103 \u00eent\u0103reasc\u0103 flancul st\u00e2ng al atacului \u0219i s\u0103 aduc\u0103 un plus de creativitate \u0219i eficien\u021b\u0103 \u00een fa\u021ba por\u021bii adverse.<\/p>\n<p>&nbsp;<\/p>\n<p>Antrenorul principal al lui Dinamo, \u017deljko Kopi\u0107, \u0219i-a exprimat \u00eencrederea \u00een noul transfer: &#8220;Alexandru este un juc\u0103tor t\u00e2n\u0103r, cu poten\u021bial ridicat, care poate aduce un plus de valoare echipei noastre. Suntem convin\u0219i c\u0103 se va integra rapid \u0219i va contribui la \u00eendeplinirea obiectivelor noastre.&#8221;<\/p>\n<p>&nbsp;<\/p>\n<p>Suporterii dinamovi\u0219ti a\u0219teapt\u0103 cu ner\u0103bdare debutul lui Alexandru Pop \u00een tricoul alb-ro\u0219u, sper\u00e2nd c\u0103 acesta va aduce un suflu nou \u00een ofensiva echipei \u0219i va contribui la ob\u021binerea unor rezultate pozitive \u00een viitoarele meciuri. Transferul lui Alexandru Pop subliniaz\u0103 strategia clubului de a investi \u00een juc\u0103tori tineri \u0219i talenta\u021bi din campionatul intern, cu scopul de a construi o echip\u0103 competitiv\u0103 pe termen lung.<\/p>\n\n<div style=\"font-size: 0px; height: 0px; line-height: 0px; margin: 0; padding: 0; clear: both;\"><\/div>","protected":false},"excerpt":{"rendered":"<p>\u00cen sf\u00e2r\u0219it!!! Dinamo a reu\u0219it transferul unui extrem\u0103 talentat de la un rival din Liga 1.\u2026 &nbsp; Dinamo Bucure\u0219ti a realizat un transfer important, aduc\u00e2ndu-l pe atacantul Alexandru Pop, \u00een v\u00e2rst\u0103 de 24 de ani, de la O\u021belul Gala\u021bi. N\u0103scut \u00een Buenos Aires, Argentina, Pop este un juc\u0103tor versatil, capabil s\u0103 evolueze at\u00e2t ca atacant [&hellip;]<\/p>\n","protected":false},"author":9,"featured_media":27638,"comment_status":"open","ping_status":"open","sticky":false,"template":"","format":"standard","meta":{"_jetpack_memberships_contains_paid_content":false,"footnotes":""},"categories":[1],"tags":[419],"class_list":["post-27635","post","type-post","status-publish","format-standard","has-post-thumbnail","hentry","category-uncategorized","tag-fc-dinamo-bucuresti"],"yoast_head":"<!-- This site is optimized with the Yoast SEO plugin v27.4 - https:\/\/yoast.com\/product\/yoast-seo-wordpress\/ -->\n<title>\u00cen sf\u00e2r\u0219it!!! Dinamo a reu\u0219it transferul unui extrem\u0103 talentat de la\u2026<\/title>\n<meta name=\"description\" content=\"\u00cen sf\u00e2r\u0219it!!! Dinamo a reu\u0219it transferul unui extrem\u0103 talentat de la un rival din Liga 1.\u2026......................\" \/>\n<meta name=\"robots\" content=\"index, follow, max-snippet:-1, max-image-preview:large, max-video-preview:-1\" \/>\n<link rel=\"canonical\" href=\"https:\/\/www.letsportsrock.com\/?p=27635\" \/>\n<meta property=\"og:locale\" content=\"en_US\" \/>\n<meta property=\"og:type\" content=\"article\" \/>\n<meta property=\"og:title\" content=\"\u00cen sf\u00e2r\u0219it!!! Dinamo a reu\u0219it transferul unui extrem\u0103 talentat de la\u2026\" \/>\n<meta property=\"og:description\" content=\"\u00cen sf\u00e2r\u0219it!!! Dinamo a reu\u0219it transferul unui extrem\u0103 talentat de la un rival din Liga 1.\u2026......................\" \/>\n<meta property=\"og:url\" content=\"https:\/\/www.letsportsrock.com\/?p=27635\" \/>\n<meta property=\"og:site_name\" content=\"letsportsrock\" \/>\n<meta property=\"article:published_time\" content=\"2025-03-06T22:23:35+00:00\" \/>\n<meta property=\"og:image\" content=\"https:\/\/www.letsportsrock.com\/wp-content\/uploads\/2025\/03\/images-91.jpeg\" \/>\n\t<meta property=\"og:image:width\" content=\"554\" \/>\n\t<meta property=\"og:image:height\" content=\"381\" \/>\n\t<meta property=\"og:image:type\" content=\"image\/jpeg\" \/>\n<meta name=\"author\" content=\"Paul Hembaor\" \/>\n<meta name=\"twitter:card\" content=\"summary_large_image\" \/>\n<meta name=\"twitter:label1\" content=\"Written by\" \/>\n\t<meta name=\"twitter:data1\" content=\"Paul Hembaor\" \/>\n\t<meta name=\"twitter:label2\" content=\"Est. reading time\" \/>\n\t<meta name=\"twitter:data2\" content=\"2 minutes\" \/>\n<script type=\"application\/ld+json\" class=\"yoast-schema-graph\">{\"@context\":\"https:\\\/\\\/schema.org\",\"@graph\":[{\"@type\":\"Article\",\"@id\":\"https:\\\/\\\/www.letsportsrock.com\\\/?p=27635#article\",\"isPartOf\":{\"@id\":\"https:\\\/\\\/www.letsportsrock.com\\\/?p=27635\"},\"author\":{\"name\":\"Paul Hembaor\",\"@id\":\"https:\\\/\\\/www.letsportsrock.com\\\/#\\\/schema\\\/person\\\/97aa0f336f5a3ca15a8ec7d78846f045\"},\"headline\":\"\u00cen sf\u00e2r\u0219it!!! Dinamo a reu\u0219it transferul unui extrem\u0103 talentat de la un rival din Liga 1.\u2026\",\"datePublished\":\"2025-03-06T22:23:35+00:00\",\"mainEntityOfPage\":{\"@id\":\"https:\\\/\\\/www.letsportsrock.com\\\/?p=27635\"},\"wordCount\":324,\"commentCount\":0,\"image\":{\"@id\":\"https:\\\/\\\/www.letsportsrock.com\\\/?p=27635#primaryimage\"},\"thumbnailUrl\":\"https:\\\/\\\/www.letsportsrock.com\\\/wp-content\\\/uploads\\\/2025\\\/03\\\/images-91.jpeg\",\"keywords\":[\"Fc Dinamo bucuresti\"],\"inLanguage\":\"en-US\",\"potentialAction\":[{\"@type\":\"CommentAction\",\"name\":\"Comment\",\"target\":[\"https:\\\/\\\/www.letsportsrock.com\\\/?p=27635#respond\"]}]},{\"@type\":\"WebPage\",\"@id\":\"https:\\\/\\\/www.letsportsrock.com\\\/?p=27635\",\"url\":\"https:\\\/\\\/www.letsportsrock.com\\\/?p=27635\",\"name\":\"\u00cen sf\u00e2r\u0219it!!! Dinamo a reu\u0219it transferul unui extrem\u0103 talentat de la\u2026\",\"isPartOf\":{\"@id\":\"https:\\\/\\\/www.letsportsrock.com\\\/#website\"},\"primaryImageOfPage\":{\"@id\":\"https:\\\/\\\/www.letsportsrock.com\\\/?p=27635#primaryimage\"},\"image\":{\"@id\":\"https:\\\/\\\/www.letsportsrock.com\\\/?p=27635#primaryimage\"},\"thumbnailUrl\":\"https:\\\/\\\/www.letsportsrock.com\\\/wp-content\\\/uploads\\\/2025\\\/03\\\/images-91.jpeg\",\"datePublished\":\"2025-03-06T22:23:35+00:00\",\"author\":{\"@id\":\"https:\\\/\\\/www.letsportsrock.com\\\/#\\\/schema\\\/person\\\/97aa0f336f5a3ca15a8ec7d78846f045\"},\"description\":\"\u00cen sf\u00e2r\u0219it!!! Dinamo a reu\u0219it transferul unui extrem\u0103 talentat de la un rival din Liga 1.\u2026......................\",\"breadcrumb\":{\"@id\":\"https:\\\/\\\/www.letsportsrock.com\\\/?p=27635#breadcrumb\"},\"inLanguage\":\"en-US\",\"potentialAction\":[{\"@type\":\"ReadAction\",\"target\":[\"https:\\\/\\\/www.letsportsrock.com\\\/?p=27635\"]}]},{\"@type\":\"ImageObject\",\"inLanguage\":\"en-US\",\"@id\":\"https:\\\/\\\/www.letsportsrock.com\\\/?p=27635#primaryimage\",\"url\":\"https:\\\/\\\/www.letsportsrock.com\\\/wp-content\\\/uploads\\\/2025\\\/03\\\/images-91.jpeg\",\"contentUrl\":\"https:\\\/\\\/www.letsportsrock.com\\\/wp-content\\\/uploads\\\/2025\\\/03\\\/images-91.jpeg\",\"width\":554,\"height\":381},{\"@type\":\"BreadcrumbList\",\"@id\":\"https:\\\/\\\/www.letsportsrock.com\\\/?p=27635#breadcrumb\",\"itemListElement\":[{\"@type\":\"ListItem\",\"position\":1,\"name\":\"Home\",\"item\":\"https:\\\/\\\/www.letsportsrock.com\\\/\"},{\"@type\":\"ListItem\",\"position\":2,\"name\":\"\u00cen sf\u00e2r\u0219it!!! Dinamo a reu\u0219it transferul unui extrem\u0103 talentat de la un rival din Liga 1.\u2026\"}]},{\"@type\":\"WebSite\",\"@id\":\"https:\\\/\\\/www.letsportsrock.com\\\/#website\",\"url\":\"https:\\\/\\\/www.letsportsrock.com\\\/\",\"name\":\"letsportsrock\",\"description\":\"Sport News and Updates\",\"potentialAction\":[{\"@type\":\"SearchAction\",\"target\":{\"@type\":\"EntryPoint\",\"urlTemplate\":\"https:\\\/\\\/www.letsportsrock.com\\\/?s={search_term_string}\"},\"query-input\":{\"@type\":\"PropertyValueSpecification\",\"valueRequired\":true,\"valueName\":\"search_term_string\"}}],\"inLanguage\":\"en-US\"},{\"@type\":\"Person\",\"@id\":\"https:\\\/\\\/www.letsportsrock.com\\\/#\\\/schema\\\/person\\\/97aa0f336f5a3ca15a8ec7d78846f045\",\"name\":\"Paul Hembaor\",\"image\":{\"@type\":\"ImageObject\",\"inLanguage\":\"en-US\",\"@id\":\"https:\\\/\\\/secure.gravatar.com\\\/avatar\\\/0574929a03c152e8ea7939c31311f9ea2fe2e06139cd71e2d6e698c217219d60?s=96&d=mm&r=g\",\"url\":\"https:\\\/\\\/secure.gravatar.com\\\/avatar\\\/0574929a03c152e8ea7939c31311f9ea2fe2e06139cd71e2d6e698c217219d60?s=96&d=mm&r=g\",\"contentUrl\":\"https:\\\/\\\/secure.gravatar.com\\\/avatar\\\/0574929a03c152e8ea7939c31311f9ea2fe2e06139cd71e2d6e698c217219d60?s=96&d=mm&r=g\",\"caption\":\"Paul Hembaor\"},\"sameAs\":[\"https:\\\/\\\/www.letsportsrock.com\\\/wp-admin\\\/\"],\"url\":\"https:\\\/\\\/www.letsportsrock.com\\\/?author=9\"}]}<\/script>\n<!-- \/ Yoast SEO plugin. -->","yoast_head_json":{"title":"\u00cen sf\u00e2r\u0219it!!! Dinamo a reu\u0219it transferul unui extrem\u0103 talentat de la\u2026","description":"\u00cen sf\u00e2r\u0219it!!! Dinamo a reu\u0219it transferul unui extrem\u0103 talentat de la un rival din Liga 1.\u2026......................","robots":{"index":"index","follow":"follow","max-snippet":"max-snippet:-1","max-image-preview":"max-image-preview:large","max-video-preview":"max-video-preview:-1"},"canonical":"https:\/\/www.letsportsrock.com\/?p=27635","og_locale":"en_US","og_type":"article","og_title":"\u00cen sf\u00e2r\u0219it!!! Dinamo a reu\u0219it transferul unui extrem\u0103 talentat de la\u2026","og_description":"\u00cen sf\u00e2r\u0219it!!! Dinamo a reu\u0219it transferul unui extrem\u0103 talentat de la un rival din Liga 1.\u2026......................","og_url":"https:\/\/www.letsportsrock.com\/?p=27635","og_site_name":"letsportsrock","article_published_time":"2025-03-06T22:23:35+00:00","og_image":[{"width":554,"height":381,"url":"https:\/\/www.letsportsrock.com\/wp-content\/uploads\/2025\/03\/images-91.jpeg","type":"image\/jpeg"}],"author":"Paul Hembaor","twitter_card":"summary_large_image","twitter_misc":{"Written by":"Paul Hembaor","Est. reading time":"2 minutes"},"schema":{"@context":"https:\/\/schema.org","@graph":[{"@type":"Article","@id":"https:\/\/www.letsportsrock.com\/?p=27635#article","isPartOf":{"@id":"https:\/\/www.letsportsrock.com\/?p=27635"},"author":{"name":"Paul Hembaor","@id":"https:\/\/www.letsportsrock.com\/#\/schema\/person\/97aa0f336f5a3ca15a8ec7d78846f045"},"headline":"\u00cen sf\u00e2r\u0219it!!! Dinamo a reu\u0219it transferul unui extrem\u0103 talentat de la un rival din Liga 1.\u2026","datePublished":"2025-03-06T22:23:35+00:00","mainEntityOfPage":{"@id":"https:\/\/www.letsportsrock.com\/?p=27635"},"wordCount":324,"commentCount":0,"image":{"@id":"https:\/\/www.letsportsrock.com\/?p=27635#primaryimage"},"thumbnailUrl":"https:\/\/www.letsportsrock.com\/wp-content\/uploads\/2025\/03\/images-91.jpeg","keywords":["Fc Dinamo bucuresti"],"inLanguage":"en-US","potentialAction":[{"@type":"CommentAction","name":"Comment","target":["https:\/\/www.letsportsrock.com\/?p=27635#respond"]}]},{"@type":"WebPage","@id":"https:\/\/www.letsportsrock.com\/?p=27635","url":"https:\/\/www.letsportsrock.com\/?p=27635","name":"\u00cen sf\u00e2r\u0219it!!! Dinamo a reu\u0219it transferul unui extrem\u0103 talentat de la\u2026","isPartOf":{"@id":"https:\/\/www.letsportsrock.com\/#website"},"primaryImageOfPage":{"@id":"https:\/\/www.letsportsrock.com\/?p=27635#primaryimage"},"image":{"@id":"https:\/\/www.letsportsrock.com\/?p=27635#primaryimage"},"thumbnailUrl":"https:\/\/www.letsportsrock.com\/wp-content\/uploads\/2025\/03\/images-91.jpeg","datePublished":"2025-03-06T22:23:35+00:00","author":{"@id":"https:\/\/www.letsportsrock.com\/#\/schema\/person\/97aa0f336f5a3ca15a8ec7d78846f045"},"description":"\u00cen sf\u00e2r\u0219it!!! Dinamo a reu\u0219it transferul unui extrem\u0103 talentat de la un rival din Liga 1.\u2026......................","breadcrumb":{"@id":"https:\/\/www.letsportsrock.com\/?p=27635#breadcrumb"},"inLanguage":"en-US","potentialAction":[{"@type":"ReadAction","target":["https:\/\/www.letsportsrock.com\/?p=27635"]}]},{"@type":"ImageObject","inLanguage":"en-US","@id":"https:\/\/www.letsportsrock.com\/?p=27635#primaryimage","url":"https:\/\/www.letsportsrock.com\/wp-content\/uploads\/2025\/03\/images-91.jpeg","contentUrl":"https:\/\/www.letsportsrock.com\/wp-content\/uploads\/2025\/03\/images-91.jpeg","width":554,"height":381},{"@type":"BreadcrumbList","@id":"https:\/\/www.letsportsrock.com\/?p=27635#breadcrumb","itemListElement":[{"@type":"ListItem","position":1,"name":"Home","item":"https:\/\/www.letsportsrock.com\/"},{"@type":"ListItem","position":2,"name":"\u00cen sf\u00e2r\u0219it!!! Dinamo a reu\u0219it transferul unui extrem\u0103 talentat de la un rival din Liga 1.\u2026"}]},{"@type":"WebSite","@id":"https:\/\/www.letsportsrock.com\/#website","url":"https:\/\/www.letsportsrock.com\/","name":"letsportsrock","description":"Sport News and Updates","potentialAction":[{"@type":"SearchAction","target":{"@type":"EntryPoint","urlTemplate":"https:\/\/www.letsportsrock.com\/?s={search_term_string}"},"query-input":{"@type":"PropertyValueSpecification","valueRequired":true,"valueName":"search_term_string"}}],"inLanguage":"en-US"},{"@type":"Person","@id":"https:\/\/www.letsportsrock.com\/#\/schema\/person\/97aa0f336f5a3ca15a8ec7d78846f045","name":"Paul Hembaor","image":{"@type":"ImageObject","inLanguage":"en-US","@id":"https:\/\/secure.gravatar.com\/avatar\/0574929a03c152e8ea7939c31311f9ea2fe2e06139cd71e2d6e698c217219d60?s=96&d=mm&r=g","url":"https:\/\/secure.gravatar.com\/avatar\/0574929a03c152e8ea7939c31311f9ea2fe2e06139cd71e2d6e698c217219d60?s=96&d=mm&r=g","contentUrl":"https:\/\/secure.gravatar.com\/avatar\/0574929a03c152e8ea7939c31311f9ea2fe2e06139cd71e2d6e698c217219d60?s=96&d=mm&r=g","caption":"Paul Hembaor"},"sameAs":["https:\/\/www.letsportsrock.com\/wp-admin\/"],"url":"https:\/\/www.letsportsrock.com\/?author=9"}]}},"jetpack_featured_media_url":"https:\/\/www.letsportsrock.com\/wp-content\/uploads\/2025\/03\/images-91.jpeg","jetpack_sharing_enabled":true,"_links":{"self":[{"href":"https:\/\/www.letsportsrock.com\/index.php?rest_route=\/wp\/v2\/posts\/27635","targetHints":{"allow":["GET"]}}],"collection":[{"href":"https:\/\/www.letsportsrock.com\/index.php?rest_route=\/wp\/v2\/posts"}],"about":[{"href":"https:\/\/www.letsportsrock.com\/index.php?rest_route=\/wp\/v2\/types\/post"}],"author":[{"embeddable":true,"href":"https:\/\/www.letsportsrock.com\/index.php?rest_route=\/wp\/v2\/users\/9"}],"replies":[{"embeddable":true,"href":"https:\/\/www.letsportsrock.com\/index.php?rest_route=%2Fwp%2Fv2%2Fcomments&post=27635"}],"version-history":[{"count":1,"href":"https:\/\/www.letsportsrock.com\/index.php?rest_route=\/wp\/v2\/posts\/27635\/revisions"}],"predecessor-version":[{"id":27642,"href":"https:\/\/www.letsportsrock.com\/index.php?rest_route=\/wp\/v2\/posts\/27635\/revisions\/27642"}],"wp:featuredmedia":[{"embeddable":true,"href":"https:\/\/www.letsportsrock.com\/index.php?rest_route=\/wp\/v2\/media\/27638"}],"wp:attachment":[{"href":"https:\/\/www.letsportsrock.com\/index.php?rest_route=%2Fwp%2Fv2%2Fmedia&parent=27635"}],"wp:term":[{"taxonomy":"category","embeddable":true,"href":"https:\/\/www.letsportsrock.com\/index.php?rest_route=%2Fwp%2Fv2%2Fcategories&post=27635"},{"taxonomy":"post_tag","embeddable":true,"href":"https:\/\/www.letsportsrock.com\/index.php?rest_route=%2Fwp%2Fv2%2Ftags&post=27635"}],"curies":[{"name":"wp","href":"https:\/\/api.w.org\/{rel}","templated":true}]}}